{"id":24660,"date":"2023-05-31T19:52:10","date_gmt":"2023-05-31T19:52:10","guid":{"rendered":"https:\/\/www.manabi.gob.ec\/?p=24660"},"modified":"2023-05-31T19:52:16","modified_gmt":"2023-05-31T19:52:16","slug":"se-iniciaron-trabajos-de-mantenimiento-de-la-via-jipijapa-la-pila-cerro-guayabal","status":"publish","type":"post","link":"https:\/\/www.manabi.gob.ec\/index.php\/se-iniciaron-trabajos-de-mantenimiento-de-la-via-jipijapa-la-pila-cerro-guayabal\/","title":{"rendered":"SE INICIARON TRABAJOS DE MANTENIMIENTO DE LA V\u00cdA JIPIJAPA &#8211; LA PILA &#8211; CERRO GUAYABAL."},"content":{"rendered":"\n<p>Desde este lunes 29 de mayo se iniciaron los trabajos de mantenimiento con bacheo asf\u00e1ltico en el tramo vial de la red estatal desde el monumento al Choclo de Jipijapa, en direcci\u00f3n a la La Pila y Cerro Guayabal de Montecristi, en el marco del convenio de cooperaci\u00f3n interinstitucional firmado entre La Prefectura de Manab\u00ed y el Ministerio de Transporte y Obras P\u00fablicas el pasado 21 de abril del presente a\u00f1o.<\/p>\n\n\n\n<p>La instituci\u00f3n provincial y el MTOP dieron inicio a est\u00e1s labores de mantenimiento de esta importante arteria vial, con el objetivo de darle un mejor servicio, seguridad y comodidad al usuario que a diario utiliza esta v\u00eda de mucho movimiento vehicular y que es parte del desarrollo de la Provincia de Manab\u00ed.<\/p>\n\n\n\n<p>Carlos Villacreses, Director de Vialidad e Infraestructura de la Prefectura de Manab\u00ed, dijo que estos trabajos tienen el car\u00e1cter de mantenimiento rutinario y emergente, y durar\u00e1 mientras la v\u00eda lo requiera y a futuro se realizar\u00e1 el mantenimiento de la se\u00f1al\u00e9tica de la v\u00eda, al igual que el desbroce de maleza en las cunetas en esta carretera que tiene aproximadamente 32.6 kil\u00f3metros con un ancho de 4 carriles de circulaci\u00f3n en varios tramos.<\/p>\n\n\n\n<p>El mantenimiento de la infraestructura vial es fundamental para precautelar la durabilidad de la v\u00eda, con el prop\u00f3sito de asegurar el servicio, la conectividad y el desarrollo econ\u00f3mico de la regi\u00f3n<\/p>\n\n\n\n<p>La colaboraci\u00f3n entre la Prefectura de Manab\u00ed y el Ministerio de Transporte y Obras P\u00fablicas demuestra el compromiso conjunto por mejorar la infraestructura vial y garantizar el bienestar de los ciudadanos.<\/p>\n","protected":false},"excerpt":{"rendered":"<p>Desde este lunes 29 de mayo se iniciaron los trabajos de mantenimiento con bacheo asf\u00e1ltico en el tramo vial de la red estatal desde el monumento al Choclo de Jipijapa, en direcci\u00f3n a la La Pila y Cerro Guayabal de Montecristi, en el marco del convenio de cooperaci\u00f3n interinstitucional firmado entre La Prefectura de Manab\u00ed [&hellip;]<\/p>\n","protected":false},"author":10,"featured_media":24661,"comment_status":"closed","ping_status":"closed","sticky":false,"template":"","format":"standard","meta":{"_joinchat":[],"footnotes":""},"categories":[142,123,170,92,181,91,127],"tags":[],"class_list":["post-24660","post","type-post","status-publish","format-standard","has-post-thumbnail","hentry","category-desarrollo-social","category-jipijapa","category-manabi-vial","category-noticias-manabi","category-obra-publica","category-todas","category-vialidad"],"yoast_head":"<!-- This site is optimized with the Yoast SEO plugin v27.4 - https:\/\/yoast.com\/product\/yoast-seo-wordpress\/ -->\n<title>SE INICIARON TRABAJOS DE MANTENIMIENTO DE LA V\u00cdA JIPIJAPA - LA PILA - CERRO GUAYABAL. - Prefectura de Manab\u00ed<\/title>\n<meta name=\"robots\" content=\"index, follow, max-snippet:-1, max-image-preview:large, max-video-preview:-1\" \/>\n<link rel=\"canonical\" href=\"https:\/\/www.manabi.gob.ec\/index.php\/se-iniciaron-trabajos-de-mantenimiento-de-la-via-jipijapa-la-pila-cerro-guayabal\/\" \/>\n<meta property=\"og:locale\" content=\"es_ES\" \/>\n<meta property=\"og:type\" content=\"article\" \/>\n<meta property=\"og:title\" content=\"SE INICIARON TRABAJOS DE MANTENIMIENTO DE LA V\u00cdA JIPIJAPA - LA PILA - CERRO GUAYABAL. - Prefectura de Manab\u00ed\" \/>\n<meta property=\"og:description\" content=\"Desde este lunes 29 de mayo se iniciaron los trabajos de mantenimiento con bacheo asf\u00e1ltico en el tramo vial de la red estatal desde el monumento al Choclo de Jipijapa, en direcci\u00f3n a la La Pila y Cerro Guayabal de Montecristi, en el marco del convenio de cooperaci\u00f3n interinstitucional firmado entre La Prefectura de Manab\u00ed [&hellip;]\" \/>\n<meta property=\"og:url\" content=\"https:\/\/www.manabi.gob.ec\/index.php\/se-iniciaron-trabajos-de-mantenimiento-de-la-via-jipijapa-la-pila-cerro-guayabal\/\" \/>\n<meta property=\"og:site_name\" content=\"Prefectura de Manab\u00ed\" \/>\n<meta property=\"article:published_time\" content=\"2023-05-31T19:52:10+00:00\" \/>\n<meta property=\"article:modified_time\" content=\"2023-05-31T19:52:16+00:00\" \/>\n<meta property=\"og:image\" content=\"https:\/\/www.manabi.gob.ec\/wp-content\/uploads\/2023\/05\/WhatsApp-Image-2023-05-29-at-18.16.02.jpeg\" \/>\n\t<meta property=\"og:image:width\" content=\"1152\" \/>\n\t<meta property=\"og:image:height\" content=\"864\" \/>\n\t<meta property=\"og:image:type\" content=\"image\/jpeg\" \/>\n<meta name=\"author\" content=\"Lui Ochoa\" \/>\n<meta name=\"twitter:card\" content=\"summary_large_image\" \/>\n<meta name=\"twitter:label1\" content=\"Escrito por\" \/>\n\t<meta name=\"twitter:data1\" content=\"Lui Ochoa\" \/>\n\t<meta name=\"twitter:label2\" content=\"Tiempo de lectura\" \/>\n\t<meta name=\"twitter:data2\" content=\"2 minutos\" \/>\n<script type=\"application\/ld+json\" class=\"yoast-schema-graph\">{\"@context\":\"https:\\\/\\\/schema.org\",\"@graph\":[{\"@type\":\"Article\",\"@id\":\"https:\\\/\\\/www.manabi.gob.ec\\\/index.php\\\/se-iniciaron-trabajos-de-mantenimiento-de-la-via-jipijapa-la-pila-cerro-guayabal\\\/#article\",\"isPartOf\":{\"@id\":\"https:\\\/\\\/www.manabi.gob.ec\\\/index.php\\\/se-iniciaron-trabajos-de-mantenimiento-de-la-via-jipijapa-la-pila-cerro-guayabal\\\/\"},\"author\":{\"name\":\"Lui Ochoa\",\"@id\":\"https:\\\/\\\/www.manabi.gob.ec\\\/#\\\/schema\\\/person\\\/c4f117989332ad723a6ced5994aa7d7a\"},\"headline\":\"SE INICIARON TRABAJOS DE MANTENIMIENTO DE LA V\u00cdA JIPIJAPA &#8211; LA PILA &#8211; CERRO GUAYABAL.\",\"datePublished\":\"2023-05-31T19:52:10+00:00\",\"dateModified\":\"2023-05-31T19:52:16+00:00\",\"mainEntityOfPage\":{\"@id\":\"https:\\\/\\\/www.manabi.gob.ec\\\/index.php\\\/se-iniciaron-trabajos-de-mantenimiento-de-la-via-jipijapa-la-pila-cerro-guayabal\\\/\"},\"wordCount\":291,\"image\":{\"@id\":\"https:\\\/\\\/www.manabi.gob.ec\\\/index.php\\\/se-iniciaron-trabajos-de-mantenimiento-de-la-via-jipijapa-la-pila-cerro-guayabal\\\/#primaryimage\"},\"thumbnailUrl\":\"https:\\\/\\\/www.manabi.gob.ec\\\/wp-content\\\/uploads\\\/2023\\\/05\\\/WhatsApp-Image-2023-05-29-at-18.16.02.jpeg\",\"articleSection\":[\"Desarrollo Social\",\"Jipijapa\",\"Manab\u00ed Vial\",\"Noticias\",\"Obra P\u00fablica\",\"Todas\",\"Vialidad\"],\"inLanguage\":\"es\"},{\"@type\":\"WebPage\",\"@id\":\"https:\\\/\\\/www.manabi.gob.ec\\\/index.php\\\/se-iniciaron-trabajos-de-mantenimiento-de-la-via-jipijapa-la-pila-cerro-guayabal\\\/\",\"url\":\"https:\\\/\\\/www.manabi.gob.ec\\\/index.php\\\/se-iniciaron-trabajos-de-mantenimiento-de-la-via-jipijapa-la-pila-cerro-guayabal\\\/\",\"name\":\"SE INICIARON TRABAJOS DE MANTENIMIENTO DE LA V\u00cdA JIPIJAPA - LA PILA - CERRO GUAYABAL. - Prefectura de Manab\u00ed\",\"isPartOf\":{\"@id\":\"https:\\\/\\\/www.manabi.gob.ec\\\/#website\"},\"primaryImageOfPage\":{\"@id\":\"https:\\\/\\\/www.manabi.gob.ec\\\/index.php\\\/se-iniciaron-trabajos-de-mantenimiento-de-la-via-jipijapa-la-pila-cerro-guayabal\\\/#primaryimage\"},\"image\":{\"@id\":\"https:\\\/\\\/www.manabi.gob.ec\\\/index.php\\\/se-iniciaron-trabajos-de-mantenimiento-de-la-via-jipijapa-la-pila-cerro-guayabal\\\/#primaryimage\"},\"thumbnailUrl\":\"https:\\\/\\\/www.manabi.gob.ec\\\/wp-content\\\/uploads\\\/2023\\\/05\\\/WhatsApp-Image-2023-05-29-at-18.16.02.jpeg\",\"datePublished\":\"2023-05-31T19:52:10+00:00\",\"dateModified\":\"2023-05-31T19:52:16+00:00\",\"author\":{\"@id\":\"https:\\\/\\\/www.manabi.gob.ec\\\/#\\\/schema\\\/person\\\/c4f117989332ad723a6ced5994aa7d7a\"},\"breadcrumb\":{\"@id\":\"https:\\\/\\\/www.manabi.gob.ec\\\/index.php\\\/se-iniciaron-trabajos-de-mantenimiento-de-la-via-jipijapa-la-pila-cerro-guayabal\\\/#breadcrumb\"},\"inLanguage\":\"es\",\"potentialAction\":[{\"@type\":\"ReadAction\",\"target\":[\"https:\\\/\\\/www.manabi.gob.ec\\\/index.php\\\/se-iniciaron-trabajos-de-mantenimiento-de-la-via-jipijapa-la-pila-cerro-guayabal\\\/\"]}]},{\"@type\":\"ImageObject\",\"inLanguage\":\"es\",\"@id\":\"https:\\\/\\\/www.manabi.gob.ec\\\/index.php\\\/se-iniciaron-trabajos-de-mantenimiento-de-la-via-jipijapa-la-pila-cerro-guayabal\\\/#primaryimage\",\"url\":\"https:\\\/\\\/www.manabi.gob.ec\\\/wp-content\\\/uploads\\\/2023\\\/05\\\/WhatsApp-Image-2023-05-29-at-18.16.02.jpeg\",\"contentUrl\":\"https:\\\/\\\/www.manabi.gob.ec\\\/wp-content\\\/uploads\\\/2023\\\/05\\\/WhatsApp-Image-2023-05-29-at-18.16.02.jpeg\",\"width\":1152,\"height\":864},{\"@type\":\"BreadcrumbList\",\"@id\":\"https:\\\/\\\/www.manabi.gob.ec\\\/index.php\\\/se-iniciaron-trabajos-de-mantenimiento-de-la-via-jipijapa-la-pila-cerro-guayabal\\\/#breadcrumb\",\"itemListElement\":[{\"@type\":\"ListItem\",\"position\":1,\"name\":\"Portada\",\"item\":\"https:\\\/\\\/www.manabi.gob.ec\\\/\"},{\"@type\":\"ListItem\",\"position\":2,\"name\":\"SE INICIARON TRABAJOS DE MANTENIMIENTO DE LA V\u00cdA JIPIJAPA &#8211; LA PILA &#8211; CERRO GUAYABAL.\"}]},{\"@type\":\"WebSite\",\"@id\":\"https:\\\/\\\/www.manabi.gob.ec\\\/#website\",\"url\":\"https:\\\/\\\/www.manabi.gob.ec\\\/\",\"name\":\"Prefectura de Manab\u00ed\",\"description\":\"P\u00e1gina web de la prefectura\",\"potentialAction\":[{\"@type\":\"SearchAction\",\"target\":{\"@type\":\"EntryPoint\",\"urlTemplate\":\"https:\\\/\\\/www.manabi.gob.ec\\\/?s={search_term_string}\"},\"query-input\":{\"@type\":\"PropertyValueSpecification\",\"valueRequired\":true,\"valueName\":\"search_term_string\"}}],\"inLanguage\":\"es\"},{\"@type\":\"Person\",\"@id\":\"https:\\\/\\\/www.manabi.gob.ec\\\/#\\\/schema\\\/person\\\/c4f117989332ad723a6ced5994aa7d7a\",\"name\":\"Lui Ochoa\",\"image\":{\"@type\":\"ImageObject\",\"inLanguage\":\"es\",\"@id\":\"https:\\\/\\\/secure.gravatar.com\\\/avatar\\\/6e8017d0fe69dead8a95864d2eb6e1e1d8bf8e01194ba49cf7b897ff038126ba?s=96&d=mm&r=g\",\"url\":\"https:\\\/\\\/secure.gravatar.com\\\/avatar\\\/6e8017d0fe69dead8a95864d2eb6e1e1d8bf8e01194ba49cf7b897ff038126ba?s=96&d=mm&r=g\",\"contentUrl\":\"https:\\\/\\\/secure.gravatar.com\\\/avatar\\\/6e8017d0fe69dead8a95864d2eb6e1e1d8bf8e01194ba49cf7b897ff038126ba?s=96&d=mm&r=g\",\"caption\":\"Lui Ochoa\"},\"url\":\"https:\\\/\\\/www.manabi.gob.ec\\\/index.php\\\/author\\\/lochoa\\\/\"}]}<\/script>\n<!-- \/ Yoast SEO plugin. -->","yoast_head_json":{"title":"SE INICIARON TRABAJOS DE MANTENIMIENTO DE LA V\u00cdA JIPIJAPA - LA PILA - CERRO GUAYABAL. - Prefectura de Manab\u00ed","robots":{"index":"index","follow":"follow","max-snippet":"max-snippet:-1","max-image-preview":"max-image-preview:large","max-video-preview":"max-video-preview:-1"},"canonical":"https:\/\/www.manabi.gob.ec\/index.php\/se-iniciaron-trabajos-de-mantenimiento-de-la-via-jipijapa-la-pila-cerro-guayabal\/","og_locale":"es_ES","og_type":"article","og_title":"SE INICIARON TRABAJOS DE MANTENIMIENTO DE LA V\u00cdA JIPIJAPA - LA PILA - CERRO GUAYABAL. - Prefectura de Manab\u00ed","og_description":"Desde este lunes 29 de mayo se iniciaron los trabajos de mantenimiento con bacheo asf\u00e1ltico en el tramo vial de la red estatal desde el monumento al Choclo de Jipijapa, en direcci\u00f3n a la La Pila y Cerro Guayabal de Montecristi, en el marco del convenio de cooperaci\u00f3n interinstitucional firmado entre La Prefectura de Manab\u00ed [&hellip;]","og_url":"https:\/\/www.manabi.gob.ec\/index.php\/se-iniciaron-trabajos-de-mantenimiento-de-la-via-jipijapa-la-pila-cerro-guayabal\/","og_site_name":"Prefectura de Manab\u00ed","article_published_time":"2023-05-31T19:52:10+00:00","article_modified_time":"2023-05-31T19:52:16+00:00","og_image":[{"width":1152,"height":864,"url":"https:\/\/www.manabi.gob.ec\/wp-content\/uploads\/2023\/05\/WhatsApp-Image-2023-05-29-at-18.16.02.jpeg","type":"image\/jpeg"}],"author":"Lui Ochoa","twitter_card":"summary_large_image","twitter_misc":{"Escrito por":"Lui Ochoa","Tiempo de lectura":"2 minutos"},"schema":{"@context":"https:\/\/schema.org","@graph":[{"@type":"Article","@id":"https:\/\/www.manabi.gob.ec\/index.php\/se-iniciaron-trabajos-de-mantenimiento-de-la-via-jipijapa-la-pila-cerro-guayabal\/#article","isPartOf":{"@id":"https:\/\/www.manabi.gob.ec\/index.php\/se-iniciaron-trabajos-de-mantenimiento-de-la-via-jipijapa-la-pila-cerro-guayabal\/"},"author":{"name":"Lui Ochoa","@id":"https:\/\/www.manabi.gob.ec\/#\/schema\/person\/c4f117989332ad723a6ced5994aa7d7a"},"headline":"SE INICIARON TRABAJOS DE MANTENIMIENTO DE LA V\u00cdA JIPIJAPA &#8211; LA PILA &#8211; CERRO GUAYABAL.","datePublished":"2023-05-31T19:52:10+00:00","dateModified":"2023-05-31T19:52:16+00:00","mainEntityOfPage":{"@id":"https:\/\/www.manabi.gob.ec\/index.php\/se-iniciaron-trabajos-de-mantenimiento-de-la-via-jipijapa-la-pila-cerro-guayabal\/"},"wordCount":291,"image":{"@id":"https:\/\/www.manabi.gob.ec\/index.php\/se-iniciaron-trabajos-de-mantenimiento-de-la-via-jipijapa-la-pila-cerro-guayabal\/#primaryimage"},"thumbnailUrl":"https:\/\/www.manabi.gob.ec\/wp-content\/uploads\/2023\/05\/WhatsApp-Image-2023-05-29-at-18.16.02.jpeg","articleSection":["Desarrollo Social","Jipijapa","Manab\u00ed Vial","Noticias","Obra P\u00fablica","Todas","Vialidad"],"inLanguage":"es"},{"@type":"WebPage","@id":"https:\/\/www.manabi.gob.ec\/index.php\/se-iniciaron-trabajos-de-mantenimiento-de-la-via-jipijapa-la-pila-cerro-guayabal\/","url":"https:\/\/www.manabi.gob.ec\/index.php\/se-iniciaron-trabajos-de-mantenimiento-de-la-via-jipijapa-la-pila-cerro-guayabal\/","name":"SE INICIARON TRABAJOS DE MANTENIMIENTO DE LA V\u00cdA JIPIJAPA - LA PILA - CERRO GUAYABAL. - Prefectura de Manab\u00ed","isPartOf":{"@id":"https:\/\/www.manabi.gob.ec\/#website"},"primaryImageOfPage":{"@id":"https:\/\/www.manabi.gob.ec\/index.php\/se-iniciaron-trabajos-de-mantenimiento-de-la-via-jipijapa-la-pila-cerro-guayabal\/#primaryimage"},"image":{"@id":"https:\/\/www.manabi.gob.ec\/index.php\/se-iniciaron-trabajos-de-mantenimiento-de-la-via-jipijapa-la-pila-cerro-guayabal\/#primaryimage"},"thumbnailUrl":"https:\/\/www.manabi.gob.ec\/wp-content\/uploads\/2023\/05\/WhatsApp-Image-2023-05-29-at-18.16.02.jpeg","datePublished":"2023-05-31T19:52:10+00:00","dateModified":"2023-05-31T19:52:16+00:00","author":{"@id":"https:\/\/www.manabi.gob.ec\/#\/schema\/person\/c4f117989332ad723a6ced5994aa7d7a"},"breadcrumb":{"@id":"https:\/\/www.manabi.gob.ec\/index.php\/se-iniciaron-trabajos-de-mantenimiento-de-la-via-jipijapa-la-pila-cerro-guayabal\/#breadcrumb"},"inLanguage":"es","potentialAction":[{"@type":"ReadAction","target":["https:\/\/www.manabi.gob.ec\/index.php\/se-iniciaron-trabajos-de-mantenimiento-de-la-via-jipijapa-la-pila-cerro-guayabal\/"]}]},{"@type":"ImageObject","inLanguage":"es","@id":"https:\/\/www.manabi.gob.ec\/index.php\/se-iniciaron-trabajos-de-mantenimiento-de-la-via-jipijapa-la-pila-cerro-guayabal\/#primaryimage","url":"https:\/\/www.manabi.gob.ec\/wp-content\/uploads\/2023\/05\/WhatsApp-Image-2023-05-29-at-18.16.02.jpeg","contentUrl":"https:\/\/www.manabi.gob.ec\/wp-content\/uploads\/2023\/05\/WhatsApp-Image-2023-05-29-at-18.16.02.jpeg","width":1152,"height":864},{"@type":"BreadcrumbList","@id":"https:\/\/www.manabi.gob.ec\/index.php\/se-iniciaron-trabajos-de-mantenimiento-de-la-via-jipijapa-la-pila-cerro-guayabal\/#breadcrumb","itemListElement":[{"@type":"ListItem","position":1,"name":"Portada","item":"https:\/\/www.manabi.gob.ec\/"},{"@type":"ListItem","position":2,"name":"SE INICIARON TRABAJOS DE MANTENIMIENTO DE LA V\u00cdA JIPIJAPA &#8211; LA PILA &#8211; CERRO GUAYABAL."}]},{"@type":"WebSite","@id":"https:\/\/www.manabi.gob.ec\/#website","url":"https:\/\/www.manabi.gob.ec\/","name":"Prefectura de Manab\u00ed","description":"P\u00e1gina web de la prefectura","potentialAction":[{"@type":"SearchAction","target":{"@type":"EntryPoint","urlTemplate":"https:\/\/www.manabi.gob.ec\/?s={search_term_string}"},"query-input":{"@type":"PropertyValueSpecification","valueRequired":true,"valueName":"search_term_string"}}],"inLanguage":"es"},{"@type":"Person","@id":"https:\/\/www.manabi.gob.ec\/#\/schema\/person\/c4f117989332ad723a6ced5994aa7d7a","name":"Lui Ochoa","image":{"@type":"ImageObject","inLanguage":"es","@id":"https:\/\/secure.gravatar.com\/avatar\/6e8017d0fe69dead8a95864d2eb6e1e1d8bf8e01194ba49cf7b897ff038126ba?s=96&d=mm&r=g","url":"https:\/\/secure.gravatar.com\/avatar\/6e8017d0fe69dead8a95864d2eb6e1e1d8bf8e01194ba49cf7b897ff038126ba?s=96&d=mm&r=g","contentUrl":"https:\/\/secure.gravatar.com\/avatar\/6e8017d0fe69dead8a95864d2eb6e1e1d8bf8e01194ba49cf7b897ff038126ba?s=96&d=mm&r=g","caption":"Lui Ochoa"},"url":"https:\/\/www.manabi.gob.ec\/index.php\/author\/lochoa\/"}]}},"jetpack_featured_media_url":"https:\/\/www.manabi.gob.ec\/wp-content\/uploads\/2023\/05\/WhatsApp-Image-2023-05-29-at-18.16.02.jpeg","_links":{"self":[{"href":"https:\/\/www.manabi.gob.ec\/index.php\/wp-json\/wp\/v2\/posts\/24660","targetHints":{"allow":["GET"]}}],"collection":[{"href":"https:\/\/www.manabi.gob.ec\/index.php\/wp-json\/wp\/v2\/posts"}],"about":[{"href":"https:\/\/www.manabi.gob.ec\/index.php\/wp-json\/wp\/v2\/types\/post"}],"author":[{"embeddable":true,"href":"https:\/\/www.manabi.gob.ec\/index.php\/wp-json\/wp\/v2\/users\/10"}],"replies":[{"embeddable":true,"href":"https:\/\/www.manabi.gob.ec\/index.php\/wp-json\/wp\/v2\/comments?post=24660"}],"version-history":[{"count":0,"href":"https:\/\/www.manabi.gob.ec\/index.php\/wp-json\/wp\/v2\/posts\/24660\/revisions"}],"wp:featuredmedia":[{"embeddable":true,"href":"https:\/\/www.manabi.gob.ec\/index.php\/wp-json\/wp\/v2\/media\/24661"}],"wp:attachment":[{"href":"https:\/\/www.manabi.gob.ec\/index.php\/wp-json\/wp\/v2\/media?parent=24660"}],"wp:term":[{"taxonomy":"category","embeddable":true,"href":"https:\/\/www.manabi.gob.ec\/index.php\/wp-json\/wp\/v2\/categories?post=24660"},{"taxonomy":"post_tag","embeddable":true,"href":"https:\/\/www.manabi.gob.ec\/index.php\/wp-json\/wp\/v2\/tags?post=24660"}],"curies":[{"name":"wp","href":"https:\/\/api.w.org\/{rel}","templated":true}]}}