{"id":24679,"date":"2023-05-31T20:17:01","date_gmt":"2023-05-31T20:17:01","guid":{"rendered":"https:\/\/www.manabi.gob.ec\/?p=24679"},"modified":"2023-05-31T20:17:06","modified_gmt":"2023-05-31T20:17:06","slug":"prefectura-de-manabi-entrega-espacio-fisico-a-brigadistas-de-seguridad-ciudadana-en-manabi","status":"publish","type":"post","link":"https:\/\/www.manabi.gob.ec\/index.php\/prefectura-de-manabi-entrega-espacio-fisico-a-brigadistas-de-seguridad-ciudadana-en-manabi\/","title":{"rendered":"Prefectura de Manab\u00ed entrega espacio f\u00edsico a brigadistas de seguridad ciudadana en Manab\u00ed"},"content":{"rendered":"\n<p>En un esfuerzo por fortalecer la seguridad ciudadana en la provincia, la Prefectura de Manab\u00ed entreg\u00f3 hoy, martes 31 de mayo, en comodato un espacio f\u00edsico en el edificio Lozada a los brigadistas de seguridad ciudadana de la regi\u00f3n. Esta acci\u00f3n es parte de un convenio marco de cooperaci\u00f3n interinstitucional que busca dar viabilidad al proyecto de Fortalecimiento de Brigadas Comunitarias de Seguridad Ciudadana.<\/p>\n\n\n\n<p>El convenio, firmado entre la Prefectura de Manab\u00ed y los representantes de las brigadas de seguridad ciudadana, establece el compromiso de ambas partes para trabajar de manera conjunta en la implementaci\u00f3n de acciones y programas que promuevan la seguridad y el bienestar de la comunidad.<\/p>\n\n\n\n<p>El espacio f\u00edsico otorgado en el edificio Lozada servir\u00e1 como base de operaciones para los brigadistas de seguridad ciudadana de Manab\u00ed. Esta infraestructura les permitir\u00e1 contar con un lugar adecuado para coordinar sus actividades y estar m\u00e1s cerca de la comunidad a la que sirven.<\/p>\n\n\n\n<p>\u00abLa Prefectura de Manab\u00ed reafirma su compromiso de trabajar de la mano con las brigadas comunitarias para mejorar la seguridad y el bienestar de todos los habitantes de la provincia\u00bb, expres\u00f3 Mayka Zambrano, subdirectora de Ambiente y Riesgo.<\/p>\n\n\n\n<p>\u00abOjal\u00e1 en el pa\u00eds existieran m\u00e1s prefectos como Leonardo Orlando, que nos ha abierto las puertas desde que inici\u00f3 su gesti\u00f3n y nos contin\u00faa apoyando\u00bb, concluy\u00f3 Jhonny Mendoza, presidente provincial y nacional de las Brigadas Comunitarias de Seguridad Ciudadana.<\/p>\n\n\n\n<p>La Prefectura de Manab\u00ed invita a la comunidad a sumarse a este esfuerzo conjunto y a colaborar con las brigadas de seguridad ciudadana, ya que su compromiso y apoyo son fundamentales para alcanzar una provincia m\u00e1s segura y pr\u00f3spera para todos.<\/p>\n","protected":false},"excerpt":{"rendered":"<p>En un esfuerzo por fortalecer la seguridad ciudadana en la provincia, la Prefectura de Manab\u00ed entreg\u00f3 hoy, martes 31 de mayo, en comodato un espacio f\u00edsico en el edificio Lozada a los brigadistas de seguridad ciudadana de la regi\u00f3n. Esta acci\u00f3n es parte de un convenio marco de cooperaci\u00f3n interinstitucional que busca dar viabilidad al [&hellip;]<\/p>\n","protected":false},"author":10,"featured_media":24680,"comment_status":"closed","ping_status":"closed","sticky":false,"template":"","format":"standard","meta":{"_joinchat":[],"footnotes":""},"categories":[142,92,217,91],"tags":[],"class_list":["post-24679","post","type-post","status-publish","format-standard","has-post-thumbnail","hentry","category-desarrollo-social","category-noticias-manabi","category-seguridad","category-todas"],"yoast_head":"<!-- This site is optimized with the Yoast SEO plugin v27.4 - https:\/\/yoast.com\/product\/yoast-seo-wordpress\/ -->\n<title>Prefectura de Manab\u00ed entrega espacio f\u00edsico a brigadistas de seguridad ciudadana en Manab\u00ed - Prefectura de Manab\u00ed<\/title>\n<meta name=\"robots\" content=\"index, follow, max-snippet:-1, max-image-preview:large, max-video-preview:-1\" \/>\n<link rel=\"canonical\" href=\"https:\/\/www.manabi.gob.ec\/index.php\/prefectura-de-manabi-entrega-espacio-fisico-a-brigadistas-de-seguridad-ciudadana-en-manabi\/\" \/>\n<meta property=\"og:locale\" content=\"es_ES\" \/>\n<meta property=\"og:type\" content=\"article\" \/>\n<meta property=\"og:title\" content=\"Prefectura de Manab\u00ed entrega espacio f\u00edsico a brigadistas de seguridad ciudadana en Manab\u00ed - Prefectura de Manab\u00ed\" \/>\n<meta property=\"og:description\" content=\"En un esfuerzo por fortalecer la seguridad ciudadana en la provincia, la Prefectura de Manab\u00ed entreg\u00f3 hoy, martes 31 de mayo, en comodato un espacio f\u00edsico en el edificio Lozada a los brigadistas de seguridad ciudadana de la regi\u00f3n. Esta acci\u00f3n es parte de un convenio marco de cooperaci\u00f3n interinstitucional que busca dar viabilidad al [&hellip;]\" \/>\n<meta property=\"og:url\" content=\"https:\/\/www.manabi.gob.ec\/index.php\/prefectura-de-manabi-entrega-espacio-fisico-a-brigadistas-de-seguridad-ciudadana-en-manabi\/\" \/>\n<meta property=\"og:site_name\" content=\"Prefectura de Manab\u00ed\" \/>\n<meta property=\"article:published_time\" content=\"2023-05-31T20:17:01+00:00\" \/>\n<meta property=\"article:modified_time\" content=\"2023-05-31T20:17:06+00:00\" \/>\n<meta property=\"og:image\" content=\"https:\/\/www.manabi.gob.ec\/wp-content\/uploads\/2023\/05\/WhatsApp-Image-2023-05-31-at-12.18.49.jpeg\" \/>\n\t<meta property=\"og:image:width\" content=\"1600\" \/>\n\t<meta property=\"og:image:height\" content=\"1200\" \/>\n\t<meta property=\"og:image:type\" content=\"image\/jpeg\" \/>\n<meta name=\"author\" content=\"Lui Ochoa\" \/>\n<meta name=\"twitter:card\" content=\"summary_large_image\" \/>\n<meta name=\"twitter:label1\" content=\"Escrito por\" \/>\n\t<meta name=\"twitter:data1\" content=\"Lui Ochoa\" \/>\n\t<meta name=\"twitter:label2\" content=\"Tiempo de lectura\" \/>\n\t<meta name=\"twitter:data2\" content=\"2 minutos\" \/>\n<script type=\"application\/ld+json\" class=\"yoast-schema-graph\">{\"@context\":\"https:\\\/\\\/schema.org\",\"@graph\":[{\"@type\":\"Article\",\"@id\":\"https:\\\/\\\/www.manabi.gob.ec\\\/index.php\\\/prefectura-de-manabi-entrega-espacio-fisico-a-brigadistas-de-seguridad-ciudadana-en-manabi\\\/#article\",\"isPartOf\":{\"@id\":\"https:\\\/\\\/www.manabi.gob.ec\\\/index.php\\\/prefectura-de-manabi-entrega-espacio-fisico-a-brigadistas-de-seguridad-ciudadana-en-manabi\\\/\"},\"author\":{\"name\":\"Lui Ochoa\",\"@id\":\"https:\\\/\\\/www.manabi.gob.ec\\\/#\\\/schema\\\/person\\\/c4f117989332ad723a6ced5994aa7d7a\"},\"headline\":\"Prefectura de Manab\u00ed entrega espacio f\u00edsico a brigadistas de seguridad ciudadana en Manab\u00ed\",\"datePublished\":\"2023-05-31T20:17:01+00:00\",\"dateModified\":\"2023-05-31T20:17:06+00:00\",\"mainEntityOfPage\":{\"@id\":\"https:\\\/\\\/www.manabi.gob.ec\\\/index.php\\\/prefectura-de-manabi-entrega-espacio-fisico-a-brigadistas-de-seguridad-ciudadana-en-manabi\\\/\"},\"wordCount\":298,\"image\":{\"@id\":\"https:\\\/\\\/www.manabi.gob.ec\\\/index.php\\\/prefectura-de-manabi-entrega-espacio-fisico-a-brigadistas-de-seguridad-ciudadana-en-manabi\\\/#primaryimage\"},\"thumbnailUrl\":\"https:\\\/\\\/www.manabi.gob.ec\\\/wp-content\\\/uploads\\\/2023\\\/05\\\/WhatsApp-Image-2023-05-31-at-12.18.49.jpeg\",\"articleSection\":[\"Desarrollo Social\",\"Noticias\",\"Seguridad\",\"Todas\"],\"inLanguage\":\"es\"},{\"@type\":\"WebPage\",\"@id\":\"https:\\\/\\\/www.manabi.gob.ec\\\/index.php\\\/prefectura-de-manabi-entrega-espacio-fisico-a-brigadistas-de-seguridad-ciudadana-en-manabi\\\/\",\"url\":\"https:\\\/\\\/www.manabi.gob.ec\\\/index.php\\\/prefectura-de-manabi-entrega-espacio-fisico-a-brigadistas-de-seguridad-ciudadana-en-manabi\\\/\",\"name\":\"Prefectura de Manab\u00ed entrega espacio f\u00edsico a brigadistas de seguridad ciudadana en Manab\u00ed - Prefectura de Manab\u00ed\",\"isPartOf\":{\"@id\":\"https:\\\/\\\/www.manabi.gob.ec\\\/#website\"},\"primaryImageOfPage\":{\"@id\":\"https:\\\/\\\/www.manabi.gob.ec\\\/index.php\\\/prefectura-de-manabi-entrega-espacio-fisico-a-brigadistas-de-seguridad-ciudadana-en-manabi\\\/#primaryimage\"},\"image\":{\"@id\":\"https:\\\/\\\/www.manabi.gob.ec\\\/index.php\\\/prefectura-de-manabi-entrega-espacio-fisico-a-brigadistas-de-seguridad-ciudadana-en-manabi\\\/#primaryimage\"},\"thumbnailUrl\":\"https:\\\/\\\/www.manabi.gob.ec\\\/wp-content\\\/uploads\\\/2023\\\/05\\\/WhatsApp-Image-2023-05-31-at-12.18.49.jpeg\",\"datePublished\":\"2023-05-31T20:17:01+00:00\",\"dateModified\":\"2023-05-31T20:17:06+00:00\",\"author\":{\"@id\":\"https:\\\/\\\/www.manabi.gob.ec\\\/#\\\/schema\\\/person\\\/c4f117989332ad723a6ced5994aa7d7a\"},\"breadcrumb\":{\"@id\":\"https:\\\/\\\/www.manabi.gob.ec\\\/index.php\\\/prefectura-de-manabi-entrega-espacio-fisico-a-brigadistas-de-seguridad-ciudadana-en-manabi\\\/#breadcrumb\"},\"inLanguage\":\"es\",\"potentialAction\":[{\"@type\":\"ReadAction\",\"target\":[\"https:\\\/\\\/www.manabi.gob.ec\\\/index.php\\\/prefectura-de-manabi-entrega-espacio-fisico-a-brigadistas-de-seguridad-ciudadana-en-manabi\\\/\"]}]},{\"@type\":\"ImageObject\",\"inLanguage\":\"es\",\"@id\":\"https:\\\/\\\/www.manabi.gob.ec\\\/index.php\\\/prefectura-de-manabi-entrega-espacio-fisico-a-brigadistas-de-seguridad-ciudadana-en-manabi\\\/#primaryimage\",\"url\":\"https:\\\/\\\/www.manabi.gob.ec\\\/wp-content\\\/uploads\\\/2023\\\/05\\\/WhatsApp-Image-2023-05-31-at-12.18.49.jpeg\",\"contentUrl\":\"https:\\\/\\\/www.manabi.gob.ec\\\/wp-content\\\/uploads\\\/2023\\\/05\\\/WhatsApp-Image-2023-05-31-at-12.18.49.jpeg\",\"width\":1600,\"height\":1200},{\"@type\":\"BreadcrumbList\",\"@id\":\"https:\\\/\\\/www.manabi.gob.ec\\\/index.php\\\/prefectura-de-manabi-entrega-espacio-fisico-a-brigadistas-de-seguridad-ciudadana-en-manabi\\\/#breadcrumb\",\"itemListElement\":[{\"@type\":\"ListItem\",\"position\":1,\"name\":\"Portada\",\"item\":\"https:\\\/\\\/www.manabi.gob.ec\\\/\"},{\"@type\":\"ListItem\",\"position\":2,\"name\":\"Prefectura de Manab\u00ed entrega espacio f\u00edsico a brigadistas de seguridad ciudadana en Manab\u00ed\"}]},{\"@type\":\"WebSite\",\"@id\":\"https:\\\/\\\/www.manabi.gob.ec\\\/#website\",\"url\":\"https:\\\/\\\/www.manabi.gob.ec\\\/\",\"name\":\"Prefectura de Manab\u00ed\",\"description\":\"P\u00e1gina web de la prefectura\",\"potentialAction\":[{\"@type\":\"SearchAction\",\"target\":{\"@type\":\"EntryPoint\",\"urlTemplate\":\"https:\\\/\\\/www.manabi.gob.ec\\\/?s={search_term_string}\"},\"query-input\":{\"@type\":\"PropertyValueSpecification\",\"valueRequired\":true,\"valueName\":\"search_term_string\"}}],\"inLanguage\":\"es\"},{\"@type\":\"Person\",\"@id\":\"https:\\\/\\\/www.manabi.gob.ec\\\/#\\\/schema\\\/person\\\/c4f117989332ad723a6ced5994aa7d7a\",\"name\":\"Lui Ochoa\",\"image\":{\"@type\":\"ImageObject\",\"inLanguage\":\"es\",\"@id\":\"https:\\\/\\\/secure.gravatar.com\\\/avatar\\\/6e8017d0fe69dead8a95864d2eb6e1e1d8bf8e01194ba49cf7b897ff038126ba?s=96&d=mm&r=g\",\"url\":\"https:\\\/\\\/secure.gravatar.com\\\/avatar\\\/6e8017d0fe69dead8a95864d2eb6e1e1d8bf8e01194ba49cf7b897ff038126ba?s=96&d=mm&r=g\",\"contentUrl\":\"https:\\\/\\\/secure.gravatar.com\\\/avatar\\\/6e8017d0fe69dead8a95864d2eb6e1e1d8bf8e01194ba49cf7b897ff038126ba?s=96&d=mm&r=g\",\"caption\":\"Lui Ochoa\"},\"url\":\"https:\\\/\\\/www.manabi.gob.ec\\\/index.php\\\/author\\\/lochoa\\\/\"}]}<\/script>\n<!-- \/ Yoast SEO plugin. -->","yoast_head_json":{"title":"Prefectura de Manab\u00ed entrega espacio f\u00edsico a brigadistas de seguridad ciudadana en Manab\u00ed - Prefectura de Manab\u00ed","robots":{"index":"index","follow":"follow","max-snippet":"max-snippet:-1","max-image-preview":"max-image-preview:large","max-video-preview":"max-video-preview:-1"},"canonical":"https:\/\/www.manabi.gob.ec\/index.php\/prefectura-de-manabi-entrega-espacio-fisico-a-brigadistas-de-seguridad-ciudadana-en-manabi\/","og_locale":"es_ES","og_type":"article","og_title":"Prefectura de Manab\u00ed entrega espacio f\u00edsico a brigadistas de seguridad ciudadana en Manab\u00ed - Prefectura de Manab\u00ed","og_description":"En un esfuerzo por fortalecer la seguridad ciudadana en la provincia, la Prefectura de Manab\u00ed entreg\u00f3 hoy, martes 31 de mayo, en comodato un espacio f\u00edsico en el edificio Lozada a los brigadistas de seguridad ciudadana de la regi\u00f3n. Esta acci\u00f3n es parte de un convenio marco de cooperaci\u00f3n interinstitucional que busca dar viabilidad al [&hellip;]","og_url":"https:\/\/www.manabi.gob.ec\/index.php\/prefectura-de-manabi-entrega-espacio-fisico-a-brigadistas-de-seguridad-ciudadana-en-manabi\/","og_site_name":"Prefectura de Manab\u00ed","article_published_time":"2023-05-31T20:17:01+00:00","article_modified_time":"2023-05-31T20:17:06+00:00","og_image":[{"width":1600,"height":1200,"url":"https:\/\/www.manabi.gob.ec\/wp-content\/uploads\/2023\/05\/WhatsApp-Image-2023-05-31-at-12.18.49.jpeg","type":"image\/jpeg"}],"author":"Lui Ochoa","twitter_card":"summary_large_image","twitter_misc":{"Escrito por":"Lui Ochoa","Tiempo de lectura":"2 minutos"},"schema":{"@context":"https:\/\/schema.org","@graph":[{"@type":"Article","@id":"https:\/\/www.manabi.gob.ec\/index.php\/prefectura-de-manabi-entrega-espacio-fisico-a-brigadistas-de-seguridad-ciudadana-en-manabi\/#article","isPartOf":{"@id":"https:\/\/www.manabi.gob.ec\/index.php\/prefectura-de-manabi-entrega-espacio-fisico-a-brigadistas-de-seguridad-ciudadana-en-manabi\/"},"author":{"name":"Lui Ochoa","@id":"https:\/\/www.manabi.gob.ec\/#\/schema\/person\/c4f117989332ad723a6ced5994aa7d7a"},"headline":"Prefectura de Manab\u00ed entrega espacio f\u00edsico a brigadistas de seguridad ciudadana en Manab\u00ed","datePublished":"2023-05-31T20:17:01+00:00","dateModified":"2023-05-31T20:17:06+00:00","mainEntityOfPage":{"@id":"https:\/\/www.manabi.gob.ec\/index.php\/prefectura-de-manabi-entrega-espacio-fisico-a-brigadistas-de-seguridad-ciudadana-en-manabi\/"},"wordCount":298,"image":{"@id":"https:\/\/www.manabi.gob.ec\/index.php\/prefectura-de-manabi-entrega-espacio-fisico-a-brigadistas-de-seguridad-ciudadana-en-manabi\/#primaryimage"},"thumbnailUrl":"https:\/\/www.manabi.gob.ec\/wp-content\/uploads\/2023\/05\/WhatsApp-Image-2023-05-31-at-12.18.49.jpeg","articleSection":["Desarrollo Social","Noticias","Seguridad","Todas"],"inLanguage":"es"},{"@type":"WebPage","@id":"https:\/\/www.manabi.gob.ec\/index.php\/prefectura-de-manabi-entrega-espacio-fisico-a-brigadistas-de-seguridad-ciudadana-en-manabi\/","url":"https:\/\/www.manabi.gob.ec\/index.php\/prefectura-de-manabi-entrega-espacio-fisico-a-brigadistas-de-seguridad-ciudadana-en-manabi\/","name":"Prefectura de Manab\u00ed entrega espacio f\u00edsico a brigadistas de seguridad ciudadana en Manab\u00ed - Prefectura de Manab\u00ed","isPartOf":{"@id":"https:\/\/www.manabi.gob.ec\/#website"},"primaryImageOfPage":{"@id":"https:\/\/www.manabi.gob.ec\/index.php\/prefectura-de-manabi-entrega-espacio-fisico-a-brigadistas-de-seguridad-ciudadana-en-manabi\/#primaryimage"},"image":{"@id":"https:\/\/www.manabi.gob.ec\/index.php\/prefectura-de-manabi-entrega-espacio-fisico-a-brigadistas-de-seguridad-ciudadana-en-manabi\/#primaryimage"},"thumbnailUrl":"https:\/\/www.manabi.gob.ec\/wp-content\/uploads\/2023\/05\/WhatsApp-Image-2023-05-31-at-12.18.49.jpeg","datePublished":"2023-05-31T20:17:01+00:00","dateModified":"2023-05-31T20:17:06+00:00","author":{"@id":"https:\/\/www.manabi.gob.ec\/#\/schema\/person\/c4f117989332ad723a6ced5994aa7d7a"},"breadcrumb":{"@id":"https:\/\/www.manabi.gob.ec\/index.php\/prefectura-de-manabi-entrega-espacio-fisico-a-brigadistas-de-seguridad-ciudadana-en-manabi\/#breadcrumb"},"inLanguage":"es","potentialAction":[{"@type":"ReadAction","target":["https:\/\/www.manabi.gob.ec\/index.php\/prefectura-de-manabi-entrega-espacio-fisico-a-brigadistas-de-seguridad-ciudadana-en-manabi\/"]}]},{"@type":"ImageObject","inLanguage":"es","@id":"https:\/\/www.manabi.gob.ec\/index.php\/prefectura-de-manabi-entrega-espacio-fisico-a-brigadistas-de-seguridad-ciudadana-en-manabi\/#primaryimage","url":"https:\/\/www.manabi.gob.ec\/wp-content\/uploads\/2023\/05\/WhatsApp-Image-2023-05-31-at-12.18.49.jpeg","contentUrl":"https:\/\/www.manabi.gob.ec\/wp-content\/uploads\/2023\/05\/WhatsApp-Image-2023-05-31-at-12.18.49.jpeg","width":1600,"height":1200},{"@type":"BreadcrumbList","@id":"https:\/\/www.manabi.gob.ec\/index.php\/prefectura-de-manabi-entrega-espacio-fisico-a-brigadistas-de-seguridad-ciudadana-en-manabi\/#breadcrumb","itemListElement":[{"@type":"ListItem","position":1,"name":"Portada","item":"https:\/\/www.manabi.gob.ec\/"},{"@type":"ListItem","position":2,"name":"Prefectura de Manab\u00ed entrega espacio f\u00edsico a brigadistas de seguridad ciudadana en Manab\u00ed"}]},{"@type":"WebSite","@id":"https:\/\/www.manabi.gob.ec\/#website","url":"https:\/\/www.manabi.gob.ec\/","name":"Prefectura de Manab\u00ed","description":"P\u00e1gina web de la prefectura","potentialAction":[{"@type":"SearchAction","target":{"@type":"EntryPoint","urlTemplate":"https:\/\/www.manabi.gob.ec\/?s={search_term_string}"},"query-input":{"@type":"PropertyValueSpecification","valueRequired":true,"valueName":"search_term_string"}}],"inLanguage":"es"},{"@type":"Person","@id":"https:\/\/www.manabi.gob.ec\/#\/schema\/person\/c4f117989332ad723a6ced5994aa7d7a","name":"Lui Ochoa","image":{"@type":"ImageObject","inLanguage":"es","@id":"https:\/\/secure.gravatar.com\/avatar\/6e8017d0fe69dead8a95864d2eb6e1e1d8bf8e01194ba49cf7b897ff038126ba?s=96&d=mm&r=g","url":"https:\/\/secure.gravatar.com\/avatar\/6e8017d0fe69dead8a95864d2eb6e1e1d8bf8e01194ba49cf7b897ff038126ba?s=96&d=mm&r=g","contentUrl":"https:\/\/secure.gravatar.com\/avatar\/6e8017d0fe69dead8a95864d2eb6e1e1d8bf8e01194ba49cf7b897ff038126ba?s=96&d=mm&r=g","caption":"Lui Ochoa"},"url":"https:\/\/www.manabi.gob.ec\/index.php\/author\/lochoa\/"}]}},"jetpack_featured_media_url":"https:\/\/www.manabi.gob.ec\/wp-content\/uploads\/2023\/05\/WhatsApp-Image-2023-05-31-at-12.18.49.jpeg","_links":{"self":[{"href":"https:\/\/www.manabi.gob.ec\/index.php\/wp-json\/wp\/v2\/posts\/24679","targetHints":{"allow":["GET"]}}],"collection":[{"href":"https:\/\/www.manabi.gob.ec\/index.php\/wp-json\/wp\/v2\/posts"}],"about":[{"href":"https:\/\/www.manabi.gob.ec\/index.php\/wp-json\/wp\/v2\/types\/post"}],"author":[{"embeddable":true,"href":"https:\/\/www.manabi.gob.ec\/index.php\/wp-json\/wp\/v2\/users\/10"}],"replies":[{"embeddable":true,"href":"https:\/\/www.manabi.gob.ec\/index.php\/wp-json\/wp\/v2\/comments?post=24679"}],"version-history":[{"count":0,"href":"https:\/\/www.manabi.gob.ec\/index.php\/wp-json\/wp\/v2\/posts\/24679\/revisions"}],"wp:featuredmedia":[{"embeddable":true,"href":"https:\/\/www.manabi.gob.ec\/index.php\/wp-json\/wp\/v2\/media\/24680"}],"wp:attachment":[{"href":"https:\/\/www.manabi.gob.ec\/index.php\/wp-json\/wp\/v2\/media?parent=24679"}],"wp:term":[{"taxonomy":"category","embeddable":true,"href":"https:\/\/www.manabi.gob.ec\/index.php\/wp-json\/wp\/v2\/categories?post=24679"},{"taxonomy":"post_tag","embeddable":true,"href":"https:\/\/www.manabi.gob.ec\/index.php\/wp-json\/wp\/v2\/tags?post=24679"}],"curies":[{"name":"wp","href":"https:\/\/api.w.org\/{rel}","templated":true}]}}