{"id":24707,"date":"2023-06-02T14:24:45","date_gmt":"2023-06-02T14:24:45","guid":{"rendered":"https:\/\/www.manabi.gob.ec\/?p=24707"},"modified":"2023-06-02T14:24:49","modified_gmt":"2023-06-02T14:24:49","slug":"con-izada-de-las-banderas-se-inicio-el-mes-del-manabitismo","status":"publish","type":"post","link":"https:\/\/www.manabi.gob.ec\/index.php\/con-izada-de-las-banderas-se-inicio-el-mes-del-manabitismo\/","title":{"rendered":"Con izada de las banderas se inici\u00f3 el Mes del Manabitismo"},"content":{"rendered":"\n<p>Hoy inicimos un mes muy importante y especial para todos los manabitas, si bien es cierto son tiempos dif\u00edciles en lo pol\u00edtico, social y econ\u00f3mico, pero nunca debemos perder la fe, optimismo, esperanza y sobretodo el sentido de identidad y la necesidad de mantenernos m\u00e1s unidos que nunca\u00bb, manifest\u00f3 el prefecto Leonardo Orlando durante el acto de izada de las banderas.<\/p>\n\n\n\n<p>Con la tradicional izada de las banderas del Ecuador, Manab\u00ed y de los 22 cantones se da apertura a las festividades por el mes del Manabitismo, en honor al 25 de junio de 1824, d\u00eda en que celebramos 199 a\u00f1os de provinciaizaci\u00f3n.<\/p>\n\n\n\n<p>El Prefecto tambi\u00e9n indic\u00f3 que esto ser\u00e1 una alianza estrat\u00e9gica con los acaldes para reactivar la econom\u00eda de la poblaci\u00f3n y que van a recorrer junto con la viceprefecta Kelly Buenaventura los 22 cantones de la provincia.<\/p>\n\n\n\n<p>\u00abTodos los 22 cantones merecen con equidad nuestra atenci\u00f3n, y vamos a celebrar a Manab\u00ed con m\u00e1s obras de dignidad y esperanza\u00bb, acot\u00f3 el prefecto.<\/p>\n\n\n\n<p>La viceprefecta Kelly Buenaventura, por su parte expres\u00f3 que el mes del manabitismo es un mes que \u201cune voluntades, esfuerzos, y que nos permite celebrar a Manab\u00ed como s\u00f3lo nosotros sabemos hacer con mucho amor\u00bb, enfatiz\u00f3 Kelly.<\/p>\n\n\n\n<p>El acto se desarroll\u00f3 frente a la plaza Eloy Alfaro de Portoviejo, y cont\u00f3 con la presencia de las principales autoridades de la provincia.<\/p>\n","protected":false},"excerpt":{"rendered":"<p>Hoy inicimos un mes muy importante y especial para todos los manabitas, si bien es cierto son tiempos dif\u00edciles en lo pol\u00edtico, social y econ\u00f3mico, pero nunca debemos perder la fe, optimismo, esperanza y sobretodo el sentido de identidad y la necesidad de mantenernos m\u00e1s unidos que nunca\u00bb, manifest\u00f3 el prefecto Leonardo Orlando durante el [&hellip;]<\/p>\n","protected":false},"author":10,"featured_media":24708,"comment_status":"closed","ping_status":"closed","sticky":false,"template":"","format":"standard","meta":{"_joinchat":[],"footnotes":""},"categories":[142,92,193,91],"tags":[],"class_list":["post-24707","post","type-post","status-publish","format-standard","has-post-thumbnail","hentry","category-desarrollo-social","category-noticias-manabi","category-participacion-ciudadana","category-todas"],"yoast_head":"<!-- This site is optimized with the Yoast SEO plugin v27.4 - https:\/\/yoast.com\/product\/yoast-seo-wordpress\/ -->\n<title>Con izada de las banderas se inici\u00f3 el Mes del Manabitismo - Prefectura de Manab\u00ed<\/title>\n<meta name=\"robots\" content=\"index, follow, max-snippet:-1, max-image-preview:large, max-video-preview:-1\" \/>\n<link rel=\"canonical\" href=\"https:\/\/www.manabi.gob.ec\/index.php\/con-izada-de-las-banderas-se-inicio-el-mes-del-manabitismo\/\" \/>\n<meta property=\"og:locale\" content=\"es_ES\" \/>\n<meta property=\"og:type\" content=\"article\" \/>\n<meta property=\"og:title\" content=\"Con izada de las banderas se inici\u00f3 el Mes del Manabitismo - Prefectura de Manab\u00ed\" \/>\n<meta property=\"og:description\" content=\"Hoy inicimos un mes muy importante y especial para todos los manabitas, si bien es cierto son tiempos dif\u00edciles en lo pol\u00edtico, social y econ\u00f3mico, pero nunca debemos perder la fe, optimismo, esperanza y sobretodo el sentido de identidad y la necesidad de mantenernos m\u00e1s unidos que nunca\u00bb, manifest\u00f3 el prefecto Leonardo Orlando durante el [&hellip;]\" \/>\n<meta property=\"og:url\" content=\"https:\/\/www.manabi.gob.ec\/index.php\/con-izada-de-las-banderas-se-inicio-el-mes-del-manabitismo\/\" \/>\n<meta property=\"og:site_name\" content=\"Prefectura de Manab\u00ed\" \/>\n<meta property=\"article:published_time\" content=\"2023-06-02T14:24:45+00:00\" \/>\n<meta property=\"article:modified_time\" content=\"2023-06-02T14:24:49+00:00\" \/>\n<meta property=\"og:image\" content=\"https:\/\/www.manabi.gob.ec\/wp-content\/uploads\/2023\/06\/WhatsApp-Image-2023-06-01-at-10.30.33.jpeg\" \/>\n\t<meta property=\"og:image:width\" content=\"1024\" \/>\n\t<meta property=\"og:image:height\" content=\"683\" \/>\n\t<meta property=\"og:image:type\" content=\"image\/jpeg\" \/>\n<meta name=\"author\" content=\"Lui Ochoa\" \/>\n<meta name=\"twitter:card\" content=\"summary_large_image\" \/>\n<meta name=\"twitter:label1\" content=\"Escrito por\" \/>\n\t<meta name=\"twitter:data1\" content=\"Lui Ochoa\" \/>\n\t<meta name=\"twitter:label2\" content=\"Tiempo de lectura\" \/>\n\t<meta name=\"twitter:data2\" content=\"2 minutos\" \/>\n<script type=\"application\/ld+json\" class=\"yoast-schema-graph\">{\"@context\":\"https:\\\/\\\/schema.org\",\"@graph\":[{\"@type\":\"Article\",\"@id\":\"https:\\\/\\\/www.manabi.gob.ec\\\/index.php\\\/con-izada-de-las-banderas-se-inicio-el-mes-del-manabitismo\\\/#article\",\"isPartOf\":{\"@id\":\"https:\\\/\\\/www.manabi.gob.ec\\\/index.php\\\/con-izada-de-las-banderas-se-inicio-el-mes-del-manabitismo\\\/\"},\"author\":{\"name\":\"Lui Ochoa\",\"@id\":\"https:\\\/\\\/www.manabi.gob.ec\\\/#\\\/schema\\\/person\\\/c4f117989332ad723a6ced5994aa7d7a\"},\"headline\":\"Con izada de las banderas se inici\u00f3 el Mes del Manabitismo\",\"datePublished\":\"2023-06-02T14:24:45+00:00\",\"dateModified\":\"2023-06-02T14:24:49+00:00\",\"mainEntityOfPage\":{\"@id\":\"https:\\\/\\\/www.manabi.gob.ec\\\/index.php\\\/con-izada-de-las-banderas-se-inicio-el-mes-del-manabitismo\\\/\"},\"wordCount\":245,\"image\":{\"@id\":\"https:\\\/\\\/www.manabi.gob.ec\\\/index.php\\\/con-izada-de-las-banderas-se-inicio-el-mes-del-manabitismo\\\/#primaryimage\"},\"thumbnailUrl\":\"https:\\\/\\\/www.manabi.gob.ec\\\/wp-content\\\/uploads\\\/2023\\\/06\\\/WhatsApp-Image-2023-06-01-at-10.30.33.jpeg\",\"articleSection\":[\"Desarrollo Social\",\"Noticias\",\"Participaci\u00f3n ciudadana\",\"Todas\"],\"inLanguage\":\"es\"},{\"@type\":\"WebPage\",\"@id\":\"https:\\\/\\\/www.manabi.gob.ec\\\/index.php\\\/con-izada-de-las-banderas-se-inicio-el-mes-del-manabitismo\\\/\",\"url\":\"https:\\\/\\\/www.manabi.gob.ec\\\/index.php\\\/con-izada-de-las-banderas-se-inicio-el-mes-del-manabitismo\\\/\",\"name\":\"Con izada de las banderas se inici\u00f3 el Mes del Manabitismo - Prefectura de Manab\u00ed\",\"isPartOf\":{\"@id\":\"https:\\\/\\\/www.manabi.gob.ec\\\/#website\"},\"primaryImageOfPage\":{\"@id\":\"https:\\\/\\\/www.manabi.gob.ec\\\/index.php\\\/con-izada-de-las-banderas-se-inicio-el-mes-del-manabitismo\\\/#primaryimage\"},\"image\":{\"@id\":\"https:\\\/\\\/www.manabi.gob.ec\\\/index.php\\\/con-izada-de-las-banderas-se-inicio-el-mes-del-manabitismo\\\/#primaryimage\"},\"thumbnailUrl\":\"https:\\\/\\\/www.manabi.gob.ec\\\/wp-content\\\/uploads\\\/2023\\\/06\\\/WhatsApp-Image-2023-06-01-at-10.30.33.jpeg\",\"datePublished\":\"2023-06-02T14:24:45+00:00\",\"dateModified\":\"2023-06-02T14:24:49+00:00\",\"author\":{\"@id\":\"https:\\\/\\\/www.manabi.gob.ec\\\/#\\\/schema\\\/person\\\/c4f117989332ad723a6ced5994aa7d7a\"},\"breadcrumb\":{\"@id\":\"https:\\\/\\\/www.manabi.gob.ec\\\/index.php\\\/con-izada-de-las-banderas-se-inicio-el-mes-del-manabitismo\\\/#breadcrumb\"},\"inLanguage\":\"es\",\"potentialAction\":[{\"@type\":\"ReadAction\",\"target\":[\"https:\\\/\\\/www.manabi.gob.ec\\\/index.php\\\/con-izada-de-las-banderas-se-inicio-el-mes-del-manabitismo\\\/\"]}]},{\"@type\":\"ImageObject\",\"inLanguage\":\"es\",\"@id\":\"https:\\\/\\\/www.manabi.gob.ec\\\/index.php\\\/con-izada-de-las-banderas-se-inicio-el-mes-del-manabitismo\\\/#primaryimage\",\"url\":\"https:\\\/\\\/www.manabi.gob.ec\\\/wp-content\\\/uploads\\\/2023\\\/06\\\/WhatsApp-Image-2023-06-01-at-10.30.33.jpeg\",\"contentUrl\":\"https:\\\/\\\/www.manabi.gob.ec\\\/wp-content\\\/uploads\\\/2023\\\/06\\\/WhatsApp-Image-2023-06-01-at-10.30.33.jpeg\",\"width\":1024,\"height\":683},{\"@type\":\"BreadcrumbList\",\"@id\":\"https:\\\/\\\/www.manabi.gob.ec\\\/index.php\\\/con-izada-de-las-banderas-se-inicio-el-mes-del-manabitismo\\\/#breadcrumb\",\"itemListElement\":[{\"@type\":\"ListItem\",\"position\":1,\"name\":\"Portada\",\"item\":\"https:\\\/\\\/www.manabi.gob.ec\\\/\"},{\"@type\":\"ListItem\",\"position\":2,\"name\":\"Con izada de las banderas se inici\u00f3 el Mes del Manabitismo\"}]},{\"@type\":\"WebSite\",\"@id\":\"https:\\\/\\\/www.manabi.gob.ec\\\/#website\",\"url\":\"https:\\\/\\\/www.manabi.gob.ec\\\/\",\"name\":\"Prefectura de Manab\u00ed\",\"description\":\"P\u00e1gina web de la prefectura\",\"potentialAction\":[{\"@type\":\"SearchAction\",\"target\":{\"@type\":\"EntryPoint\",\"urlTemplate\":\"https:\\\/\\\/www.manabi.gob.ec\\\/?s={search_term_string}\"},\"query-input\":{\"@type\":\"PropertyValueSpecification\",\"valueRequired\":true,\"valueName\":\"search_term_string\"}}],\"inLanguage\":\"es\"},{\"@type\":\"Person\",\"@id\":\"https:\\\/\\\/www.manabi.gob.ec\\\/#\\\/schema\\\/person\\\/c4f117989332ad723a6ced5994aa7d7a\",\"name\":\"Lui Ochoa\",\"image\":{\"@type\":\"ImageObject\",\"inLanguage\":\"es\",\"@id\":\"https:\\\/\\\/secure.gravatar.com\\\/avatar\\\/6e8017d0fe69dead8a95864d2eb6e1e1d8bf8e01194ba49cf7b897ff038126ba?s=96&d=mm&r=g\",\"url\":\"https:\\\/\\\/secure.gravatar.com\\\/avatar\\\/6e8017d0fe69dead8a95864d2eb6e1e1d8bf8e01194ba49cf7b897ff038126ba?s=96&d=mm&r=g\",\"contentUrl\":\"https:\\\/\\\/secure.gravatar.com\\\/avatar\\\/6e8017d0fe69dead8a95864d2eb6e1e1d8bf8e01194ba49cf7b897ff038126ba?s=96&d=mm&r=g\",\"caption\":\"Lui Ochoa\"},\"url\":\"https:\\\/\\\/www.manabi.gob.ec\\\/index.php\\\/author\\\/lochoa\\\/\"}]}<\/script>\n<!-- \/ Yoast SEO plugin. -->","yoast_head_json":{"title":"Con izada de las banderas se inici\u00f3 el Mes del Manabitismo - Prefectura de Manab\u00ed","robots":{"index":"index","follow":"follow","max-snippet":"max-snippet:-1","max-image-preview":"max-image-preview:large","max-video-preview":"max-video-preview:-1"},"canonical":"https:\/\/www.manabi.gob.ec\/index.php\/con-izada-de-las-banderas-se-inicio-el-mes-del-manabitismo\/","og_locale":"es_ES","og_type":"article","og_title":"Con izada de las banderas se inici\u00f3 el Mes del Manabitismo - Prefectura de Manab\u00ed","og_description":"Hoy inicimos un mes muy importante y especial para todos los manabitas, si bien es cierto son tiempos dif\u00edciles en lo pol\u00edtico, social y econ\u00f3mico, pero nunca debemos perder la fe, optimismo, esperanza y sobretodo el sentido de identidad y la necesidad de mantenernos m\u00e1s unidos que nunca\u00bb, manifest\u00f3 el prefecto Leonardo Orlando durante el [&hellip;]","og_url":"https:\/\/www.manabi.gob.ec\/index.php\/con-izada-de-las-banderas-se-inicio-el-mes-del-manabitismo\/","og_site_name":"Prefectura de Manab\u00ed","article_published_time":"2023-06-02T14:24:45+00:00","article_modified_time":"2023-06-02T14:24:49+00:00","og_image":[{"width":1024,"height":683,"url":"https:\/\/www.manabi.gob.ec\/wp-content\/uploads\/2023\/06\/WhatsApp-Image-2023-06-01-at-10.30.33.jpeg","type":"image\/jpeg"}],"author":"Lui Ochoa","twitter_card":"summary_large_image","twitter_misc":{"Escrito por":"Lui Ochoa","Tiempo de lectura":"2 minutos"},"schema":{"@context":"https:\/\/schema.org","@graph":[{"@type":"Article","@id":"https:\/\/www.manabi.gob.ec\/index.php\/con-izada-de-las-banderas-se-inicio-el-mes-del-manabitismo\/#article","isPartOf":{"@id":"https:\/\/www.manabi.gob.ec\/index.php\/con-izada-de-las-banderas-se-inicio-el-mes-del-manabitismo\/"},"author":{"name":"Lui Ochoa","@id":"https:\/\/www.manabi.gob.ec\/#\/schema\/person\/c4f117989332ad723a6ced5994aa7d7a"},"headline":"Con izada de las banderas se inici\u00f3 el Mes del Manabitismo","datePublished":"2023-06-02T14:24:45+00:00","dateModified":"2023-06-02T14:24:49+00:00","mainEntityOfPage":{"@id":"https:\/\/www.manabi.gob.ec\/index.php\/con-izada-de-las-banderas-se-inicio-el-mes-del-manabitismo\/"},"wordCount":245,"image":{"@id":"https:\/\/www.manabi.gob.ec\/index.php\/con-izada-de-las-banderas-se-inicio-el-mes-del-manabitismo\/#primaryimage"},"thumbnailUrl":"https:\/\/www.manabi.gob.ec\/wp-content\/uploads\/2023\/06\/WhatsApp-Image-2023-06-01-at-10.30.33.jpeg","articleSection":["Desarrollo Social","Noticias","Participaci\u00f3n ciudadana","Todas"],"inLanguage":"es"},{"@type":"WebPage","@id":"https:\/\/www.manabi.gob.ec\/index.php\/con-izada-de-las-banderas-se-inicio-el-mes-del-manabitismo\/","url":"https:\/\/www.manabi.gob.ec\/index.php\/con-izada-de-las-banderas-se-inicio-el-mes-del-manabitismo\/","name":"Con izada de las banderas se inici\u00f3 el Mes del Manabitismo - Prefectura de Manab\u00ed","isPartOf":{"@id":"https:\/\/www.manabi.gob.ec\/#website"},"primaryImageOfPage":{"@id":"https:\/\/www.manabi.gob.ec\/index.php\/con-izada-de-las-banderas-se-inicio-el-mes-del-manabitismo\/#primaryimage"},"image":{"@id":"https:\/\/www.manabi.gob.ec\/index.php\/con-izada-de-las-banderas-se-inicio-el-mes-del-manabitismo\/#primaryimage"},"thumbnailUrl":"https:\/\/www.manabi.gob.ec\/wp-content\/uploads\/2023\/06\/WhatsApp-Image-2023-06-01-at-10.30.33.jpeg","datePublished":"2023-06-02T14:24:45+00:00","dateModified":"2023-06-02T14:24:49+00:00","author":{"@id":"https:\/\/www.manabi.gob.ec\/#\/schema\/person\/c4f117989332ad723a6ced5994aa7d7a"},"breadcrumb":{"@id":"https:\/\/www.manabi.gob.ec\/index.php\/con-izada-de-las-banderas-se-inicio-el-mes-del-manabitismo\/#breadcrumb"},"inLanguage":"es","potentialAction":[{"@type":"ReadAction","target":["https:\/\/www.manabi.gob.ec\/index.php\/con-izada-de-las-banderas-se-inicio-el-mes-del-manabitismo\/"]}]},{"@type":"ImageObject","inLanguage":"es","@id":"https:\/\/www.manabi.gob.ec\/index.php\/con-izada-de-las-banderas-se-inicio-el-mes-del-manabitismo\/#primaryimage","url":"https:\/\/www.manabi.gob.ec\/wp-content\/uploads\/2023\/06\/WhatsApp-Image-2023-06-01-at-10.30.33.jpeg","contentUrl":"https:\/\/www.manabi.gob.ec\/wp-content\/uploads\/2023\/06\/WhatsApp-Image-2023-06-01-at-10.30.33.jpeg","width":1024,"height":683},{"@type":"BreadcrumbList","@id":"https:\/\/www.manabi.gob.ec\/index.php\/con-izada-de-las-banderas-se-inicio-el-mes-del-manabitismo\/#breadcrumb","itemListElement":[{"@type":"ListItem","position":1,"name":"Portada","item":"https:\/\/www.manabi.gob.ec\/"},{"@type":"ListItem","position":2,"name":"Con izada de las banderas se inici\u00f3 el Mes del Manabitismo"}]},{"@type":"WebSite","@id":"https:\/\/www.manabi.gob.ec\/#website","url":"https:\/\/www.manabi.gob.ec\/","name":"Prefectura de Manab\u00ed","description":"P\u00e1gina web de la prefectura","potentialAction":[{"@type":"SearchAction","target":{"@type":"EntryPoint","urlTemplate":"https:\/\/www.manabi.gob.ec\/?s={search_term_string}"},"query-input":{"@type":"PropertyValueSpecification","valueRequired":true,"valueName":"search_term_string"}}],"inLanguage":"es"},{"@type":"Person","@id":"https:\/\/www.manabi.gob.ec\/#\/schema\/person\/c4f117989332ad723a6ced5994aa7d7a","name":"Lui Ochoa","image":{"@type":"ImageObject","inLanguage":"es","@id":"https:\/\/secure.gravatar.com\/avatar\/6e8017d0fe69dead8a95864d2eb6e1e1d8bf8e01194ba49cf7b897ff038126ba?s=96&d=mm&r=g","url":"https:\/\/secure.gravatar.com\/avatar\/6e8017d0fe69dead8a95864d2eb6e1e1d8bf8e01194ba49cf7b897ff038126ba?s=96&d=mm&r=g","contentUrl":"https:\/\/secure.gravatar.com\/avatar\/6e8017d0fe69dead8a95864d2eb6e1e1d8bf8e01194ba49cf7b897ff038126ba?s=96&d=mm&r=g","caption":"Lui Ochoa"},"url":"https:\/\/www.manabi.gob.ec\/index.php\/author\/lochoa\/"}]}},"jetpack_featured_media_url":"https:\/\/www.manabi.gob.ec\/wp-content\/uploads\/2023\/06\/WhatsApp-Image-2023-06-01-at-10.30.33.jpeg","_links":{"self":[{"href":"https:\/\/www.manabi.gob.ec\/index.php\/wp-json\/wp\/v2\/posts\/24707","targetHints":{"allow":["GET"]}}],"collection":[{"href":"https:\/\/www.manabi.gob.ec\/index.php\/wp-json\/wp\/v2\/posts"}],"about":[{"href":"https:\/\/www.manabi.gob.ec\/index.php\/wp-json\/wp\/v2\/types\/post"}],"author":[{"embeddable":true,"href":"https:\/\/www.manabi.gob.ec\/index.php\/wp-json\/wp\/v2\/users\/10"}],"replies":[{"embeddable":true,"href":"https:\/\/www.manabi.gob.ec\/index.php\/wp-json\/wp\/v2\/comments?post=24707"}],"version-history":[{"count":0,"href":"https:\/\/www.manabi.gob.ec\/index.php\/wp-json\/wp\/v2\/posts\/24707\/revisions"}],"wp:featuredmedia":[{"embeddable":true,"href":"https:\/\/www.manabi.gob.ec\/index.php\/wp-json\/wp\/v2\/media\/24708"}],"wp:attachment":[{"href":"https:\/\/www.manabi.gob.ec\/index.php\/wp-json\/wp\/v2\/media?parent=24707"}],"wp:term":[{"taxonomy":"category","embeddable":true,"href":"https:\/\/www.manabi.gob.ec\/index.php\/wp-json\/wp\/v2\/categories?post=24707"},{"taxonomy":"post_tag","embeddable":true,"href":"https:\/\/www.manabi.gob.ec\/index.php\/wp-json\/wp\/v2\/tags?post=24707"}],"curies":[{"name":"wp","href":"https:\/\/api.w.org\/{rel}","templated":true}]}}