{"id":24716,"date":"2023-06-02T16:07:16","date_gmt":"2023-06-02T16:07:16","guid":{"rendered":"https:\/\/www.manabi.gob.ec\/?p=24716"},"modified":"2023-06-02T16:07:22","modified_gmt":"2023-06-02T16:07:22","slug":"el-prefecto-entrego-calles-con-asfalto-y-doble-riego-en-sosote-de-rocafuerte","status":"publish","type":"post","link":"https:\/\/www.manabi.gob.ec\/index.php\/el-prefecto-entrego-calles-con-asfalto-y-doble-riego-en-sosote-de-rocafuerte\/","title":{"rendered":"El Prefecto entreg\u00f3 calles con asfalto y doble riego en Sosote de Rocafuerte"},"content":{"rendered":"\n<p>El lodo y el polvo quedaron en el pasado para los habitantes de la v\u00eda Sosote-El Dispensario, gracias a los trabajos de mejoramiento a nivel de carpeta asf\u00e1ltica de 2 pulgadas con se\u00f1alizaci\u00f3n horizontal y vertical, que ejecut\u00f3 la Prefectura de Manab\u00ed.<\/p>\n\n\n\n<p>En este mismo sector del cant\u00f3n Rocafuerte, la instituci\u00f3n provincial tambi\u00e9n intervino la calle San Roque, a nivel de doble riego asf\u00e1ltico. \u201cUna calle que estuvo hace mucho tiempo abandonada por las autoridades de turno, pero que, gracias al se\u00f1or prefecto de Manab\u00ed, economista Leonardo Orlando Arteaga, ahora es una realidad\u201d, expres\u00f3 Ena Montes, dirigente del lugar.<\/p>\n\n\n\n<p>M\u00e1s de $190.000 invirti\u00f3 la Prefectura en la ejecuci\u00f3n de estas dos obras que benefician a familias y a decenas de productores de lim\u00f3n y coco que ahora pueden sacar sus productos de manera r\u00e1pida y segura hacia los mercados. Adem\u00e1s, se facilita el acceso a los servicios de salud que ofrece el dispensario m\u00e9dico de Sosote.<\/p>\n\n\n\n<p>Las dos arterias viales fueron inauguradas por el prefecto, Leonardo Orlando, la tarde del jueves 01 de junio. Tambi\u00e9n estuvieron presentes la viceprefecta, Kelly Buenaventura, el alcalde, Norberto V\u00e9lez, concejales, l\u00edderes comunitarios&nbsp;y&nbsp;ciudadanos.<\/p>\n","protected":false},"excerpt":{"rendered":"<p>El lodo y el polvo quedaron en el pasado para los habitantes de la v\u00eda Sosote-El Dispensario, gracias a los trabajos de mejoramiento a nivel de carpeta asf\u00e1ltica de 2 pulgadas con se\u00f1alizaci\u00f3n horizontal y vertical, que ejecut\u00f3 la Prefectura de Manab\u00ed. En este mismo sector del cant\u00f3n Rocafuerte, la instituci\u00f3n provincial tambi\u00e9n intervino la [&hellip;]<\/p>\n","protected":false},"author":10,"featured_media":24717,"comment_status":"closed","ping_status":"closed","sticky":false,"template":"","format":"standard","meta":{"_joinchat":[],"footnotes":""},"categories":[142,92,135,91],"tags":[],"class_list":["post-24716","post","type-post","status-publish","format-standard","has-post-thumbnail","hentry","category-desarrollo-social","category-noticias-manabi","category-rocafuerte","category-todas"],"yoast_head":"<!-- This site is optimized with the Yoast SEO plugin v27.4 - https:\/\/yoast.com\/product\/yoast-seo-wordpress\/ -->\n<title>El Prefecto entreg\u00f3 calles con asfalto y doble riego en Sosote de Rocafuerte - Prefectura de Manab\u00ed<\/title>\n<meta name=\"robots\" content=\"index, follow, max-snippet:-1, max-image-preview:large, max-video-preview:-1\" \/>\n<link rel=\"canonical\" href=\"https:\/\/www.manabi.gob.ec\/index.php\/el-prefecto-entrego-calles-con-asfalto-y-doble-riego-en-sosote-de-rocafuerte\/\" \/>\n<meta property=\"og:locale\" content=\"es_ES\" \/>\n<meta property=\"og:type\" content=\"article\" \/>\n<meta property=\"og:title\" content=\"El Prefecto entreg\u00f3 calles con asfalto y doble riego en Sosote de Rocafuerte - Prefectura de Manab\u00ed\" \/>\n<meta property=\"og:description\" content=\"El lodo y el polvo quedaron en el pasado para los habitantes de la v\u00eda Sosote-El Dispensario, gracias a los trabajos de mejoramiento a nivel de carpeta asf\u00e1ltica de 2 pulgadas con se\u00f1alizaci\u00f3n horizontal y vertical, que ejecut\u00f3 la Prefectura de Manab\u00ed. En este mismo sector del cant\u00f3n Rocafuerte, la instituci\u00f3n provincial tambi\u00e9n intervino la [&hellip;]\" \/>\n<meta property=\"og:url\" content=\"https:\/\/www.manabi.gob.ec\/index.php\/el-prefecto-entrego-calles-con-asfalto-y-doble-riego-en-sosote-de-rocafuerte\/\" \/>\n<meta property=\"og:site_name\" content=\"Prefectura de Manab\u00ed\" \/>\n<meta property=\"article:published_time\" content=\"2023-06-02T16:07:16+00:00\" \/>\n<meta property=\"article:modified_time\" content=\"2023-06-02T16:07:22+00:00\" \/>\n<meta property=\"og:image\" content=\"https:\/\/www.manabi.gob.ec\/wp-content\/uploads\/2023\/06\/WhatsApp-Image-2023-06-02-at-08.33.40.jpeg\" \/>\n\t<meta property=\"og:image:width\" content=\"1024\" \/>\n\t<meta property=\"og:image:height\" content=\"683\" \/>\n\t<meta property=\"og:image:type\" content=\"image\/jpeg\" \/>\n<meta name=\"author\" content=\"Lui Ochoa\" \/>\n<meta name=\"twitter:card\" content=\"summary_large_image\" \/>\n<meta name=\"twitter:label1\" content=\"Escrito por\" \/>\n\t<meta name=\"twitter:data1\" content=\"Lui Ochoa\" \/>\n\t<meta name=\"twitter:label2\" content=\"Tiempo de lectura\" \/>\n\t<meta name=\"twitter:data2\" content=\"1 minuto\" \/>\n<script type=\"application\/ld+json\" class=\"yoast-schema-graph\">{\"@context\":\"https:\\\/\\\/schema.org\",\"@graph\":[{\"@type\":\"Article\",\"@id\":\"https:\\\/\\\/www.manabi.gob.ec\\\/index.php\\\/el-prefecto-entrego-calles-con-asfalto-y-doble-riego-en-sosote-de-rocafuerte\\\/#article\",\"isPartOf\":{\"@id\":\"https:\\\/\\\/www.manabi.gob.ec\\\/index.php\\\/el-prefecto-entrego-calles-con-asfalto-y-doble-riego-en-sosote-de-rocafuerte\\\/\"},\"author\":{\"name\":\"Lui Ochoa\",\"@id\":\"https:\\\/\\\/www.manabi.gob.ec\\\/#\\\/schema\\\/person\\\/c4f117989332ad723a6ced5994aa7d7a\"},\"headline\":\"El Prefecto entreg\u00f3 calles con asfalto y doble riego en Sosote de Rocafuerte\",\"datePublished\":\"2023-06-02T16:07:16+00:00\",\"dateModified\":\"2023-06-02T16:07:22+00:00\",\"mainEntityOfPage\":{\"@id\":\"https:\\\/\\\/www.manabi.gob.ec\\\/index.php\\\/el-prefecto-entrego-calles-con-asfalto-y-doble-riego-en-sosote-de-rocafuerte\\\/\"},\"wordCount\":220,\"image\":{\"@id\":\"https:\\\/\\\/www.manabi.gob.ec\\\/index.php\\\/el-prefecto-entrego-calles-con-asfalto-y-doble-riego-en-sosote-de-rocafuerte\\\/#primaryimage\"},\"thumbnailUrl\":\"https:\\\/\\\/www.manabi.gob.ec\\\/wp-content\\\/uploads\\\/2023\\\/06\\\/WhatsApp-Image-2023-06-02-at-08.33.40.jpeg\",\"articleSection\":[\"Desarrollo Social\",\"Noticias\",\"Rocafuerte\",\"Todas\"],\"inLanguage\":\"es\"},{\"@type\":\"WebPage\",\"@id\":\"https:\\\/\\\/www.manabi.gob.ec\\\/index.php\\\/el-prefecto-entrego-calles-con-asfalto-y-doble-riego-en-sosote-de-rocafuerte\\\/\",\"url\":\"https:\\\/\\\/www.manabi.gob.ec\\\/index.php\\\/el-prefecto-entrego-calles-con-asfalto-y-doble-riego-en-sosote-de-rocafuerte\\\/\",\"name\":\"El Prefecto entreg\u00f3 calles con asfalto y doble riego en Sosote de Rocafuerte - Prefectura de Manab\u00ed\",\"isPartOf\":{\"@id\":\"https:\\\/\\\/www.manabi.gob.ec\\\/#website\"},\"primaryImageOfPage\":{\"@id\":\"https:\\\/\\\/www.manabi.gob.ec\\\/index.php\\\/el-prefecto-entrego-calles-con-asfalto-y-doble-riego-en-sosote-de-rocafuerte\\\/#primaryimage\"},\"image\":{\"@id\":\"https:\\\/\\\/www.manabi.gob.ec\\\/index.php\\\/el-prefecto-entrego-calles-con-asfalto-y-doble-riego-en-sosote-de-rocafuerte\\\/#primaryimage\"},\"thumbnailUrl\":\"https:\\\/\\\/www.manabi.gob.ec\\\/wp-content\\\/uploads\\\/2023\\\/06\\\/WhatsApp-Image-2023-06-02-at-08.33.40.jpeg\",\"datePublished\":\"2023-06-02T16:07:16+00:00\",\"dateModified\":\"2023-06-02T16:07:22+00:00\",\"author\":{\"@id\":\"https:\\\/\\\/www.manabi.gob.ec\\\/#\\\/schema\\\/person\\\/c4f117989332ad723a6ced5994aa7d7a\"},\"breadcrumb\":{\"@id\":\"https:\\\/\\\/www.manabi.gob.ec\\\/index.php\\\/el-prefecto-entrego-calles-con-asfalto-y-doble-riego-en-sosote-de-rocafuerte\\\/#breadcrumb\"},\"inLanguage\":\"es\",\"potentialAction\":[{\"@type\":\"ReadAction\",\"target\":[\"https:\\\/\\\/www.manabi.gob.ec\\\/index.php\\\/el-prefecto-entrego-calles-con-asfalto-y-doble-riego-en-sosote-de-rocafuerte\\\/\"]}]},{\"@type\":\"ImageObject\",\"inLanguage\":\"es\",\"@id\":\"https:\\\/\\\/www.manabi.gob.ec\\\/index.php\\\/el-prefecto-entrego-calles-con-asfalto-y-doble-riego-en-sosote-de-rocafuerte\\\/#primaryimage\",\"url\":\"https:\\\/\\\/www.manabi.gob.ec\\\/wp-content\\\/uploads\\\/2023\\\/06\\\/WhatsApp-Image-2023-06-02-at-08.33.40.jpeg\",\"contentUrl\":\"https:\\\/\\\/www.manabi.gob.ec\\\/wp-content\\\/uploads\\\/2023\\\/06\\\/WhatsApp-Image-2023-06-02-at-08.33.40.jpeg\",\"width\":1024,\"height\":683},{\"@type\":\"BreadcrumbList\",\"@id\":\"https:\\\/\\\/www.manabi.gob.ec\\\/index.php\\\/el-prefecto-entrego-calles-con-asfalto-y-doble-riego-en-sosote-de-rocafuerte\\\/#breadcrumb\",\"itemListElement\":[{\"@type\":\"ListItem\",\"position\":1,\"name\":\"Portada\",\"item\":\"https:\\\/\\\/www.manabi.gob.ec\\\/\"},{\"@type\":\"ListItem\",\"position\":2,\"name\":\"El Prefecto entreg\u00f3 calles con asfalto y doble riego en Sosote de Rocafuerte\"}]},{\"@type\":\"WebSite\",\"@id\":\"https:\\\/\\\/www.manabi.gob.ec\\\/#website\",\"url\":\"https:\\\/\\\/www.manabi.gob.ec\\\/\",\"name\":\"Prefectura de Manab\u00ed\",\"description\":\"P\u00e1gina web de la prefectura\",\"potentialAction\":[{\"@type\":\"SearchAction\",\"target\":{\"@type\":\"EntryPoint\",\"urlTemplate\":\"https:\\\/\\\/www.manabi.gob.ec\\\/?s={search_term_string}\"},\"query-input\":{\"@type\":\"PropertyValueSpecification\",\"valueRequired\":true,\"valueName\":\"search_term_string\"}}],\"inLanguage\":\"es\"},{\"@type\":\"Person\",\"@id\":\"https:\\\/\\\/www.manabi.gob.ec\\\/#\\\/schema\\\/person\\\/c4f117989332ad723a6ced5994aa7d7a\",\"name\":\"Lui Ochoa\",\"image\":{\"@type\":\"ImageObject\",\"inLanguage\":\"es\",\"@id\":\"https:\\\/\\\/secure.gravatar.com\\\/avatar\\\/6e8017d0fe69dead8a95864d2eb6e1e1d8bf8e01194ba49cf7b897ff038126ba?s=96&d=mm&r=g\",\"url\":\"https:\\\/\\\/secure.gravatar.com\\\/avatar\\\/6e8017d0fe69dead8a95864d2eb6e1e1d8bf8e01194ba49cf7b897ff038126ba?s=96&d=mm&r=g\",\"contentUrl\":\"https:\\\/\\\/secure.gravatar.com\\\/avatar\\\/6e8017d0fe69dead8a95864d2eb6e1e1d8bf8e01194ba49cf7b897ff038126ba?s=96&d=mm&r=g\",\"caption\":\"Lui Ochoa\"},\"url\":\"https:\\\/\\\/www.manabi.gob.ec\\\/index.php\\\/author\\\/lochoa\\\/\"}]}<\/script>\n<!-- \/ Yoast SEO plugin. -->","yoast_head_json":{"title":"El Prefecto entreg\u00f3 calles con asfalto y doble riego en Sosote de Rocafuerte - Prefectura de Manab\u00ed","robots":{"index":"index","follow":"follow","max-snippet":"max-snippet:-1","max-image-preview":"max-image-preview:large","max-video-preview":"max-video-preview:-1"},"canonical":"https:\/\/www.manabi.gob.ec\/index.php\/el-prefecto-entrego-calles-con-asfalto-y-doble-riego-en-sosote-de-rocafuerte\/","og_locale":"es_ES","og_type":"article","og_title":"El Prefecto entreg\u00f3 calles con asfalto y doble riego en Sosote de Rocafuerte - Prefectura de Manab\u00ed","og_description":"El lodo y el polvo quedaron en el pasado para los habitantes de la v\u00eda Sosote-El Dispensario, gracias a los trabajos de mejoramiento a nivel de carpeta asf\u00e1ltica de 2 pulgadas con se\u00f1alizaci\u00f3n horizontal y vertical, que ejecut\u00f3 la Prefectura de Manab\u00ed. En este mismo sector del cant\u00f3n Rocafuerte, la instituci\u00f3n provincial tambi\u00e9n intervino la [&hellip;]","og_url":"https:\/\/www.manabi.gob.ec\/index.php\/el-prefecto-entrego-calles-con-asfalto-y-doble-riego-en-sosote-de-rocafuerte\/","og_site_name":"Prefectura de Manab\u00ed","article_published_time":"2023-06-02T16:07:16+00:00","article_modified_time":"2023-06-02T16:07:22+00:00","og_image":[{"width":1024,"height":683,"url":"https:\/\/www.manabi.gob.ec\/wp-content\/uploads\/2023\/06\/WhatsApp-Image-2023-06-02-at-08.33.40.jpeg","type":"image\/jpeg"}],"author":"Lui Ochoa","twitter_card":"summary_large_image","twitter_misc":{"Escrito por":"Lui Ochoa","Tiempo de lectura":"1 minuto"},"schema":{"@context":"https:\/\/schema.org","@graph":[{"@type":"Article","@id":"https:\/\/www.manabi.gob.ec\/index.php\/el-prefecto-entrego-calles-con-asfalto-y-doble-riego-en-sosote-de-rocafuerte\/#article","isPartOf":{"@id":"https:\/\/www.manabi.gob.ec\/index.php\/el-prefecto-entrego-calles-con-asfalto-y-doble-riego-en-sosote-de-rocafuerte\/"},"author":{"name":"Lui Ochoa","@id":"https:\/\/www.manabi.gob.ec\/#\/schema\/person\/c4f117989332ad723a6ced5994aa7d7a"},"headline":"El Prefecto entreg\u00f3 calles con asfalto y doble riego en Sosote de Rocafuerte","datePublished":"2023-06-02T16:07:16+00:00","dateModified":"2023-06-02T16:07:22+00:00","mainEntityOfPage":{"@id":"https:\/\/www.manabi.gob.ec\/index.php\/el-prefecto-entrego-calles-con-asfalto-y-doble-riego-en-sosote-de-rocafuerte\/"},"wordCount":220,"image":{"@id":"https:\/\/www.manabi.gob.ec\/index.php\/el-prefecto-entrego-calles-con-asfalto-y-doble-riego-en-sosote-de-rocafuerte\/#primaryimage"},"thumbnailUrl":"https:\/\/www.manabi.gob.ec\/wp-content\/uploads\/2023\/06\/WhatsApp-Image-2023-06-02-at-08.33.40.jpeg","articleSection":["Desarrollo Social","Noticias","Rocafuerte","Todas"],"inLanguage":"es"},{"@type":"WebPage","@id":"https:\/\/www.manabi.gob.ec\/index.php\/el-prefecto-entrego-calles-con-asfalto-y-doble-riego-en-sosote-de-rocafuerte\/","url":"https:\/\/www.manabi.gob.ec\/index.php\/el-prefecto-entrego-calles-con-asfalto-y-doble-riego-en-sosote-de-rocafuerte\/","name":"El Prefecto entreg\u00f3 calles con asfalto y doble riego en Sosote de Rocafuerte - Prefectura de Manab\u00ed","isPartOf":{"@id":"https:\/\/www.manabi.gob.ec\/#website"},"primaryImageOfPage":{"@id":"https:\/\/www.manabi.gob.ec\/index.php\/el-prefecto-entrego-calles-con-asfalto-y-doble-riego-en-sosote-de-rocafuerte\/#primaryimage"},"image":{"@id":"https:\/\/www.manabi.gob.ec\/index.php\/el-prefecto-entrego-calles-con-asfalto-y-doble-riego-en-sosote-de-rocafuerte\/#primaryimage"},"thumbnailUrl":"https:\/\/www.manabi.gob.ec\/wp-content\/uploads\/2023\/06\/WhatsApp-Image-2023-06-02-at-08.33.40.jpeg","datePublished":"2023-06-02T16:07:16+00:00","dateModified":"2023-06-02T16:07:22+00:00","author":{"@id":"https:\/\/www.manabi.gob.ec\/#\/schema\/person\/c4f117989332ad723a6ced5994aa7d7a"},"breadcrumb":{"@id":"https:\/\/www.manabi.gob.ec\/index.php\/el-prefecto-entrego-calles-con-asfalto-y-doble-riego-en-sosote-de-rocafuerte\/#breadcrumb"},"inLanguage":"es","potentialAction":[{"@type":"ReadAction","target":["https:\/\/www.manabi.gob.ec\/index.php\/el-prefecto-entrego-calles-con-asfalto-y-doble-riego-en-sosote-de-rocafuerte\/"]}]},{"@type":"ImageObject","inLanguage":"es","@id":"https:\/\/www.manabi.gob.ec\/index.php\/el-prefecto-entrego-calles-con-asfalto-y-doble-riego-en-sosote-de-rocafuerte\/#primaryimage","url":"https:\/\/www.manabi.gob.ec\/wp-content\/uploads\/2023\/06\/WhatsApp-Image-2023-06-02-at-08.33.40.jpeg","contentUrl":"https:\/\/www.manabi.gob.ec\/wp-content\/uploads\/2023\/06\/WhatsApp-Image-2023-06-02-at-08.33.40.jpeg","width":1024,"height":683},{"@type":"BreadcrumbList","@id":"https:\/\/www.manabi.gob.ec\/index.php\/el-prefecto-entrego-calles-con-asfalto-y-doble-riego-en-sosote-de-rocafuerte\/#breadcrumb","itemListElement":[{"@type":"ListItem","position":1,"name":"Portada","item":"https:\/\/www.manabi.gob.ec\/"},{"@type":"ListItem","position":2,"name":"El Prefecto entreg\u00f3 calles con asfalto y doble riego en Sosote de Rocafuerte"}]},{"@type":"WebSite","@id":"https:\/\/www.manabi.gob.ec\/#website","url":"https:\/\/www.manabi.gob.ec\/","name":"Prefectura de Manab\u00ed","description":"P\u00e1gina web de la prefectura","potentialAction":[{"@type":"SearchAction","target":{"@type":"EntryPoint","urlTemplate":"https:\/\/www.manabi.gob.ec\/?s={search_term_string}"},"query-input":{"@type":"PropertyValueSpecification","valueRequired":true,"valueName":"search_term_string"}}],"inLanguage":"es"},{"@type":"Person","@id":"https:\/\/www.manabi.gob.ec\/#\/schema\/person\/c4f117989332ad723a6ced5994aa7d7a","name":"Lui Ochoa","image":{"@type":"ImageObject","inLanguage":"es","@id":"https:\/\/secure.gravatar.com\/avatar\/6e8017d0fe69dead8a95864d2eb6e1e1d8bf8e01194ba49cf7b897ff038126ba?s=96&d=mm&r=g","url":"https:\/\/secure.gravatar.com\/avatar\/6e8017d0fe69dead8a95864d2eb6e1e1d8bf8e01194ba49cf7b897ff038126ba?s=96&d=mm&r=g","contentUrl":"https:\/\/secure.gravatar.com\/avatar\/6e8017d0fe69dead8a95864d2eb6e1e1d8bf8e01194ba49cf7b897ff038126ba?s=96&d=mm&r=g","caption":"Lui Ochoa"},"url":"https:\/\/www.manabi.gob.ec\/index.php\/author\/lochoa\/"}]}},"jetpack_featured_media_url":"https:\/\/www.manabi.gob.ec\/wp-content\/uploads\/2023\/06\/WhatsApp-Image-2023-06-02-at-08.33.40.jpeg","_links":{"self":[{"href":"https:\/\/www.manabi.gob.ec\/index.php\/wp-json\/wp\/v2\/posts\/24716","targetHints":{"allow":["GET"]}}],"collection":[{"href":"https:\/\/www.manabi.gob.ec\/index.php\/wp-json\/wp\/v2\/posts"}],"about":[{"href":"https:\/\/www.manabi.gob.ec\/index.php\/wp-json\/wp\/v2\/types\/post"}],"author":[{"embeddable":true,"href":"https:\/\/www.manabi.gob.ec\/index.php\/wp-json\/wp\/v2\/users\/10"}],"replies":[{"embeddable":true,"href":"https:\/\/www.manabi.gob.ec\/index.php\/wp-json\/wp\/v2\/comments?post=24716"}],"version-history":[{"count":0,"href":"https:\/\/www.manabi.gob.ec\/index.php\/wp-json\/wp\/v2\/posts\/24716\/revisions"}],"wp:featuredmedia":[{"embeddable":true,"href":"https:\/\/www.manabi.gob.ec\/index.php\/wp-json\/wp\/v2\/media\/24717"}],"wp:attachment":[{"href":"https:\/\/www.manabi.gob.ec\/index.php\/wp-json\/wp\/v2\/media?parent=24716"}],"wp:term":[{"taxonomy":"category","embeddable":true,"href":"https:\/\/www.manabi.gob.ec\/index.php\/wp-json\/wp\/v2\/categories?post=24716"},{"taxonomy":"post_tag","embeddable":true,"href":"https:\/\/www.manabi.gob.ec\/index.php\/wp-json\/wp\/v2\/tags?post=24716"}],"curies":[{"name":"wp","href":"https:\/\/api.w.org\/{rel}","templated":true}]}}