{"id":24834,"date":"2023-06-13T19:52:32","date_gmt":"2023-06-13T19:52:32","guid":{"rendered":"https:\/\/www.manabi.gob.ec\/?p=24834"},"modified":"2023-06-13T19:52:36","modified_gmt":"2023-06-13T19:52:36","slug":"alfaro-rap-sinfonico-deleito-y-gusto-a-su-publico","status":"publish","type":"post","link":"https:\/\/www.manabi.gob.ec\/index.php\/alfaro-rap-sinfonico-deleito-y-gusto-a-su-publico\/","title":{"rendered":"Alfaro Rap Sinf\u00f3nico deleit\u00f3 y gust\u00f3 a su p\u00fablico"},"content":{"rendered":"\n<p>Un espect\u00e1culo de primera ofrecieron los 61 artistas que formaron parte del concierto Alfaro Rap Sinf\u00f3nico, la noche de este s\u00e1bado 10 de junio en el parque Las Vegas de Portoviejo.<\/p>\n\n\n\n<p>El p\u00fablico que se di\u00f3 cita al teatro Greco Romano disfrut\u00f3 y aplaudi\u00f3 el talento expuesto por los 40 m\u00fasicos de la Orquesta Filarm\u00f3nica de Manab\u00ed, 5 cantantes de rap (Urbano Positivo), 3 cantantes mujeres (Rossana Sornoza, Valeria Pinoargote, Paola Palacios), 1 cantante \u00abPiloso\u00bb, 4 cantantes del grupo Le Voci, y 8 bailarines de rap.<\/p>\n\n\n\n<p>Adem\u00e1s, en la apertura present\u00f3 el grupo de danza y ballet Spondylus. El espect\u00e1culo forma parte de la agenda de actividades organizadas por la Prefectura en el marco del Mes del Manabitismo<\/p>\n","protected":false},"excerpt":{"rendered":"<p>Un espect\u00e1culo de primera ofrecieron los 61 artistas que formaron parte del concierto Alfaro Rap Sinf\u00f3nico, la noche de este s\u00e1bado 10 de junio en el parque Las Vegas de Portoviejo. El p\u00fablico que se di\u00f3 cita al teatro Greco Romano disfrut\u00f3 y aplaudi\u00f3 el talento expuesto por los 40 m\u00fasicos de la Orquesta Filarm\u00f3nica [&hellip;]<\/p>\n","protected":false},"author":10,"featured_media":24836,"comment_status":"closed","ping_status":"closed","sticky":false,"template":"","format":"standard","meta":{"_joinchat":[],"footnotes":""},"categories":[142,92,193,132,91],"tags":[],"class_list":["post-24834","post","type-post","status-publish","format-standard","has-post-thumbnail","hentry","category-desarrollo-social","category-noticias-manabi","category-participacion-ciudadana","category-portoviejo","category-todas"],"yoast_head":"<!-- This site is optimized with the Yoast SEO plugin v27.4 - https:\/\/yoast.com\/product\/yoast-seo-wordpress\/ -->\n<title>Alfaro Rap Sinf\u00f3nico deleit\u00f3 y gust\u00f3 a su p\u00fablico - Prefectura de Manab\u00ed<\/title>\n<meta name=\"robots\" content=\"index, follow, max-snippet:-1, max-image-preview:large, max-video-preview:-1\" \/>\n<link rel=\"canonical\" href=\"https:\/\/www.manabi.gob.ec\/index.php\/alfaro-rap-sinfonico-deleito-y-gusto-a-su-publico\/\" \/>\n<meta property=\"og:locale\" content=\"es_ES\" \/>\n<meta property=\"og:type\" content=\"article\" \/>\n<meta property=\"og:title\" content=\"Alfaro Rap Sinf\u00f3nico deleit\u00f3 y gust\u00f3 a su p\u00fablico - Prefectura de Manab\u00ed\" \/>\n<meta property=\"og:description\" content=\"Un espect\u00e1culo de primera ofrecieron los 61 artistas que formaron parte del concierto Alfaro Rap Sinf\u00f3nico, la noche de este s\u00e1bado 10 de junio en el parque Las Vegas de Portoviejo. El p\u00fablico que se di\u00f3 cita al teatro Greco Romano disfrut\u00f3 y aplaudi\u00f3 el talento expuesto por los 40 m\u00fasicos de la Orquesta Filarm\u00f3nica [&hellip;]\" \/>\n<meta property=\"og:url\" content=\"https:\/\/www.manabi.gob.ec\/index.php\/alfaro-rap-sinfonico-deleito-y-gusto-a-su-publico\/\" \/>\n<meta property=\"og:site_name\" content=\"Prefectura de Manab\u00ed\" \/>\n<meta property=\"article:published_time\" content=\"2023-06-13T19:52:32+00:00\" \/>\n<meta property=\"article:modified_time\" content=\"2023-06-13T19:52:36+00:00\" \/>\n<meta property=\"og:image\" content=\"https:\/\/www.manabi.gob.ec\/wp-content\/uploads\/2023\/06\/WhatsApp-Image-2023-06-11-at-09.50.49.jpeg\" \/>\n\t<meta property=\"og:image:width\" content=\"1024\" \/>\n\t<meta property=\"og:image:height\" content=\"685\" \/>\n\t<meta property=\"og:image:type\" content=\"image\/jpeg\" \/>\n<meta name=\"author\" content=\"Lui Ochoa\" \/>\n<meta name=\"twitter:card\" content=\"summary_large_image\" \/>\n<meta name=\"twitter:label1\" content=\"Escrito por\" \/>\n\t<meta name=\"twitter:data1\" content=\"Lui Ochoa\" \/>\n\t<meta name=\"twitter:label2\" content=\"Tiempo de lectura\" \/>\n\t<meta name=\"twitter:data2\" content=\"1 minuto\" \/>\n<script type=\"application\/ld+json\" class=\"yoast-schema-graph\">{\"@context\":\"https:\\\/\\\/schema.org\",\"@graph\":[{\"@type\":\"Article\",\"@id\":\"https:\\\/\\\/www.manabi.gob.ec\\\/index.php\\\/alfaro-rap-sinfonico-deleito-y-gusto-a-su-publico\\\/#article\",\"isPartOf\":{\"@id\":\"https:\\\/\\\/www.manabi.gob.ec\\\/index.php\\\/alfaro-rap-sinfonico-deleito-y-gusto-a-su-publico\\\/\"},\"author\":{\"name\":\"Lui Ochoa\",\"@id\":\"https:\\\/\\\/www.manabi.gob.ec\\\/#\\\/schema\\\/person\\\/c4f117989332ad723a6ced5994aa7d7a\"},\"headline\":\"Alfaro Rap Sinf\u00f3nico deleit\u00f3 y gust\u00f3 a su p\u00fablico\",\"datePublished\":\"2023-06-13T19:52:32+00:00\",\"dateModified\":\"2023-06-13T19:52:36+00:00\",\"mainEntityOfPage\":{\"@id\":\"https:\\\/\\\/www.manabi.gob.ec\\\/index.php\\\/alfaro-rap-sinfonico-deleito-y-gusto-a-su-publico\\\/\"},\"wordCount\":129,\"image\":{\"@id\":\"https:\\\/\\\/www.manabi.gob.ec\\\/index.php\\\/alfaro-rap-sinfonico-deleito-y-gusto-a-su-publico\\\/#primaryimage\"},\"thumbnailUrl\":\"https:\\\/\\\/www.manabi.gob.ec\\\/wp-content\\\/uploads\\\/2023\\\/06\\\/WhatsApp-Image-2023-06-11-at-09.50.49.jpeg\",\"articleSection\":[\"Desarrollo Social\",\"Noticias\",\"Participaci\u00f3n ciudadana\",\"Portoviejo\",\"Todas\"],\"inLanguage\":\"es\"},{\"@type\":\"WebPage\",\"@id\":\"https:\\\/\\\/www.manabi.gob.ec\\\/index.php\\\/alfaro-rap-sinfonico-deleito-y-gusto-a-su-publico\\\/\",\"url\":\"https:\\\/\\\/www.manabi.gob.ec\\\/index.php\\\/alfaro-rap-sinfonico-deleito-y-gusto-a-su-publico\\\/\",\"name\":\"Alfaro Rap Sinf\u00f3nico deleit\u00f3 y gust\u00f3 a su p\u00fablico - Prefectura de Manab\u00ed\",\"isPartOf\":{\"@id\":\"https:\\\/\\\/www.manabi.gob.ec\\\/#website\"},\"primaryImageOfPage\":{\"@id\":\"https:\\\/\\\/www.manabi.gob.ec\\\/index.php\\\/alfaro-rap-sinfonico-deleito-y-gusto-a-su-publico\\\/#primaryimage\"},\"image\":{\"@id\":\"https:\\\/\\\/www.manabi.gob.ec\\\/index.php\\\/alfaro-rap-sinfonico-deleito-y-gusto-a-su-publico\\\/#primaryimage\"},\"thumbnailUrl\":\"https:\\\/\\\/www.manabi.gob.ec\\\/wp-content\\\/uploads\\\/2023\\\/06\\\/WhatsApp-Image-2023-06-11-at-09.50.49.jpeg\",\"datePublished\":\"2023-06-13T19:52:32+00:00\",\"dateModified\":\"2023-06-13T19:52:36+00:00\",\"author\":{\"@id\":\"https:\\\/\\\/www.manabi.gob.ec\\\/#\\\/schema\\\/person\\\/c4f117989332ad723a6ced5994aa7d7a\"},\"breadcrumb\":{\"@id\":\"https:\\\/\\\/www.manabi.gob.ec\\\/index.php\\\/alfaro-rap-sinfonico-deleito-y-gusto-a-su-publico\\\/#breadcrumb\"},\"inLanguage\":\"es\",\"potentialAction\":[{\"@type\":\"ReadAction\",\"target\":[\"https:\\\/\\\/www.manabi.gob.ec\\\/index.php\\\/alfaro-rap-sinfonico-deleito-y-gusto-a-su-publico\\\/\"]}]},{\"@type\":\"ImageObject\",\"inLanguage\":\"es\",\"@id\":\"https:\\\/\\\/www.manabi.gob.ec\\\/index.php\\\/alfaro-rap-sinfonico-deleito-y-gusto-a-su-publico\\\/#primaryimage\",\"url\":\"https:\\\/\\\/www.manabi.gob.ec\\\/wp-content\\\/uploads\\\/2023\\\/06\\\/WhatsApp-Image-2023-06-11-at-09.50.49.jpeg\",\"contentUrl\":\"https:\\\/\\\/www.manabi.gob.ec\\\/wp-content\\\/uploads\\\/2023\\\/06\\\/WhatsApp-Image-2023-06-11-at-09.50.49.jpeg\",\"width\":1024,\"height\":685},{\"@type\":\"BreadcrumbList\",\"@id\":\"https:\\\/\\\/www.manabi.gob.ec\\\/index.php\\\/alfaro-rap-sinfonico-deleito-y-gusto-a-su-publico\\\/#breadcrumb\",\"itemListElement\":[{\"@type\":\"ListItem\",\"position\":1,\"name\":\"Portada\",\"item\":\"https:\\\/\\\/www.manabi.gob.ec\\\/\"},{\"@type\":\"ListItem\",\"position\":2,\"name\":\"Alfaro Rap Sinf\u00f3nico deleit\u00f3 y gust\u00f3 a su p\u00fablico\"}]},{\"@type\":\"WebSite\",\"@id\":\"https:\\\/\\\/www.manabi.gob.ec\\\/#website\",\"url\":\"https:\\\/\\\/www.manabi.gob.ec\\\/\",\"name\":\"Prefectura de Manab\u00ed\",\"description\":\"P\u00e1gina web de la prefectura\",\"potentialAction\":[{\"@type\":\"SearchAction\",\"target\":{\"@type\":\"EntryPoint\",\"urlTemplate\":\"https:\\\/\\\/www.manabi.gob.ec\\\/?s={search_term_string}\"},\"query-input\":{\"@type\":\"PropertyValueSpecification\",\"valueRequired\":true,\"valueName\":\"search_term_string\"}}],\"inLanguage\":\"es\"},{\"@type\":\"Person\",\"@id\":\"https:\\\/\\\/www.manabi.gob.ec\\\/#\\\/schema\\\/person\\\/c4f117989332ad723a6ced5994aa7d7a\",\"name\":\"Lui Ochoa\",\"image\":{\"@type\":\"ImageObject\",\"inLanguage\":\"es\",\"@id\":\"https:\\\/\\\/secure.gravatar.com\\\/avatar\\\/6e8017d0fe69dead8a95864d2eb6e1e1d8bf8e01194ba49cf7b897ff038126ba?s=96&d=mm&r=g\",\"url\":\"https:\\\/\\\/secure.gravatar.com\\\/avatar\\\/6e8017d0fe69dead8a95864d2eb6e1e1d8bf8e01194ba49cf7b897ff038126ba?s=96&d=mm&r=g\",\"contentUrl\":\"https:\\\/\\\/secure.gravatar.com\\\/avatar\\\/6e8017d0fe69dead8a95864d2eb6e1e1d8bf8e01194ba49cf7b897ff038126ba?s=96&d=mm&r=g\",\"caption\":\"Lui Ochoa\"},\"url\":\"https:\\\/\\\/www.manabi.gob.ec\\\/index.php\\\/author\\\/lochoa\\\/\"}]}<\/script>\n<!-- \/ Yoast SEO plugin. -->","yoast_head_json":{"title":"Alfaro Rap Sinf\u00f3nico deleit\u00f3 y gust\u00f3 a su p\u00fablico - Prefectura de Manab\u00ed","robots":{"index":"index","follow":"follow","max-snippet":"max-snippet:-1","max-image-preview":"max-image-preview:large","max-video-preview":"max-video-preview:-1"},"canonical":"https:\/\/www.manabi.gob.ec\/index.php\/alfaro-rap-sinfonico-deleito-y-gusto-a-su-publico\/","og_locale":"es_ES","og_type":"article","og_title":"Alfaro Rap Sinf\u00f3nico deleit\u00f3 y gust\u00f3 a su p\u00fablico - Prefectura de Manab\u00ed","og_description":"Un espect\u00e1culo de primera ofrecieron los 61 artistas que formaron parte del concierto Alfaro Rap Sinf\u00f3nico, la noche de este s\u00e1bado 10 de junio en el parque Las Vegas de Portoviejo. El p\u00fablico que se di\u00f3 cita al teatro Greco Romano disfrut\u00f3 y aplaudi\u00f3 el talento expuesto por los 40 m\u00fasicos de la Orquesta Filarm\u00f3nica [&hellip;]","og_url":"https:\/\/www.manabi.gob.ec\/index.php\/alfaro-rap-sinfonico-deleito-y-gusto-a-su-publico\/","og_site_name":"Prefectura de Manab\u00ed","article_published_time":"2023-06-13T19:52:32+00:00","article_modified_time":"2023-06-13T19:52:36+00:00","og_image":[{"width":1024,"height":685,"url":"https:\/\/www.manabi.gob.ec\/wp-content\/uploads\/2023\/06\/WhatsApp-Image-2023-06-11-at-09.50.49.jpeg","type":"image\/jpeg"}],"author":"Lui Ochoa","twitter_card":"summary_large_image","twitter_misc":{"Escrito por":"Lui Ochoa","Tiempo de lectura":"1 minuto"},"schema":{"@context":"https:\/\/schema.org","@graph":[{"@type":"Article","@id":"https:\/\/www.manabi.gob.ec\/index.php\/alfaro-rap-sinfonico-deleito-y-gusto-a-su-publico\/#article","isPartOf":{"@id":"https:\/\/www.manabi.gob.ec\/index.php\/alfaro-rap-sinfonico-deleito-y-gusto-a-su-publico\/"},"author":{"name":"Lui Ochoa","@id":"https:\/\/www.manabi.gob.ec\/#\/schema\/person\/c4f117989332ad723a6ced5994aa7d7a"},"headline":"Alfaro Rap Sinf\u00f3nico deleit\u00f3 y gust\u00f3 a su p\u00fablico","datePublished":"2023-06-13T19:52:32+00:00","dateModified":"2023-06-13T19:52:36+00:00","mainEntityOfPage":{"@id":"https:\/\/www.manabi.gob.ec\/index.php\/alfaro-rap-sinfonico-deleito-y-gusto-a-su-publico\/"},"wordCount":129,"image":{"@id":"https:\/\/www.manabi.gob.ec\/index.php\/alfaro-rap-sinfonico-deleito-y-gusto-a-su-publico\/#primaryimage"},"thumbnailUrl":"https:\/\/www.manabi.gob.ec\/wp-content\/uploads\/2023\/06\/WhatsApp-Image-2023-06-11-at-09.50.49.jpeg","articleSection":["Desarrollo Social","Noticias","Participaci\u00f3n ciudadana","Portoviejo","Todas"],"inLanguage":"es"},{"@type":"WebPage","@id":"https:\/\/www.manabi.gob.ec\/index.php\/alfaro-rap-sinfonico-deleito-y-gusto-a-su-publico\/","url":"https:\/\/www.manabi.gob.ec\/index.php\/alfaro-rap-sinfonico-deleito-y-gusto-a-su-publico\/","name":"Alfaro Rap Sinf\u00f3nico deleit\u00f3 y gust\u00f3 a su p\u00fablico - Prefectura de Manab\u00ed","isPartOf":{"@id":"https:\/\/www.manabi.gob.ec\/#website"},"primaryImageOfPage":{"@id":"https:\/\/www.manabi.gob.ec\/index.php\/alfaro-rap-sinfonico-deleito-y-gusto-a-su-publico\/#primaryimage"},"image":{"@id":"https:\/\/www.manabi.gob.ec\/index.php\/alfaro-rap-sinfonico-deleito-y-gusto-a-su-publico\/#primaryimage"},"thumbnailUrl":"https:\/\/www.manabi.gob.ec\/wp-content\/uploads\/2023\/06\/WhatsApp-Image-2023-06-11-at-09.50.49.jpeg","datePublished":"2023-06-13T19:52:32+00:00","dateModified":"2023-06-13T19:52:36+00:00","author":{"@id":"https:\/\/www.manabi.gob.ec\/#\/schema\/person\/c4f117989332ad723a6ced5994aa7d7a"},"breadcrumb":{"@id":"https:\/\/www.manabi.gob.ec\/index.php\/alfaro-rap-sinfonico-deleito-y-gusto-a-su-publico\/#breadcrumb"},"inLanguage":"es","potentialAction":[{"@type":"ReadAction","target":["https:\/\/www.manabi.gob.ec\/index.php\/alfaro-rap-sinfonico-deleito-y-gusto-a-su-publico\/"]}]},{"@type":"ImageObject","inLanguage":"es","@id":"https:\/\/www.manabi.gob.ec\/index.php\/alfaro-rap-sinfonico-deleito-y-gusto-a-su-publico\/#primaryimage","url":"https:\/\/www.manabi.gob.ec\/wp-content\/uploads\/2023\/06\/WhatsApp-Image-2023-06-11-at-09.50.49.jpeg","contentUrl":"https:\/\/www.manabi.gob.ec\/wp-content\/uploads\/2023\/06\/WhatsApp-Image-2023-06-11-at-09.50.49.jpeg","width":1024,"height":685},{"@type":"BreadcrumbList","@id":"https:\/\/www.manabi.gob.ec\/index.php\/alfaro-rap-sinfonico-deleito-y-gusto-a-su-publico\/#breadcrumb","itemListElement":[{"@type":"ListItem","position":1,"name":"Portada","item":"https:\/\/www.manabi.gob.ec\/"},{"@type":"ListItem","position":2,"name":"Alfaro Rap Sinf\u00f3nico deleit\u00f3 y gust\u00f3 a su p\u00fablico"}]},{"@type":"WebSite","@id":"https:\/\/www.manabi.gob.ec\/#website","url":"https:\/\/www.manabi.gob.ec\/","name":"Prefectura de Manab\u00ed","description":"P\u00e1gina web de la prefectura","potentialAction":[{"@type":"SearchAction","target":{"@type":"EntryPoint","urlTemplate":"https:\/\/www.manabi.gob.ec\/?s={search_term_string}"},"query-input":{"@type":"PropertyValueSpecification","valueRequired":true,"valueName":"search_term_string"}}],"inLanguage":"es"},{"@type":"Person","@id":"https:\/\/www.manabi.gob.ec\/#\/schema\/person\/c4f117989332ad723a6ced5994aa7d7a","name":"Lui Ochoa","image":{"@type":"ImageObject","inLanguage":"es","@id":"https:\/\/secure.gravatar.com\/avatar\/6e8017d0fe69dead8a95864d2eb6e1e1d8bf8e01194ba49cf7b897ff038126ba?s=96&d=mm&r=g","url":"https:\/\/secure.gravatar.com\/avatar\/6e8017d0fe69dead8a95864d2eb6e1e1d8bf8e01194ba49cf7b897ff038126ba?s=96&d=mm&r=g","contentUrl":"https:\/\/secure.gravatar.com\/avatar\/6e8017d0fe69dead8a95864d2eb6e1e1d8bf8e01194ba49cf7b897ff038126ba?s=96&d=mm&r=g","caption":"Lui Ochoa"},"url":"https:\/\/www.manabi.gob.ec\/index.php\/author\/lochoa\/"}]}},"jetpack_featured_media_url":"https:\/\/www.manabi.gob.ec\/wp-content\/uploads\/2023\/06\/WhatsApp-Image-2023-06-11-at-09.50.49.jpeg","_links":{"self":[{"href":"https:\/\/www.manabi.gob.ec\/index.php\/wp-json\/wp\/v2\/posts\/24834","targetHints":{"allow":["GET"]}}],"collection":[{"href":"https:\/\/www.manabi.gob.ec\/index.php\/wp-json\/wp\/v2\/posts"}],"about":[{"href":"https:\/\/www.manabi.gob.ec\/index.php\/wp-json\/wp\/v2\/types\/post"}],"author":[{"embeddable":true,"href":"https:\/\/www.manabi.gob.ec\/index.php\/wp-json\/wp\/v2\/users\/10"}],"replies":[{"embeddable":true,"href":"https:\/\/www.manabi.gob.ec\/index.php\/wp-json\/wp\/v2\/comments?post=24834"}],"version-history":[{"count":0,"href":"https:\/\/www.manabi.gob.ec\/index.php\/wp-json\/wp\/v2\/posts\/24834\/revisions"}],"wp:featuredmedia":[{"embeddable":true,"href":"https:\/\/www.manabi.gob.ec\/index.php\/wp-json\/wp\/v2\/media\/24836"}],"wp:attachment":[{"href":"https:\/\/www.manabi.gob.ec\/index.php\/wp-json\/wp\/v2\/media?parent=24834"}],"wp:term":[{"taxonomy":"category","embeddable":true,"href":"https:\/\/www.manabi.gob.ec\/index.php\/wp-json\/wp\/v2\/categories?post=24834"},{"taxonomy":"post_tag","embeddable":true,"href":"https:\/\/www.manabi.gob.ec\/index.php\/wp-json\/wp\/v2\/tags?post=24834"}],"curies":[{"name":"wp","href":"https:\/\/api.w.org\/{rel}","templated":true}]}}