{"id":24866,"date":"2023-06-19T12:32:30","date_gmt":"2023-06-19T12:32:30","guid":{"rendered":"https:\/\/www.manabi.gob.ec\/?p=24866"},"modified":"2023-06-19T12:32:35","modified_gmt":"2023-06-19T12:32:35","slug":"una-cita-con-nuestras-raices-costumbres-y-tradiciones","status":"publish","type":"post","link":"https:\/\/www.manabi.gob.ec\/index.php\/una-cita-con-nuestras-raices-costumbres-y-tradiciones\/","title":{"rendered":"\u00a1UNA CITA CON NUESTRAS RA\u00cdCES, COSTUMBRES Y TRADICIONES!"},"content":{"rendered":"\n<p>Este s\u00e1bado se desarrollar\u00e1 el Sexto Festival Provincial del Ma\u00edz en La Laguna de Charapot\u00f3<\/p>\n\n\n\n<p>A partir de las 9h00 de este s\u00e1bado 17 de junio, se desarrollar\u00e1 el Sexto Festival Provincial del Ma\u00edz. Este evento, que se lleva a cabo desde el a\u00f1o 2017 en la comunidad La Laguna ubicada en la parroquia Charapot\u00f3 del cant\u00f3n Sucre, representa un encuentro con nuestras ra\u00edces, costumbres y tradiciones.<\/p>\n\n\n\n<p>\u201cVamos a disfrutar de arte, de cultura, de gastronom\u00eda, de historia; de ese encuentro con nuestras costumbres y tradiciones, en el marco de la integraci\u00f3n de nuestros pueblos\u201d, expres\u00f3 el prefecto, Leonardo Orlando, durante el acto de lanzamiento de este festival que forma parte de la agenda de actividades por el Mes del Manabitismo y que cuenta con el apoyo insitucionalizado de la Prefectura de Manab\u00ed.<\/p>\n\n\n\n<p>Seg\u00fan lo previsto, a lo largo del d\u00eda habr\u00e1 concursos como la elecci\u00f3n del mejor traje t\u00edpico y la reina del festival. Adem\u00e1s, 48 platos de los m\u00e1s diversos productos a base de ma\u00edz; emprendimientos con productos como conservas, vinos y cerveza artesanal, dulces tradicionales, productos a base de miel de abeja, l\u00e1cteos, embutidos y otros que est\u00e1n dando valor agregado a nuestra materia prima. As\u00ed mismo estar\u00e1n presentes proveedores de insumos agr\u00edcolas.<\/p>\n\n\n\n<p>Este evento es organizado por la comunidad anfitriona a trav\u00e9s del Foro Agrario, Foro de los Recursos H\u00eddricos, y otras organizaciones sociales y campesinas de peque\u00f1os productores asentados en el valle del r\u00edo Portoviejo, pertenecientes al cant\u00f3n del mismo nombre y territorios vecinos como Rocafuerte y Sucre.<\/p>\n","protected":false},"excerpt":{"rendered":"<p>Este s\u00e1bado se desarrollar\u00e1 el Sexto Festival Provincial del Ma\u00edz en La Laguna de Charapot\u00f3 A partir de las 9h00 de este s\u00e1bado 17 de junio, se desarrollar\u00e1 el Sexto Festival Provincial del Ma\u00edz. Este evento, que se lleva a cabo desde el a\u00f1o 2017 en la comunidad La Laguna ubicada en la parroquia Charapot\u00f3 [&hellip;]<\/p>\n","protected":false},"author":10,"featured_media":24867,"comment_status":"closed","ping_status":"closed","sticky":false,"template":"","format":"standard","meta":{"_joinchat":[],"footnotes":""},"categories":[142,92,160,91,81],"tags":[],"class_list":["post-24866","post","type-post","status-publish","format-standard","has-post-thumbnail","hentry","category-desarrollo-social","category-noticias-manabi","category-sucre","category-todas","category-turismo"],"yoast_head":"<!-- This site is optimized with the Yoast SEO plugin v27.4 - https:\/\/yoast.com\/product\/yoast-seo-wordpress\/ -->\n<title>\u00a1UNA CITA CON NUESTRAS RA\u00cdCES, COSTUMBRES Y TRADICIONES! - Prefectura de Manab\u00ed<\/title>\n<meta name=\"robots\" content=\"index, follow, max-snippet:-1, max-image-preview:large, max-video-preview:-1\" \/>\n<link rel=\"canonical\" href=\"https:\/\/www.manabi.gob.ec\/index.php\/una-cita-con-nuestras-raices-costumbres-y-tradiciones\/\" \/>\n<meta property=\"og:locale\" content=\"es_ES\" \/>\n<meta property=\"og:type\" content=\"article\" \/>\n<meta property=\"og:title\" content=\"\u00a1UNA CITA CON NUESTRAS RA\u00cdCES, COSTUMBRES Y TRADICIONES! - Prefectura de Manab\u00ed\" \/>\n<meta property=\"og:description\" content=\"Este s\u00e1bado se desarrollar\u00e1 el Sexto Festival Provincial del Ma\u00edz en La Laguna de Charapot\u00f3 A partir de las 9h00 de este s\u00e1bado 17 de junio, se desarrollar\u00e1 el Sexto Festival Provincial del Ma\u00edz. Este evento, que se lleva a cabo desde el a\u00f1o 2017 en la comunidad La Laguna ubicada en la parroquia Charapot\u00f3 [&hellip;]\" \/>\n<meta property=\"og:url\" content=\"https:\/\/www.manabi.gob.ec\/index.php\/una-cita-con-nuestras-raices-costumbres-y-tradiciones\/\" \/>\n<meta property=\"og:site_name\" content=\"Prefectura de Manab\u00ed\" \/>\n<meta property=\"article:published_time\" content=\"2023-06-19T12:32:30+00:00\" \/>\n<meta property=\"article:modified_time\" content=\"2023-06-19T12:32:35+00:00\" \/>\n<meta property=\"og:image\" content=\"https:\/\/www.manabi.gob.ec\/wp-content\/uploads\/2023\/06\/WhatsApp-Image-2023-06-15-at-10.22.01.jpeg\" \/>\n\t<meta property=\"og:image:width\" content=\"1024\" \/>\n\t<meta property=\"og:image:height\" content=\"684\" \/>\n\t<meta property=\"og:image:type\" content=\"image\/jpeg\" \/>\n<meta name=\"author\" content=\"Lui Ochoa\" \/>\n<meta name=\"twitter:card\" content=\"summary_large_image\" \/>\n<meta name=\"twitter:label1\" content=\"Escrito por\" \/>\n\t<meta name=\"twitter:data1\" content=\"Lui Ochoa\" \/>\n\t<meta name=\"twitter:label2\" content=\"Tiempo de lectura\" \/>\n\t<meta name=\"twitter:data2\" content=\"2 minutos\" \/>\n<script type=\"application\/ld+json\" class=\"yoast-schema-graph\">{\"@context\":\"https:\\\/\\\/schema.org\",\"@graph\":[{\"@type\":\"Article\",\"@id\":\"https:\\\/\\\/www.manabi.gob.ec\\\/index.php\\\/una-cita-con-nuestras-raices-costumbres-y-tradiciones\\\/#article\",\"isPartOf\":{\"@id\":\"https:\\\/\\\/www.manabi.gob.ec\\\/index.php\\\/una-cita-con-nuestras-raices-costumbres-y-tradiciones\\\/\"},\"author\":{\"name\":\"Lui Ochoa\",\"@id\":\"https:\\\/\\\/www.manabi.gob.ec\\\/#\\\/schema\\\/person\\\/c4f117989332ad723a6ced5994aa7d7a\"},\"headline\":\"\u00a1UNA CITA CON NUESTRAS RA\u00cdCES, COSTUMBRES Y TRADICIONES!\",\"datePublished\":\"2023-06-19T12:32:30+00:00\",\"dateModified\":\"2023-06-19T12:32:35+00:00\",\"mainEntityOfPage\":{\"@id\":\"https:\\\/\\\/www.manabi.gob.ec\\\/index.php\\\/una-cita-con-nuestras-raices-costumbres-y-tradiciones\\\/\"},\"wordCount\":284,\"image\":{\"@id\":\"https:\\\/\\\/www.manabi.gob.ec\\\/index.php\\\/una-cita-con-nuestras-raices-costumbres-y-tradiciones\\\/#primaryimage\"},\"thumbnailUrl\":\"https:\\\/\\\/www.manabi.gob.ec\\\/wp-content\\\/uploads\\\/2023\\\/06\\\/WhatsApp-Image-2023-06-15-at-10.22.01.jpeg\",\"articleSection\":[\"Desarrollo Social\",\"Noticias\",\"Sucre\",\"Todas\",\"Turismo\"],\"inLanguage\":\"es\"},{\"@type\":\"WebPage\",\"@id\":\"https:\\\/\\\/www.manabi.gob.ec\\\/index.php\\\/una-cita-con-nuestras-raices-costumbres-y-tradiciones\\\/\",\"url\":\"https:\\\/\\\/www.manabi.gob.ec\\\/index.php\\\/una-cita-con-nuestras-raices-costumbres-y-tradiciones\\\/\",\"name\":\"\u00a1UNA CITA CON NUESTRAS RA\u00cdCES, COSTUMBRES Y TRADICIONES! - Prefectura de Manab\u00ed\",\"isPartOf\":{\"@id\":\"https:\\\/\\\/www.manabi.gob.ec\\\/#website\"},\"primaryImageOfPage\":{\"@id\":\"https:\\\/\\\/www.manabi.gob.ec\\\/index.php\\\/una-cita-con-nuestras-raices-costumbres-y-tradiciones\\\/#primaryimage\"},\"image\":{\"@id\":\"https:\\\/\\\/www.manabi.gob.ec\\\/index.php\\\/una-cita-con-nuestras-raices-costumbres-y-tradiciones\\\/#primaryimage\"},\"thumbnailUrl\":\"https:\\\/\\\/www.manabi.gob.ec\\\/wp-content\\\/uploads\\\/2023\\\/06\\\/WhatsApp-Image-2023-06-15-at-10.22.01.jpeg\",\"datePublished\":\"2023-06-19T12:32:30+00:00\",\"dateModified\":\"2023-06-19T12:32:35+00:00\",\"author\":{\"@id\":\"https:\\\/\\\/www.manabi.gob.ec\\\/#\\\/schema\\\/person\\\/c4f117989332ad723a6ced5994aa7d7a\"},\"breadcrumb\":{\"@id\":\"https:\\\/\\\/www.manabi.gob.ec\\\/index.php\\\/una-cita-con-nuestras-raices-costumbres-y-tradiciones\\\/#breadcrumb\"},\"inLanguage\":\"es\",\"potentialAction\":[{\"@type\":\"ReadAction\",\"target\":[\"https:\\\/\\\/www.manabi.gob.ec\\\/index.php\\\/una-cita-con-nuestras-raices-costumbres-y-tradiciones\\\/\"]}]},{\"@type\":\"ImageObject\",\"inLanguage\":\"es\",\"@id\":\"https:\\\/\\\/www.manabi.gob.ec\\\/index.php\\\/una-cita-con-nuestras-raices-costumbres-y-tradiciones\\\/#primaryimage\",\"url\":\"https:\\\/\\\/www.manabi.gob.ec\\\/wp-content\\\/uploads\\\/2023\\\/06\\\/WhatsApp-Image-2023-06-15-at-10.22.01.jpeg\",\"contentUrl\":\"https:\\\/\\\/www.manabi.gob.ec\\\/wp-content\\\/uploads\\\/2023\\\/06\\\/WhatsApp-Image-2023-06-15-at-10.22.01.jpeg\",\"width\":1024,\"height\":684},{\"@type\":\"BreadcrumbList\",\"@id\":\"https:\\\/\\\/www.manabi.gob.ec\\\/index.php\\\/una-cita-con-nuestras-raices-costumbres-y-tradiciones\\\/#breadcrumb\",\"itemListElement\":[{\"@type\":\"ListItem\",\"position\":1,\"name\":\"Portada\",\"item\":\"https:\\\/\\\/www.manabi.gob.ec\\\/\"},{\"@type\":\"ListItem\",\"position\":2,\"name\":\"\u00a1UNA CITA CON NUESTRAS RA\u00cdCES, COSTUMBRES Y TRADICIONES!\"}]},{\"@type\":\"WebSite\",\"@id\":\"https:\\\/\\\/www.manabi.gob.ec\\\/#website\",\"url\":\"https:\\\/\\\/www.manabi.gob.ec\\\/\",\"name\":\"Prefectura de Manab\u00ed\",\"description\":\"P\u00e1gina web de la prefectura\",\"potentialAction\":[{\"@type\":\"SearchAction\",\"target\":{\"@type\":\"EntryPoint\",\"urlTemplate\":\"https:\\\/\\\/www.manabi.gob.ec\\\/?s={search_term_string}\"},\"query-input\":{\"@type\":\"PropertyValueSpecification\",\"valueRequired\":true,\"valueName\":\"search_term_string\"}}],\"inLanguage\":\"es\"},{\"@type\":\"Person\",\"@id\":\"https:\\\/\\\/www.manabi.gob.ec\\\/#\\\/schema\\\/person\\\/c4f117989332ad723a6ced5994aa7d7a\",\"name\":\"Lui Ochoa\",\"image\":{\"@type\":\"ImageObject\",\"inLanguage\":\"es\",\"@id\":\"https:\\\/\\\/secure.gravatar.com\\\/avatar\\\/6e8017d0fe69dead8a95864d2eb6e1e1d8bf8e01194ba49cf7b897ff038126ba?s=96&d=mm&r=g\",\"url\":\"https:\\\/\\\/secure.gravatar.com\\\/avatar\\\/6e8017d0fe69dead8a95864d2eb6e1e1d8bf8e01194ba49cf7b897ff038126ba?s=96&d=mm&r=g\",\"contentUrl\":\"https:\\\/\\\/secure.gravatar.com\\\/avatar\\\/6e8017d0fe69dead8a95864d2eb6e1e1d8bf8e01194ba49cf7b897ff038126ba?s=96&d=mm&r=g\",\"caption\":\"Lui Ochoa\"},\"url\":\"https:\\\/\\\/www.manabi.gob.ec\\\/index.php\\\/author\\\/lochoa\\\/\"}]}<\/script>\n<!-- \/ Yoast SEO plugin. -->","yoast_head_json":{"title":"\u00a1UNA CITA CON NUESTRAS RA\u00cdCES, COSTUMBRES Y TRADICIONES! - Prefectura de Manab\u00ed","robots":{"index":"index","follow":"follow","max-snippet":"max-snippet:-1","max-image-preview":"max-image-preview:large","max-video-preview":"max-video-preview:-1"},"canonical":"https:\/\/www.manabi.gob.ec\/index.php\/una-cita-con-nuestras-raices-costumbres-y-tradiciones\/","og_locale":"es_ES","og_type":"article","og_title":"\u00a1UNA CITA CON NUESTRAS RA\u00cdCES, COSTUMBRES Y TRADICIONES! - Prefectura de Manab\u00ed","og_description":"Este s\u00e1bado se desarrollar\u00e1 el Sexto Festival Provincial del Ma\u00edz en La Laguna de Charapot\u00f3 A partir de las 9h00 de este s\u00e1bado 17 de junio, se desarrollar\u00e1 el Sexto Festival Provincial del Ma\u00edz. Este evento, que se lleva a cabo desde el a\u00f1o 2017 en la comunidad La Laguna ubicada en la parroquia Charapot\u00f3 [&hellip;]","og_url":"https:\/\/www.manabi.gob.ec\/index.php\/una-cita-con-nuestras-raices-costumbres-y-tradiciones\/","og_site_name":"Prefectura de Manab\u00ed","article_published_time":"2023-06-19T12:32:30+00:00","article_modified_time":"2023-06-19T12:32:35+00:00","og_image":[{"width":1024,"height":684,"url":"https:\/\/www.manabi.gob.ec\/wp-content\/uploads\/2023\/06\/WhatsApp-Image-2023-06-15-at-10.22.01.jpeg","type":"image\/jpeg"}],"author":"Lui Ochoa","twitter_card":"summary_large_image","twitter_misc":{"Escrito por":"Lui Ochoa","Tiempo de lectura":"2 minutos"},"schema":{"@context":"https:\/\/schema.org","@graph":[{"@type":"Article","@id":"https:\/\/www.manabi.gob.ec\/index.php\/una-cita-con-nuestras-raices-costumbres-y-tradiciones\/#article","isPartOf":{"@id":"https:\/\/www.manabi.gob.ec\/index.php\/una-cita-con-nuestras-raices-costumbres-y-tradiciones\/"},"author":{"name":"Lui Ochoa","@id":"https:\/\/www.manabi.gob.ec\/#\/schema\/person\/c4f117989332ad723a6ced5994aa7d7a"},"headline":"\u00a1UNA CITA CON NUESTRAS RA\u00cdCES, COSTUMBRES Y TRADICIONES!","datePublished":"2023-06-19T12:32:30+00:00","dateModified":"2023-06-19T12:32:35+00:00","mainEntityOfPage":{"@id":"https:\/\/www.manabi.gob.ec\/index.php\/una-cita-con-nuestras-raices-costumbres-y-tradiciones\/"},"wordCount":284,"image":{"@id":"https:\/\/www.manabi.gob.ec\/index.php\/una-cita-con-nuestras-raices-costumbres-y-tradiciones\/#primaryimage"},"thumbnailUrl":"https:\/\/www.manabi.gob.ec\/wp-content\/uploads\/2023\/06\/WhatsApp-Image-2023-06-15-at-10.22.01.jpeg","articleSection":["Desarrollo Social","Noticias","Sucre","Todas","Turismo"],"inLanguage":"es"},{"@type":"WebPage","@id":"https:\/\/www.manabi.gob.ec\/index.php\/una-cita-con-nuestras-raices-costumbres-y-tradiciones\/","url":"https:\/\/www.manabi.gob.ec\/index.php\/una-cita-con-nuestras-raices-costumbres-y-tradiciones\/","name":"\u00a1UNA CITA CON NUESTRAS RA\u00cdCES, COSTUMBRES Y TRADICIONES! - Prefectura de Manab\u00ed","isPartOf":{"@id":"https:\/\/www.manabi.gob.ec\/#website"},"primaryImageOfPage":{"@id":"https:\/\/www.manabi.gob.ec\/index.php\/una-cita-con-nuestras-raices-costumbres-y-tradiciones\/#primaryimage"},"image":{"@id":"https:\/\/www.manabi.gob.ec\/index.php\/una-cita-con-nuestras-raices-costumbres-y-tradiciones\/#primaryimage"},"thumbnailUrl":"https:\/\/www.manabi.gob.ec\/wp-content\/uploads\/2023\/06\/WhatsApp-Image-2023-06-15-at-10.22.01.jpeg","datePublished":"2023-06-19T12:32:30+00:00","dateModified":"2023-06-19T12:32:35+00:00","author":{"@id":"https:\/\/www.manabi.gob.ec\/#\/schema\/person\/c4f117989332ad723a6ced5994aa7d7a"},"breadcrumb":{"@id":"https:\/\/www.manabi.gob.ec\/index.php\/una-cita-con-nuestras-raices-costumbres-y-tradiciones\/#breadcrumb"},"inLanguage":"es","potentialAction":[{"@type":"ReadAction","target":["https:\/\/www.manabi.gob.ec\/index.php\/una-cita-con-nuestras-raices-costumbres-y-tradiciones\/"]}]},{"@type":"ImageObject","inLanguage":"es","@id":"https:\/\/www.manabi.gob.ec\/index.php\/una-cita-con-nuestras-raices-costumbres-y-tradiciones\/#primaryimage","url":"https:\/\/www.manabi.gob.ec\/wp-content\/uploads\/2023\/06\/WhatsApp-Image-2023-06-15-at-10.22.01.jpeg","contentUrl":"https:\/\/www.manabi.gob.ec\/wp-content\/uploads\/2023\/06\/WhatsApp-Image-2023-06-15-at-10.22.01.jpeg","width":1024,"height":684},{"@type":"BreadcrumbList","@id":"https:\/\/www.manabi.gob.ec\/index.php\/una-cita-con-nuestras-raices-costumbres-y-tradiciones\/#breadcrumb","itemListElement":[{"@type":"ListItem","position":1,"name":"Portada","item":"https:\/\/www.manabi.gob.ec\/"},{"@type":"ListItem","position":2,"name":"\u00a1UNA CITA CON NUESTRAS RA\u00cdCES, COSTUMBRES Y TRADICIONES!"}]},{"@type":"WebSite","@id":"https:\/\/www.manabi.gob.ec\/#website","url":"https:\/\/www.manabi.gob.ec\/","name":"Prefectura de Manab\u00ed","description":"P\u00e1gina web de la prefectura","potentialAction":[{"@type":"SearchAction","target":{"@type":"EntryPoint","urlTemplate":"https:\/\/www.manabi.gob.ec\/?s={search_term_string}"},"query-input":{"@type":"PropertyValueSpecification","valueRequired":true,"valueName":"search_term_string"}}],"inLanguage":"es"},{"@type":"Person","@id":"https:\/\/www.manabi.gob.ec\/#\/schema\/person\/c4f117989332ad723a6ced5994aa7d7a","name":"Lui Ochoa","image":{"@type":"ImageObject","inLanguage":"es","@id":"https:\/\/secure.gravatar.com\/avatar\/6e8017d0fe69dead8a95864d2eb6e1e1d8bf8e01194ba49cf7b897ff038126ba?s=96&d=mm&r=g","url":"https:\/\/secure.gravatar.com\/avatar\/6e8017d0fe69dead8a95864d2eb6e1e1d8bf8e01194ba49cf7b897ff038126ba?s=96&d=mm&r=g","contentUrl":"https:\/\/secure.gravatar.com\/avatar\/6e8017d0fe69dead8a95864d2eb6e1e1d8bf8e01194ba49cf7b897ff038126ba?s=96&d=mm&r=g","caption":"Lui Ochoa"},"url":"https:\/\/www.manabi.gob.ec\/index.php\/author\/lochoa\/"}]}},"jetpack_featured_media_url":"https:\/\/www.manabi.gob.ec\/wp-content\/uploads\/2023\/06\/WhatsApp-Image-2023-06-15-at-10.22.01.jpeg","_links":{"self":[{"href":"https:\/\/www.manabi.gob.ec\/index.php\/wp-json\/wp\/v2\/posts\/24866","targetHints":{"allow":["GET"]}}],"collection":[{"href":"https:\/\/www.manabi.gob.ec\/index.php\/wp-json\/wp\/v2\/posts"}],"about":[{"href":"https:\/\/www.manabi.gob.ec\/index.php\/wp-json\/wp\/v2\/types\/post"}],"author":[{"embeddable":true,"href":"https:\/\/www.manabi.gob.ec\/index.php\/wp-json\/wp\/v2\/users\/10"}],"replies":[{"embeddable":true,"href":"https:\/\/www.manabi.gob.ec\/index.php\/wp-json\/wp\/v2\/comments?post=24866"}],"version-history":[{"count":0,"href":"https:\/\/www.manabi.gob.ec\/index.php\/wp-json\/wp\/v2\/posts\/24866\/revisions"}],"wp:featuredmedia":[{"embeddable":true,"href":"https:\/\/www.manabi.gob.ec\/index.php\/wp-json\/wp\/v2\/media\/24867"}],"wp:attachment":[{"href":"https:\/\/www.manabi.gob.ec\/index.php\/wp-json\/wp\/v2\/media?parent=24866"}],"wp:term":[{"taxonomy":"category","embeddable":true,"href":"https:\/\/www.manabi.gob.ec\/index.php\/wp-json\/wp\/v2\/categories?post=24866"},{"taxonomy":"post_tag","embeddable":true,"href":"https:\/\/www.manabi.gob.ec\/index.php\/wp-json\/wp\/v2\/tags?post=24866"}],"curies":[{"name":"wp","href":"https:\/\/api.w.org\/{rel}","templated":true}]}}