{"id":24869,"date":"2023-06-19T12:34:09","date_gmt":"2023-06-19T12:34:09","guid":{"rendered":"https:\/\/www.manabi.gob.ec\/?p=24869"},"modified":"2023-06-19T12:34:15","modified_gmt":"2023-06-19T12:34:15","slug":"prefectura-de-manabi-limpia-y-desazolva-el-canal-aguas-amargas-en-san-vicente-para-prevenir-inundaciones-ante-posible-fenomeno-el-nino","status":"publish","type":"post","link":"https:\/\/www.manabi.gob.ec\/index.php\/prefectura-de-manabi-limpia-y-desazolva-el-canal-aguas-amargas-en-san-vicente-para-prevenir-inundaciones-ante-posible-fenomeno-el-nino\/","title":{"rendered":"Prefectura de Manab\u00ed limpia y desazolva el canal Aguas Amargas en San Vicente para prevenir inundaciones ante posible fen\u00f3meno El Ni\u00f1o"},"content":{"rendered":"\n<p>La Prefectura de Manab\u00ed realiza labores de limpieza y desazolve en el canal Aguas Amargas, ubicado en el cant\u00f3n San Vicente. Con el apoyo de dos excavadoras, una de brazo largo y otra de brazo corto, se est\u00e1n llevando a cabo estas importantes tareas en el canal de drenaje que desemboca en el mar.<\/p>\n\n\n\n<p>Los trabajos preventivos ante el posible fen\u00f3meno El Ni\u00f1o, se iniciaron la semana anterior y se espera que se culminen en aproximadamente un mes y medio.<\/p>\n\n\n\n<p>Hasta el momento, se ha logrado avanzar un kil\u00f3metro de los cuatro en total que abarca este canal, el cual atraviesa diversas comunidades como Cacho Rojo y Los Guayacanes, correspondientes al sector 1 del cant\u00f3n San Vicente.<\/p>\n\n\n\n<p>\u00abEstamos muy agradecidos con La Prefectura y con el Prefecto Leonardo Orlando, por los trabajos de limpieza que le est\u00e1n haciendo al canal Aguas Amargas, ya que de no hacerlo toda la ciudad quedar\u00eda en peligro de inundarse si se viene el fen\u00f3meno El Ni\u00f1o\u00bb, se\u00f1al\u00f3 don Galo Vargas Presidente del sector 1 en San Vicente.<\/p>\n\n\n\n<p>La Prefectura de Manab\u00ed liderada por el Economista Leonardo Orlando, ejecuta desde ya acciones preventivas en toda la provincia, mencion\u00f3 Jean Paul Guadamud t\u00e9cnico de Riego y Drenaje de la entidad provincial.<\/p>\n","protected":false},"excerpt":{"rendered":"<p>La Prefectura de Manab\u00ed realiza labores de limpieza y desazolve en el canal Aguas Amargas, ubicado en el cant\u00f3n San Vicente. Con el apoyo de dos excavadoras, una de brazo largo y otra de brazo corto, se est\u00e1n llevando a cabo estas importantes tareas en el canal de drenaje que desemboca en el mar. Los [&hellip;]<\/p>\n","protected":false},"author":10,"featured_media":24870,"comment_status":"closed","ping_status":"closed","sticky":false,"template":"","format":"standard","meta":{"_joinchat":[],"footnotes":""},"categories":[142,92,181,339,340,89,91],"tags":[],"class_list":["post-24869","post","type-post","status-publish","format-standard","has-post-thumbnail","hentry","category-desarrollo-social","category-noticias-manabi","category-obra-publica","category-plan-invernal","category-plan-invernal-plan-invernal","category-riego-drenaje","category-todas"],"yoast_head":"<!-- This site is optimized with the Yoast SEO plugin v27.4 - https:\/\/yoast.com\/product\/yoast-seo-wordpress\/ -->\n<title>Prefectura de Manab\u00ed limpia y desazolva el canal Aguas Amargas en San Vicente para prevenir inundaciones ante posible fen\u00f3meno El Ni\u00f1o - Prefectura de Manab\u00ed<\/title>\n<meta name=\"robots\" content=\"index, follow, max-snippet:-1, max-image-preview:large, max-video-preview:-1\" \/>\n<link rel=\"canonical\" href=\"https:\/\/www.manabi.gob.ec\/index.php\/prefectura-de-manabi-limpia-y-desazolva-el-canal-aguas-amargas-en-san-vicente-para-prevenir-inundaciones-ante-posible-fenomeno-el-nino\/\" \/>\n<meta property=\"og:locale\" content=\"es_ES\" \/>\n<meta property=\"og:type\" content=\"article\" \/>\n<meta property=\"og:title\" content=\"Prefectura de Manab\u00ed limpia y desazolva el canal Aguas Amargas en San Vicente para prevenir inundaciones ante posible fen\u00f3meno El Ni\u00f1o - Prefectura de Manab\u00ed\" \/>\n<meta property=\"og:description\" content=\"La Prefectura de Manab\u00ed realiza labores de limpieza y desazolve en el canal Aguas Amargas, ubicado en el cant\u00f3n San Vicente. Con el apoyo de dos excavadoras, una de brazo largo y otra de brazo corto, se est\u00e1n llevando a cabo estas importantes tareas en el canal de drenaje que desemboca en el mar. Los [&hellip;]\" \/>\n<meta property=\"og:url\" content=\"https:\/\/www.manabi.gob.ec\/index.php\/prefectura-de-manabi-limpia-y-desazolva-el-canal-aguas-amargas-en-san-vicente-para-prevenir-inundaciones-ante-posible-fenomeno-el-nino\/\" \/>\n<meta property=\"og:site_name\" content=\"Prefectura de Manab\u00ed\" \/>\n<meta property=\"article:published_time\" content=\"2023-06-19T12:34:09+00:00\" \/>\n<meta property=\"article:modified_time\" content=\"2023-06-19T12:34:15+00:00\" \/>\n<meta property=\"og:image\" content=\"https:\/\/www.manabi.gob.ec\/wp-content\/uploads\/2023\/06\/WhatsApp-Image-2023-06-15-at-17.34.39.jpeg\" \/>\n\t<meta property=\"og:image:width\" content=\"1024\" \/>\n\t<meta property=\"og:image:height\" content=\"771\" \/>\n\t<meta property=\"og:image:type\" content=\"image\/jpeg\" \/>\n<meta name=\"author\" content=\"Lui Ochoa\" \/>\n<meta name=\"twitter:card\" content=\"summary_large_image\" \/>\n<meta name=\"twitter:label1\" content=\"Escrito por\" \/>\n\t<meta name=\"twitter:data1\" content=\"Lui Ochoa\" \/>\n\t<meta name=\"twitter:label2\" content=\"Tiempo de lectura\" \/>\n\t<meta name=\"twitter:data2\" content=\"1 minuto\" \/>\n<script type=\"application\/ld+json\" class=\"yoast-schema-graph\">{\"@context\":\"https:\\\/\\\/schema.org\",\"@graph\":[{\"@type\":\"Article\",\"@id\":\"https:\\\/\\\/www.manabi.gob.ec\\\/index.php\\\/prefectura-de-manabi-limpia-y-desazolva-el-canal-aguas-amargas-en-san-vicente-para-prevenir-inundaciones-ante-posible-fenomeno-el-nino\\\/#article\",\"isPartOf\":{\"@id\":\"https:\\\/\\\/www.manabi.gob.ec\\\/index.php\\\/prefectura-de-manabi-limpia-y-desazolva-el-canal-aguas-amargas-en-san-vicente-para-prevenir-inundaciones-ante-posible-fenomeno-el-nino\\\/\"},\"author\":{\"name\":\"Lui Ochoa\",\"@id\":\"https:\\\/\\\/www.manabi.gob.ec\\\/#\\\/schema\\\/person\\\/c4f117989332ad723a6ced5994aa7d7a\"},\"headline\":\"Prefectura de Manab\u00ed limpia y desazolva el canal Aguas Amargas en San Vicente para prevenir inundaciones ante posible fen\u00f3meno El Ni\u00f1o\",\"datePublished\":\"2023-06-19T12:34:09+00:00\",\"dateModified\":\"2023-06-19T12:34:15+00:00\",\"mainEntityOfPage\":{\"@id\":\"https:\\\/\\\/www.manabi.gob.ec\\\/index.php\\\/prefectura-de-manabi-limpia-y-desazolva-el-canal-aguas-amargas-en-san-vicente-para-prevenir-inundaciones-ante-posible-fenomeno-el-nino\\\/\"},\"wordCount\":238,\"image\":{\"@id\":\"https:\\\/\\\/www.manabi.gob.ec\\\/index.php\\\/prefectura-de-manabi-limpia-y-desazolva-el-canal-aguas-amargas-en-san-vicente-para-prevenir-inundaciones-ante-posible-fenomeno-el-nino\\\/#primaryimage\"},\"thumbnailUrl\":\"https:\\\/\\\/www.manabi.gob.ec\\\/wp-content\\\/uploads\\\/2023\\\/06\\\/WhatsApp-Image-2023-06-15-at-17.34.39.jpeg\",\"articleSection\":[\"Desarrollo Social\",\"Noticias\",\"Obra P\u00fablica\",\"Plan Invernal\",\"PLAN INVERNAL\",\"Riego y drenaje\",\"Todas\"],\"inLanguage\":\"es\"},{\"@type\":\"WebPage\",\"@id\":\"https:\\\/\\\/www.manabi.gob.ec\\\/index.php\\\/prefectura-de-manabi-limpia-y-desazolva-el-canal-aguas-amargas-en-san-vicente-para-prevenir-inundaciones-ante-posible-fenomeno-el-nino\\\/\",\"url\":\"https:\\\/\\\/www.manabi.gob.ec\\\/index.php\\\/prefectura-de-manabi-limpia-y-desazolva-el-canal-aguas-amargas-en-san-vicente-para-prevenir-inundaciones-ante-posible-fenomeno-el-nino\\\/\",\"name\":\"Prefectura de Manab\u00ed limpia y desazolva el canal Aguas Amargas en San Vicente para prevenir inundaciones ante posible fen\u00f3meno El Ni\u00f1o - Prefectura de Manab\u00ed\",\"isPartOf\":{\"@id\":\"https:\\\/\\\/www.manabi.gob.ec\\\/#website\"},\"primaryImageOfPage\":{\"@id\":\"https:\\\/\\\/www.manabi.gob.ec\\\/index.php\\\/prefectura-de-manabi-limpia-y-desazolva-el-canal-aguas-amargas-en-san-vicente-para-prevenir-inundaciones-ante-posible-fenomeno-el-nino\\\/#primaryimage\"},\"image\":{\"@id\":\"https:\\\/\\\/www.manabi.gob.ec\\\/index.php\\\/prefectura-de-manabi-limpia-y-desazolva-el-canal-aguas-amargas-en-san-vicente-para-prevenir-inundaciones-ante-posible-fenomeno-el-nino\\\/#primaryimage\"},\"thumbnailUrl\":\"https:\\\/\\\/www.manabi.gob.ec\\\/wp-content\\\/uploads\\\/2023\\\/06\\\/WhatsApp-Image-2023-06-15-at-17.34.39.jpeg\",\"datePublished\":\"2023-06-19T12:34:09+00:00\",\"dateModified\":\"2023-06-19T12:34:15+00:00\",\"author\":{\"@id\":\"https:\\\/\\\/www.manabi.gob.ec\\\/#\\\/schema\\\/person\\\/c4f117989332ad723a6ced5994aa7d7a\"},\"breadcrumb\":{\"@id\":\"https:\\\/\\\/www.manabi.gob.ec\\\/index.php\\\/prefectura-de-manabi-limpia-y-desazolva-el-canal-aguas-amargas-en-san-vicente-para-prevenir-inundaciones-ante-posible-fenomeno-el-nino\\\/#breadcrumb\"},\"inLanguage\":\"es\",\"potentialAction\":[{\"@type\":\"ReadAction\",\"target\":[\"https:\\\/\\\/www.manabi.gob.ec\\\/index.php\\\/prefectura-de-manabi-limpia-y-desazolva-el-canal-aguas-amargas-en-san-vicente-para-prevenir-inundaciones-ante-posible-fenomeno-el-nino\\\/\"]}]},{\"@type\":\"ImageObject\",\"inLanguage\":\"es\",\"@id\":\"https:\\\/\\\/www.manabi.gob.ec\\\/index.php\\\/prefectura-de-manabi-limpia-y-desazolva-el-canal-aguas-amargas-en-san-vicente-para-prevenir-inundaciones-ante-posible-fenomeno-el-nino\\\/#primaryimage\",\"url\":\"https:\\\/\\\/www.manabi.gob.ec\\\/wp-content\\\/uploads\\\/2023\\\/06\\\/WhatsApp-Image-2023-06-15-at-17.34.39.jpeg\",\"contentUrl\":\"https:\\\/\\\/www.manabi.gob.ec\\\/wp-content\\\/uploads\\\/2023\\\/06\\\/WhatsApp-Image-2023-06-15-at-17.34.39.jpeg\",\"width\":1024,\"height\":771},{\"@type\":\"BreadcrumbList\",\"@id\":\"https:\\\/\\\/www.manabi.gob.ec\\\/index.php\\\/prefectura-de-manabi-limpia-y-desazolva-el-canal-aguas-amargas-en-san-vicente-para-prevenir-inundaciones-ante-posible-fenomeno-el-nino\\\/#breadcrumb\",\"itemListElement\":[{\"@type\":\"ListItem\",\"position\":1,\"name\":\"Portada\",\"item\":\"https:\\\/\\\/www.manabi.gob.ec\\\/\"},{\"@type\":\"ListItem\",\"position\":2,\"name\":\"Prefectura de Manab\u00ed limpia y desazolva el canal Aguas Amargas en San Vicente para prevenir inundaciones ante posible fen\u00f3meno El Ni\u00f1o\"}]},{\"@type\":\"WebSite\",\"@id\":\"https:\\\/\\\/www.manabi.gob.ec\\\/#website\",\"url\":\"https:\\\/\\\/www.manabi.gob.ec\\\/\",\"name\":\"Prefectura de Manab\u00ed\",\"description\":\"P\u00e1gina web de la prefectura\",\"potentialAction\":[{\"@type\":\"SearchAction\",\"target\":{\"@type\":\"EntryPoint\",\"urlTemplate\":\"https:\\\/\\\/www.manabi.gob.ec\\\/?s={search_term_string}\"},\"query-input\":{\"@type\":\"PropertyValueSpecification\",\"valueRequired\":true,\"valueName\":\"search_term_string\"}}],\"inLanguage\":\"es\"},{\"@type\":\"Person\",\"@id\":\"https:\\\/\\\/www.manabi.gob.ec\\\/#\\\/schema\\\/person\\\/c4f117989332ad723a6ced5994aa7d7a\",\"name\":\"Lui Ochoa\",\"image\":{\"@type\":\"ImageObject\",\"inLanguage\":\"es\",\"@id\":\"https:\\\/\\\/secure.gravatar.com\\\/avatar\\\/6e8017d0fe69dead8a95864d2eb6e1e1d8bf8e01194ba49cf7b897ff038126ba?s=96&d=mm&r=g\",\"url\":\"https:\\\/\\\/secure.gravatar.com\\\/avatar\\\/6e8017d0fe69dead8a95864d2eb6e1e1d8bf8e01194ba49cf7b897ff038126ba?s=96&d=mm&r=g\",\"contentUrl\":\"https:\\\/\\\/secure.gravatar.com\\\/avatar\\\/6e8017d0fe69dead8a95864d2eb6e1e1d8bf8e01194ba49cf7b897ff038126ba?s=96&d=mm&r=g\",\"caption\":\"Lui Ochoa\"},\"url\":\"https:\\\/\\\/www.manabi.gob.ec\\\/index.php\\\/author\\\/lochoa\\\/\"}]}<\/script>\n<!-- \/ Yoast SEO plugin. -->","yoast_head_json":{"title":"Prefectura de Manab\u00ed limpia y desazolva el canal Aguas Amargas en San Vicente para prevenir inundaciones ante posible fen\u00f3meno El Ni\u00f1o - Prefectura de Manab\u00ed","robots":{"index":"index","follow":"follow","max-snippet":"max-snippet:-1","max-image-preview":"max-image-preview:large","max-video-preview":"max-video-preview:-1"},"canonical":"https:\/\/www.manabi.gob.ec\/index.php\/prefectura-de-manabi-limpia-y-desazolva-el-canal-aguas-amargas-en-san-vicente-para-prevenir-inundaciones-ante-posible-fenomeno-el-nino\/","og_locale":"es_ES","og_type":"article","og_title":"Prefectura de Manab\u00ed limpia y desazolva el canal Aguas Amargas en San Vicente para prevenir inundaciones ante posible fen\u00f3meno El Ni\u00f1o - Prefectura de Manab\u00ed","og_description":"La Prefectura de Manab\u00ed realiza labores de limpieza y desazolve en el canal Aguas Amargas, ubicado en el cant\u00f3n San Vicente. Con el apoyo de dos excavadoras, una de brazo largo y otra de brazo corto, se est\u00e1n llevando a cabo estas importantes tareas en el canal de drenaje que desemboca en el mar. Los [&hellip;]","og_url":"https:\/\/www.manabi.gob.ec\/index.php\/prefectura-de-manabi-limpia-y-desazolva-el-canal-aguas-amargas-en-san-vicente-para-prevenir-inundaciones-ante-posible-fenomeno-el-nino\/","og_site_name":"Prefectura de Manab\u00ed","article_published_time":"2023-06-19T12:34:09+00:00","article_modified_time":"2023-06-19T12:34:15+00:00","og_image":[{"width":1024,"height":771,"url":"https:\/\/www.manabi.gob.ec\/wp-content\/uploads\/2023\/06\/WhatsApp-Image-2023-06-15-at-17.34.39.jpeg","type":"image\/jpeg"}],"author":"Lui Ochoa","twitter_card":"summary_large_image","twitter_misc":{"Escrito por":"Lui Ochoa","Tiempo de lectura":"1 minuto"},"schema":{"@context":"https:\/\/schema.org","@graph":[{"@type":"Article","@id":"https:\/\/www.manabi.gob.ec\/index.php\/prefectura-de-manabi-limpia-y-desazolva-el-canal-aguas-amargas-en-san-vicente-para-prevenir-inundaciones-ante-posible-fenomeno-el-nino\/#article","isPartOf":{"@id":"https:\/\/www.manabi.gob.ec\/index.php\/prefectura-de-manabi-limpia-y-desazolva-el-canal-aguas-amargas-en-san-vicente-para-prevenir-inundaciones-ante-posible-fenomeno-el-nino\/"},"author":{"name":"Lui Ochoa","@id":"https:\/\/www.manabi.gob.ec\/#\/schema\/person\/c4f117989332ad723a6ced5994aa7d7a"},"headline":"Prefectura de Manab\u00ed limpia y desazolva el canal Aguas Amargas en San Vicente para prevenir inundaciones ante posible fen\u00f3meno El Ni\u00f1o","datePublished":"2023-06-19T12:34:09+00:00","dateModified":"2023-06-19T12:34:15+00:00","mainEntityOfPage":{"@id":"https:\/\/www.manabi.gob.ec\/index.php\/prefectura-de-manabi-limpia-y-desazolva-el-canal-aguas-amargas-en-san-vicente-para-prevenir-inundaciones-ante-posible-fenomeno-el-nino\/"},"wordCount":238,"image":{"@id":"https:\/\/www.manabi.gob.ec\/index.php\/prefectura-de-manabi-limpia-y-desazolva-el-canal-aguas-amargas-en-san-vicente-para-prevenir-inundaciones-ante-posible-fenomeno-el-nino\/#primaryimage"},"thumbnailUrl":"https:\/\/www.manabi.gob.ec\/wp-content\/uploads\/2023\/06\/WhatsApp-Image-2023-06-15-at-17.34.39.jpeg","articleSection":["Desarrollo Social","Noticias","Obra P\u00fablica","Plan Invernal","PLAN INVERNAL","Riego y drenaje","Todas"],"inLanguage":"es"},{"@type":"WebPage","@id":"https:\/\/www.manabi.gob.ec\/index.php\/prefectura-de-manabi-limpia-y-desazolva-el-canal-aguas-amargas-en-san-vicente-para-prevenir-inundaciones-ante-posible-fenomeno-el-nino\/","url":"https:\/\/www.manabi.gob.ec\/index.php\/prefectura-de-manabi-limpia-y-desazolva-el-canal-aguas-amargas-en-san-vicente-para-prevenir-inundaciones-ante-posible-fenomeno-el-nino\/","name":"Prefectura de Manab\u00ed limpia y desazolva el canal Aguas Amargas en San Vicente para prevenir inundaciones ante posible fen\u00f3meno El Ni\u00f1o - Prefectura de Manab\u00ed","isPartOf":{"@id":"https:\/\/www.manabi.gob.ec\/#website"},"primaryImageOfPage":{"@id":"https:\/\/www.manabi.gob.ec\/index.php\/prefectura-de-manabi-limpia-y-desazolva-el-canal-aguas-amargas-en-san-vicente-para-prevenir-inundaciones-ante-posible-fenomeno-el-nino\/#primaryimage"},"image":{"@id":"https:\/\/www.manabi.gob.ec\/index.php\/prefectura-de-manabi-limpia-y-desazolva-el-canal-aguas-amargas-en-san-vicente-para-prevenir-inundaciones-ante-posible-fenomeno-el-nino\/#primaryimage"},"thumbnailUrl":"https:\/\/www.manabi.gob.ec\/wp-content\/uploads\/2023\/06\/WhatsApp-Image-2023-06-15-at-17.34.39.jpeg","datePublished":"2023-06-19T12:34:09+00:00","dateModified":"2023-06-19T12:34:15+00:00","author":{"@id":"https:\/\/www.manabi.gob.ec\/#\/schema\/person\/c4f117989332ad723a6ced5994aa7d7a"},"breadcrumb":{"@id":"https:\/\/www.manabi.gob.ec\/index.php\/prefectura-de-manabi-limpia-y-desazolva-el-canal-aguas-amargas-en-san-vicente-para-prevenir-inundaciones-ante-posible-fenomeno-el-nino\/#breadcrumb"},"inLanguage":"es","potentialAction":[{"@type":"ReadAction","target":["https:\/\/www.manabi.gob.ec\/index.php\/prefectura-de-manabi-limpia-y-desazolva-el-canal-aguas-amargas-en-san-vicente-para-prevenir-inundaciones-ante-posible-fenomeno-el-nino\/"]}]},{"@type":"ImageObject","inLanguage":"es","@id":"https:\/\/www.manabi.gob.ec\/index.php\/prefectura-de-manabi-limpia-y-desazolva-el-canal-aguas-amargas-en-san-vicente-para-prevenir-inundaciones-ante-posible-fenomeno-el-nino\/#primaryimage","url":"https:\/\/www.manabi.gob.ec\/wp-content\/uploads\/2023\/06\/WhatsApp-Image-2023-06-15-at-17.34.39.jpeg","contentUrl":"https:\/\/www.manabi.gob.ec\/wp-content\/uploads\/2023\/06\/WhatsApp-Image-2023-06-15-at-17.34.39.jpeg","width":1024,"height":771},{"@type":"BreadcrumbList","@id":"https:\/\/www.manabi.gob.ec\/index.php\/prefectura-de-manabi-limpia-y-desazolva-el-canal-aguas-amargas-en-san-vicente-para-prevenir-inundaciones-ante-posible-fenomeno-el-nino\/#breadcrumb","itemListElement":[{"@type":"ListItem","position":1,"name":"Portada","item":"https:\/\/www.manabi.gob.ec\/"},{"@type":"ListItem","position":2,"name":"Prefectura de Manab\u00ed limpia y desazolva el canal Aguas Amargas en San Vicente para prevenir inundaciones ante posible fen\u00f3meno El Ni\u00f1o"}]},{"@type":"WebSite","@id":"https:\/\/www.manabi.gob.ec\/#website","url":"https:\/\/www.manabi.gob.ec\/","name":"Prefectura de Manab\u00ed","description":"P\u00e1gina web de la prefectura","potentialAction":[{"@type":"SearchAction","target":{"@type":"EntryPoint","urlTemplate":"https:\/\/www.manabi.gob.ec\/?s={search_term_string}"},"query-input":{"@type":"PropertyValueSpecification","valueRequired":true,"valueName":"search_term_string"}}],"inLanguage":"es"},{"@type":"Person","@id":"https:\/\/www.manabi.gob.ec\/#\/schema\/person\/c4f117989332ad723a6ced5994aa7d7a","name":"Lui Ochoa","image":{"@type":"ImageObject","inLanguage":"es","@id":"https:\/\/secure.gravatar.com\/avatar\/6e8017d0fe69dead8a95864d2eb6e1e1d8bf8e01194ba49cf7b897ff038126ba?s=96&d=mm&r=g","url":"https:\/\/secure.gravatar.com\/avatar\/6e8017d0fe69dead8a95864d2eb6e1e1d8bf8e01194ba49cf7b897ff038126ba?s=96&d=mm&r=g","contentUrl":"https:\/\/secure.gravatar.com\/avatar\/6e8017d0fe69dead8a95864d2eb6e1e1d8bf8e01194ba49cf7b897ff038126ba?s=96&d=mm&r=g","caption":"Lui Ochoa"},"url":"https:\/\/www.manabi.gob.ec\/index.php\/author\/lochoa\/"}]}},"jetpack_featured_media_url":"https:\/\/www.manabi.gob.ec\/wp-content\/uploads\/2023\/06\/WhatsApp-Image-2023-06-15-at-17.34.39.jpeg","_links":{"self":[{"href":"https:\/\/www.manabi.gob.ec\/index.php\/wp-json\/wp\/v2\/posts\/24869","targetHints":{"allow":["GET"]}}],"collection":[{"href":"https:\/\/www.manabi.gob.ec\/index.php\/wp-json\/wp\/v2\/posts"}],"about":[{"href":"https:\/\/www.manabi.gob.ec\/index.php\/wp-json\/wp\/v2\/types\/post"}],"author":[{"embeddable":true,"href":"https:\/\/www.manabi.gob.ec\/index.php\/wp-json\/wp\/v2\/users\/10"}],"replies":[{"embeddable":true,"href":"https:\/\/www.manabi.gob.ec\/index.php\/wp-json\/wp\/v2\/comments?post=24869"}],"version-history":[{"count":0,"href":"https:\/\/www.manabi.gob.ec\/index.php\/wp-json\/wp\/v2\/posts\/24869\/revisions"}],"wp:featuredmedia":[{"embeddable":true,"href":"https:\/\/www.manabi.gob.ec\/index.php\/wp-json\/wp\/v2\/media\/24870"}],"wp:attachment":[{"href":"https:\/\/www.manabi.gob.ec\/index.php\/wp-json\/wp\/v2\/media?parent=24869"}],"wp:term":[{"taxonomy":"category","embeddable":true,"href":"https:\/\/www.manabi.gob.ec\/index.php\/wp-json\/wp\/v2\/categories?post=24869"},{"taxonomy":"post_tag","embeddable":true,"href":"https:\/\/www.manabi.gob.ec\/index.php\/wp-json\/wp\/v2\/tags?post=24869"}],"curies":[{"name":"wp","href":"https:\/\/api.w.org\/{rel}","templated":true}]}}