{"id":24908,"date":"2023-06-19T13:50:10","date_gmt":"2023-06-19T13:50:10","guid":{"rendered":"https:\/\/www.manabi.gob.ec\/?p=24908"},"modified":"2023-06-19T13:50:15","modified_gmt":"2023-06-19T13:50:15","slug":"el-maiz-tuvo-su-festival","status":"publish","type":"post","link":"https:\/\/www.manabi.gob.ec\/index.php\/el-maiz-tuvo-su-festival\/","title":{"rendered":"\u00a1EL MA\u00cdZ TUVO SU FESTIVAL!"},"content":{"rendered":"\n<p>Todo un \u00e9xito result\u00f3 el evento desarrollado en La Laguna de Charapot\u00f3<\/p>\n\n\n\n<p>La comunidad La Laguna luci\u00f3 abarrotada de visitantes durante la ma\u00f1ana y tarde de este s\u00e1bado 17 de junio, ya que hasta el lugar llegaron centenares de personas desde diferentes puntos de la provincia de Manab\u00ed para disfrutar del Sexto Festival Provincial del Ma\u00edz.<\/p>\n\n\n\n<p>Mientras el programa preparado por los organizadores de este evento se desarrollaba al interior del coliseo comunitario, un simn\u00famero de activiaddes comerciales tuvieron lugar en las calles de esta localidad rural de la parroquia Charapot\u00f3 del cant\u00f3n Sucre.<\/p>\n\n\n\n<p>Hubo exhibiciones sobre la destrezas de nuestros campesinos en tareas como el orde\u00f1o de las vacas, exposiciones de productos propios de nuestra campi\u00f1a, y venta de una variedad de platos y bocadillos preparados en base al ma\u00edz.<\/p>\n\n\n\n<p>Entre las autoridades presentes estuvo la viceprefecta de Manab\u00ed, Kelly Buenaventura, quien particip\u00f3 activamente en este Festival, y ratific\u00f3 el compromiso de amor, trabajo y servicio de la Prefectura por nuestros hermanos manabitas. \u201cSeguiremos trabajando, como lo hemos venido haciendo con las organizaciones maiceras\u201d, dijo la viceprefecta.<\/p>\n\n\n\n<p>La Prefectura de Manab\u00ed es una de las instituciones que prest\u00f3 su contingente para el desarrollo de este evento que forma parte del cronograma de actividades por el Mes del Manabitismo.<\/p>\n","protected":false},"excerpt":{"rendered":"<p>Todo un \u00e9xito result\u00f3 el evento desarrollado en La Laguna de Charapot\u00f3 La comunidad La Laguna luci\u00f3 abarrotada de visitantes durante la ma\u00f1ana y tarde de este s\u00e1bado 17 de junio, ya que hasta el lugar llegaron centenares de personas desde diferentes puntos de la provincia de Manab\u00ed para disfrutar del Sexto Festival Provincial del [&hellip;]<\/p>\n","protected":false},"author":10,"featured_media":24909,"comment_status":"closed","ping_status":"closed","sticky":false,"template":"","format":"standard","meta":{"_joinchat":[],"footnotes":""},"categories":[142,92,193,160,91,81],"tags":[],"class_list":["post-24908","post","type-post","status-publish","format-standard","has-post-thumbnail","hentry","category-desarrollo-social","category-noticias-manabi","category-participacion-ciudadana","category-sucre","category-todas","category-turismo"],"yoast_head":"<!-- This site is optimized with the Yoast SEO plugin v27.4 - https:\/\/yoast.com\/product\/yoast-seo-wordpress\/ -->\n<title>\u00a1EL MA\u00cdZ TUVO SU FESTIVAL! - Prefectura de Manab\u00ed<\/title>\n<meta name=\"robots\" content=\"index, follow, max-snippet:-1, max-image-preview:large, max-video-preview:-1\" \/>\n<link rel=\"canonical\" href=\"https:\/\/www.manabi.gob.ec\/index.php\/el-maiz-tuvo-su-festival\/\" \/>\n<meta property=\"og:locale\" content=\"es_ES\" \/>\n<meta property=\"og:type\" content=\"article\" \/>\n<meta property=\"og:title\" content=\"\u00a1EL MA\u00cdZ TUVO SU FESTIVAL! - Prefectura de Manab\u00ed\" \/>\n<meta property=\"og:description\" content=\"Todo un \u00e9xito result\u00f3 el evento desarrollado en La Laguna de Charapot\u00f3 La comunidad La Laguna luci\u00f3 abarrotada de visitantes durante la ma\u00f1ana y tarde de este s\u00e1bado 17 de junio, ya que hasta el lugar llegaron centenares de personas desde diferentes puntos de la provincia de Manab\u00ed para disfrutar del Sexto Festival Provincial del [&hellip;]\" \/>\n<meta property=\"og:url\" content=\"https:\/\/www.manabi.gob.ec\/index.php\/el-maiz-tuvo-su-festival\/\" \/>\n<meta property=\"og:site_name\" content=\"Prefectura de Manab\u00ed\" \/>\n<meta property=\"article:published_time\" content=\"2023-06-19T13:50:10+00:00\" \/>\n<meta property=\"article:modified_time\" content=\"2023-06-19T13:50:15+00:00\" \/>\n<meta property=\"og:image\" content=\"https:\/\/www.manabi.gob.ec\/wp-content\/uploads\/2023\/06\/WhatsApp-Image-2023-06-17-at-22.03.23.jpeg\" \/>\n\t<meta property=\"og:image:width\" content=\"1024\" \/>\n\t<meta property=\"og:image:height\" content=\"576\" \/>\n\t<meta property=\"og:image:type\" content=\"image\/jpeg\" \/>\n<meta name=\"author\" content=\"Lui Ochoa\" \/>\n<meta name=\"twitter:card\" content=\"summary_large_image\" \/>\n<meta name=\"twitter:label1\" content=\"Escrito por\" \/>\n\t<meta name=\"twitter:data1\" content=\"Lui Ochoa\" \/>\n\t<meta name=\"twitter:label2\" content=\"Tiempo de lectura\" \/>\n\t<meta name=\"twitter:data2\" content=\"1 minuto\" \/>\n<script type=\"application\/ld+json\" class=\"yoast-schema-graph\">{\"@context\":\"https:\\\/\\\/schema.org\",\"@graph\":[{\"@type\":\"Article\",\"@id\":\"https:\\\/\\\/www.manabi.gob.ec\\\/index.php\\\/el-maiz-tuvo-su-festival\\\/#article\",\"isPartOf\":{\"@id\":\"https:\\\/\\\/www.manabi.gob.ec\\\/index.php\\\/el-maiz-tuvo-su-festival\\\/\"},\"author\":{\"name\":\"Lui Ochoa\",\"@id\":\"https:\\\/\\\/www.manabi.gob.ec\\\/#\\\/schema\\\/person\\\/c4f117989332ad723a6ced5994aa7d7a\"},\"headline\":\"\u00a1EL MA\u00cdZ TUVO SU FESTIVAL!\",\"datePublished\":\"2023-06-19T13:50:10+00:00\",\"dateModified\":\"2023-06-19T13:50:15+00:00\",\"mainEntityOfPage\":{\"@id\":\"https:\\\/\\\/www.manabi.gob.ec\\\/index.php\\\/el-maiz-tuvo-su-festival\\\/\"},\"wordCount\":222,\"image\":{\"@id\":\"https:\\\/\\\/www.manabi.gob.ec\\\/index.php\\\/el-maiz-tuvo-su-festival\\\/#primaryimage\"},\"thumbnailUrl\":\"https:\\\/\\\/www.manabi.gob.ec\\\/wp-content\\\/uploads\\\/2023\\\/06\\\/WhatsApp-Image-2023-06-17-at-22.03.23.jpeg\",\"articleSection\":[\"Desarrollo Social\",\"Noticias\",\"Participaci\u00f3n ciudadana\",\"Sucre\",\"Todas\",\"Turismo\"],\"inLanguage\":\"es\"},{\"@type\":\"WebPage\",\"@id\":\"https:\\\/\\\/www.manabi.gob.ec\\\/index.php\\\/el-maiz-tuvo-su-festival\\\/\",\"url\":\"https:\\\/\\\/www.manabi.gob.ec\\\/index.php\\\/el-maiz-tuvo-su-festival\\\/\",\"name\":\"\u00a1EL MA\u00cdZ TUVO SU FESTIVAL! - Prefectura de Manab\u00ed\",\"isPartOf\":{\"@id\":\"https:\\\/\\\/www.manabi.gob.ec\\\/#website\"},\"primaryImageOfPage\":{\"@id\":\"https:\\\/\\\/www.manabi.gob.ec\\\/index.php\\\/el-maiz-tuvo-su-festival\\\/#primaryimage\"},\"image\":{\"@id\":\"https:\\\/\\\/www.manabi.gob.ec\\\/index.php\\\/el-maiz-tuvo-su-festival\\\/#primaryimage\"},\"thumbnailUrl\":\"https:\\\/\\\/www.manabi.gob.ec\\\/wp-content\\\/uploads\\\/2023\\\/06\\\/WhatsApp-Image-2023-06-17-at-22.03.23.jpeg\",\"datePublished\":\"2023-06-19T13:50:10+00:00\",\"dateModified\":\"2023-06-19T13:50:15+00:00\",\"author\":{\"@id\":\"https:\\\/\\\/www.manabi.gob.ec\\\/#\\\/schema\\\/person\\\/c4f117989332ad723a6ced5994aa7d7a\"},\"breadcrumb\":{\"@id\":\"https:\\\/\\\/www.manabi.gob.ec\\\/index.php\\\/el-maiz-tuvo-su-festival\\\/#breadcrumb\"},\"inLanguage\":\"es\",\"potentialAction\":[{\"@type\":\"ReadAction\",\"target\":[\"https:\\\/\\\/www.manabi.gob.ec\\\/index.php\\\/el-maiz-tuvo-su-festival\\\/\"]}]},{\"@type\":\"ImageObject\",\"inLanguage\":\"es\",\"@id\":\"https:\\\/\\\/www.manabi.gob.ec\\\/index.php\\\/el-maiz-tuvo-su-festival\\\/#primaryimage\",\"url\":\"https:\\\/\\\/www.manabi.gob.ec\\\/wp-content\\\/uploads\\\/2023\\\/06\\\/WhatsApp-Image-2023-06-17-at-22.03.23.jpeg\",\"contentUrl\":\"https:\\\/\\\/www.manabi.gob.ec\\\/wp-content\\\/uploads\\\/2023\\\/06\\\/WhatsApp-Image-2023-06-17-at-22.03.23.jpeg\",\"width\":1024,\"height\":576},{\"@type\":\"BreadcrumbList\",\"@id\":\"https:\\\/\\\/www.manabi.gob.ec\\\/index.php\\\/el-maiz-tuvo-su-festival\\\/#breadcrumb\",\"itemListElement\":[{\"@type\":\"ListItem\",\"position\":1,\"name\":\"Portada\",\"item\":\"https:\\\/\\\/www.manabi.gob.ec\\\/\"},{\"@type\":\"ListItem\",\"position\":2,\"name\":\"\u00a1EL MA\u00cdZ TUVO SU FESTIVAL!\"}]},{\"@type\":\"WebSite\",\"@id\":\"https:\\\/\\\/www.manabi.gob.ec\\\/#website\",\"url\":\"https:\\\/\\\/www.manabi.gob.ec\\\/\",\"name\":\"Prefectura de Manab\u00ed\",\"description\":\"P\u00e1gina web de la prefectura\",\"potentialAction\":[{\"@type\":\"SearchAction\",\"target\":{\"@type\":\"EntryPoint\",\"urlTemplate\":\"https:\\\/\\\/www.manabi.gob.ec\\\/?s={search_term_string}\"},\"query-input\":{\"@type\":\"PropertyValueSpecification\",\"valueRequired\":true,\"valueName\":\"search_term_string\"}}],\"inLanguage\":\"es\"},{\"@type\":\"Person\",\"@id\":\"https:\\\/\\\/www.manabi.gob.ec\\\/#\\\/schema\\\/person\\\/c4f117989332ad723a6ced5994aa7d7a\",\"name\":\"Lui Ochoa\",\"image\":{\"@type\":\"ImageObject\",\"inLanguage\":\"es\",\"@id\":\"https:\\\/\\\/secure.gravatar.com\\\/avatar\\\/6e8017d0fe69dead8a95864d2eb6e1e1d8bf8e01194ba49cf7b897ff038126ba?s=96&d=mm&r=g\",\"url\":\"https:\\\/\\\/secure.gravatar.com\\\/avatar\\\/6e8017d0fe69dead8a95864d2eb6e1e1d8bf8e01194ba49cf7b897ff038126ba?s=96&d=mm&r=g\",\"contentUrl\":\"https:\\\/\\\/secure.gravatar.com\\\/avatar\\\/6e8017d0fe69dead8a95864d2eb6e1e1d8bf8e01194ba49cf7b897ff038126ba?s=96&d=mm&r=g\",\"caption\":\"Lui Ochoa\"},\"url\":\"https:\\\/\\\/www.manabi.gob.ec\\\/index.php\\\/author\\\/lochoa\\\/\"}]}<\/script>\n<!-- \/ Yoast SEO plugin. -->","yoast_head_json":{"title":"\u00a1EL MA\u00cdZ TUVO SU FESTIVAL! - Prefectura de Manab\u00ed","robots":{"index":"index","follow":"follow","max-snippet":"max-snippet:-1","max-image-preview":"max-image-preview:large","max-video-preview":"max-video-preview:-1"},"canonical":"https:\/\/www.manabi.gob.ec\/index.php\/el-maiz-tuvo-su-festival\/","og_locale":"es_ES","og_type":"article","og_title":"\u00a1EL MA\u00cdZ TUVO SU FESTIVAL! - Prefectura de Manab\u00ed","og_description":"Todo un \u00e9xito result\u00f3 el evento desarrollado en La Laguna de Charapot\u00f3 La comunidad La Laguna luci\u00f3 abarrotada de visitantes durante la ma\u00f1ana y tarde de este s\u00e1bado 17 de junio, ya que hasta el lugar llegaron centenares de personas desde diferentes puntos de la provincia de Manab\u00ed para disfrutar del Sexto Festival Provincial del [&hellip;]","og_url":"https:\/\/www.manabi.gob.ec\/index.php\/el-maiz-tuvo-su-festival\/","og_site_name":"Prefectura de Manab\u00ed","article_published_time":"2023-06-19T13:50:10+00:00","article_modified_time":"2023-06-19T13:50:15+00:00","og_image":[{"width":1024,"height":576,"url":"https:\/\/www.manabi.gob.ec\/wp-content\/uploads\/2023\/06\/WhatsApp-Image-2023-06-17-at-22.03.23.jpeg","type":"image\/jpeg"}],"author":"Lui Ochoa","twitter_card":"summary_large_image","twitter_misc":{"Escrito por":"Lui Ochoa","Tiempo de lectura":"1 minuto"},"schema":{"@context":"https:\/\/schema.org","@graph":[{"@type":"Article","@id":"https:\/\/www.manabi.gob.ec\/index.php\/el-maiz-tuvo-su-festival\/#article","isPartOf":{"@id":"https:\/\/www.manabi.gob.ec\/index.php\/el-maiz-tuvo-su-festival\/"},"author":{"name":"Lui Ochoa","@id":"https:\/\/www.manabi.gob.ec\/#\/schema\/person\/c4f117989332ad723a6ced5994aa7d7a"},"headline":"\u00a1EL MA\u00cdZ TUVO SU FESTIVAL!","datePublished":"2023-06-19T13:50:10+00:00","dateModified":"2023-06-19T13:50:15+00:00","mainEntityOfPage":{"@id":"https:\/\/www.manabi.gob.ec\/index.php\/el-maiz-tuvo-su-festival\/"},"wordCount":222,"image":{"@id":"https:\/\/www.manabi.gob.ec\/index.php\/el-maiz-tuvo-su-festival\/#primaryimage"},"thumbnailUrl":"https:\/\/www.manabi.gob.ec\/wp-content\/uploads\/2023\/06\/WhatsApp-Image-2023-06-17-at-22.03.23.jpeg","articleSection":["Desarrollo Social","Noticias","Participaci\u00f3n ciudadana","Sucre","Todas","Turismo"],"inLanguage":"es"},{"@type":"WebPage","@id":"https:\/\/www.manabi.gob.ec\/index.php\/el-maiz-tuvo-su-festival\/","url":"https:\/\/www.manabi.gob.ec\/index.php\/el-maiz-tuvo-su-festival\/","name":"\u00a1EL MA\u00cdZ TUVO SU FESTIVAL! - Prefectura de Manab\u00ed","isPartOf":{"@id":"https:\/\/www.manabi.gob.ec\/#website"},"primaryImageOfPage":{"@id":"https:\/\/www.manabi.gob.ec\/index.php\/el-maiz-tuvo-su-festival\/#primaryimage"},"image":{"@id":"https:\/\/www.manabi.gob.ec\/index.php\/el-maiz-tuvo-su-festival\/#primaryimage"},"thumbnailUrl":"https:\/\/www.manabi.gob.ec\/wp-content\/uploads\/2023\/06\/WhatsApp-Image-2023-06-17-at-22.03.23.jpeg","datePublished":"2023-06-19T13:50:10+00:00","dateModified":"2023-06-19T13:50:15+00:00","author":{"@id":"https:\/\/www.manabi.gob.ec\/#\/schema\/person\/c4f117989332ad723a6ced5994aa7d7a"},"breadcrumb":{"@id":"https:\/\/www.manabi.gob.ec\/index.php\/el-maiz-tuvo-su-festival\/#breadcrumb"},"inLanguage":"es","potentialAction":[{"@type":"ReadAction","target":["https:\/\/www.manabi.gob.ec\/index.php\/el-maiz-tuvo-su-festival\/"]}]},{"@type":"ImageObject","inLanguage":"es","@id":"https:\/\/www.manabi.gob.ec\/index.php\/el-maiz-tuvo-su-festival\/#primaryimage","url":"https:\/\/www.manabi.gob.ec\/wp-content\/uploads\/2023\/06\/WhatsApp-Image-2023-06-17-at-22.03.23.jpeg","contentUrl":"https:\/\/www.manabi.gob.ec\/wp-content\/uploads\/2023\/06\/WhatsApp-Image-2023-06-17-at-22.03.23.jpeg","width":1024,"height":576},{"@type":"BreadcrumbList","@id":"https:\/\/www.manabi.gob.ec\/index.php\/el-maiz-tuvo-su-festival\/#breadcrumb","itemListElement":[{"@type":"ListItem","position":1,"name":"Portada","item":"https:\/\/www.manabi.gob.ec\/"},{"@type":"ListItem","position":2,"name":"\u00a1EL MA\u00cdZ TUVO SU FESTIVAL!"}]},{"@type":"WebSite","@id":"https:\/\/www.manabi.gob.ec\/#website","url":"https:\/\/www.manabi.gob.ec\/","name":"Prefectura de Manab\u00ed","description":"P\u00e1gina web de la prefectura","potentialAction":[{"@type":"SearchAction","target":{"@type":"EntryPoint","urlTemplate":"https:\/\/www.manabi.gob.ec\/?s={search_term_string}"},"query-input":{"@type":"PropertyValueSpecification","valueRequired":true,"valueName":"search_term_string"}}],"inLanguage":"es"},{"@type":"Person","@id":"https:\/\/www.manabi.gob.ec\/#\/schema\/person\/c4f117989332ad723a6ced5994aa7d7a","name":"Lui Ochoa","image":{"@type":"ImageObject","inLanguage":"es","@id":"https:\/\/secure.gravatar.com\/avatar\/6e8017d0fe69dead8a95864d2eb6e1e1d8bf8e01194ba49cf7b897ff038126ba?s=96&d=mm&r=g","url":"https:\/\/secure.gravatar.com\/avatar\/6e8017d0fe69dead8a95864d2eb6e1e1d8bf8e01194ba49cf7b897ff038126ba?s=96&d=mm&r=g","contentUrl":"https:\/\/secure.gravatar.com\/avatar\/6e8017d0fe69dead8a95864d2eb6e1e1d8bf8e01194ba49cf7b897ff038126ba?s=96&d=mm&r=g","caption":"Lui Ochoa"},"url":"https:\/\/www.manabi.gob.ec\/index.php\/author\/lochoa\/"}]}},"jetpack_featured_media_url":"https:\/\/www.manabi.gob.ec\/wp-content\/uploads\/2023\/06\/WhatsApp-Image-2023-06-17-at-22.03.23.jpeg","_links":{"self":[{"href":"https:\/\/www.manabi.gob.ec\/index.php\/wp-json\/wp\/v2\/posts\/24908","targetHints":{"allow":["GET"]}}],"collection":[{"href":"https:\/\/www.manabi.gob.ec\/index.php\/wp-json\/wp\/v2\/posts"}],"about":[{"href":"https:\/\/www.manabi.gob.ec\/index.php\/wp-json\/wp\/v2\/types\/post"}],"author":[{"embeddable":true,"href":"https:\/\/www.manabi.gob.ec\/index.php\/wp-json\/wp\/v2\/users\/10"}],"replies":[{"embeddable":true,"href":"https:\/\/www.manabi.gob.ec\/index.php\/wp-json\/wp\/v2\/comments?post=24908"}],"version-history":[{"count":0,"href":"https:\/\/www.manabi.gob.ec\/index.php\/wp-json\/wp\/v2\/posts\/24908\/revisions"}],"wp:featuredmedia":[{"embeddable":true,"href":"https:\/\/www.manabi.gob.ec\/index.php\/wp-json\/wp\/v2\/media\/24909"}],"wp:attachment":[{"href":"https:\/\/www.manabi.gob.ec\/index.php\/wp-json\/wp\/v2\/media?parent=24908"}],"wp:term":[{"taxonomy":"category","embeddable":true,"href":"https:\/\/www.manabi.gob.ec\/index.php\/wp-json\/wp\/v2\/categories?post=24908"},{"taxonomy":"post_tag","embeddable":true,"href":"https:\/\/www.manabi.gob.ec\/index.php\/wp-json\/wp\/v2\/tags?post=24908"}],"curies":[{"name":"wp","href":"https:\/\/api.w.org\/{rel}","templated":true}]}}