{"id":24949,"date":"2023-06-26T17:22:08","date_gmt":"2023-06-26T17:22:08","guid":{"rendered":"https:\/\/www.manabi.gob.ec\/?p=24949"},"modified":"2023-06-26T17:22:14","modified_gmt":"2023-06-26T17:22:14","slug":"manta-es-sede-de-foro-regional-sobre-la-iniciativa-de-puertos-azules-promovida-por-la-fao","status":"publish","type":"post","link":"https:\/\/www.manabi.gob.ec\/index.php\/manta-es-sede-de-foro-regional-sobre-la-iniciativa-de-puertos-azules-promovida-por-la-fao\/","title":{"rendered":"Manta es sede de foro regional sobre la iniciativa de Puertos Azules promovida por la FAO"},"content":{"rendered":"\n<p>El prefecto de Manab\u00ed, Leonardo Orlando, particip\u00f3 en calidad de invitado del evento internacional denominado taller regional \u201cFortalecimiento de los puertos pesqueros en los procesos de trazabilidad de la cadena de valor de la pesca\u201d, el cual se inici\u00f3 este 21 de junio en la ciudad de Manta con la participaci\u00f3n de delegados de varios pa\u00edses de Am\u00e9rica Latina.<\/p>\n\n\n\n<p>En ese marco, el Prefecto destac\u00f3 que el Plan de Desarrollo y Ordenamiento Territorial de Manab\u00ed est\u00e1 alineado a la Agenda Global 2030 promovida por las Naciones Unidas. \u201cY en ese contexto, para nosostros cumplir esa Agenda Global de 17 objetivos significa una alineaci\u00f3n de nuestros cinco ejes estrat\u00e9gicos para el desarrollo: un Manab\u00ed vivo, sostenible y resiliente, que pasa por cuidar nuestra casa com\u00fan, la naturaleza, cuidar nuestro ambiente con proyectos de reforestaci\u00f3n\u201d manifest\u00f3.<\/p>\n\n\n\n<p>Tambi\u00e9n expres\u00f3 que desde la Prefectura \u201ccreemos en la innovaci\u00f3n y sostenibilidad en todos los segmentos\u201d. Cit\u00f3, como ejemplo de iniciativas vinculadas a los ODS de la ONU, el estudio \u201cRuta para lograr la Competitividad del Sector Atunero\u201d, que fue financiado en alianza con la C\u00e1mara Ecuatoriana de Industriales y Procesadores Atuneros (CEIPA); y el proyecto ISOSPAM, que se ejecuta en conjunto con la cooperaci\u00f3n internacional para beneficio del sector pesquero artesanal.<\/p>\n\n\n\n<p>Este taller regional se desarrolla en el marco de la iniciativa de Puertos Azules, promovido por la Agencia de las Naciones Unidas para la Alimentaci\u00f3n y la Agricultura (FAO), con el apoyo t\u00e9cnico y econ\u00f3mico de Seafood Alliance for Legality and Traceability (SALT) y CEIPA.<\/p>\n","protected":false},"excerpt":{"rendered":"<p>El prefecto de Manab\u00ed, Leonardo Orlando, particip\u00f3 en calidad de invitado del evento internacional denominado taller regional \u201cFortalecimiento de los puertos pesqueros en los procesos de trazabilidad de la cadena de valor de la pesca\u201d, el cual se inici\u00f3 este 21 de junio en la ciudad de Manta con la participaci\u00f3n de delegados de varios [&hellip;]<\/p>\n","protected":false},"author":10,"featured_media":24950,"comment_status":"closed","ping_status":"closed","sticky":false,"template":"","format":"standard","meta":{"_joinchat":[],"footnotes":""},"categories":[142,156,92,140,91],"tags":[],"class_list":["post-24949","post","type-post","status-publish","format-standard","has-post-thumbnail","hentry","category-desarrollo-social","category-manta","category-noticias-manabi","category-produccion","category-todas"],"yoast_head":"<!-- This site is optimized with the Yoast SEO plugin v27.4 - https:\/\/yoast.com\/product\/yoast-seo-wordpress\/ -->\n<title>Manta es sede de foro regional sobre la iniciativa de Puertos Azules promovida por la FAO - Prefectura de Manab\u00ed<\/title>\n<meta name=\"robots\" content=\"index, follow, max-snippet:-1, max-image-preview:large, max-video-preview:-1\" \/>\n<link rel=\"canonical\" href=\"https:\/\/www.manabi.gob.ec\/index.php\/manta-es-sede-de-foro-regional-sobre-la-iniciativa-de-puertos-azules-promovida-por-la-fao\/\" \/>\n<meta property=\"og:locale\" content=\"es_ES\" \/>\n<meta property=\"og:type\" content=\"article\" \/>\n<meta property=\"og:title\" content=\"Manta es sede de foro regional sobre la iniciativa de Puertos Azules promovida por la FAO - Prefectura de Manab\u00ed\" \/>\n<meta property=\"og:description\" content=\"El prefecto de Manab\u00ed, Leonardo Orlando, particip\u00f3 en calidad de invitado del evento internacional denominado taller regional \u201cFortalecimiento de los puertos pesqueros en los procesos de trazabilidad de la cadena de valor de la pesca\u201d, el cual se inici\u00f3 este 21 de junio en la ciudad de Manta con la participaci\u00f3n de delegados de varios [&hellip;]\" \/>\n<meta property=\"og:url\" content=\"https:\/\/www.manabi.gob.ec\/index.php\/manta-es-sede-de-foro-regional-sobre-la-iniciativa-de-puertos-azules-promovida-por-la-fao\/\" \/>\n<meta property=\"og:site_name\" content=\"Prefectura de Manab\u00ed\" \/>\n<meta property=\"article:published_time\" content=\"2023-06-26T17:22:08+00:00\" \/>\n<meta property=\"article:modified_time\" content=\"2023-06-26T17:22:14+00:00\" \/>\n<meta property=\"og:image\" content=\"https:\/\/www.manabi.gob.ec\/wp-content\/uploads\/2023\/06\/WhatsApp-Image-2023-06-21-at-15.50.56.jpeg\" \/>\n\t<meta property=\"og:image:width\" content=\"1024\" \/>\n\t<meta property=\"og:image:height\" content=\"684\" \/>\n\t<meta property=\"og:image:type\" content=\"image\/jpeg\" \/>\n<meta name=\"author\" content=\"Lui Ochoa\" \/>\n<meta name=\"twitter:card\" content=\"summary_large_image\" \/>\n<meta name=\"twitter:label1\" content=\"Escrito por\" \/>\n\t<meta name=\"twitter:data1\" content=\"Lui Ochoa\" \/>\n\t<meta name=\"twitter:label2\" content=\"Tiempo de lectura\" \/>\n\t<meta name=\"twitter:data2\" content=\"2 minutos\" \/>\n<script type=\"application\/ld+json\" class=\"yoast-schema-graph\">{\"@context\":\"https:\\\/\\\/schema.org\",\"@graph\":[{\"@type\":\"Article\",\"@id\":\"https:\\\/\\\/www.manabi.gob.ec\\\/index.php\\\/manta-es-sede-de-foro-regional-sobre-la-iniciativa-de-puertos-azules-promovida-por-la-fao\\\/#article\",\"isPartOf\":{\"@id\":\"https:\\\/\\\/www.manabi.gob.ec\\\/index.php\\\/manta-es-sede-de-foro-regional-sobre-la-iniciativa-de-puertos-azules-promovida-por-la-fao\\\/\"},\"author\":{\"name\":\"Lui Ochoa\",\"@id\":\"https:\\\/\\\/www.manabi.gob.ec\\\/#\\\/schema\\\/person\\\/c4f117989332ad723a6ced5994aa7d7a\"},\"headline\":\"Manta es sede de foro regional sobre la iniciativa de Puertos Azules promovida por la FAO\",\"datePublished\":\"2023-06-26T17:22:08+00:00\",\"dateModified\":\"2023-06-26T17:22:14+00:00\",\"mainEntityOfPage\":{\"@id\":\"https:\\\/\\\/www.manabi.gob.ec\\\/index.php\\\/manta-es-sede-de-foro-regional-sobre-la-iniciativa-de-puertos-azules-promovida-por-la-fao\\\/\"},\"wordCount\":278,\"image\":{\"@id\":\"https:\\\/\\\/www.manabi.gob.ec\\\/index.php\\\/manta-es-sede-de-foro-regional-sobre-la-iniciativa-de-puertos-azules-promovida-por-la-fao\\\/#primaryimage\"},\"thumbnailUrl\":\"https:\\\/\\\/www.manabi.gob.ec\\\/wp-content\\\/uploads\\\/2023\\\/06\\\/WhatsApp-Image-2023-06-21-at-15.50.56.jpeg\",\"articleSection\":[\"Desarrollo Social\",\"Manta\",\"Noticias\",\"Producci\u00f3n\",\"Todas\"],\"inLanguage\":\"es\"},{\"@type\":\"WebPage\",\"@id\":\"https:\\\/\\\/www.manabi.gob.ec\\\/index.php\\\/manta-es-sede-de-foro-regional-sobre-la-iniciativa-de-puertos-azules-promovida-por-la-fao\\\/\",\"url\":\"https:\\\/\\\/www.manabi.gob.ec\\\/index.php\\\/manta-es-sede-de-foro-regional-sobre-la-iniciativa-de-puertos-azules-promovida-por-la-fao\\\/\",\"name\":\"Manta es sede de foro regional sobre la iniciativa de Puertos Azules promovida por la FAO - Prefectura de Manab\u00ed\",\"isPartOf\":{\"@id\":\"https:\\\/\\\/www.manabi.gob.ec\\\/#website\"},\"primaryImageOfPage\":{\"@id\":\"https:\\\/\\\/www.manabi.gob.ec\\\/index.php\\\/manta-es-sede-de-foro-regional-sobre-la-iniciativa-de-puertos-azules-promovida-por-la-fao\\\/#primaryimage\"},\"image\":{\"@id\":\"https:\\\/\\\/www.manabi.gob.ec\\\/index.php\\\/manta-es-sede-de-foro-regional-sobre-la-iniciativa-de-puertos-azules-promovida-por-la-fao\\\/#primaryimage\"},\"thumbnailUrl\":\"https:\\\/\\\/www.manabi.gob.ec\\\/wp-content\\\/uploads\\\/2023\\\/06\\\/WhatsApp-Image-2023-06-21-at-15.50.56.jpeg\",\"datePublished\":\"2023-06-26T17:22:08+00:00\",\"dateModified\":\"2023-06-26T17:22:14+00:00\",\"author\":{\"@id\":\"https:\\\/\\\/www.manabi.gob.ec\\\/#\\\/schema\\\/person\\\/c4f117989332ad723a6ced5994aa7d7a\"},\"breadcrumb\":{\"@id\":\"https:\\\/\\\/www.manabi.gob.ec\\\/index.php\\\/manta-es-sede-de-foro-regional-sobre-la-iniciativa-de-puertos-azules-promovida-por-la-fao\\\/#breadcrumb\"},\"inLanguage\":\"es\",\"potentialAction\":[{\"@type\":\"ReadAction\",\"target\":[\"https:\\\/\\\/www.manabi.gob.ec\\\/index.php\\\/manta-es-sede-de-foro-regional-sobre-la-iniciativa-de-puertos-azules-promovida-por-la-fao\\\/\"]}]},{\"@type\":\"ImageObject\",\"inLanguage\":\"es\",\"@id\":\"https:\\\/\\\/www.manabi.gob.ec\\\/index.php\\\/manta-es-sede-de-foro-regional-sobre-la-iniciativa-de-puertos-azules-promovida-por-la-fao\\\/#primaryimage\",\"url\":\"https:\\\/\\\/www.manabi.gob.ec\\\/wp-content\\\/uploads\\\/2023\\\/06\\\/WhatsApp-Image-2023-06-21-at-15.50.56.jpeg\",\"contentUrl\":\"https:\\\/\\\/www.manabi.gob.ec\\\/wp-content\\\/uploads\\\/2023\\\/06\\\/WhatsApp-Image-2023-06-21-at-15.50.56.jpeg\",\"width\":1024,\"height\":684},{\"@type\":\"BreadcrumbList\",\"@id\":\"https:\\\/\\\/www.manabi.gob.ec\\\/index.php\\\/manta-es-sede-de-foro-regional-sobre-la-iniciativa-de-puertos-azules-promovida-por-la-fao\\\/#breadcrumb\",\"itemListElement\":[{\"@type\":\"ListItem\",\"position\":1,\"name\":\"Portada\",\"item\":\"https:\\\/\\\/www.manabi.gob.ec\\\/\"},{\"@type\":\"ListItem\",\"position\":2,\"name\":\"Manta es sede de foro regional sobre la iniciativa de Puertos Azules promovida por la FAO\"}]},{\"@type\":\"WebSite\",\"@id\":\"https:\\\/\\\/www.manabi.gob.ec\\\/#website\",\"url\":\"https:\\\/\\\/www.manabi.gob.ec\\\/\",\"name\":\"Prefectura de Manab\u00ed\",\"description\":\"P\u00e1gina web de la prefectura\",\"potentialAction\":[{\"@type\":\"SearchAction\",\"target\":{\"@type\":\"EntryPoint\",\"urlTemplate\":\"https:\\\/\\\/www.manabi.gob.ec\\\/?s={search_term_string}\"},\"query-input\":{\"@type\":\"PropertyValueSpecification\",\"valueRequired\":true,\"valueName\":\"search_term_string\"}}],\"inLanguage\":\"es\"},{\"@type\":\"Person\",\"@id\":\"https:\\\/\\\/www.manabi.gob.ec\\\/#\\\/schema\\\/person\\\/c4f117989332ad723a6ced5994aa7d7a\",\"name\":\"Lui Ochoa\",\"image\":{\"@type\":\"ImageObject\",\"inLanguage\":\"es\",\"@id\":\"https:\\\/\\\/secure.gravatar.com\\\/avatar\\\/6e8017d0fe69dead8a95864d2eb6e1e1d8bf8e01194ba49cf7b897ff038126ba?s=96&d=mm&r=g\",\"url\":\"https:\\\/\\\/secure.gravatar.com\\\/avatar\\\/6e8017d0fe69dead8a95864d2eb6e1e1d8bf8e01194ba49cf7b897ff038126ba?s=96&d=mm&r=g\",\"contentUrl\":\"https:\\\/\\\/secure.gravatar.com\\\/avatar\\\/6e8017d0fe69dead8a95864d2eb6e1e1d8bf8e01194ba49cf7b897ff038126ba?s=96&d=mm&r=g\",\"caption\":\"Lui Ochoa\"},\"url\":\"https:\\\/\\\/www.manabi.gob.ec\\\/index.php\\\/author\\\/lochoa\\\/\"}]}<\/script>\n<!-- \/ Yoast SEO plugin. -->","yoast_head_json":{"title":"Manta es sede de foro regional sobre la iniciativa de Puertos Azules promovida por la FAO - Prefectura de Manab\u00ed","robots":{"index":"index","follow":"follow","max-snippet":"max-snippet:-1","max-image-preview":"max-image-preview:large","max-video-preview":"max-video-preview:-1"},"canonical":"https:\/\/www.manabi.gob.ec\/index.php\/manta-es-sede-de-foro-regional-sobre-la-iniciativa-de-puertos-azules-promovida-por-la-fao\/","og_locale":"es_ES","og_type":"article","og_title":"Manta es sede de foro regional sobre la iniciativa de Puertos Azules promovida por la FAO - Prefectura de Manab\u00ed","og_description":"El prefecto de Manab\u00ed, Leonardo Orlando, particip\u00f3 en calidad de invitado del evento internacional denominado taller regional \u201cFortalecimiento de los puertos pesqueros en los procesos de trazabilidad de la cadena de valor de la pesca\u201d, el cual se inici\u00f3 este 21 de junio en la ciudad de Manta con la participaci\u00f3n de delegados de varios [&hellip;]","og_url":"https:\/\/www.manabi.gob.ec\/index.php\/manta-es-sede-de-foro-regional-sobre-la-iniciativa-de-puertos-azules-promovida-por-la-fao\/","og_site_name":"Prefectura de Manab\u00ed","article_published_time":"2023-06-26T17:22:08+00:00","article_modified_time":"2023-06-26T17:22:14+00:00","og_image":[{"width":1024,"height":684,"url":"https:\/\/www.manabi.gob.ec\/wp-content\/uploads\/2023\/06\/WhatsApp-Image-2023-06-21-at-15.50.56.jpeg","type":"image\/jpeg"}],"author":"Lui Ochoa","twitter_card":"summary_large_image","twitter_misc":{"Escrito por":"Lui Ochoa","Tiempo de lectura":"2 minutos"},"schema":{"@context":"https:\/\/schema.org","@graph":[{"@type":"Article","@id":"https:\/\/www.manabi.gob.ec\/index.php\/manta-es-sede-de-foro-regional-sobre-la-iniciativa-de-puertos-azules-promovida-por-la-fao\/#article","isPartOf":{"@id":"https:\/\/www.manabi.gob.ec\/index.php\/manta-es-sede-de-foro-regional-sobre-la-iniciativa-de-puertos-azules-promovida-por-la-fao\/"},"author":{"name":"Lui Ochoa","@id":"https:\/\/www.manabi.gob.ec\/#\/schema\/person\/c4f117989332ad723a6ced5994aa7d7a"},"headline":"Manta es sede de foro regional sobre la iniciativa de Puertos Azules promovida por la FAO","datePublished":"2023-06-26T17:22:08+00:00","dateModified":"2023-06-26T17:22:14+00:00","mainEntityOfPage":{"@id":"https:\/\/www.manabi.gob.ec\/index.php\/manta-es-sede-de-foro-regional-sobre-la-iniciativa-de-puertos-azules-promovida-por-la-fao\/"},"wordCount":278,"image":{"@id":"https:\/\/www.manabi.gob.ec\/index.php\/manta-es-sede-de-foro-regional-sobre-la-iniciativa-de-puertos-azules-promovida-por-la-fao\/#primaryimage"},"thumbnailUrl":"https:\/\/www.manabi.gob.ec\/wp-content\/uploads\/2023\/06\/WhatsApp-Image-2023-06-21-at-15.50.56.jpeg","articleSection":["Desarrollo Social","Manta","Noticias","Producci\u00f3n","Todas"],"inLanguage":"es"},{"@type":"WebPage","@id":"https:\/\/www.manabi.gob.ec\/index.php\/manta-es-sede-de-foro-regional-sobre-la-iniciativa-de-puertos-azules-promovida-por-la-fao\/","url":"https:\/\/www.manabi.gob.ec\/index.php\/manta-es-sede-de-foro-regional-sobre-la-iniciativa-de-puertos-azules-promovida-por-la-fao\/","name":"Manta es sede de foro regional sobre la iniciativa de Puertos Azules promovida por la FAO - Prefectura de Manab\u00ed","isPartOf":{"@id":"https:\/\/www.manabi.gob.ec\/#website"},"primaryImageOfPage":{"@id":"https:\/\/www.manabi.gob.ec\/index.php\/manta-es-sede-de-foro-regional-sobre-la-iniciativa-de-puertos-azules-promovida-por-la-fao\/#primaryimage"},"image":{"@id":"https:\/\/www.manabi.gob.ec\/index.php\/manta-es-sede-de-foro-regional-sobre-la-iniciativa-de-puertos-azules-promovida-por-la-fao\/#primaryimage"},"thumbnailUrl":"https:\/\/www.manabi.gob.ec\/wp-content\/uploads\/2023\/06\/WhatsApp-Image-2023-06-21-at-15.50.56.jpeg","datePublished":"2023-06-26T17:22:08+00:00","dateModified":"2023-06-26T17:22:14+00:00","author":{"@id":"https:\/\/www.manabi.gob.ec\/#\/schema\/person\/c4f117989332ad723a6ced5994aa7d7a"},"breadcrumb":{"@id":"https:\/\/www.manabi.gob.ec\/index.php\/manta-es-sede-de-foro-regional-sobre-la-iniciativa-de-puertos-azules-promovida-por-la-fao\/#breadcrumb"},"inLanguage":"es","potentialAction":[{"@type":"ReadAction","target":["https:\/\/www.manabi.gob.ec\/index.php\/manta-es-sede-de-foro-regional-sobre-la-iniciativa-de-puertos-azules-promovida-por-la-fao\/"]}]},{"@type":"ImageObject","inLanguage":"es","@id":"https:\/\/www.manabi.gob.ec\/index.php\/manta-es-sede-de-foro-regional-sobre-la-iniciativa-de-puertos-azules-promovida-por-la-fao\/#primaryimage","url":"https:\/\/www.manabi.gob.ec\/wp-content\/uploads\/2023\/06\/WhatsApp-Image-2023-06-21-at-15.50.56.jpeg","contentUrl":"https:\/\/www.manabi.gob.ec\/wp-content\/uploads\/2023\/06\/WhatsApp-Image-2023-06-21-at-15.50.56.jpeg","width":1024,"height":684},{"@type":"BreadcrumbList","@id":"https:\/\/www.manabi.gob.ec\/index.php\/manta-es-sede-de-foro-regional-sobre-la-iniciativa-de-puertos-azules-promovida-por-la-fao\/#breadcrumb","itemListElement":[{"@type":"ListItem","position":1,"name":"Portada","item":"https:\/\/www.manabi.gob.ec\/"},{"@type":"ListItem","position":2,"name":"Manta es sede de foro regional sobre la iniciativa de Puertos Azules promovida por la FAO"}]},{"@type":"WebSite","@id":"https:\/\/www.manabi.gob.ec\/#website","url":"https:\/\/www.manabi.gob.ec\/","name":"Prefectura de Manab\u00ed","description":"P\u00e1gina web de la prefectura","potentialAction":[{"@type":"SearchAction","target":{"@type":"EntryPoint","urlTemplate":"https:\/\/www.manabi.gob.ec\/?s={search_term_string}"},"query-input":{"@type":"PropertyValueSpecification","valueRequired":true,"valueName":"search_term_string"}}],"inLanguage":"es"},{"@type":"Person","@id":"https:\/\/www.manabi.gob.ec\/#\/schema\/person\/c4f117989332ad723a6ced5994aa7d7a","name":"Lui Ochoa","image":{"@type":"ImageObject","inLanguage":"es","@id":"https:\/\/secure.gravatar.com\/avatar\/6e8017d0fe69dead8a95864d2eb6e1e1d8bf8e01194ba49cf7b897ff038126ba?s=96&d=mm&r=g","url":"https:\/\/secure.gravatar.com\/avatar\/6e8017d0fe69dead8a95864d2eb6e1e1d8bf8e01194ba49cf7b897ff038126ba?s=96&d=mm&r=g","contentUrl":"https:\/\/secure.gravatar.com\/avatar\/6e8017d0fe69dead8a95864d2eb6e1e1d8bf8e01194ba49cf7b897ff038126ba?s=96&d=mm&r=g","caption":"Lui Ochoa"},"url":"https:\/\/www.manabi.gob.ec\/index.php\/author\/lochoa\/"}]}},"jetpack_featured_media_url":"https:\/\/www.manabi.gob.ec\/wp-content\/uploads\/2023\/06\/WhatsApp-Image-2023-06-21-at-15.50.56.jpeg","_links":{"self":[{"href":"https:\/\/www.manabi.gob.ec\/index.php\/wp-json\/wp\/v2\/posts\/24949","targetHints":{"allow":["GET"]}}],"collection":[{"href":"https:\/\/www.manabi.gob.ec\/index.php\/wp-json\/wp\/v2\/posts"}],"about":[{"href":"https:\/\/www.manabi.gob.ec\/index.php\/wp-json\/wp\/v2\/types\/post"}],"author":[{"embeddable":true,"href":"https:\/\/www.manabi.gob.ec\/index.php\/wp-json\/wp\/v2\/users\/10"}],"replies":[{"embeddable":true,"href":"https:\/\/www.manabi.gob.ec\/index.php\/wp-json\/wp\/v2\/comments?post=24949"}],"version-history":[{"count":0,"href":"https:\/\/www.manabi.gob.ec\/index.php\/wp-json\/wp\/v2\/posts\/24949\/revisions"}],"wp:featuredmedia":[{"embeddable":true,"href":"https:\/\/www.manabi.gob.ec\/index.php\/wp-json\/wp\/v2\/media\/24950"}],"wp:attachment":[{"href":"https:\/\/www.manabi.gob.ec\/index.php\/wp-json\/wp\/v2\/media?parent=24949"}],"wp:term":[{"taxonomy":"category","embeddable":true,"href":"https:\/\/www.manabi.gob.ec\/index.php\/wp-json\/wp\/v2\/categories?post=24949"},{"taxonomy":"post_tag","embeddable":true,"href":"https:\/\/www.manabi.gob.ec\/index.php\/wp-json\/wp\/v2\/tags?post=24949"}],"curies":[{"name":"wp","href":"https:\/\/api.w.org\/{rel}","templated":true}]}}