{"id":25091,"date":"2023-07-07T17:58:06","date_gmt":"2023-07-07T17:58:06","guid":{"rendered":"https:\/\/www.manabi.gob.ec\/?p=25091"},"modified":"2023-07-07T17:58:11","modified_gmt":"2023-07-07T17:58:11","slug":"mas-vias-para-picoaza","status":"publish","type":"post","link":"https:\/\/www.manabi.gob.ec\/index.php\/mas-vias-para-picoaza\/","title":{"rendered":"\u00a1 M\u00e1s v\u00edas para Picoaz\u00e1 !"},"content":{"rendered":"\n<p>La Prefectura interviene la v\u00eda San Jos\u00e9 &#8211; Higuer\u00f3n Adentro &#8211; Mej\u00eda de Portoviejo<\/p>\n\n\n\n<p>A buen ritmo y dentro del plazo establecido avanzan los trabajos en la v\u00eda San Jos\u00e9 &#8211; Higuer\u00f3n Adentro &#8211; Mej\u00eda de 3.6 kil\u00f3metros de longitud en la parroquia Picoaz\u00e1 del cant\u00f3n Portoviejo.<\/p>\n\n\n\n<p>\u00abAhora estamos construyendo el s\u00e9ptimo ducto caj\u00f3n de un total de doce que est\u00e1 planificado construirse, tienen 12 metros de longitud por 1&#215;1.20 de ancho\u00bb, manifest\u00f3 el Fernando Garc\u00eda, contratista.<\/p>\n\n\n\n<p>Desde San Jos\u00e9, se ha colocado 1km de subbase, mientras tanto una excavadora y dos volquetas realizan la excavaci\u00f3n del suelo para cambiar la estructura de v\u00eda, agreg\u00f3 Garc\u00eda.<\/p>\n\n\n\n<p>Esta gran obra tiene un avance del 25 %, se financia con recursos propios de la Prefectura de Manab\u00ed, por el valor de $ 1&#8217;116.991,37 m\u00e1s IVA.<\/p>\n\n\n\n<p>La v\u00eda quedar\u00e1 a nivel de carpeta asf\u00e1ltica de 2 pulgadas con se\u00f1alizaci\u00f3n horizontal y vertical.<\/p>\n","protected":false},"excerpt":{"rendered":"<p>La Prefectura interviene la v\u00eda San Jos\u00e9 &#8211; Higuer\u00f3n Adentro &#8211; Mej\u00eda de Portoviejo A buen ritmo y dentro del plazo establecido avanzan los trabajos en la v\u00eda San Jos\u00e9 &#8211; Higuer\u00f3n Adentro &#8211; Mej\u00eda de 3.6 kil\u00f3metros de longitud en la parroquia Picoaz\u00e1 del cant\u00f3n Portoviejo. \u00abAhora estamos construyendo el s\u00e9ptimo ducto caj\u00f3n de [&hellip;]<\/p>\n","protected":false},"author":10,"featured_media":25095,"comment_status":"closed","ping_status":"closed","sticky":false,"template":"","format":"standard","meta":{"_joinchat":[],"footnotes":""},"categories":[142,92,181,132,91,127],"tags":[],"class_list":["post-25091","post","type-post","status-publish","format-standard","has-post-thumbnail","hentry","category-desarrollo-social","category-noticias-manabi","category-obra-publica","category-portoviejo","category-todas","category-vialidad"],"yoast_head":"<!-- This site is optimized with the Yoast SEO plugin v27.4 - https:\/\/yoast.com\/product\/yoast-seo-wordpress\/ -->\n<title>\u00a1 M\u00e1s v\u00edas para Picoaz\u00e1 ! - Prefectura de Manab\u00ed<\/title>\n<meta name=\"robots\" content=\"index, follow, max-snippet:-1, max-image-preview:large, max-video-preview:-1\" \/>\n<link rel=\"canonical\" href=\"https:\/\/www.manabi.gob.ec\/index.php\/mas-vias-para-picoaza\/\" \/>\n<meta property=\"og:locale\" content=\"es_ES\" \/>\n<meta property=\"og:type\" content=\"article\" \/>\n<meta property=\"og:title\" content=\"\u00a1 M\u00e1s v\u00edas para Picoaz\u00e1 ! - Prefectura de Manab\u00ed\" \/>\n<meta property=\"og:description\" content=\"La Prefectura interviene la v\u00eda San Jos\u00e9 &#8211; Higuer\u00f3n Adentro &#8211; Mej\u00eda de Portoviejo A buen ritmo y dentro del plazo establecido avanzan los trabajos en la v\u00eda San Jos\u00e9 &#8211; Higuer\u00f3n Adentro &#8211; Mej\u00eda de 3.6 kil\u00f3metros de longitud en la parroquia Picoaz\u00e1 del cant\u00f3n Portoviejo. \u00abAhora estamos construyendo el s\u00e9ptimo ducto caj\u00f3n de [&hellip;]\" \/>\n<meta property=\"og:url\" content=\"https:\/\/www.manabi.gob.ec\/index.php\/mas-vias-para-picoaza\/\" \/>\n<meta property=\"og:site_name\" content=\"Prefectura de Manab\u00ed\" \/>\n<meta property=\"article:published_time\" content=\"2023-07-07T17:58:06+00:00\" \/>\n<meta property=\"article:modified_time\" content=\"2023-07-07T17:58:11+00:00\" \/>\n<meta property=\"og:image\" content=\"https:\/\/www.manabi.gob.ec\/wp-content\/uploads\/2023\/07\/WhatsApp-Image-2023-07-04-at-16.04.41.jpeg\" \/>\n\t<meta property=\"og:image:width\" content=\"1152\" \/>\n\t<meta property=\"og:image:height\" content=\"648\" \/>\n\t<meta property=\"og:image:type\" content=\"image\/jpeg\" \/>\n<meta name=\"author\" content=\"Lui Ochoa\" \/>\n<meta name=\"twitter:card\" content=\"summary_large_image\" \/>\n<meta name=\"twitter:label1\" content=\"Escrito por\" \/>\n\t<meta name=\"twitter:data1\" content=\"Lui Ochoa\" \/>\n\t<meta name=\"twitter:label2\" content=\"Tiempo de lectura\" \/>\n\t<meta name=\"twitter:data2\" content=\"1 minuto\" \/>\n<script type=\"application\/ld+json\" class=\"yoast-schema-graph\">{\"@context\":\"https:\\\/\\\/schema.org\",\"@graph\":[{\"@type\":\"Article\",\"@id\":\"https:\\\/\\\/www.manabi.gob.ec\\\/index.php\\\/mas-vias-para-picoaza\\\/#article\",\"isPartOf\":{\"@id\":\"https:\\\/\\\/www.manabi.gob.ec\\\/index.php\\\/mas-vias-para-picoaza\\\/\"},\"author\":{\"name\":\"Lui Ochoa\",\"@id\":\"https:\\\/\\\/www.manabi.gob.ec\\\/#\\\/schema\\\/person\\\/c4f117989332ad723a6ced5994aa7d7a\"},\"headline\":\"\u00a1 M\u00e1s v\u00edas para Picoaz\u00e1 !\",\"datePublished\":\"2023-07-07T17:58:06+00:00\",\"dateModified\":\"2023-07-07T17:58:11+00:00\",\"mainEntityOfPage\":{\"@id\":\"https:\\\/\\\/www.manabi.gob.ec\\\/index.php\\\/mas-vias-para-picoaza\\\/\"},\"wordCount\":168,\"image\":{\"@id\":\"https:\\\/\\\/www.manabi.gob.ec\\\/index.php\\\/mas-vias-para-picoaza\\\/#primaryimage\"},\"thumbnailUrl\":\"https:\\\/\\\/www.manabi.gob.ec\\\/wp-content\\\/uploads\\\/2023\\\/07\\\/WhatsApp-Image-2023-07-04-at-16.04.41.jpeg\",\"articleSection\":[\"Desarrollo Social\",\"Noticias\",\"Obra P\u00fablica\",\"Portoviejo\",\"Todas\",\"Vialidad\"],\"inLanguage\":\"es\"},{\"@type\":\"WebPage\",\"@id\":\"https:\\\/\\\/www.manabi.gob.ec\\\/index.php\\\/mas-vias-para-picoaza\\\/\",\"url\":\"https:\\\/\\\/www.manabi.gob.ec\\\/index.php\\\/mas-vias-para-picoaza\\\/\",\"name\":\"\u00a1 M\u00e1s v\u00edas para Picoaz\u00e1 ! - Prefectura de Manab\u00ed\",\"isPartOf\":{\"@id\":\"https:\\\/\\\/www.manabi.gob.ec\\\/#website\"},\"primaryImageOfPage\":{\"@id\":\"https:\\\/\\\/www.manabi.gob.ec\\\/index.php\\\/mas-vias-para-picoaza\\\/#primaryimage\"},\"image\":{\"@id\":\"https:\\\/\\\/www.manabi.gob.ec\\\/index.php\\\/mas-vias-para-picoaza\\\/#primaryimage\"},\"thumbnailUrl\":\"https:\\\/\\\/www.manabi.gob.ec\\\/wp-content\\\/uploads\\\/2023\\\/07\\\/WhatsApp-Image-2023-07-04-at-16.04.41.jpeg\",\"datePublished\":\"2023-07-07T17:58:06+00:00\",\"dateModified\":\"2023-07-07T17:58:11+00:00\",\"author\":{\"@id\":\"https:\\\/\\\/www.manabi.gob.ec\\\/#\\\/schema\\\/person\\\/c4f117989332ad723a6ced5994aa7d7a\"},\"breadcrumb\":{\"@id\":\"https:\\\/\\\/www.manabi.gob.ec\\\/index.php\\\/mas-vias-para-picoaza\\\/#breadcrumb\"},\"inLanguage\":\"es\",\"potentialAction\":[{\"@type\":\"ReadAction\",\"target\":[\"https:\\\/\\\/www.manabi.gob.ec\\\/index.php\\\/mas-vias-para-picoaza\\\/\"]}]},{\"@type\":\"ImageObject\",\"inLanguage\":\"es\",\"@id\":\"https:\\\/\\\/www.manabi.gob.ec\\\/index.php\\\/mas-vias-para-picoaza\\\/#primaryimage\",\"url\":\"https:\\\/\\\/www.manabi.gob.ec\\\/wp-content\\\/uploads\\\/2023\\\/07\\\/WhatsApp-Image-2023-07-04-at-16.04.41.jpeg\",\"contentUrl\":\"https:\\\/\\\/www.manabi.gob.ec\\\/wp-content\\\/uploads\\\/2023\\\/07\\\/WhatsApp-Image-2023-07-04-at-16.04.41.jpeg\",\"width\":1152,\"height\":648},{\"@type\":\"BreadcrumbList\",\"@id\":\"https:\\\/\\\/www.manabi.gob.ec\\\/index.php\\\/mas-vias-para-picoaza\\\/#breadcrumb\",\"itemListElement\":[{\"@type\":\"ListItem\",\"position\":1,\"name\":\"Portada\",\"item\":\"https:\\\/\\\/www.manabi.gob.ec\\\/\"},{\"@type\":\"ListItem\",\"position\":2,\"name\":\"\u00a1 M\u00e1s v\u00edas para Picoaz\u00e1 !\"}]},{\"@type\":\"WebSite\",\"@id\":\"https:\\\/\\\/www.manabi.gob.ec\\\/#website\",\"url\":\"https:\\\/\\\/www.manabi.gob.ec\\\/\",\"name\":\"Prefectura de Manab\u00ed\",\"description\":\"P\u00e1gina web de la prefectura\",\"potentialAction\":[{\"@type\":\"SearchAction\",\"target\":{\"@type\":\"EntryPoint\",\"urlTemplate\":\"https:\\\/\\\/www.manabi.gob.ec\\\/?s={search_term_string}\"},\"query-input\":{\"@type\":\"PropertyValueSpecification\",\"valueRequired\":true,\"valueName\":\"search_term_string\"}}],\"inLanguage\":\"es\"},{\"@type\":\"Person\",\"@id\":\"https:\\\/\\\/www.manabi.gob.ec\\\/#\\\/schema\\\/person\\\/c4f117989332ad723a6ced5994aa7d7a\",\"name\":\"Lui Ochoa\",\"image\":{\"@type\":\"ImageObject\",\"inLanguage\":\"es\",\"@id\":\"https:\\\/\\\/secure.gravatar.com\\\/avatar\\\/6e8017d0fe69dead8a95864d2eb6e1e1d8bf8e01194ba49cf7b897ff038126ba?s=96&d=mm&r=g\",\"url\":\"https:\\\/\\\/secure.gravatar.com\\\/avatar\\\/6e8017d0fe69dead8a95864d2eb6e1e1d8bf8e01194ba49cf7b897ff038126ba?s=96&d=mm&r=g\",\"contentUrl\":\"https:\\\/\\\/secure.gravatar.com\\\/avatar\\\/6e8017d0fe69dead8a95864d2eb6e1e1d8bf8e01194ba49cf7b897ff038126ba?s=96&d=mm&r=g\",\"caption\":\"Lui Ochoa\"},\"url\":\"https:\\\/\\\/www.manabi.gob.ec\\\/index.php\\\/author\\\/lochoa\\\/\"}]}<\/script>\n<!-- \/ Yoast SEO plugin. -->","yoast_head_json":{"title":"\u00a1 M\u00e1s v\u00edas para Picoaz\u00e1 ! - Prefectura de Manab\u00ed","robots":{"index":"index","follow":"follow","max-snippet":"max-snippet:-1","max-image-preview":"max-image-preview:large","max-video-preview":"max-video-preview:-1"},"canonical":"https:\/\/www.manabi.gob.ec\/index.php\/mas-vias-para-picoaza\/","og_locale":"es_ES","og_type":"article","og_title":"\u00a1 M\u00e1s v\u00edas para Picoaz\u00e1 ! - Prefectura de Manab\u00ed","og_description":"La Prefectura interviene la v\u00eda San Jos\u00e9 &#8211; Higuer\u00f3n Adentro &#8211; Mej\u00eda de Portoviejo A buen ritmo y dentro del plazo establecido avanzan los trabajos en la v\u00eda San Jos\u00e9 &#8211; Higuer\u00f3n Adentro &#8211; Mej\u00eda de 3.6 kil\u00f3metros de longitud en la parroquia Picoaz\u00e1 del cant\u00f3n Portoviejo. \u00abAhora estamos construyendo el s\u00e9ptimo ducto caj\u00f3n de [&hellip;]","og_url":"https:\/\/www.manabi.gob.ec\/index.php\/mas-vias-para-picoaza\/","og_site_name":"Prefectura de Manab\u00ed","article_published_time":"2023-07-07T17:58:06+00:00","article_modified_time":"2023-07-07T17:58:11+00:00","og_image":[{"width":1152,"height":648,"url":"https:\/\/www.manabi.gob.ec\/wp-content\/uploads\/2023\/07\/WhatsApp-Image-2023-07-04-at-16.04.41.jpeg","type":"image\/jpeg"}],"author":"Lui Ochoa","twitter_card":"summary_large_image","twitter_misc":{"Escrito por":"Lui Ochoa","Tiempo de lectura":"1 minuto"},"schema":{"@context":"https:\/\/schema.org","@graph":[{"@type":"Article","@id":"https:\/\/www.manabi.gob.ec\/index.php\/mas-vias-para-picoaza\/#article","isPartOf":{"@id":"https:\/\/www.manabi.gob.ec\/index.php\/mas-vias-para-picoaza\/"},"author":{"name":"Lui Ochoa","@id":"https:\/\/www.manabi.gob.ec\/#\/schema\/person\/c4f117989332ad723a6ced5994aa7d7a"},"headline":"\u00a1 M\u00e1s v\u00edas para Picoaz\u00e1 !","datePublished":"2023-07-07T17:58:06+00:00","dateModified":"2023-07-07T17:58:11+00:00","mainEntityOfPage":{"@id":"https:\/\/www.manabi.gob.ec\/index.php\/mas-vias-para-picoaza\/"},"wordCount":168,"image":{"@id":"https:\/\/www.manabi.gob.ec\/index.php\/mas-vias-para-picoaza\/#primaryimage"},"thumbnailUrl":"https:\/\/www.manabi.gob.ec\/wp-content\/uploads\/2023\/07\/WhatsApp-Image-2023-07-04-at-16.04.41.jpeg","articleSection":["Desarrollo Social","Noticias","Obra P\u00fablica","Portoviejo","Todas","Vialidad"],"inLanguage":"es"},{"@type":"WebPage","@id":"https:\/\/www.manabi.gob.ec\/index.php\/mas-vias-para-picoaza\/","url":"https:\/\/www.manabi.gob.ec\/index.php\/mas-vias-para-picoaza\/","name":"\u00a1 M\u00e1s v\u00edas para Picoaz\u00e1 ! - Prefectura de Manab\u00ed","isPartOf":{"@id":"https:\/\/www.manabi.gob.ec\/#website"},"primaryImageOfPage":{"@id":"https:\/\/www.manabi.gob.ec\/index.php\/mas-vias-para-picoaza\/#primaryimage"},"image":{"@id":"https:\/\/www.manabi.gob.ec\/index.php\/mas-vias-para-picoaza\/#primaryimage"},"thumbnailUrl":"https:\/\/www.manabi.gob.ec\/wp-content\/uploads\/2023\/07\/WhatsApp-Image-2023-07-04-at-16.04.41.jpeg","datePublished":"2023-07-07T17:58:06+00:00","dateModified":"2023-07-07T17:58:11+00:00","author":{"@id":"https:\/\/www.manabi.gob.ec\/#\/schema\/person\/c4f117989332ad723a6ced5994aa7d7a"},"breadcrumb":{"@id":"https:\/\/www.manabi.gob.ec\/index.php\/mas-vias-para-picoaza\/#breadcrumb"},"inLanguage":"es","potentialAction":[{"@type":"ReadAction","target":["https:\/\/www.manabi.gob.ec\/index.php\/mas-vias-para-picoaza\/"]}]},{"@type":"ImageObject","inLanguage":"es","@id":"https:\/\/www.manabi.gob.ec\/index.php\/mas-vias-para-picoaza\/#primaryimage","url":"https:\/\/www.manabi.gob.ec\/wp-content\/uploads\/2023\/07\/WhatsApp-Image-2023-07-04-at-16.04.41.jpeg","contentUrl":"https:\/\/www.manabi.gob.ec\/wp-content\/uploads\/2023\/07\/WhatsApp-Image-2023-07-04-at-16.04.41.jpeg","width":1152,"height":648},{"@type":"BreadcrumbList","@id":"https:\/\/www.manabi.gob.ec\/index.php\/mas-vias-para-picoaza\/#breadcrumb","itemListElement":[{"@type":"ListItem","position":1,"name":"Portada","item":"https:\/\/www.manabi.gob.ec\/"},{"@type":"ListItem","position":2,"name":"\u00a1 M\u00e1s v\u00edas para Picoaz\u00e1 !"}]},{"@type":"WebSite","@id":"https:\/\/www.manabi.gob.ec\/#website","url":"https:\/\/www.manabi.gob.ec\/","name":"Prefectura de Manab\u00ed","description":"P\u00e1gina web de la prefectura","potentialAction":[{"@type":"SearchAction","target":{"@type":"EntryPoint","urlTemplate":"https:\/\/www.manabi.gob.ec\/?s={search_term_string}"},"query-input":{"@type":"PropertyValueSpecification","valueRequired":true,"valueName":"search_term_string"}}],"inLanguage":"es"},{"@type":"Person","@id":"https:\/\/www.manabi.gob.ec\/#\/schema\/person\/c4f117989332ad723a6ced5994aa7d7a","name":"Lui Ochoa","image":{"@type":"ImageObject","inLanguage":"es","@id":"https:\/\/secure.gravatar.com\/avatar\/6e8017d0fe69dead8a95864d2eb6e1e1d8bf8e01194ba49cf7b897ff038126ba?s=96&d=mm&r=g","url":"https:\/\/secure.gravatar.com\/avatar\/6e8017d0fe69dead8a95864d2eb6e1e1d8bf8e01194ba49cf7b897ff038126ba?s=96&d=mm&r=g","contentUrl":"https:\/\/secure.gravatar.com\/avatar\/6e8017d0fe69dead8a95864d2eb6e1e1d8bf8e01194ba49cf7b897ff038126ba?s=96&d=mm&r=g","caption":"Lui Ochoa"},"url":"https:\/\/www.manabi.gob.ec\/index.php\/author\/lochoa\/"}]}},"jetpack_featured_media_url":"https:\/\/www.manabi.gob.ec\/wp-content\/uploads\/2023\/07\/WhatsApp-Image-2023-07-04-at-16.04.41.jpeg","_links":{"self":[{"href":"https:\/\/www.manabi.gob.ec\/index.php\/wp-json\/wp\/v2\/posts\/25091","targetHints":{"allow":["GET"]}}],"collection":[{"href":"https:\/\/www.manabi.gob.ec\/index.php\/wp-json\/wp\/v2\/posts"}],"about":[{"href":"https:\/\/www.manabi.gob.ec\/index.php\/wp-json\/wp\/v2\/types\/post"}],"author":[{"embeddable":true,"href":"https:\/\/www.manabi.gob.ec\/index.php\/wp-json\/wp\/v2\/users\/10"}],"replies":[{"embeddable":true,"href":"https:\/\/www.manabi.gob.ec\/index.php\/wp-json\/wp\/v2\/comments?post=25091"}],"version-history":[{"count":0,"href":"https:\/\/www.manabi.gob.ec\/index.php\/wp-json\/wp\/v2\/posts\/25091\/revisions"}],"wp:featuredmedia":[{"embeddable":true,"href":"https:\/\/www.manabi.gob.ec\/index.php\/wp-json\/wp\/v2\/media\/25095"}],"wp:attachment":[{"href":"https:\/\/www.manabi.gob.ec\/index.php\/wp-json\/wp\/v2\/media?parent=25091"}],"wp:term":[{"taxonomy":"category","embeddable":true,"href":"https:\/\/www.manabi.gob.ec\/index.php\/wp-json\/wp\/v2\/categories?post=25091"},{"taxonomy":"post_tag","embeddable":true,"href":"https:\/\/www.manabi.gob.ec\/index.php\/wp-json\/wp\/v2\/tags?post=25091"}],"curies":[{"name":"wp","href":"https:\/\/api.w.org\/{rel}","templated":true}]}}