{"id":25097,"date":"2023-07-07T18:02:21","date_gmt":"2023-07-07T18:02:21","guid":{"rendered":"https:\/\/www.manabi.gob.ec\/?p=25097"},"modified":"2023-07-07T18:02:26","modified_gmt":"2023-07-07T18:02:26","slug":"promoviendo-un-futuro-circular-sostenible-en-manabi","status":"publish","type":"post","link":"https:\/\/www.manabi.gob.ec\/index.php\/promoviendo-un-futuro-circular-sostenible-en-manabi\/","title":{"rendered":"PROMOVIENDO UN FUTURO CIRCULAR SOSTENIBLE EN MANAB\u00cd"},"content":{"rendered":"\n<p>La Prefectura de Manab\u00ed anuncia el lanzamiento del proyecto \u00abFuturo Circular: hacia un modelo de producci\u00f3n y consumo sostenible para el Ecuador\u00bb. Este ambicioso programa tiene como objetivo principal promover procesos de desarrollo social centrados en la transici\u00f3n hacia una econom\u00eda circular en la provincia de Manab\u00ed, Ecuador.<\/p>\n\n\n\n<p>El proyecto se basa en la implementaci\u00f3n de un marco normativo fortalecido y la puesta en marcha de iniciativas emblem\u00e1ticas accesibles a las micro, peque\u00f1as y medianas empresas (mipymes) tanto en la producci\u00f3n como en el consumo responsable.<\/p>\n\n\n\n<p>Una de las metas principales de la Prefectura de Manab\u00ed es fortalecer el conocimiento y las capacidades del personal en el \u00e1mbito de la econom\u00eda circular. Para lograr esto, se implementar\u00e1n programas de capacitaci\u00f3n y formaci\u00f3n dirigidos al personal de la instituci\u00f3n. Estas iniciativas buscan promover una comprensi\u00f3n s\u00f3lida de los principios de la econom\u00eda circular, as\u00ed como desarrollar habilidades pr\u00e1cticas para su implementaci\u00f3n en las diversas \u00e1reas de trabajo.<\/p>\n","protected":false},"excerpt":{"rendered":"<p>La Prefectura de Manab\u00ed anuncia el lanzamiento del proyecto \u00abFuturo Circular: hacia un modelo de producci\u00f3n y consumo sostenible para el Ecuador\u00bb. Este ambicioso programa tiene como objetivo principal promover procesos de desarrollo social centrados en la transici\u00f3n hacia una econom\u00eda circular en la provincia de Manab\u00ed, Ecuador. El proyecto se basa en la implementaci\u00f3n [&hellip;]<\/p>\n","protected":false},"author":10,"featured_media":25098,"comment_status":"closed","ping_status":"closed","sticky":false,"template":"","format":"standard","meta":{"_joinchat":[],"footnotes":""},"categories":[142,92,91],"tags":[],"class_list":["post-25097","post","type-post","status-publish","format-standard","has-post-thumbnail","hentry","category-desarrollo-social","category-noticias-manabi","category-todas"],"yoast_head":"<!-- This site is optimized with the Yoast SEO plugin v27.4 - https:\/\/yoast.com\/product\/yoast-seo-wordpress\/ -->\n<title>PROMOVIENDO UN FUTURO CIRCULAR SOSTENIBLE EN MANAB\u00cd - Prefectura de Manab\u00ed<\/title>\n<meta name=\"robots\" content=\"index, follow, max-snippet:-1, max-image-preview:large, max-video-preview:-1\" \/>\n<link rel=\"canonical\" href=\"https:\/\/www.manabi.gob.ec\/index.php\/promoviendo-un-futuro-circular-sostenible-en-manabi\/\" \/>\n<meta property=\"og:locale\" content=\"es_ES\" \/>\n<meta property=\"og:type\" content=\"article\" \/>\n<meta property=\"og:title\" content=\"PROMOVIENDO UN FUTURO CIRCULAR SOSTENIBLE EN MANAB\u00cd - Prefectura de Manab\u00ed\" \/>\n<meta property=\"og:description\" content=\"La Prefectura de Manab\u00ed anuncia el lanzamiento del proyecto \u00abFuturo Circular: hacia un modelo de producci\u00f3n y consumo sostenible para el Ecuador\u00bb. Este ambicioso programa tiene como objetivo principal promover procesos de desarrollo social centrados en la transici\u00f3n hacia una econom\u00eda circular en la provincia de Manab\u00ed, Ecuador. El proyecto se basa en la implementaci\u00f3n [&hellip;]\" \/>\n<meta property=\"og:url\" content=\"https:\/\/www.manabi.gob.ec\/index.php\/promoviendo-un-futuro-circular-sostenible-en-manabi\/\" \/>\n<meta property=\"og:site_name\" content=\"Prefectura de Manab\u00ed\" \/>\n<meta property=\"article:published_time\" content=\"2023-07-07T18:02:21+00:00\" \/>\n<meta property=\"article:modified_time\" content=\"2023-07-07T18:02:26+00:00\" \/>\n<meta property=\"og:image\" content=\"https:\/\/www.manabi.gob.ec\/wp-content\/uploads\/2023\/07\/WhatsApp-Image-2023-07-04-at-16.51.13.jpeg\" \/>\n\t<meta property=\"og:image:width\" content=\"1024\" \/>\n\t<meta property=\"og:image:height\" content=\"654\" \/>\n\t<meta property=\"og:image:type\" content=\"image\/jpeg\" \/>\n<meta name=\"author\" content=\"Lui Ochoa\" \/>\n<meta name=\"twitter:card\" content=\"summary_large_image\" \/>\n<meta name=\"twitter:label1\" content=\"Escrito por\" \/>\n\t<meta name=\"twitter:data1\" content=\"Lui Ochoa\" \/>\n\t<meta name=\"twitter:label2\" content=\"Tiempo de lectura\" \/>\n\t<meta name=\"twitter:data2\" content=\"1 minuto\" \/>\n<script type=\"application\/ld+json\" class=\"yoast-schema-graph\">{\"@context\":\"https:\\\/\\\/schema.org\",\"@graph\":[{\"@type\":\"Article\",\"@id\":\"https:\\\/\\\/www.manabi.gob.ec\\\/index.php\\\/promoviendo-un-futuro-circular-sostenible-en-manabi\\\/#article\",\"isPartOf\":{\"@id\":\"https:\\\/\\\/www.manabi.gob.ec\\\/index.php\\\/promoviendo-un-futuro-circular-sostenible-en-manabi\\\/\"},\"author\":{\"name\":\"Lui Ochoa\",\"@id\":\"https:\\\/\\\/www.manabi.gob.ec\\\/#\\\/schema\\\/person\\\/c4f117989332ad723a6ced5994aa7d7a\"},\"headline\":\"PROMOVIENDO UN FUTURO CIRCULAR SOSTENIBLE EN MANAB\u00cd\",\"datePublished\":\"2023-07-07T18:02:21+00:00\",\"dateModified\":\"2023-07-07T18:02:26+00:00\",\"mainEntityOfPage\":{\"@id\":\"https:\\\/\\\/www.manabi.gob.ec\\\/index.php\\\/promoviendo-un-futuro-circular-sostenible-en-manabi\\\/\"},\"wordCount\":180,\"image\":{\"@id\":\"https:\\\/\\\/www.manabi.gob.ec\\\/index.php\\\/promoviendo-un-futuro-circular-sostenible-en-manabi\\\/#primaryimage\"},\"thumbnailUrl\":\"https:\\\/\\\/www.manabi.gob.ec\\\/wp-content\\\/uploads\\\/2023\\\/07\\\/WhatsApp-Image-2023-07-04-at-16.51.13.jpeg\",\"articleSection\":[\"Desarrollo Social\",\"Noticias\",\"Todas\"],\"inLanguage\":\"es\"},{\"@type\":\"WebPage\",\"@id\":\"https:\\\/\\\/www.manabi.gob.ec\\\/index.php\\\/promoviendo-un-futuro-circular-sostenible-en-manabi\\\/\",\"url\":\"https:\\\/\\\/www.manabi.gob.ec\\\/index.php\\\/promoviendo-un-futuro-circular-sostenible-en-manabi\\\/\",\"name\":\"PROMOVIENDO UN FUTURO CIRCULAR SOSTENIBLE EN MANAB\u00cd - Prefectura de Manab\u00ed\",\"isPartOf\":{\"@id\":\"https:\\\/\\\/www.manabi.gob.ec\\\/#website\"},\"primaryImageOfPage\":{\"@id\":\"https:\\\/\\\/www.manabi.gob.ec\\\/index.php\\\/promoviendo-un-futuro-circular-sostenible-en-manabi\\\/#primaryimage\"},\"image\":{\"@id\":\"https:\\\/\\\/www.manabi.gob.ec\\\/index.php\\\/promoviendo-un-futuro-circular-sostenible-en-manabi\\\/#primaryimage\"},\"thumbnailUrl\":\"https:\\\/\\\/www.manabi.gob.ec\\\/wp-content\\\/uploads\\\/2023\\\/07\\\/WhatsApp-Image-2023-07-04-at-16.51.13.jpeg\",\"datePublished\":\"2023-07-07T18:02:21+00:00\",\"dateModified\":\"2023-07-07T18:02:26+00:00\",\"author\":{\"@id\":\"https:\\\/\\\/www.manabi.gob.ec\\\/#\\\/schema\\\/person\\\/c4f117989332ad723a6ced5994aa7d7a\"},\"breadcrumb\":{\"@id\":\"https:\\\/\\\/www.manabi.gob.ec\\\/index.php\\\/promoviendo-un-futuro-circular-sostenible-en-manabi\\\/#breadcrumb\"},\"inLanguage\":\"es\",\"potentialAction\":[{\"@type\":\"ReadAction\",\"target\":[\"https:\\\/\\\/www.manabi.gob.ec\\\/index.php\\\/promoviendo-un-futuro-circular-sostenible-en-manabi\\\/\"]}]},{\"@type\":\"ImageObject\",\"inLanguage\":\"es\",\"@id\":\"https:\\\/\\\/www.manabi.gob.ec\\\/index.php\\\/promoviendo-un-futuro-circular-sostenible-en-manabi\\\/#primaryimage\",\"url\":\"https:\\\/\\\/www.manabi.gob.ec\\\/wp-content\\\/uploads\\\/2023\\\/07\\\/WhatsApp-Image-2023-07-04-at-16.51.13.jpeg\",\"contentUrl\":\"https:\\\/\\\/www.manabi.gob.ec\\\/wp-content\\\/uploads\\\/2023\\\/07\\\/WhatsApp-Image-2023-07-04-at-16.51.13.jpeg\",\"width\":1024,\"height\":654},{\"@type\":\"BreadcrumbList\",\"@id\":\"https:\\\/\\\/www.manabi.gob.ec\\\/index.php\\\/promoviendo-un-futuro-circular-sostenible-en-manabi\\\/#breadcrumb\",\"itemListElement\":[{\"@type\":\"ListItem\",\"position\":1,\"name\":\"Portada\",\"item\":\"https:\\\/\\\/www.manabi.gob.ec\\\/\"},{\"@type\":\"ListItem\",\"position\":2,\"name\":\"PROMOVIENDO UN FUTURO CIRCULAR SOSTENIBLE EN MANAB\u00cd\"}]},{\"@type\":\"WebSite\",\"@id\":\"https:\\\/\\\/www.manabi.gob.ec\\\/#website\",\"url\":\"https:\\\/\\\/www.manabi.gob.ec\\\/\",\"name\":\"Prefectura de Manab\u00ed\",\"description\":\"P\u00e1gina web de la prefectura\",\"potentialAction\":[{\"@type\":\"SearchAction\",\"target\":{\"@type\":\"EntryPoint\",\"urlTemplate\":\"https:\\\/\\\/www.manabi.gob.ec\\\/?s={search_term_string}\"},\"query-input\":{\"@type\":\"PropertyValueSpecification\",\"valueRequired\":true,\"valueName\":\"search_term_string\"}}],\"inLanguage\":\"es\"},{\"@type\":\"Person\",\"@id\":\"https:\\\/\\\/www.manabi.gob.ec\\\/#\\\/schema\\\/person\\\/c4f117989332ad723a6ced5994aa7d7a\",\"name\":\"Lui Ochoa\",\"image\":{\"@type\":\"ImageObject\",\"inLanguage\":\"es\",\"@id\":\"https:\\\/\\\/secure.gravatar.com\\\/avatar\\\/6e8017d0fe69dead8a95864d2eb6e1e1d8bf8e01194ba49cf7b897ff038126ba?s=96&d=mm&r=g\",\"url\":\"https:\\\/\\\/secure.gravatar.com\\\/avatar\\\/6e8017d0fe69dead8a95864d2eb6e1e1d8bf8e01194ba49cf7b897ff038126ba?s=96&d=mm&r=g\",\"contentUrl\":\"https:\\\/\\\/secure.gravatar.com\\\/avatar\\\/6e8017d0fe69dead8a95864d2eb6e1e1d8bf8e01194ba49cf7b897ff038126ba?s=96&d=mm&r=g\",\"caption\":\"Lui Ochoa\"},\"url\":\"https:\\\/\\\/www.manabi.gob.ec\\\/index.php\\\/author\\\/lochoa\\\/\"}]}<\/script>\n<!-- \/ Yoast SEO plugin. -->","yoast_head_json":{"title":"PROMOVIENDO UN FUTURO CIRCULAR SOSTENIBLE EN MANAB\u00cd - Prefectura de Manab\u00ed","robots":{"index":"index","follow":"follow","max-snippet":"max-snippet:-1","max-image-preview":"max-image-preview:large","max-video-preview":"max-video-preview:-1"},"canonical":"https:\/\/www.manabi.gob.ec\/index.php\/promoviendo-un-futuro-circular-sostenible-en-manabi\/","og_locale":"es_ES","og_type":"article","og_title":"PROMOVIENDO UN FUTURO CIRCULAR SOSTENIBLE EN MANAB\u00cd - Prefectura de Manab\u00ed","og_description":"La Prefectura de Manab\u00ed anuncia el lanzamiento del proyecto \u00abFuturo Circular: hacia un modelo de producci\u00f3n y consumo sostenible para el Ecuador\u00bb. Este ambicioso programa tiene como objetivo principal promover procesos de desarrollo social centrados en la transici\u00f3n hacia una econom\u00eda circular en la provincia de Manab\u00ed, Ecuador. El proyecto se basa en la implementaci\u00f3n [&hellip;]","og_url":"https:\/\/www.manabi.gob.ec\/index.php\/promoviendo-un-futuro-circular-sostenible-en-manabi\/","og_site_name":"Prefectura de Manab\u00ed","article_published_time":"2023-07-07T18:02:21+00:00","article_modified_time":"2023-07-07T18:02:26+00:00","og_image":[{"width":1024,"height":654,"url":"https:\/\/www.manabi.gob.ec\/wp-content\/uploads\/2023\/07\/WhatsApp-Image-2023-07-04-at-16.51.13.jpeg","type":"image\/jpeg"}],"author":"Lui Ochoa","twitter_card":"summary_large_image","twitter_misc":{"Escrito por":"Lui Ochoa","Tiempo de lectura":"1 minuto"},"schema":{"@context":"https:\/\/schema.org","@graph":[{"@type":"Article","@id":"https:\/\/www.manabi.gob.ec\/index.php\/promoviendo-un-futuro-circular-sostenible-en-manabi\/#article","isPartOf":{"@id":"https:\/\/www.manabi.gob.ec\/index.php\/promoviendo-un-futuro-circular-sostenible-en-manabi\/"},"author":{"name":"Lui Ochoa","@id":"https:\/\/www.manabi.gob.ec\/#\/schema\/person\/c4f117989332ad723a6ced5994aa7d7a"},"headline":"PROMOVIENDO UN FUTURO CIRCULAR SOSTENIBLE EN MANAB\u00cd","datePublished":"2023-07-07T18:02:21+00:00","dateModified":"2023-07-07T18:02:26+00:00","mainEntityOfPage":{"@id":"https:\/\/www.manabi.gob.ec\/index.php\/promoviendo-un-futuro-circular-sostenible-en-manabi\/"},"wordCount":180,"image":{"@id":"https:\/\/www.manabi.gob.ec\/index.php\/promoviendo-un-futuro-circular-sostenible-en-manabi\/#primaryimage"},"thumbnailUrl":"https:\/\/www.manabi.gob.ec\/wp-content\/uploads\/2023\/07\/WhatsApp-Image-2023-07-04-at-16.51.13.jpeg","articleSection":["Desarrollo Social","Noticias","Todas"],"inLanguage":"es"},{"@type":"WebPage","@id":"https:\/\/www.manabi.gob.ec\/index.php\/promoviendo-un-futuro-circular-sostenible-en-manabi\/","url":"https:\/\/www.manabi.gob.ec\/index.php\/promoviendo-un-futuro-circular-sostenible-en-manabi\/","name":"PROMOVIENDO UN FUTURO CIRCULAR SOSTENIBLE EN MANAB\u00cd - Prefectura de Manab\u00ed","isPartOf":{"@id":"https:\/\/www.manabi.gob.ec\/#website"},"primaryImageOfPage":{"@id":"https:\/\/www.manabi.gob.ec\/index.php\/promoviendo-un-futuro-circular-sostenible-en-manabi\/#primaryimage"},"image":{"@id":"https:\/\/www.manabi.gob.ec\/index.php\/promoviendo-un-futuro-circular-sostenible-en-manabi\/#primaryimage"},"thumbnailUrl":"https:\/\/www.manabi.gob.ec\/wp-content\/uploads\/2023\/07\/WhatsApp-Image-2023-07-04-at-16.51.13.jpeg","datePublished":"2023-07-07T18:02:21+00:00","dateModified":"2023-07-07T18:02:26+00:00","author":{"@id":"https:\/\/www.manabi.gob.ec\/#\/schema\/person\/c4f117989332ad723a6ced5994aa7d7a"},"breadcrumb":{"@id":"https:\/\/www.manabi.gob.ec\/index.php\/promoviendo-un-futuro-circular-sostenible-en-manabi\/#breadcrumb"},"inLanguage":"es","potentialAction":[{"@type":"ReadAction","target":["https:\/\/www.manabi.gob.ec\/index.php\/promoviendo-un-futuro-circular-sostenible-en-manabi\/"]}]},{"@type":"ImageObject","inLanguage":"es","@id":"https:\/\/www.manabi.gob.ec\/index.php\/promoviendo-un-futuro-circular-sostenible-en-manabi\/#primaryimage","url":"https:\/\/www.manabi.gob.ec\/wp-content\/uploads\/2023\/07\/WhatsApp-Image-2023-07-04-at-16.51.13.jpeg","contentUrl":"https:\/\/www.manabi.gob.ec\/wp-content\/uploads\/2023\/07\/WhatsApp-Image-2023-07-04-at-16.51.13.jpeg","width":1024,"height":654},{"@type":"BreadcrumbList","@id":"https:\/\/www.manabi.gob.ec\/index.php\/promoviendo-un-futuro-circular-sostenible-en-manabi\/#breadcrumb","itemListElement":[{"@type":"ListItem","position":1,"name":"Portada","item":"https:\/\/www.manabi.gob.ec\/"},{"@type":"ListItem","position":2,"name":"PROMOVIENDO UN FUTURO CIRCULAR SOSTENIBLE EN MANAB\u00cd"}]},{"@type":"WebSite","@id":"https:\/\/www.manabi.gob.ec\/#website","url":"https:\/\/www.manabi.gob.ec\/","name":"Prefectura de Manab\u00ed","description":"P\u00e1gina web de la prefectura","potentialAction":[{"@type":"SearchAction","target":{"@type":"EntryPoint","urlTemplate":"https:\/\/www.manabi.gob.ec\/?s={search_term_string}"},"query-input":{"@type":"PropertyValueSpecification","valueRequired":true,"valueName":"search_term_string"}}],"inLanguage":"es"},{"@type":"Person","@id":"https:\/\/www.manabi.gob.ec\/#\/schema\/person\/c4f117989332ad723a6ced5994aa7d7a","name":"Lui Ochoa","image":{"@type":"ImageObject","inLanguage":"es","@id":"https:\/\/secure.gravatar.com\/avatar\/6e8017d0fe69dead8a95864d2eb6e1e1d8bf8e01194ba49cf7b897ff038126ba?s=96&d=mm&r=g","url":"https:\/\/secure.gravatar.com\/avatar\/6e8017d0fe69dead8a95864d2eb6e1e1d8bf8e01194ba49cf7b897ff038126ba?s=96&d=mm&r=g","contentUrl":"https:\/\/secure.gravatar.com\/avatar\/6e8017d0fe69dead8a95864d2eb6e1e1d8bf8e01194ba49cf7b897ff038126ba?s=96&d=mm&r=g","caption":"Lui Ochoa"},"url":"https:\/\/www.manabi.gob.ec\/index.php\/author\/lochoa\/"}]}},"jetpack_featured_media_url":"https:\/\/www.manabi.gob.ec\/wp-content\/uploads\/2023\/07\/WhatsApp-Image-2023-07-04-at-16.51.13.jpeg","_links":{"self":[{"href":"https:\/\/www.manabi.gob.ec\/index.php\/wp-json\/wp\/v2\/posts\/25097","targetHints":{"allow":["GET"]}}],"collection":[{"href":"https:\/\/www.manabi.gob.ec\/index.php\/wp-json\/wp\/v2\/posts"}],"about":[{"href":"https:\/\/www.manabi.gob.ec\/index.php\/wp-json\/wp\/v2\/types\/post"}],"author":[{"embeddable":true,"href":"https:\/\/www.manabi.gob.ec\/index.php\/wp-json\/wp\/v2\/users\/10"}],"replies":[{"embeddable":true,"href":"https:\/\/www.manabi.gob.ec\/index.php\/wp-json\/wp\/v2\/comments?post=25097"}],"version-history":[{"count":0,"href":"https:\/\/www.manabi.gob.ec\/index.php\/wp-json\/wp\/v2\/posts\/25097\/revisions"}],"wp:featuredmedia":[{"embeddable":true,"href":"https:\/\/www.manabi.gob.ec\/index.php\/wp-json\/wp\/v2\/media\/25098"}],"wp:attachment":[{"href":"https:\/\/www.manabi.gob.ec\/index.php\/wp-json\/wp\/v2\/media?parent=25097"}],"wp:term":[{"taxonomy":"category","embeddable":true,"href":"https:\/\/www.manabi.gob.ec\/index.php\/wp-json\/wp\/v2\/categories?post=25097"},{"taxonomy":"post_tag","embeddable":true,"href":"https:\/\/www.manabi.gob.ec\/index.php\/wp-json\/wp\/v2\/tags?post=25097"}],"curies":[{"name":"wp","href":"https:\/\/api.w.org\/{rel}","templated":true}]}}