{"id":25128,"date":"2023-07-07T18:45:52","date_gmt":"2023-07-07T18:45:52","guid":{"rendered":"https:\/\/www.manabi.gob.ec\/?p=25128"},"modified":"2023-07-07T18:45:57","modified_gmt":"2023-07-07T18:45:57","slug":"pescadores-manabitas-visitan-empresas-de-italia-gracias-aproyectos-de-cooperacion-internacional-de-prefectura","status":"publish","type":"post","link":"https:\/\/www.manabi.gob.ec\/index.php\/pescadores-manabitas-visitan-empresas-de-italia-gracias-aproyectos-de-cooperacion-internacional-de-prefectura\/","title":{"rendered":"PESCADORES MANABITAS VISITAN EMPRESAS DE ITALIA GRACIAS A<br>PROYECTOS DE COOPERACI\u00d3N INTERNACIONAL DE PREFECTURA"},"content":{"rendered":"\n<p>Cinco pescadores artesanales de las parroquias Canoa, de San Vicente, y Cojim\u00edes de Pedernales, viajaron a Italia para capacitarse en ideas innovadoras en la pesca artesanal, quienes participan en el Proyecto Innovaci\u00f3n y Sostenibilidad Fortaleciendo el Sector de la Pesca Artesanal en Manab\u00ed (ISOSPAM) que se ejecuta con la Prefectura de Manab\u00ed y el aporte de organismos de Italia y Ecuador.<\/p>\n\n\n\n<p>La visita de los pescadores manabitas fue a la ciudad de San Benedetto del Tronto, Italia del 18 de junio al 02 de julio.<br>Los pescadores manabitas tuvieron la oportunidad de visitar varias empresas del sector pesquero, ubicadas en la ciudad de San Benedetto del Tronto, y conocer los progresos y avances logrados por el sector en t\u00e9cnicas de pesca, procesamiento, venta, mercados y toda la cadena de valor de esta actividad.<\/p>\n\n\n\n<p>ISOSPAM es un proyecto que contribuye a la reducci\u00f3n de los efectos del cambio clim\u00e1tico y a la promoci\u00f3n del empleo de mujeres y j\u00f3venes en el sector pesquero de de Manab\u00ed, Ecuador; y, promueve la adaptaci\u00f3n, al contexto ecuatoriano, de las experiencias exitosas de la Municipalidad de San Benedetto del Tronto en pol\u00edticas territoriales, sectoriales y modelos de gesti\u00f3n integrada del sector pesquero sostenible.<\/p>\n\n\n\n<p>En este proyecto participan la Prefectura de Manab\u00ed, municipio de Pedernales, Universidad Polit\u00e9cnica Salesiana, Alcald\u00eda de San Benedetto del Tronto, Tierra Di Siena Lab. Blu Marine Service, Universidad de Ferrara, COSPE y beneficia a cerca de 2.200 pescadores artesanales y 8.000 familias vinculadas a la actividad en San Vicente (Canoa) y Pedernales (Cojim\u00edes).<\/p>\n","protected":false},"excerpt":{"rendered":"<p>Cinco pescadores artesanales de las parroquias Canoa, de San Vicente, y Cojim\u00edes de Pedernales, viajaron a Italia para capacitarse en ideas innovadoras en la pesca artesanal, quienes participan en el Proyecto Innovaci\u00f3n y Sostenibilidad Fortaleciendo el Sector de la Pesca Artesanal en Manab\u00ed (ISOSPAM) que se ejecuta con la Prefectura de Manab\u00ed y el aporte [&hellip;]<\/p>\n","protected":false},"author":10,"featured_media":25129,"comment_status":"closed","ping_status":"closed","sticky":false,"template":"","format":"standard","meta":{"_joinchat":[],"footnotes":""},"categories":[142,92,193,137,140,91],"tags":[],"class_list":["post-25128","post","type-post","status-publish","format-standard","has-post-thumbnail","hentry","category-desarrollo-social","category-noticias-manabi","category-participacion-ciudadana","category-pedernales","category-produccion","category-todas"],"yoast_head":"<!-- This site is optimized with the Yoast SEO plugin v27.4 - https:\/\/yoast.com\/product\/yoast-seo-wordpress\/ -->\n<title>PESCADORES MANABITAS VISITAN EMPRESAS DE ITALIA GRACIAS APROYECTOS DE COOPERACI\u00d3N INTERNACIONAL DE PREFECTURA - Prefectura de Manab\u00ed<\/title>\n<meta name=\"robots\" content=\"index, follow, max-snippet:-1, max-image-preview:large, max-video-preview:-1\" \/>\n<link rel=\"canonical\" href=\"https:\/\/www.manabi.gob.ec\/index.php\/pescadores-manabitas-visitan-empresas-de-italia-gracias-aproyectos-de-cooperacion-internacional-de-prefectura\/\" \/>\n<meta property=\"og:locale\" content=\"es_ES\" \/>\n<meta property=\"og:type\" content=\"article\" \/>\n<meta property=\"og:title\" content=\"PESCADORES MANABITAS VISITAN EMPRESAS DE ITALIA GRACIAS APROYECTOS DE COOPERACI\u00d3N INTERNACIONAL DE PREFECTURA - Prefectura de Manab\u00ed\" \/>\n<meta property=\"og:description\" content=\"Cinco pescadores artesanales de las parroquias Canoa, de San Vicente, y Cojim\u00edes de Pedernales, viajaron a Italia para capacitarse en ideas innovadoras en la pesca artesanal, quienes participan en el Proyecto Innovaci\u00f3n y Sostenibilidad Fortaleciendo el Sector de la Pesca Artesanal en Manab\u00ed (ISOSPAM) que se ejecuta con la Prefectura de Manab\u00ed y el aporte [&hellip;]\" \/>\n<meta property=\"og:url\" content=\"https:\/\/www.manabi.gob.ec\/index.php\/pescadores-manabitas-visitan-empresas-de-italia-gracias-aproyectos-de-cooperacion-internacional-de-prefectura\/\" \/>\n<meta property=\"og:site_name\" content=\"Prefectura de Manab\u00ed\" \/>\n<meta property=\"article:published_time\" content=\"2023-07-07T18:45:52+00:00\" \/>\n<meta property=\"article:modified_time\" content=\"2023-07-07T18:45:57+00:00\" \/>\n<meta property=\"og:image\" content=\"https:\/\/www.manabi.gob.ec\/wp-content\/uploads\/2023\/07\/WhatsApp-Image-2023-07-06-at-15.02.32.jpeg\" \/>\n\t<meta property=\"og:image:width\" content=\"1600\" \/>\n\t<meta property=\"og:image:height\" content=\"1200\" \/>\n\t<meta property=\"og:image:type\" content=\"image\/jpeg\" \/>\n<meta name=\"author\" content=\"Lui Ochoa\" \/>\n<meta name=\"twitter:card\" content=\"summary_large_image\" \/>\n<meta name=\"twitter:label1\" content=\"Escrito por\" \/>\n\t<meta name=\"twitter:data1\" content=\"Lui Ochoa\" \/>\n\t<meta name=\"twitter:label2\" content=\"Tiempo de lectura\" \/>\n\t<meta name=\"twitter:data2\" content=\"2 minutos\" \/>\n<script type=\"application\/ld+json\" class=\"yoast-schema-graph\">{\"@context\":\"https:\\\/\\\/schema.org\",\"@graph\":[{\"@type\":\"Article\",\"@id\":\"https:\\\/\\\/www.manabi.gob.ec\\\/index.php\\\/pescadores-manabitas-visitan-empresas-de-italia-gracias-aproyectos-de-cooperacion-internacional-de-prefectura\\\/#article\",\"isPartOf\":{\"@id\":\"https:\\\/\\\/www.manabi.gob.ec\\\/index.php\\\/pescadores-manabitas-visitan-empresas-de-italia-gracias-aproyectos-de-cooperacion-internacional-de-prefectura\\\/\"},\"author\":{\"name\":\"Lui Ochoa\",\"@id\":\"https:\\\/\\\/www.manabi.gob.ec\\\/#\\\/schema\\\/person\\\/c4f117989332ad723a6ced5994aa7d7a\"},\"headline\":\"PESCADORES MANABITAS VISITAN EMPRESAS DE ITALIA GRACIAS A PROYECTOS DE COOPERACI\u00d3N INTERNACIONAL DE PREFECTURA\",\"datePublished\":\"2023-07-07T18:45:52+00:00\",\"dateModified\":\"2023-07-07T18:45:57+00:00\",\"mainEntityOfPage\":{\"@id\":\"https:\\\/\\\/www.manabi.gob.ec\\\/index.php\\\/pescadores-manabitas-visitan-empresas-de-italia-gracias-aproyectos-de-cooperacion-internacional-de-prefectura\\\/\"},\"wordCount\":274,\"image\":{\"@id\":\"https:\\\/\\\/www.manabi.gob.ec\\\/index.php\\\/pescadores-manabitas-visitan-empresas-de-italia-gracias-aproyectos-de-cooperacion-internacional-de-prefectura\\\/#primaryimage\"},\"thumbnailUrl\":\"https:\\\/\\\/www.manabi.gob.ec\\\/wp-content\\\/uploads\\\/2023\\\/07\\\/WhatsApp-Image-2023-07-06-at-15.02.32.jpeg\",\"articleSection\":[\"Desarrollo Social\",\"Noticias\",\"Participaci\u00f3n ciudadana\",\"Pedernales\",\"Producci\u00f3n\",\"Todas\"],\"inLanguage\":\"es\"},{\"@type\":\"WebPage\",\"@id\":\"https:\\\/\\\/www.manabi.gob.ec\\\/index.php\\\/pescadores-manabitas-visitan-empresas-de-italia-gracias-aproyectos-de-cooperacion-internacional-de-prefectura\\\/\",\"url\":\"https:\\\/\\\/www.manabi.gob.ec\\\/index.php\\\/pescadores-manabitas-visitan-empresas-de-italia-gracias-aproyectos-de-cooperacion-internacional-de-prefectura\\\/\",\"name\":\"PESCADORES MANABITAS VISITAN EMPRESAS DE ITALIA GRACIAS A PROYECTOS DE COOPERACI\u00d3N INTERNACIONAL DE PREFECTURA - Prefectura de Manab\u00ed\",\"isPartOf\":{\"@id\":\"https:\\\/\\\/www.manabi.gob.ec\\\/#website\"},\"primaryImageOfPage\":{\"@id\":\"https:\\\/\\\/www.manabi.gob.ec\\\/index.php\\\/pescadores-manabitas-visitan-empresas-de-italia-gracias-aproyectos-de-cooperacion-internacional-de-prefectura\\\/#primaryimage\"},\"image\":{\"@id\":\"https:\\\/\\\/www.manabi.gob.ec\\\/index.php\\\/pescadores-manabitas-visitan-empresas-de-italia-gracias-aproyectos-de-cooperacion-internacional-de-prefectura\\\/#primaryimage\"},\"thumbnailUrl\":\"https:\\\/\\\/www.manabi.gob.ec\\\/wp-content\\\/uploads\\\/2023\\\/07\\\/WhatsApp-Image-2023-07-06-at-15.02.32.jpeg\",\"datePublished\":\"2023-07-07T18:45:52+00:00\",\"dateModified\":\"2023-07-07T18:45:57+00:00\",\"author\":{\"@id\":\"https:\\\/\\\/www.manabi.gob.ec\\\/#\\\/schema\\\/person\\\/c4f117989332ad723a6ced5994aa7d7a\"},\"breadcrumb\":{\"@id\":\"https:\\\/\\\/www.manabi.gob.ec\\\/index.php\\\/pescadores-manabitas-visitan-empresas-de-italia-gracias-aproyectos-de-cooperacion-internacional-de-prefectura\\\/#breadcrumb\"},\"inLanguage\":\"es\",\"potentialAction\":[{\"@type\":\"ReadAction\",\"target\":[\"https:\\\/\\\/www.manabi.gob.ec\\\/index.php\\\/pescadores-manabitas-visitan-empresas-de-italia-gracias-aproyectos-de-cooperacion-internacional-de-prefectura\\\/\"]}]},{\"@type\":\"ImageObject\",\"inLanguage\":\"es\",\"@id\":\"https:\\\/\\\/www.manabi.gob.ec\\\/index.php\\\/pescadores-manabitas-visitan-empresas-de-italia-gracias-aproyectos-de-cooperacion-internacional-de-prefectura\\\/#primaryimage\",\"url\":\"https:\\\/\\\/www.manabi.gob.ec\\\/wp-content\\\/uploads\\\/2023\\\/07\\\/WhatsApp-Image-2023-07-06-at-15.02.32.jpeg\",\"contentUrl\":\"https:\\\/\\\/www.manabi.gob.ec\\\/wp-content\\\/uploads\\\/2023\\\/07\\\/WhatsApp-Image-2023-07-06-at-15.02.32.jpeg\",\"width\":1600,\"height\":1200},{\"@type\":\"BreadcrumbList\",\"@id\":\"https:\\\/\\\/www.manabi.gob.ec\\\/index.php\\\/pescadores-manabitas-visitan-empresas-de-italia-gracias-aproyectos-de-cooperacion-internacional-de-prefectura\\\/#breadcrumb\",\"itemListElement\":[{\"@type\":\"ListItem\",\"position\":1,\"name\":\"Portada\",\"item\":\"https:\\\/\\\/www.manabi.gob.ec\\\/\"},{\"@type\":\"ListItem\",\"position\":2,\"name\":\"PESCADORES MANABITAS VISITAN EMPRESAS DE ITALIA GRACIAS APROYECTOS DE COOPERACI\u00d3N INTERNACIONAL DE PREFECTURA\"}]},{\"@type\":\"WebSite\",\"@id\":\"https:\\\/\\\/www.manabi.gob.ec\\\/#website\",\"url\":\"https:\\\/\\\/www.manabi.gob.ec\\\/\",\"name\":\"Prefectura de Manab\u00ed\",\"description\":\"P\u00e1gina web de la prefectura\",\"potentialAction\":[{\"@type\":\"SearchAction\",\"target\":{\"@type\":\"EntryPoint\",\"urlTemplate\":\"https:\\\/\\\/www.manabi.gob.ec\\\/?s={search_term_string}\"},\"query-input\":{\"@type\":\"PropertyValueSpecification\",\"valueRequired\":true,\"valueName\":\"search_term_string\"}}],\"inLanguage\":\"es\"},{\"@type\":\"Person\",\"@id\":\"https:\\\/\\\/www.manabi.gob.ec\\\/#\\\/schema\\\/person\\\/c4f117989332ad723a6ced5994aa7d7a\",\"name\":\"Lui Ochoa\",\"image\":{\"@type\":\"ImageObject\",\"inLanguage\":\"es\",\"@id\":\"https:\\\/\\\/secure.gravatar.com\\\/avatar\\\/6e8017d0fe69dead8a95864d2eb6e1e1d8bf8e01194ba49cf7b897ff038126ba?s=96&d=mm&r=g\",\"url\":\"https:\\\/\\\/secure.gravatar.com\\\/avatar\\\/6e8017d0fe69dead8a95864d2eb6e1e1d8bf8e01194ba49cf7b897ff038126ba?s=96&d=mm&r=g\",\"contentUrl\":\"https:\\\/\\\/secure.gravatar.com\\\/avatar\\\/6e8017d0fe69dead8a95864d2eb6e1e1d8bf8e01194ba49cf7b897ff038126ba?s=96&d=mm&r=g\",\"caption\":\"Lui Ochoa\"},\"url\":\"https:\\\/\\\/www.manabi.gob.ec\\\/index.php\\\/author\\\/lochoa\\\/\"}]}<\/script>\n<!-- \/ Yoast SEO plugin. -->","yoast_head_json":{"title":"PESCADORES MANABITAS VISITAN EMPRESAS DE ITALIA GRACIAS APROYECTOS DE COOPERACI\u00d3N INTERNACIONAL DE PREFECTURA - Prefectura de Manab\u00ed","robots":{"index":"index","follow":"follow","max-snippet":"max-snippet:-1","max-image-preview":"max-image-preview:large","max-video-preview":"max-video-preview:-1"},"canonical":"https:\/\/www.manabi.gob.ec\/index.php\/pescadores-manabitas-visitan-empresas-de-italia-gracias-aproyectos-de-cooperacion-internacional-de-prefectura\/","og_locale":"es_ES","og_type":"article","og_title":"PESCADORES MANABITAS VISITAN EMPRESAS DE ITALIA GRACIAS APROYECTOS DE COOPERACI\u00d3N INTERNACIONAL DE PREFECTURA - Prefectura de Manab\u00ed","og_description":"Cinco pescadores artesanales de las parroquias Canoa, de San Vicente, y Cojim\u00edes de Pedernales, viajaron a Italia para capacitarse en ideas innovadoras en la pesca artesanal, quienes participan en el Proyecto Innovaci\u00f3n y Sostenibilidad Fortaleciendo el Sector de la Pesca Artesanal en Manab\u00ed (ISOSPAM) que se ejecuta con la Prefectura de Manab\u00ed y el aporte [&hellip;]","og_url":"https:\/\/www.manabi.gob.ec\/index.php\/pescadores-manabitas-visitan-empresas-de-italia-gracias-aproyectos-de-cooperacion-internacional-de-prefectura\/","og_site_name":"Prefectura de Manab\u00ed","article_published_time":"2023-07-07T18:45:52+00:00","article_modified_time":"2023-07-07T18:45:57+00:00","og_image":[{"width":1600,"height":1200,"url":"https:\/\/www.manabi.gob.ec\/wp-content\/uploads\/2023\/07\/WhatsApp-Image-2023-07-06-at-15.02.32.jpeg","type":"image\/jpeg"}],"author":"Lui Ochoa","twitter_card":"summary_large_image","twitter_misc":{"Escrito por":"Lui Ochoa","Tiempo de lectura":"2 minutos"},"schema":{"@context":"https:\/\/schema.org","@graph":[{"@type":"Article","@id":"https:\/\/www.manabi.gob.ec\/index.php\/pescadores-manabitas-visitan-empresas-de-italia-gracias-aproyectos-de-cooperacion-internacional-de-prefectura\/#article","isPartOf":{"@id":"https:\/\/www.manabi.gob.ec\/index.php\/pescadores-manabitas-visitan-empresas-de-italia-gracias-aproyectos-de-cooperacion-internacional-de-prefectura\/"},"author":{"name":"Lui Ochoa","@id":"https:\/\/www.manabi.gob.ec\/#\/schema\/person\/c4f117989332ad723a6ced5994aa7d7a"},"headline":"PESCADORES MANABITAS VISITAN EMPRESAS DE ITALIA GRACIAS A PROYECTOS DE COOPERACI\u00d3N INTERNACIONAL DE PREFECTURA","datePublished":"2023-07-07T18:45:52+00:00","dateModified":"2023-07-07T18:45:57+00:00","mainEntityOfPage":{"@id":"https:\/\/www.manabi.gob.ec\/index.php\/pescadores-manabitas-visitan-empresas-de-italia-gracias-aproyectos-de-cooperacion-internacional-de-prefectura\/"},"wordCount":274,"image":{"@id":"https:\/\/www.manabi.gob.ec\/index.php\/pescadores-manabitas-visitan-empresas-de-italia-gracias-aproyectos-de-cooperacion-internacional-de-prefectura\/#primaryimage"},"thumbnailUrl":"https:\/\/www.manabi.gob.ec\/wp-content\/uploads\/2023\/07\/WhatsApp-Image-2023-07-06-at-15.02.32.jpeg","articleSection":["Desarrollo Social","Noticias","Participaci\u00f3n ciudadana","Pedernales","Producci\u00f3n","Todas"],"inLanguage":"es"},{"@type":"WebPage","@id":"https:\/\/www.manabi.gob.ec\/index.php\/pescadores-manabitas-visitan-empresas-de-italia-gracias-aproyectos-de-cooperacion-internacional-de-prefectura\/","url":"https:\/\/www.manabi.gob.ec\/index.php\/pescadores-manabitas-visitan-empresas-de-italia-gracias-aproyectos-de-cooperacion-internacional-de-prefectura\/","name":"PESCADORES MANABITAS VISITAN EMPRESAS DE ITALIA GRACIAS A PROYECTOS DE COOPERACI\u00d3N INTERNACIONAL DE PREFECTURA - Prefectura de Manab\u00ed","isPartOf":{"@id":"https:\/\/www.manabi.gob.ec\/#website"},"primaryImageOfPage":{"@id":"https:\/\/www.manabi.gob.ec\/index.php\/pescadores-manabitas-visitan-empresas-de-italia-gracias-aproyectos-de-cooperacion-internacional-de-prefectura\/#primaryimage"},"image":{"@id":"https:\/\/www.manabi.gob.ec\/index.php\/pescadores-manabitas-visitan-empresas-de-italia-gracias-aproyectos-de-cooperacion-internacional-de-prefectura\/#primaryimage"},"thumbnailUrl":"https:\/\/www.manabi.gob.ec\/wp-content\/uploads\/2023\/07\/WhatsApp-Image-2023-07-06-at-15.02.32.jpeg","datePublished":"2023-07-07T18:45:52+00:00","dateModified":"2023-07-07T18:45:57+00:00","author":{"@id":"https:\/\/www.manabi.gob.ec\/#\/schema\/person\/c4f117989332ad723a6ced5994aa7d7a"},"breadcrumb":{"@id":"https:\/\/www.manabi.gob.ec\/index.php\/pescadores-manabitas-visitan-empresas-de-italia-gracias-aproyectos-de-cooperacion-internacional-de-prefectura\/#breadcrumb"},"inLanguage":"es","potentialAction":[{"@type":"ReadAction","target":["https:\/\/www.manabi.gob.ec\/index.php\/pescadores-manabitas-visitan-empresas-de-italia-gracias-aproyectos-de-cooperacion-internacional-de-prefectura\/"]}]},{"@type":"ImageObject","inLanguage":"es","@id":"https:\/\/www.manabi.gob.ec\/index.php\/pescadores-manabitas-visitan-empresas-de-italia-gracias-aproyectos-de-cooperacion-internacional-de-prefectura\/#primaryimage","url":"https:\/\/www.manabi.gob.ec\/wp-content\/uploads\/2023\/07\/WhatsApp-Image-2023-07-06-at-15.02.32.jpeg","contentUrl":"https:\/\/www.manabi.gob.ec\/wp-content\/uploads\/2023\/07\/WhatsApp-Image-2023-07-06-at-15.02.32.jpeg","width":1600,"height":1200},{"@type":"BreadcrumbList","@id":"https:\/\/www.manabi.gob.ec\/index.php\/pescadores-manabitas-visitan-empresas-de-italia-gracias-aproyectos-de-cooperacion-internacional-de-prefectura\/#breadcrumb","itemListElement":[{"@type":"ListItem","position":1,"name":"Portada","item":"https:\/\/www.manabi.gob.ec\/"},{"@type":"ListItem","position":2,"name":"PESCADORES MANABITAS VISITAN EMPRESAS DE ITALIA GRACIAS APROYECTOS DE COOPERACI\u00d3N INTERNACIONAL DE PREFECTURA"}]},{"@type":"WebSite","@id":"https:\/\/www.manabi.gob.ec\/#website","url":"https:\/\/www.manabi.gob.ec\/","name":"Prefectura de Manab\u00ed","description":"P\u00e1gina web de la prefectura","potentialAction":[{"@type":"SearchAction","target":{"@type":"EntryPoint","urlTemplate":"https:\/\/www.manabi.gob.ec\/?s={search_term_string}"},"query-input":{"@type":"PropertyValueSpecification","valueRequired":true,"valueName":"search_term_string"}}],"inLanguage":"es"},{"@type":"Person","@id":"https:\/\/www.manabi.gob.ec\/#\/schema\/person\/c4f117989332ad723a6ced5994aa7d7a","name":"Lui Ochoa","image":{"@type":"ImageObject","inLanguage":"es","@id":"https:\/\/secure.gravatar.com\/avatar\/6e8017d0fe69dead8a95864d2eb6e1e1d8bf8e01194ba49cf7b897ff038126ba?s=96&d=mm&r=g","url":"https:\/\/secure.gravatar.com\/avatar\/6e8017d0fe69dead8a95864d2eb6e1e1d8bf8e01194ba49cf7b897ff038126ba?s=96&d=mm&r=g","contentUrl":"https:\/\/secure.gravatar.com\/avatar\/6e8017d0fe69dead8a95864d2eb6e1e1d8bf8e01194ba49cf7b897ff038126ba?s=96&d=mm&r=g","caption":"Lui Ochoa"},"url":"https:\/\/www.manabi.gob.ec\/index.php\/author\/lochoa\/"}]}},"jetpack_featured_media_url":"https:\/\/www.manabi.gob.ec\/wp-content\/uploads\/2023\/07\/WhatsApp-Image-2023-07-06-at-15.02.32.jpeg","_links":{"self":[{"href":"https:\/\/www.manabi.gob.ec\/index.php\/wp-json\/wp\/v2\/posts\/25128","targetHints":{"allow":["GET"]}}],"collection":[{"href":"https:\/\/www.manabi.gob.ec\/index.php\/wp-json\/wp\/v2\/posts"}],"about":[{"href":"https:\/\/www.manabi.gob.ec\/index.php\/wp-json\/wp\/v2\/types\/post"}],"author":[{"embeddable":true,"href":"https:\/\/www.manabi.gob.ec\/index.php\/wp-json\/wp\/v2\/users\/10"}],"replies":[{"embeddable":true,"href":"https:\/\/www.manabi.gob.ec\/index.php\/wp-json\/wp\/v2\/comments?post=25128"}],"version-history":[{"count":0,"href":"https:\/\/www.manabi.gob.ec\/index.php\/wp-json\/wp\/v2\/posts\/25128\/revisions"}],"wp:featuredmedia":[{"embeddable":true,"href":"https:\/\/www.manabi.gob.ec\/index.php\/wp-json\/wp\/v2\/media\/25129"}],"wp:attachment":[{"href":"https:\/\/www.manabi.gob.ec\/index.php\/wp-json\/wp\/v2\/media?parent=25128"}],"wp:term":[{"taxonomy":"category","embeddable":true,"href":"https:\/\/www.manabi.gob.ec\/index.php\/wp-json\/wp\/v2\/categories?post=25128"},{"taxonomy":"post_tag","embeddable":true,"href":"https:\/\/www.manabi.gob.ec\/index.php\/wp-json\/wp\/v2\/tags?post=25128"}],"curies":[{"name":"wp","href":"https:\/\/api.w.org\/{rel}","templated":true}]}}