{"id":25143,"date":"2023-07-10T18:11:00","date_gmt":"2023-07-10T18:11:00","guid":{"rendered":"https:\/\/www.manabi.gob.ec\/?p=25143"},"modified":"2023-07-10T18:11:06","modified_gmt":"2023-07-10T18:11:06","slug":"premio-a-la-creatividad-y-talento","status":"publish","type":"post","link":"https:\/\/www.manabi.gob.ec\/index.php\/premio-a-la-creatividad-y-talento\/","title":{"rendered":"\u00a1PREMIO A LA CREATIVIDAD Y TALENTO!"},"content":{"rendered":"\n<p>Se clausur\u00f3 el II Festival de Murales \u00abRefugiarte en la Inclusi\u00f3n\u00bb.<\/p>\n\n\n\n<p>\u00abPara m\u00ed fue dif\u00edcil salir del pa\u00eds en que nac\u00ed, tener que renacer mi vida en otra ciudad fue muy duro\u00bb, esas conmovedoras palabras las expres\u00f3 la joven venezolana Eddelay Paola Silva Raaz, estudiante de la Unidad Educativa Manuela Ca\u00f1izares de la ciudad de Manta.<\/p>\n\n\n\n<p>Este centro educativo gan\u00f3 el primer lugar en el II Festival de Murales, con el tema: El dolor de emigrar, que fue realizado por Eddelay Silva Raaz y Anderwan Silva Figueroa, de nacionalidad venezolana.<\/p>\n\n\n\n<p>El acto de clausura y premiaci\u00f3n del II Festival de Murales \u00abRefugiarte en la Inclusi\u00f3n\u00bb, se cumpli\u00f3 este viernes 7 de julio, en la ciudad de Manta. Este evento fue organizado por la Prefectura, ACNUR, Agencia de la ONU para los Refugiados,<br>World Vision y el Ministerio de Educaci\u00f3n.<\/p>\n\n\n\n<p>El festival es la oportunidad para fomentar la comprensi\u00f3n y la empat\u00eda hacia las personas refugiadas, manifest\u00f3 Washington Saltos, de World Vision. \u00abEs una herramienta fascinante que nace para promover v\u00ednculos emocionales entre las familias de movilidad humana\u00bb, acot\u00f3 Saltos.<\/p>\n\n\n\n<p>El prefecto Leonardo Orlando, dijo en su discurso que el arte tiene la virtud de sensibilizar y de generar consciencia colectiva. \u00abPor eso hoy ratificamos ese compromiso de seguir construyendo un Manab\u00ed m\u00e1s integral e inclusivo\u00bb, indic\u00f3 Orlando.<\/p>\n\n\n\n<p>En el evento se premi\u00f3 y reconoci\u00f3 el esfuerzo de las cinco unidades educativas que plasmaron las mejores expresiones art\u00edsticas a trav\u00e9s de la pintura: Pedro Balda Cucal\u00f3n, Tarqui, Progreso, Costa Azul y Manuela Ca\u00f1izares # 65.<\/p>\n","protected":false},"excerpt":{"rendered":"<p>Se clausur\u00f3 el II Festival de Murales \u00abRefugiarte en la Inclusi\u00f3n\u00bb. \u00abPara m\u00ed fue dif\u00edcil salir del pa\u00eds en que nac\u00ed, tener que renacer mi vida en otra ciudad fue muy duro\u00bb, esas conmovedoras palabras las expres\u00f3 la joven venezolana Eddelay Paola Silva Raaz, estudiante de la Unidad Educativa Manuela Ca\u00f1izares de la ciudad de [&hellip;]<\/p>\n","protected":false},"author":10,"featured_media":25144,"comment_status":"closed","ping_status":"closed","sticky":false,"template":"","format":"standard","meta":{"_joinchat":[],"footnotes":""},"categories":[142,156,92,193,91],"tags":[],"class_list":["post-25143","post","type-post","status-publish","format-standard","has-post-thumbnail","hentry","category-desarrollo-social","category-manta","category-noticias-manabi","category-participacion-ciudadana","category-todas"],"yoast_head":"<!-- This site is optimized with the Yoast SEO plugin v27.4 - https:\/\/yoast.com\/product\/yoast-seo-wordpress\/ -->\n<title>\u00a1PREMIO A LA CREATIVIDAD Y TALENTO! - Prefectura de Manab\u00ed<\/title>\n<meta name=\"robots\" content=\"index, follow, max-snippet:-1, max-image-preview:large, max-video-preview:-1\" \/>\n<link rel=\"canonical\" href=\"https:\/\/www.manabi.gob.ec\/index.php\/premio-a-la-creatividad-y-talento\/\" \/>\n<meta property=\"og:locale\" content=\"es_ES\" \/>\n<meta property=\"og:type\" content=\"article\" \/>\n<meta property=\"og:title\" content=\"\u00a1PREMIO A LA CREATIVIDAD Y TALENTO! - Prefectura de Manab\u00ed\" \/>\n<meta property=\"og:description\" content=\"Se clausur\u00f3 el II Festival de Murales \u00abRefugiarte en la Inclusi\u00f3n\u00bb. \u00abPara m\u00ed fue dif\u00edcil salir del pa\u00eds en que nac\u00ed, tener que renacer mi vida en otra ciudad fue muy duro\u00bb, esas conmovedoras palabras las expres\u00f3 la joven venezolana Eddelay Paola Silva Raaz, estudiante de la Unidad Educativa Manuela Ca\u00f1izares de la ciudad de [&hellip;]\" \/>\n<meta property=\"og:url\" content=\"https:\/\/www.manabi.gob.ec\/index.php\/premio-a-la-creatividad-y-talento\/\" \/>\n<meta property=\"og:site_name\" content=\"Prefectura de Manab\u00ed\" \/>\n<meta property=\"article:published_time\" content=\"2023-07-10T18:11:00+00:00\" \/>\n<meta property=\"article:modified_time\" content=\"2023-07-10T18:11:06+00:00\" \/>\n<meta property=\"og:image\" content=\"https:\/\/www.manabi.gob.ec\/wp-content\/uploads\/2023\/07\/WhatsApp-Image-2023-07-07-at-22.21.22.jpeg\" \/>\n\t<meta property=\"og:image:width\" content=\"1024\" \/>\n\t<meta property=\"og:image:height\" content=\"682\" \/>\n\t<meta property=\"og:image:type\" content=\"image\/jpeg\" \/>\n<meta name=\"author\" content=\"Lui Ochoa\" \/>\n<meta name=\"twitter:card\" content=\"summary_large_image\" \/>\n<meta name=\"twitter:label1\" content=\"Escrito por\" \/>\n\t<meta name=\"twitter:data1\" content=\"Lui Ochoa\" \/>\n\t<meta name=\"twitter:label2\" content=\"Tiempo de lectura\" \/>\n\t<meta name=\"twitter:data2\" content=\"2 minutos\" \/>\n<script type=\"application\/ld+json\" class=\"yoast-schema-graph\">{\"@context\":\"https:\\\/\\\/schema.org\",\"@graph\":[{\"@type\":\"Article\",\"@id\":\"https:\\\/\\\/www.manabi.gob.ec\\\/index.php\\\/premio-a-la-creatividad-y-talento\\\/#article\",\"isPartOf\":{\"@id\":\"https:\\\/\\\/www.manabi.gob.ec\\\/index.php\\\/premio-a-la-creatividad-y-talento\\\/\"},\"author\":{\"name\":\"Lui Ochoa\",\"@id\":\"https:\\\/\\\/www.manabi.gob.ec\\\/#\\\/schema\\\/person\\\/c4f117989332ad723a6ced5994aa7d7a\"},\"headline\":\"\u00a1PREMIO A LA CREATIVIDAD Y TALENTO!\",\"datePublished\":\"2023-07-10T18:11:00+00:00\",\"dateModified\":\"2023-07-10T18:11:06+00:00\",\"mainEntityOfPage\":{\"@id\":\"https:\\\/\\\/www.manabi.gob.ec\\\/index.php\\\/premio-a-la-creatividad-y-talento\\\/\"},\"wordCount\":272,\"image\":{\"@id\":\"https:\\\/\\\/www.manabi.gob.ec\\\/index.php\\\/premio-a-la-creatividad-y-talento\\\/#primaryimage\"},\"thumbnailUrl\":\"https:\\\/\\\/www.manabi.gob.ec\\\/wp-content\\\/uploads\\\/2023\\\/07\\\/WhatsApp-Image-2023-07-07-at-22.21.22.jpeg\",\"articleSection\":[\"Desarrollo Social\",\"Manta\",\"Noticias\",\"Participaci\u00f3n ciudadana\",\"Todas\"],\"inLanguage\":\"es\"},{\"@type\":\"WebPage\",\"@id\":\"https:\\\/\\\/www.manabi.gob.ec\\\/index.php\\\/premio-a-la-creatividad-y-talento\\\/\",\"url\":\"https:\\\/\\\/www.manabi.gob.ec\\\/index.php\\\/premio-a-la-creatividad-y-talento\\\/\",\"name\":\"\u00a1PREMIO A LA CREATIVIDAD Y TALENTO! - Prefectura de Manab\u00ed\",\"isPartOf\":{\"@id\":\"https:\\\/\\\/www.manabi.gob.ec\\\/#website\"},\"primaryImageOfPage\":{\"@id\":\"https:\\\/\\\/www.manabi.gob.ec\\\/index.php\\\/premio-a-la-creatividad-y-talento\\\/#primaryimage\"},\"image\":{\"@id\":\"https:\\\/\\\/www.manabi.gob.ec\\\/index.php\\\/premio-a-la-creatividad-y-talento\\\/#primaryimage\"},\"thumbnailUrl\":\"https:\\\/\\\/www.manabi.gob.ec\\\/wp-content\\\/uploads\\\/2023\\\/07\\\/WhatsApp-Image-2023-07-07-at-22.21.22.jpeg\",\"datePublished\":\"2023-07-10T18:11:00+00:00\",\"dateModified\":\"2023-07-10T18:11:06+00:00\",\"author\":{\"@id\":\"https:\\\/\\\/www.manabi.gob.ec\\\/#\\\/schema\\\/person\\\/c4f117989332ad723a6ced5994aa7d7a\"},\"breadcrumb\":{\"@id\":\"https:\\\/\\\/www.manabi.gob.ec\\\/index.php\\\/premio-a-la-creatividad-y-talento\\\/#breadcrumb\"},\"inLanguage\":\"es\",\"potentialAction\":[{\"@type\":\"ReadAction\",\"target\":[\"https:\\\/\\\/www.manabi.gob.ec\\\/index.php\\\/premio-a-la-creatividad-y-talento\\\/\"]}]},{\"@type\":\"ImageObject\",\"inLanguage\":\"es\",\"@id\":\"https:\\\/\\\/www.manabi.gob.ec\\\/index.php\\\/premio-a-la-creatividad-y-talento\\\/#primaryimage\",\"url\":\"https:\\\/\\\/www.manabi.gob.ec\\\/wp-content\\\/uploads\\\/2023\\\/07\\\/WhatsApp-Image-2023-07-07-at-22.21.22.jpeg\",\"contentUrl\":\"https:\\\/\\\/www.manabi.gob.ec\\\/wp-content\\\/uploads\\\/2023\\\/07\\\/WhatsApp-Image-2023-07-07-at-22.21.22.jpeg\",\"width\":1024,\"height\":682},{\"@type\":\"BreadcrumbList\",\"@id\":\"https:\\\/\\\/www.manabi.gob.ec\\\/index.php\\\/premio-a-la-creatividad-y-talento\\\/#breadcrumb\",\"itemListElement\":[{\"@type\":\"ListItem\",\"position\":1,\"name\":\"Portada\",\"item\":\"https:\\\/\\\/www.manabi.gob.ec\\\/\"},{\"@type\":\"ListItem\",\"position\":2,\"name\":\"\u00a1PREMIO A LA CREATIVIDAD Y TALENTO!\"}]},{\"@type\":\"WebSite\",\"@id\":\"https:\\\/\\\/www.manabi.gob.ec\\\/#website\",\"url\":\"https:\\\/\\\/www.manabi.gob.ec\\\/\",\"name\":\"Prefectura de Manab\u00ed\",\"description\":\"P\u00e1gina web de la prefectura\",\"potentialAction\":[{\"@type\":\"SearchAction\",\"target\":{\"@type\":\"EntryPoint\",\"urlTemplate\":\"https:\\\/\\\/www.manabi.gob.ec\\\/?s={search_term_string}\"},\"query-input\":{\"@type\":\"PropertyValueSpecification\",\"valueRequired\":true,\"valueName\":\"search_term_string\"}}],\"inLanguage\":\"es\"},{\"@type\":\"Person\",\"@id\":\"https:\\\/\\\/www.manabi.gob.ec\\\/#\\\/schema\\\/person\\\/c4f117989332ad723a6ced5994aa7d7a\",\"name\":\"Lui Ochoa\",\"image\":{\"@type\":\"ImageObject\",\"inLanguage\":\"es\",\"@id\":\"https:\\\/\\\/secure.gravatar.com\\\/avatar\\\/6e8017d0fe69dead8a95864d2eb6e1e1d8bf8e01194ba49cf7b897ff038126ba?s=96&d=mm&r=g\",\"url\":\"https:\\\/\\\/secure.gravatar.com\\\/avatar\\\/6e8017d0fe69dead8a95864d2eb6e1e1d8bf8e01194ba49cf7b897ff038126ba?s=96&d=mm&r=g\",\"contentUrl\":\"https:\\\/\\\/secure.gravatar.com\\\/avatar\\\/6e8017d0fe69dead8a95864d2eb6e1e1d8bf8e01194ba49cf7b897ff038126ba?s=96&d=mm&r=g\",\"caption\":\"Lui Ochoa\"},\"url\":\"https:\\\/\\\/www.manabi.gob.ec\\\/index.php\\\/author\\\/lochoa\\\/\"}]}<\/script>\n<!-- \/ Yoast SEO plugin. -->","yoast_head_json":{"title":"\u00a1PREMIO A LA CREATIVIDAD Y TALENTO! - Prefectura de Manab\u00ed","robots":{"index":"index","follow":"follow","max-snippet":"max-snippet:-1","max-image-preview":"max-image-preview:large","max-video-preview":"max-video-preview:-1"},"canonical":"https:\/\/www.manabi.gob.ec\/index.php\/premio-a-la-creatividad-y-talento\/","og_locale":"es_ES","og_type":"article","og_title":"\u00a1PREMIO A LA CREATIVIDAD Y TALENTO! - Prefectura de Manab\u00ed","og_description":"Se clausur\u00f3 el II Festival de Murales \u00abRefugiarte en la Inclusi\u00f3n\u00bb. \u00abPara m\u00ed fue dif\u00edcil salir del pa\u00eds en que nac\u00ed, tener que renacer mi vida en otra ciudad fue muy duro\u00bb, esas conmovedoras palabras las expres\u00f3 la joven venezolana Eddelay Paola Silva Raaz, estudiante de la Unidad Educativa Manuela Ca\u00f1izares de la ciudad de [&hellip;]","og_url":"https:\/\/www.manabi.gob.ec\/index.php\/premio-a-la-creatividad-y-talento\/","og_site_name":"Prefectura de Manab\u00ed","article_published_time":"2023-07-10T18:11:00+00:00","article_modified_time":"2023-07-10T18:11:06+00:00","og_image":[{"width":1024,"height":682,"url":"https:\/\/www.manabi.gob.ec\/wp-content\/uploads\/2023\/07\/WhatsApp-Image-2023-07-07-at-22.21.22.jpeg","type":"image\/jpeg"}],"author":"Lui Ochoa","twitter_card":"summary_large_image","twitter_misc":{"Escrito por":"Lui Ochoa","Tiempo de lectura":"2 minutos"},"schema":{"@context":"https:\/\/schema.org","@graph":[{"@type":"Article","@id":"https:\/\/www.manabi.gob.ec\/index.php\/premio-a-la-creatividad-y-talento\/#article","isPartOf":{"@id":"https:\/\/www.manabi.gob.ec\/index.php\/premio-a-la-creatividad-y-talento\/"},"author":{"name":"Lui Ochoa","@id":"https:\/\/www.manabi.gob.ec\/#\/schema\/person\/c4f117989332ad723a6ced5994aa7d7a"},"headline":"\u00a1PREMIO A LA CREATIVIDAD Y TALENTO!","datePublished":"2023-07-10T18:11:00+00:00","dateModified":"2023-07-10T18:11:06+00:00","mainEntityOfPage":{"@id":"https:\/\/www.manabi.gob.ec\/index.php\/premio-a-la-creatividad-y-talento\/"},"wordCount":272,"image":{"@id":"https:\/\/www.manabi.gob.ec\/index.php\/premio-a-la-creatividad-y-talento\/#primaryimage"},"thumbnailUrl":"https:\/\/www.manabi.gob.ec\/wp-content\/uploads\/2023\/07\/WhatsApp-Image-2023-07-07-at-22.21.22.jpeg","articleSection":["Desarrollo Social","Manta","Noticias","Participaci\u00f3n ciudadana","Todas"],"inLanguage":"es"},{"@type":"WebPage","@id":"https:\/\/www.manabi.gob.ec\/index.php\/premio-a-la-creatividad-y-talento\/","url":"https:\/\/www.manabi.gob.ec\/index.php\/premio-a-la-creatividad-y-talento\/","name":"\u00a1PREMIO A LA CREATIVIDAD Y TALENTO! - Prefectura de Manab\u00ed","isPartOf":{"@id":"https:\/\/www.manabi.gob.ec\/#website"},"primaryImageOfPage":{"@id":"https:\/\/www.manabi.gob.ec\/index.php\/premio-a-la-creatividad-y-talento\/#primaryimage"},"image":{"@id":"https:\/\/www.manabi.gob.ec\/index.php\/premio-a-la-creatividad-y-talento\/#primaryimage"},"thumbnailUrl":"https:\/\/www.manabi.gob.ec\/wp-content\/uploads\/2023\/07\/WhatsApp-Image-2023-07-07-at-22.21.22.jpeg","datePublished":"2023-07-10T18:11:00+00:00","dateModified":"2023-07-10T18:11:06+00:00","author":{"@id":"https:\/\/www.manabi.gob.ec\/#\/schema\/person\/c4f117989332ad723a6ced5994aa7d7a"},"breadcrumb":{"@id":"https:\/\/www.manabi.gob.ec\/index.php\/premio-a-la-creatividad-y-talento\/#breadcrumb"},"inLanguage":"es","potentialAction":[{"@type":"ReadAction","target":["https:\/\/www.manabi.gob.ec\/index.php\/premio-a-la-creatividad-y-talento\/"]}]},{"@type":"ImageObject","inLanguage":"es","@id":"https:\/\/www.manabi.gob.ec\/index.php\/premio-a-la-creatividad-y-talento\/#primaryimage","url":"https:\/\/www.manabi.gob.ec\/wp-content\/uploads\/2023\/07\/WhatsApp-Image-2023-07-07-at-22.21.22.jpeg","contentUrl":"https:\/\/www.manabi.gob.ec\/wp-content\/uploads\/2023\/07\/WhatsApp-Image-2023-07-07-at-22.21.22.jpeg","width":1024,"height":682},{"@type":"BreadcrumbList","@id":"https:\/\/www.manabi.gob.ec\/index.php\/premio-a-la-creatividad-y-talento\/#breadcrumb","itemListElement":[{"@type":"ListItem","position":1,"name":"Portada","item":"https:\/\/www.manabi.gob.ec\/"},{"@type":"ListItem","position":2,"name":"\u00a1PREMIO A LA CREATIVIDAD Y TALENTO!"}]},{"@type":"WebSite","@id":"https:\/\/www.manabi.gob.ec\/#website","url":"https:\/\/www.manabi.gob.ec\/","name":"Prefectura de Manab\u00ed","description":"P\u00e1gina web de la prefectura","potentialAction":[{"@type":"SearchAction","target":{"@type":"EntryPoint","urlTemplate":"https:\/\/www.manabi.gob.ec\/?s={search_term_string}"},"query-input":{"@type":"PropertyValueSpecification","valueRequired":true,"valueName":"search_term_string"}}],"inLanguage":"es"},{"@type":"Person","@id":"https:\/\/www.manabi.gob.ec\/#\/schema\/person\/c4f117989332ad723a6ced5994aa7d7a","name":"Lui Ochoa","image":{"@type":"ImageObject","inLanguage":"es","@id":"https:\/\/secure.gravatar.com\/avatar\/6e8017d0fe69dead8a95864d2eb6e1e1d8bf8e01194ba49cf7b897ff038126ba?s=96&d=mm&r=g","url":"https:\/\/secure.gravatar.com\/avatar\/6e8017d0fe69dead8a95864d2eb6e1e1d8bf8e01194ba49cf7b897ff038126ba?s=96&d=mm&r=g","contentUrl":"https:\/\/secure.gravatar.com\/avatar\/6e8017d0fe69dead8a95864d2eb6e1e1d8bf8e01194ba49cf7b897ff038126ba?s=96&d=mm&r=g","caption":"Lui Ochoa"},"url":"https:\/\/www.manabi.gob.ec\/index.php\/author\/lochoa\/"}]}},"jetpack_featured_media_url":"https:\/\/www.manabi.gob.ec\/wp-content\/uploads\/2023\/07\/WhatsApp-Image-2023-07-07-at-22.21.22.jpeg","_links":{"self":[{"href":"https:\/\/www.manabi.gob.ec\/index.php\/wp-json\/wp\/v2\/posts\/25143","targetHints":{"allow":["GET"]}}],"collection":[{"href":"https:\/\/www.manabi.gob.ec\/index.php\/wp-json\/wp\/v2\/posts"}],"about":[{"href":"https:\/\/www.manabi.gob.ec\/index.php\/wp-json\/wp\/v2\/types\/post"}],"author":[{"embeddable":true,"href":"https:\/\/www.manabi.gob.ec\/index.php\/wp-json\/wp\/v2\/users\/10"}],"replies":[{"embeddable":true,"href":"https:\/\/www.manabi.gob.ec\/index.php\/wp-json\/wp\/v2\/comments?post=25143"}],"version-history":[{"count":0,"href":"https:\/\/www.manabi.gob.ec\/index.php\/wp-json\/wp\/v2\/posts\/25143\/revisions"}],"wp:featuredmedia":[{"embeddable":true,"href":"https:\/\/www.manabi.gob.ec\/index.php\/wp-json\/wp\/v2\/media\/25144"}],"wp:attachment":[{"href":"https:\/\/www.manabi.gob.ec\/index.php\/wp-json\/wp\/v2\/media?parent=25143"}],"wp:term":[{"taxonomy":"category","embeddable":true,"href":"https:\/\/www.manabi.gob.ec\/index.php\/wp-json\/wp\/v2\/categories?post=25143"},{"taxonomy":"post_tag","embeddable":true,"href":"https:\/\/www.manabi.gob.ec\/index.php\/wp-json\/wp\/v2\/tags?post=25143"}],"curies":[{"name":"wp","href":"https:\/\/api.w.org\/{rel}","templated":true}]}}