{"id":25157,"date":"2023-07-17T17:44:12","date_gmt":"2023-07-17T17:44:12","guid":{"rendered":"https:\/\/www.manabi.gob.ec\/?p=25157"},"modified":"2023-07-17T17:44:18","modified_gmt":"2023-07-17T17:44:18","slug":"nos-unimos-a-la-carrera-ciclista-ruta-por-la-vida-en-apoyo-a-una-noble-causa","status":"publish","type":"post","link":"https:\/\/www.manabi.gob.ec\/index.php\/nos-unimos-a-la-carrera-ciclista-ruta-por-la-vida-en-apoyo-a-una-noble-causa\/","title":{"rendered":"Nos unimos a la carrera ciclista Ruta por La Vida, en apoyo a una noble causa."},"content":{"rendered":"\n<p>Las agrestes monta\u00f1as del sector de Las Lozas en el sitio El Naranjo, perteneciente al cant\u00f3n Portoviejo, fueron testigos de la emocionante carrera cicl\u00edstica Ruta Por La Vida. Este evento cont\u00f3 con la participaci\u00f3n de ciclistas de Manab\u00ed y de todo el pa\u00eds, quienes se reunieron para formar parte de esta competencia de casi 20 kil\u00f3metros, llena de desaf\u00edos, paisajes impresionantes y una dosis de adrenalina.<\/p>\n\n\n\n<p>La Prefectura de Manab\u00ed, siempre comprometida con las causas nobles, estuvo presente en el evento. Sus brigadas m\u00e9dicas y contingente ofrecieron apoyo a los deportistas a lo largo de la ruta, brindando atenci\u00f3n m\u00e9dica, terap\u00e9utica y nutricional.<\/p>\n\n\n\n<p>El objetivo principal de esta carrera MTB fue brindar ayuda y esperanza a nuestros ni\u00f1os con pie equinovaro junto a Fundaci\u00f3n La Vida, proyecto que es impulsado y apoyado por la Prefectura<\/p>\n\n\n\n<h1 class=\"wp-block-heading\">RutaPorLaVida<\/h1>\n","protected":false},"excerpt":{"rendered":"<p>Las agrestes monta\u00f1as del sector de Las Lozas en el sitio El Naranjo, perteneciente al cant\u00f3n Portoviejo, fueron testigos de la emocionante carrera cicl\u00edstica Ruta Por La Vida. Este evento cont\u00f3 con la participaci\u00f3n de ciclistas de Manab\u00ed y de todo el pa\u00eds, quienes se reunieron para formar parte de esta competencia de casi 20 [&hellip;]<\/p>\n","protected":false},"author":10,"featured_media":25158,"comment_status":"closed","ping_status":"closed","sticky":false,"template":"","format":"standard","meta":{"_joinchat":[],"footnotes":""},"categories":[142,92,132,91,81],"tags":[],"class_list":["post-25157","post","type-post","status-publish","format-standard","has-post-thumbnail","hentry","category-desarrollo-social","category-noticias-manabi","category-portoviejo","category-todas","category-turismo"],"yoast_head":"<!-- This site is optimized with the Yoast SEO plugin v27.4 - https:\/\/yoast.com\/product\/yoast-seo-wordpress\/ -->\n<title>Nos unimos a la carrera ciclista Ruta por La Vida, en apoyo a una noble causa. - Prefectura de Manab\u00ed<\/title>\n<meta name=\"robots\" content=\"index, follow, max-snippet:-1, max-image-preview:large, max-video-preview:-1\" \/>\n<link rel=\"canonical\" href=\"https:\/\/www.manabi.gob.ec\/index.php\/nos-unimos-a-la-carrera-ciclista-ruta-por-la-vida-en-apoyo-a-una-noble-causa\/\" \/>\n<meta property=\"og:locale\" content=\"es_ES\" \/>\n<meta property=\"og:type\" content=\"article\" \/>\n<meta property=\"og:title\" content=\"Nos unimos a la carrera ciclista Ruta por La Vida, en apoyo a una noble causa. - Prefectura de Manab\u00ed\" \/>\n<meta property=\"og:description\" content=\"Las agrestes monta\u00f1as del sector de Las Lozas en el sitio El Naranjo, perteneciente al cant\u00f3n Portoviejo, fueron testigos de la emocionante carrera cicl\u00edstica Ruta Por La Vida. Este evento cont\u00f3 con la participaci\u00f3n de ciclistas de Manab\u00ed y de todo el pa\u00eds, quienes se reunieron para formar parte de esta competencia de casi 20 [&hellip;]\" \/>\n<meta property=\"og:url\" content=\"https:\/\/www.manabi.gob.ec\/index.php\/nos-unimos-a-la-carrera-ciclista-ruta-por-la-vida-en-apoyo-a-una-noble-causa\/\" \/>\n<meta property=\"og:site_name\" content=\"Prefectura de Manab\u00ed\" \/>\n<meta property=\"article:published_time\" content=\"2023-07-17T17:44:12+00:00\" \/>\n<meta property=\"article:modified_time\" content=\"2023-07-17T17:44:18+00:00\" \/>\n<meta property=\"og:image\" content=\"https:\/\/www.manabi.gob.ec\/wp-content\/uploads\/2023\/07\/WhatsApp-Image-2023-07-09-at-15.42.18.jpeg\" \/>\n\t<meta property=\"og:image:width\" content=\"1024\" \/>\n\t<meta property=\"og:image:height\" content=\"760\" \/>\n\t<meta property=\"og:image:type\" content=\"image\/jpeg\" \/>\n<meta name=\"author\" content=\"Lui Ochoa\" \/>\n<meta name=\"twitter:card\" content=\"summary_large_image\" \/>\n<meta name=\"twitter:label1\" content=\"Escrito por\" \/>\n\t<meta name=\"twitter:data1\" content=\"Lui Ochoa\" \/>\n\t<meta name=\"twitter:label2\" content=\"Tiempo de lectura\" \/>\n\t<meta name=\"twitter:data2\" content=\"1 minuto\" \/>\n<script type=\"application\/ld+json\" class=\"yoast-schema-graph\">{\"@context\":\"https:\\\/\\\/schema.org\",\"@graph\":[{\"@type\":\"Article\",\"@id\":\"https:\\\/\\\/www.manabi.gob.ec\\\/index.php\\\/nos-unimos-a-la-carrera-ciclista-ruta-por-la-vida-en-apoyo-a-una-noble-causa\\\/#article\",\"isPartOf\":{\"@id\":\"https:\\\/\\\/www.manabi.gob.ec\\\/index.php\\\/nos-unimos-a-la-carrera-ciclista-ruta-por-la-vida-en-apoyo-a-una-noble-causa\\\/\"},\"author\":{\"name\":\"Lui Ochoa\",\"@id\":\"https:\\\/\\\/www.manabi.gob.ec\\\/#\\\/schema\\\/person\\\/c4f117989332ad723a6ced5994aa7d7a\"},\"headline\":\"Nos unimos a la carrera ciclista Ruta por La Vida, en apoyo a una noble causa.\",\"datePublished\":\"2023-07-17T17:44:12+00:00\",\"dateModified\":\"2023-07-17T17:44:18+00:00\",\"mainEntityOfPage\":{\"@id\":\"https:\\\/\\\/www.manabi.gob.ec\\\/index.php\\\/nos-unimos-a-la-carrera-ciclista-ruta-por-la-vida-en-apoyo-a-una-noble-causa\\\/\"},\"wordCount\":164,\"image\":{\"@id\":\"https:\\\/\\\/www.manabi.gob.ec\\\/index.php\\\/nos-unimos-a-la-carrera-ciclista-ruta-por-la-vida-en-apoyo-a-una-noble-causa\\\/#primaryimage\"},\"thumbnailUrl\":\"https:\\\/\\\/www.manabi.gob.ec\\\/wp-content\\\/uploads\\\/2023\\\/07\\\/WhatsApp-Image-2023-07-09-at-15.42.18.jpeg\",\"articleSection\":[\"Desarrollo Social\",\"Noticias\",\"Portoviejo\",\"Todas\",\"Turismo\"],\"inLanguage\":\"es\"},{\"@type\":\"WebPage\",\"@id\":\"https:\\\/\\\/www.manabi.gob.ec\\\/index.php\\\/nos-unimos-a-la-carrera-ciclista-ruta-por-la-vida-en-apoyo-a-una-noble-causa\\\/\",\"url\":\"https:\\\/\\\/www.manabi.gob.ec\\\/index.php\\\/nos-unimos-a-la-carrera-ciclista-ruta-por-la-vida-en-apoyo-a-una-noble-causa\\\/\",\"name\":\"Nos unimos a la carrera ciclista Ruta por La Vida, en apoyo a una noble causa. - Prefectura de Manab\u00ed\",\"isPartOf\":{\"@id\":\"https:\\\/\\\/www.manabi.gob.ec\\\/#website\"},\"primaryImageOfPage\":{\"@id\":\"https:\\\/\\\/www.manabi.gob.ec\\\/index.php\\\/nos-unimos-a-la-carrera-ciclista-ruta-por-la-vida-en-apoyo-a-una-noble-causa\\\/#primaryimage\"},\"image\":{\"@id\":\"https:\\\/\\\/www.manabi.gob.ec\\\/index.php\\\/nos-unimos-a-la-carrera-ciclista-ruta-por-la-vida-en-apoyo-a-una-noble-causa\\\/#primaryimage\"},\"thumbnailUrl\":\"https:\\\/\\\/www.manabi.gob.ec\\\/wp-content\\\/uploads\\\/2023\\\/07\\\/WhatsApp-Image-2023-07-09-at-15.42.18.jpeg\",\"datePublished\":\"2023-07-17T17:44:12+00:00\",\"dateModified\":\"2023-07-17T17:44:18+00:00\",\"author\":{\"@id\":\"https:\\\/\\\/www.manabi.gob.ec\\\/#\\\/schema\\\/person\\\/c4f117989332ad723a6ced5994aa7d7a\"},\"breadcrumb\":{\"@id\":\"https:\\\/\\\/www.manabi.gob.ec\\\/index.php\\\/nos-unimos-a-la-carrera-ciclista-ruta-por-la-vida-en-apoyo-a-una-noble-causa\\\/#breadcrumb\"},\"inLanguage\":\"es\",\"potentialAction\":[{\"@type\":\"ReadAction\",\"target\":[\"https:\\\/\\\/www.manabi.gob.ec\\\/index.php\\\/nos-unimos-a-la-carrera-ciclista-ruta-por-la-vida-en-apoyo-a-una-noble-causa\\\/\"]}]},{\"@type\":\"ImageObject\",\"inLanguage\":\"es\",\"@id\":\"https:\\\/\\\/www.manabi.gob.ec\\\/index.php\\\/nos-unimos-a-la-carrera-ciclista-ruta-por-la-vida-en-apoyo-a-una-noble-causa\\\/#primaryimage\",\"url\":\"https:\\\/\\\/www.manabi.gob.ec\\\/wp-content\\\/uploads\\\/2023\\\/07\\\/WhatsApp-Image-2023-07-09-at-15.42.18.jpeg\",\"contentUrl\":\"https:\\\/\\\/www.manabi.gob.ec\\\/wp-content\\\/uploads\\\/2023\\\/07\\\/WhatsApp-Image-2023-07-09-at-15.42.18.jpeg\",\"width\":1024,\"height\":760},{\"@type\":\"BreadcrumbList\",\"@id\":\"https:\\\/\\\/www.manabi.gob.ec\\\/index.php\\\/nos-unimos-a-la-carrera-ciclista-ruta-por-la-vida-en-apoyo-a-una-noble-causa\\\/#breadcrumb\",\"itemListElement\":[{\"@type\":\"ListItem\",\"position\":1,\"name\":\"Portada\",\"item\":\"https:\\\/\\\/www.manabi.gob.ec\\\/\"},{\"@type\":\"ListItem\",\"position\":2,\"name\":\"Nos unimos a la carrera ciclista Ruta por La Vida, en apoyo a una noble causa.\"}]},{\"@type\":\"WebSite\",\"@id\":\"https:\\\/\\\/www.manabi.gob.ec\\\/#website\",\"url\":\"https:\\\/\\\/www.manabi.gob.ec\\\/\",\"name\":\"Prefectura de Manab\u00ed\",\"description\":\"P\u00e1gina web de la prefectura\",\"potentialAction\":[{\"@type\":\"SearchAction\",\"target\":{\"@type\":\"EntryPoint\",\"urlTemplate\":\"https:\\\/\\\/www.manabi.gob.ec\\\/?s={search_term_string}\"},\"query-input\":{\"@type\":\"PropertyValueSpecification\",\"valueRequired\":true,\"valueName\":\"search_term_string\"}}],\"inLanguage\":\"es\"},{\"@type\":\"Person\",\"@id\":\"https:\\\/\\\/www.manabi.gob.ec\\\/#\\\/schema\\\/person\\\/c4f117989332ad723a6ced5994aa7d7a\",\"name\":\"Lui Ochoa\",\"image\":{\"@type\":\"ImageObject\",\"inLanguage\":\"es\",\"@id\":\"https:\\\/\\\/secure.gravatar.com\\\/avatar\\\/6e8017d0fe69dead8a95864d2eb6e1e1d8bf8e01194ba49cf7b897ff038126ba?s=96&d=mm&r=g\",\"url\":\"https:\\\/\\\/secure.gravatar.com\\\/avatar\\\/6e8017d0fe69dead8a95864d2eb6e1e1d8bf8e01194ba49cf7b897ff038126ba?s=96&d=mm&r=g\",\"contentUrl\":\"https:\\\/\\\/secure.gravatar.com\\\/avatar\\\/6e8017d0fe69dead8a95864d2eb6e1e1d8bf8e01194ba49cf7b897ff038126ba?s=96&d=mm&r=g\",\"caption\":\"Lui Ochoa\"},\"url\":\"https:\\\/\\\/www.manabi.gob.ec\\\/index.php\\\/author\\\/lochoa\\\/\"}]}<\/script>\n<!-- \/ Yoast SEO plugin. -->","yoast_head_json":{"title":"Nos unimos a la carrera ciclista Ruta por La Vida, en apoyo a una noble causa. - Prefectura de Manab\u00ed","robots":{"index":"index","follow":"follow","max-snippet":"max-snippet:-1","max-image-preview":"max-image-preview:large","max-video-preview":"max-video-preview:-1"},"canonical":"https:\/\/www.manabi.gob.ec\/index.php\/nos-unimos-a-la-carrera-ciclista-ruta-por-la-vida-en-apoyo-a-una-noble-causa\/","og_locale":"es_ES","og_type":"article","og_title":"Nos unimos a la carrera ciclista Ruta por La Vida, en apoyo a una noble causa. - Prefectura de Manab\u00ed","og_description":"Las agrestes monta\u00f1as del sector de Las Lozas en el sitio El Naranjo, perteneciente al cant\u00f3n Portoviejo, fueron testigos de la emocionante carrera cicl\u00edstica Ruta Por La Vida. Este evento cont\u00f3 con la participaci\u00f3n de ciclistas de Manab\u00ed y de todo el pa\u00eds, quienes se reunieron para formar parte de esta competencia de casi 20 [&hellip;]","og_url":"https:\/\/www.manabi.gob.ec\/index.php\/nos-unimos-a-la-carrera-ciclista-ruta-por-la-vida-en-apoyo-a-una-noble-causa\/","og_site_name":"Prefectura de Manab\u00ed","article_published_time":"2023-07-17T17:44:12+00:00","article_modified_time":"2023-07-17T17:44:18+00:00","og_image":[{"width":1024,"height":760,"url":"https:\/\/www.manabi.gob.ec\/wp-content\/uploads\/2023\/07\/WhatsApp-Image-2023-07-09-at-15.42.18.jpeg","type":"image\/jpeg"}],"author":"Lui Ochoa","twitter_card":"summary_large_image","twitter_misc":{"Escrito por":"Lui Ochoa","Tiempo de lectura":"1 minuto"},"schema":{"@context":"https:\/\/schema.org","@graph":[{"@type":"Article","@id":"https:\/\/www.manabi.gob.ec\/index.php\/nos-unimos-a-la-carrera-ciclista-ruta-por-la-vida-en-apoyo-a-una-noble-causa\/#article","isPartOf":{"@id":"https:\/\/www.manabi.gob.ec\/index.php\/nos-unimos-a-la-carrera-ciclista-ruta-por-la-vida-en-apoyo-a-una-noble-causa\/"},"author":{"name":"Lui Ochoa","@id":"https:\/\/www.manabi.gob.ec\/#\/schema\/person\/c4f117989332ad723a6ced5994aa7d7a"},"headline":"Nos unimos a la carrera ciclista Ruta por La Vida, en apoyo a una noble causa.","datePublished":"2023-07-17T17:44:12+00:00","dateModified":"2023-07-17T17:44:18+00:00","mainEntityOfPage":{"@id":"https:\/\/www.manabi.gob.ec\/index.php\/nos-unimos-a-la-carrera-ciclista-ruta-por-la-vida-en-apoyo-a-una-noble-causa\/"},"wordCount":164,"image":{"@id":"https:\/\/www.manabi.gob.ec\/index.php\/nos-unimos-a-la-carrera-ciclista-ruta-por-la-vida-en-apoyo-a-una-noble-causa\/#primaryimage"},"thumbnailUrl":"https:\/\/www.manabi.gob.ec\/wp-content\/uploads\/2023\/07\/WhatsApp-Image-2023-07-09-at-15.42.18.jpeg","articleSection":["Desarrollo Social","Noticias","Portoviejo","Todas","Turismo"],"inLanguage":"es"},{"@type":"WebPage","@id":"https:\/\/www.manabi.gob.ec\/index.php\/nos-unimos-a-la-carrera-ciclista-ruta-por-la-vida-en-apoyo-a-una-noble-causa\/","url":"https:\/\/www.manabi.gob.ec\/index.php\/nos-unimos-a-la-carrera-ciclista-ruta-por-la-vida-en-apoyo-a-una-noble-causa\/","name":"Nos unimos a la carrera ciclista Ruta por La Vida, en apoyo a una noble causa. - Prefectura de Manab\u00ed","isPartOf":{"@id":"https:\/\/www.manabi.gob.ec\/#website"},"primaryImageOfPage":{"@id":"https:\/\/www.manabi.gob.ec\/index.php\/nos-unimos-a-la-carrera-ciclista-ruta-por-la-vida-en-apoyo-a-una-noble-causa\/#primaryimage"},"image":{"@id":"https:\/\/www.manabi.gob.ec\/index.php\/nos-unimos-a-la-carrera-ciclista-ruta-por-la-vida-en-apoyo-a-una-noble-causa\/#primaryimage"},"thumbnailUrl":"https:\/\/www.manabi.gob.ec\/wp-content\/uploads\/2023\/07\/WhatsApp-Image-2023-07-09-at-15.42.18.jpeg","datePublished":"2023-07-17T17:44:12+00:00","dateModified":"2023-07-17T17:44:18+00:00","author":{"@id":"https:\/\/www.manabi.gob.ec\/#\/schema\/person\/c4f117989332ad723a6ced5994aa7d7a"},"breadcrumb":{"@id":"https:\/\/www.manabi.gob.ec\/index.php\/nos-unimos-a-la-carrera-ciclista-ruta-por-la-vida-en-apoyo-a-una-noble-causa\/#breadcrumb"},"inLanguage":"es","potentialAction":[{"@type":"ReadAction","target":["https:\/\/www.manabi.gob.ec\/index.php\/nos-unimos-a-la-carrera-ciclista-ruta-por-la-vida-en-apoyo-a-una-noble-causa\/"]}]},{"@type":"ImageObject","inLanguage":"es","@id":"https:\/\/www.manabi.gob.ec\/index.php\/nos-unimos-a-la-carrera-ciclista-ruta-por-la-vida-en-apoyo-a-una-noble-causa\/#primaryimage","url":"https:\/\/www.manabi.gob.ec\/wp-content\/uploads\/2023\/07\/WhatsApp-Image-2023-07-09-at-15.42.18.jpeg","contentUrl":"https:\/\/www.manabi.gob.ec\/wp-content\/uploads\/2023\/07\/WhatsApp-Image-2023-07-09-at-15.42.18.jpeg","width":1024,"height":760},{"@type":"BreadcrumbList","@id":"https:\/\/www.manabi.gob.ec\/index.php\/nos-unimos-a-la-carrera-ciclista-ruta-por-la-vida-en-apoyo-a-una-noble-causa\/#breadcrumb","itemListElement":[{"@type":"ListItem","position":1,"name":"Portada","item":"https:\/\/www.manabi.gob.ec\/"},{"@type":"ListItem","position":2,"name":"Nos unimos a la carrera ciclista Ruta por La Vida, en apoyo a una noble causa."}]},{"@type":"WebSite","@id":"https:\/\/www.manabi.gob.ec\/#website","url":"https:\/\/www.manabi.gob.ec\/","name":"Prefectura de Manab\u00ed","description":"P\u00e1gina web de la prefectura","potentialAction":[{"@type":"SearchAction","target":{"@type":"EntryPoint","urlTemplate":"https:\/\/www.manabi.gob.ec\/?s={search_term_string}"},"query-input":{"@type":"PropertyValueSpecification","valueRequired":true,"valueName":"search_term_string"}}],"inLanguage":"es"},{"@type":"Person","@id":"https:\/\/www.manabi.gob.ec\/#\/schema\/person\/c4f117989332ad723a6ced5994aa7d7a","name":"Lui Ochoa","image":{"@type":"ImageObject","inLanguage":"es","@id":"https:\/\/secure.gravatar.com\/avatar\/6e8017d0fe69dead8a95864d2eb6e1e1d8bf8e01194ba49cf7b897ff038126ba?s=96&d=mm&r=g","url":"https:\/\/secure.gravatar.com\/avatar\/6e8017d0fe69dead8a95864d2eb6e1e1d8bf8e01194ba49cf7b897ff038126ba?s=96&d=mm&r=g","contentUrl":"https:\/\/secure.gravatar.com\/avatar\/6e8017d0fe69dead8a95864d2eb6e1e1d8bf8e01194ba49cf7b897ff038126ba?s=96&d=mm&r=g","caption":"Lui Ochoa"},"url":"https:\/\/www.manabi.gob.ec\/index.php\/author\/lochoa\/"}]}},"jetpack_featured_media_url":"https:\/\/www.manabi.gob.ec\/wp-content\/uploads\/2023\/07\/WhatsApp-Image-2023-07-09-at-15.42.18.jpeg","_links":{"self":[{"href":"https:\/\/www.manabi.gob.ec\/index.php\/wp-json\/wp\/v2\/posts\/25157","targetHints":{"allow":["GET"]}}],"collection":[{"href":"https:\/\/www.manabi.gob.ec\/index.php\/wp-json\/wp\/v2\/posts"}],"about":[{"href":"https:\/\/www.manabi.gob.ec\/index.php\/wp-json\/wp\/v2\/types\/post"}],"author":[{"embeddable":true,"href":"https:\/\/www.manabi.gob.ec\/index.php\/wp-json\/wp\/v2\/users\/10"}],"replies":[{"embeddable":true,"href":"https:\/\/www.manabi.gob.ec\/index.php\/wp-json\/wp\/v2\/comments?post=25157"}],"version-history":[{"count":0,"href":"https:\/\/www.manabi.gob.ec\/index.php\/wp-json\/wp\/v2\/posts\/25157\/revisions"}],"wp:featuredmedia":[{"embeddable":true,"href":"https:\/\/www.manabi.gob.ec\/index.php\/wp-json\/wp\/v2\/media\/25158"}],"wp:attachment":[{"href":"https:\/\/www.manabi.gob.ec\/index.php\/wp-json\/wp\/v2\/media?parent=25157"}],"wp:term":[{"taxonomy":"category","embeddable":true,"href":"https:\/\/www.manabi.gob.ec\/index.php\/wp-json\/wp\/v2\/categories?post=25157"},{"taxonomy":"post_tag","embeddable":true,"href":"https:\/\/www.manabi.gob.ec\/index.php\/wp-json\/wp\/v2\/tags?post=25157"}],"curies":[{"name":"wp","href":"https:\/\/api.w.org\/{rel}","templated":true}]}}