{"id":25183,"date":"2023-07-17T18:49:56","date_gmt":"2023-07-17T18:49:56","guid":{"rendered":"https:\/\/www.manabi.gob.ec\/?p=25183"},"modified":"2023-07-17T18:50:00","modified_gmt":"2023-07-17T18:50:00","slug":"nos-activamos-por-la-emergencia","status":"publish","type":"post","link":"https:\/\/www.manabi.gob.ec\/index.php\/nos-activamos-por-la-emergencia\/","title":{"rendered":"\u00a1Nos activamos por la emergencia!"},"content":{"rendered":"\n<p>Una vez conocida la emergencia invernal en el cant\u00f3n Flavio Alfaro, por el desbordamiento de los r\u00edos Oro y Pescadillo, los t\u00e9cnicos de vialidad y el director de Fomento Productivo de la Prefectura de Manab\u00ed, Ra\u00fal Andrade, se desplazaron al cant\u00f3n Flavio Alfaro.<\/p>\n\n\n\n<p>\u201cA primera hora visitamos la parroquia Convento del cant\u00f3n Chone, donde las lluvias tambi\u00e9n provocaron afectaciones\u201d, dijo Ra\u00fal Andrade, director de Fomento Productivo de la Prefectura de Manab\u00ed.<\/p>\n\n\n\n<p>\u00abAhora estamos participando de la reuni\u00f3n del COE cantonal con las diferentes mesas para darle respuesta inmediata a la emergencia que se vive en Flavio Alfaro\u00bb, acot\u00f3 Andrade.<\/p>\n\n\n\n<p>En Zapallo<br>En la parroquia Zapallo, el equipo de vialidad de la Prefectura, atendi\u00f3 de manera urgente la limpieza de deslaves y badenes en la v\u00edas Guineo &#8211; Ca\u00f1a &#8211; Gongora, Turriaga, Yeska, Zapallito, Javier, Aguas Buenas, Tigre y Mono. As\u00ed mismo se intervino en la v\u00eda Cumbre &#8211; La Morena &#8211; La Codicia- Trinidad.<\/p>\n\n\n\n<p>Mientras tanto una excavadora del GAD cantonal, realiza la limpieza de palizada en el r\u00edo Pescadillo, en el puente de ingreso a Flavio Alfaro.<\/p>\n","protected":false},"excerpt":{"rendered":"<p>Una vez conocida la emergencia invernal en el cant\u00f3n Flavio Alfaro, por el desbordamiento de los r\u00edos Oro y Pescadillo, los t\u00e9cnicos de vialidad y el director de Fomento Productivo de la Prefectura de Manab\u00ed, Ra\u00fal Andrade, se desplazaron al cant\u00f3n Flavio Alfaro. \u201cA primera hora visitamos la parroquia Convento del cant\u00f3n Chone, donde las [&hellip;]<\/p>\n","protected":false},"author":10,"featured_media":25184,"comment_status":"closed","ping_status":"closed","sticky":false,"template":"","format":"standard","meta":{"_joinchat":[],"footnotes":""},"categories":[142,151,170,92,181,339,340,91,127],"tags":[],"class_list":["post-25183","post","type-post","status-publish","format-standard","has-post-thumbnail","hentry","category-desarrollo-social","category-flavio-alfaro","category-manabi-vial","category-noticias-manabi","category-obra-publica","category-plan-invernal","category-plan-invernal-plan-invernal","category-todas","category-vialidad"],"yoast_head":"<!-- This site is optimized with the Yoast SEO plugin v27.4 - https:\/\/yoast.com\/product\/yoast-seo-wordpress\/ -->\n<title>\u00a1Nos activamos por la emergencia! - Prefectura de Manab\u00ed<\/title>\n<meta name=\"robots\" content=\"index, follow, max-snippet:-1, max-image-preview:large, max-video-preview:-1\" \/>\n<link rel=\"canonical\" href=\"https:\/\/www.manabi.gob.ec\/index.php\/nos-activamos-por-la-emergencia\/\" \/>\n<meta property=\"og:locale\" content=\"es_ES\" \/>\n<meta property=\"og:type\" content=\"article\" \/>\n<meta property=\"og:title\" content=\"\u00a1Nos activamos por la emergencia! - Prefectura de Manab\u00ed\" \/>\n<meta property=\"og:description\" content=\"Una vez conocida la emergencia invernal en el cant\u00f3n Flavio Alfaro, por el desbordamiento de los r\u00edos Oro y Pescadillo, los t\u00e9cnicos de vialidad y el director de Fomento Productivo de la Prefectura de Manab\u00ed, Ra\u00fal Andrade, se desplazaron al cant\u00f3n Flavio Alfaro. \u201cA primera hora visitamos la parroquia Convento del cant\u00f3n Chone, donde las [&hellip;]\" \/>\n<meta property=\"og:url\" content=\"https:\/\/www.manabi.gob.ec\/index.php\/nos-activamos-por-la-emergencia\/\" \/>\n<meta property=\"og:site_name\" content=\"Prefectura de Manab\u00ed\" \/>\n<meta property=\"article:published_time\" content=\"2023-07-17T18:49:56+00:00\" \/>\n<meta property=\"article:modified_time\" content=\"2023-07-17T18:50:00+00:00\" \/>\n<meta property=\"og:image\" content=\"https:\/\/www.manabi.gob.ec\/wp-content\/uploads\/2023\/07\/WhatsApp-Image-2023-07-12-at-14.44.20.jpeg\" \/>\n\t<meta property=\"og:image:width\" content=\"1040\" \/>\n\t<meta property=\"og:image:height\" content=\"780\" \/>\n\t<meta property=\"og:image:type\" content=\"image\/jpeg\" \/>\n<meta name=\"author\" content=\"Lui Ochoa\" \/>\n<meta name=\"twitter:card\" content=\"summary_large_image\" \/>\n<meta name=\"twitter:label1\" content=\"Escrito por\" \/>\n\t<meta name=\"twitter:data1\" content=\"Lui Ochoa\" \/>\n\t<meta name=\"twitter:label2\" content=\"Tiempo de lectura\" \/>\n\t<meta name=\"twitter:data2\" content=\"1 minuto\" \/>\n<script type=\"application\/ld+json\" class=\"yoast-schema-graph\">{\"@context\":\"https:\\\/\\\/schema.org\",\"@graph\":[{\"@type\":\"Article\",\"@id\":\"https:\\\/\\\/www.manabi.gob.ec\\\/index.php\\\/nos-activamos-por-la-emergencia\\\/#article\",\"isPartOf\":{\"@id\":\"https:\\\/\\\/www.manabi.gob.ec\\\/index.php\\\/nos-activamos-por-la-emergencia\\\/\"},\"author\":{\"name\":\"Lui Ochoa\",\"@id\":\"https:\\\/\\\/www.manabi.gob.ec\\\/#\\\/schema\\\/person\\\/c4f117989332ad723a6ced5994aa7d7a\"},\"headline\":\"\u00a1Nos activamos por la emergencia!\",\"datePublished\":\"2023-07-17T18:49:56+00:00\",\"dateModified\":\"2023-07-17T18:50:00+00:00\",\"mainEntityOfPage\":{\"@id\":\"https:\\\/\\\/www.manabi.gob.ec\\\/index.php\\\/nos-activamos-por-la-emergencia\\\/\"},\"wordCount\":195,\"image\":{\"@id\":\"https:\\\/\\\/www.manabi.gob.ec\\\/index.php\\\/nos-activamos-por-la-emergencia\\\/#primaryimage\"},\"thumbnailUrl\":\"https:\\\/\\\/www.manabi.gob.ec\\\/wp-content\\\/uploads\\\/2023\\\/07\\\/WhatsApp-Image-2023-07-12-at-14.44.20.jpeg\",\"articleSection\":[\"Desarrollo Social\",\"Flavio Alfaro\",\"Manab\u00ed Vial\",\"Noticias\",\"Obra P\u00fablica\",\"Plan Invernal\",\"PLAN INVERNAL\",\"Todas\",\"Vialidad\"],\"inLanguage\":\"es\"},{\"@type\":\"WebPage\",\"@id\":\"https:\\\/\\\/www.manabi.gob.ec\\\/index.php\\\/nos-activamos-por-la-emergencia\\\/\",\"url\":\"https:\\\/\\\/www.manabi.gob.ec\\\/index.php\\\/nos-activamos-por-la-emergencia\\\/\",\"name\":\"\u00a1Nos activamos por la emergencia! - Prefectura de Manab\u00ed\",\"isPartOf\":{\"@id\":\"https:\\\/\\\/www.manabi.gob.ec\\\/#website\"},\"primaryImageOfPage\":{\"@id\":\"https:\\\/\\\/www.manabi.gob.ec\\\/index.php\\\/nos-activamos-por-la-emergencia\\\/#primaryimage\"},\"image\":{\"@id\":\"https:\\\/\\\/www.manabi.gob.ec\\\/index.php\\\/nos-activamos-por-la-emergencia\\\/#primaryimage\"},\"thumbnailUrl\":\"https:\\\/\\\/www.manabi.gob.ec\\\/wp-content\\\/uploads\\\/2023\\\/07\\\/WhatsApp-Image-2023-07-12-at-14.44.20.jpeg\",\"datePublished\":\"2023-07-17T18:49:56+00:00\",\"dateModified\":\"2023-07-17T18:50:00+00:00\",\"author\":{\"@id\":\"https:\\\/\\\/www.manabi.gob.ec\\\/#\\\/schema\\\/person\\\/c4f117989332ad723a6ced5994aa7d7a\"},\"breadcrumb\":{\"@id\":\"https:\\\/\\\/www.manabi.gob.ec\\\/index.php\\\/nos-activamos-por-la-emergencia\\\/#breadcrumb\"},\"inLanguage\":\"es\",\"potentialAction\":[{\"@type\":\"ReadAction\",\"target\":[\"https:\\\/\\\/www.manabi.gob.ec\\\/index.php\\\/nos-activamos-por-la-emergencia\\\/\"]}]},{\"@type\":\"ImageObject\",\"inLanguage\":\"es\",\"@id\":\"https:\\\/\\\/www.manabi.gob.ec\\\/index.php\\\/nos-activamos-por-la-emergencia\\\/#primaryimage\",\"url\":\"https:\\\/\\\/www.manabi.gob.ec\\\/wp-content\\\/uploads\\\/2023\\\/07\\\/WhatsApp-Image-2023-07-12-at-14.44.20.jpeg\",\"contentUrl\":\"https:\\\/\\\/www.manabi.gob.ec\\\/wp-content\\\/uploads\\\/2023\\\/07\\\/WhatsApp-Image-2023-07-12-at-14.44.20.jpeg\",\"width\":1040,\"height\":780},{\"@type\":\"BreadcrumbList\",\"@id\":\"https:\\\/\\\/www.manabi.gob.ec\\\/index.php\\\/nos-activamos-por-la-emergencia\\\/#breadcrumb\",\"itemListElement\":[{\"@type\":\"ListItem\",\"position\":1,\"name\":\"Portada\",\"item\":\"https:\\\/\\\/www.manabi.gob.ec\\\/\"},{\"@type\":\"ListItem\",\"position\":2,\"name\":\"\u00a1Nos activamos por la emergencia!\"}]},{\"@type\":\"WebSite\",\"@id\":\"https:\\\/\\\/www.manabi.gob.ec\\\/#website\",\"url\":\"https:\\\/\\\/www.manabi.gob.ec\\\/\",\"name\":\"Prefectura de Manab\u00ed\",\"description\":\"P\u00e1gina web de la prefectura\",\"potentialAction\":[{\"@type\":\"SearchAction\",\"target\":{\"@type\":\"EntryPoint\",\"urlTemplate\":\"https:\\\/\\\/www.manabi.gob.ec\\\/?s={search_term_string}\"},\"query-input\":{\"@type\":\"PropertyValueSpecification\",\"valueRequired\":true,\"valueName\":\"search_term_string\"}}],\"inLanguage\":\"es\"},{\"@type\":\"Person\",\"@id\":\"https:\\\/\\\/www.manabi.gob.ec\\\/#\\\/schema\\\/person\\\/c4f117989332ad723a6ced5994aa7d7a\",\"name\":\"Lui Ochoa\",\"image\":{\"@type\":\"ImageObject\",\"inLanguage\":\"es\",\"@id\":\"https:\\\/\\\/secure.gravatar.com\\\/avatar\\\/6e8017d0fe69dead8a95864d2eb6e1e1d8bf8e01194ba49cf7b897ff038126ba?s=96&d=mm&r=g\",\"url\":\"https:\\\/\\\/secure.gravatar.com\\\/avatar\\\/6e8017d0fe69dead8a95864d2eb6e1e1d8bf8e01194ba49cf7b897ff038126ba?s=96&d=mm&r=g\",\"contentUrl\":\"https:\\\/\\\/secure.gravatar.com\\\/avatar\\\/6e8017d0fe69dead8a95864d2eb6e1e1d8bf8e01194ba49cf7b897ff038126ba?s=96&d=mm&r=g\",\"caption\":\"Lui Ochoa\"},\"url\":\"https:\\\/\\\/www.manabi.gob.ec\\\/index.php\\\/author\\\/lochoa\\\/\"}]}<\/script>\n<!-- \/ Yoast SEO plugin. -->","yoast_head_json":{"title":"\u00a1Nos activamos por la emergencia! - Prefectura de Manab\u00ed","robots":{"index":"index","follow":"follow","max-snippet":"max-snippet:-1","max-image-preview":"max-image-preview:large","max-video-preview":"max-video-preview:-1"},"canonical":"https:\/\/www.manabi.gob.ec\/index.php\/nos-activamos-por-la-emergencia\/","og_locale":"es_ES","og_type":"article","og_title":"\u00a1Nos activamos por la emergencia! - Prefectura de Manab\u00ed","og_description":"Una vez conocida la emergencia invernal en el cant\u00f3n Flavio Alfaro, por el desbordamiento de los r\u00edos Oro y Pescadillo, los t\u00e9cnicos de vialidad y el director de Fomento Productivo de la Prefectura de Manab\u00ed, Ra\u00fal Andrade, se desplazaron al cant\u00f3n Flavio Alfaro. \u201cA primera hora visitamos la parroquia Convento del cant\u00f3n Chone, donde las [&hellip;]","og_url":"https:\/\/www.manabi.gob.ec\/index.php\/nos-activamos-por-la-emergencia\/","og_site_name":"Prefectura de Manab\u00ed","article_published_time":"2023-07-17T18:49:56+00:00","article_modified_time":"2023-07-17T18:50:00+00:00","og_image":[{"width":1040,"height":780,"url":"https:\/\/www.manabi.gob.ec\/wp-content\/uploads\/2023\/07\/WhatsApp-Image-2023-07-12-at-14.44.20.jpeg","type":"image\/jpeg"}],"author":"Lui Ochoa","twitter_card":"summary_large_image","twitter_misc":{"Escrito por":"Lui Ochoa","Tiempo de lectura":"1 minuto"},"schema":{"@context":"https:\/\/schema.org","@graph":[{"@type":"Article","@id":"https:\/\/www.manabi.gob.ec\/index.php\/nos-activamos-por-la-emergencia\/#article","isPartOf":{"@id":"https:\/\/www.manabi.gob.ec\/index.php\/nos-activamos-por-la-emergencia\/"},"author":{"name":"Lui Ochoa","@id":"https:\/\/www.manabi.gob.ec\/#\/schema\/person\/c4f117989332ad723a6ced5994aa7d7a"},"headline":"\u00a1Nos activamos por la emergencia!","datePublished":"2023-07-17T18:49:56+00:00","dateModified":"2023-07-17T18:50:00+00:00","mainEntityOfPage":{"@id":"https:\/\/www.manabi.gob.ec\/index.php\/nos-activamos-por-la-emergencia\/"},"wordCount":195,"image":{"@id":"https:\/\/www.manabi.gob.ec\/index.php\/nos-activamos-por-la-emergencia\/#primaryimage"},"thumbnailUrl":"https:\/\/www.manabi.gob.ec\/wp-content\/uploads\/2023\/07\/WhatsApp-Image-2023-07-12-at-14.44.20.jpeg","articleSection":["Desarrollo Social","Flavio Alfaro","Manab\u00ed Vial","Noticias","Obra P\u00fablica","Plan Invernal","PLAN INVERNAL","Todas","Vialidad"],"inLanguage":"es"},{"@type":"WebPage","@id":"https:\/\/www.manabi.gob.ec\/index.php\/nos-activamos-por-la-emergencia\/","url":"https:\/\/www.manabi.gob.ec\/index.php\/nos-activamos-por-la-emergencia\/","name":"\u00a1Nos activamos por la emergencia! - Prefectura de Manab\u00ed","isPartOf":{"@id":"https:\/\/www.manabi.gob.ec\/#website"},"primaryImageOfPage":{"@id":"https:\/\/www.manabi.gob.ec\/index.php\/nos-activamos-por-la-emergencia\/#primaryimage"},"image":{"@id":"https:\/\/www.manabi.gob.ec\/index.php\/nos-activamos-por-la-emergencia\/#primaryimage"},"thumbnailUrl":"https:\/\/www.manabi.gob.ec\/wp-content\/uploads\/2023\/07\/WhatsApp-Image-2023-07-12-at-14.44.20.jpeg","datePublished":"2023-07-17T18:49:56+00:00","dateModified":"2023-07-17T18:50:00+00:00","author":{"@id":"https:\/\/www.manabi.gob.ec\/#\/schema\/person\/c4f117989332ad723a6ced5994aa7d7a"},"breadcrumb":{"@id":"https:\/\/www.manabi.gob.ec\/index.php\/nos-activamos-por-la-emergencia\/#breadcrumb"},"inLanguage":"es","potentialAction":[{"@type":"ReadAction","target":["https:\/\/www.manabi.gob.ec\/index.php\/nos-activamos-por-la-emergencia\/"]}]},{"@type":"ImageObject","inLanguage":"es","@id":"https:\/\/www.manabi.gob.ec\/index.php\/nos-activamos-por-la-emergencia\/#primaryimage","url":"https:\/\/www.manabi.gob.ec\/wp-content\/uploads\/2023\/07\/WhatsApp-Image-2023-07-12-at-14.44.20.jpeg","contentUrl":"https:\/\/www.manabi.gob.ec\/wp-content\/uploads\/2023\/07\/WhatsApp-Image-2023-07-12-at-14.44.20.jpeg","width":1040,"height":780},{"@type":"BreadcrumbList","@id":"https:\/\/www.manabi.gob.ec\/index.php\/nos-activamos-por-la-emergencia\/#breadcrumb","itemListElement":[{"@type":"ListItem","position":1,"name":"Portada","item":"https:\/\/www.manabi.gob.ec\/"},{"@type":"ListItem","position":2,"name":"\u00a1Nos activamos por la emergencia!"}]},{"@type":"WebSite","@id":"https:\/\/www.manabi.gob.ec\/#website","url":"https:\/\/www.manabi.gob.ec\/","name":"Prefectura de Manab\u00ed","description":"P\u00e1gina web de la prefectura","potentialAction":[{"@type":"SearchAction","target":{"@type":"EntryPoint","urlTemplate":"https:\/\/www.manabi.gob.ec\/?s={search_term_string}"},"query-input":{"@type":"PropertyValueSpecification","valueRequired":true,"valueName":"search_term_string"}}],"inLanguage":"es"},{"@type":"Person","@id":"https:\/\/www.manabi.gob.ec\/#\/schema\/person\/c4f117989332ad723a6ced5994aa7d7a","name":"Lui Ochoa","image":{"@type":"ImageObject","inLanguage":"es","@id":"https:\/\/secure.gravatar.com\/avatar\/6e8017d0fe69dead8a95864d2eb6e1e1d8bf8e01194ba49cf7b897ff038126ba?s=96&d=mm&r=g","url":"https:\/\/secure.gravatar.com\/avatar\/6e8017d0fe69dead8a95864d2eb6e1e1d8bf8e01194ba49cf7b897ff038126ba?s=96&d=mm&r=g","contentUrl":"https:\/\/secure.gravatar.com\/avatar\/6e8017d0fe69dead8a95864d2eb6e1e1d8bf8e01194ba49cf7b897ff038126ba?s=96&d=mm&r=g","caption":"Lui Ochoa"},"url":"https:\/\/www.manabi.gob.ec\/index.php\/author\/lochoa\/"}]}},"jetpack_featured_media_url":"https:\/\/www.manabi.gob.ec\/wp-content\/uploads\/2023\/07\/WhatsApp-Image-2023-07-12-at-14.44.20.jpeg","_links":{"self":[{"href":"https:\/\/www.manabi.gob.ec\/index.php\/wp-json\/wp\/v2\/posts\/25183","targetHints":{"allow":["GET"]}}],"collection":[{"href":"https:\/\/www.manabi.gob.ec\/index.php\/wp-json\/wp\/v2\/posts"}],"about":[{"href":"https:\/\/www.manabi.gob.ec\/index.php\/wp-json\/wp\/v2\/types\/post"}],"author":[{"embeddable":true,"href":"https:\/\/www.manabi.gob.ec\/index.php\/wp-json\/wp\/v2\/users\/10"}],"replies":[{"embeddable":true,"href":"https:\/\/www.manabi.gob.ec\/index.php\/wp-json\/wp\/v2\/comments?post=25183"}],"version-history":[{"count":0,"href":"https:\/\/www.manabi.gob.ec\/index.php\/wp-json\/wp\/v2\/posts\/25183\/revisions"}],"wp:featuredmedia":[{"embeddable":true,"href":"https:\/\/www.manabi.gob.ec\/index.php\/wp-json\/wp\/v2\/media\/25184"}],"wp:attachment":[{"href":"https:\/\/www.manabi.gob.ec\/index.php\/wp-json\/wp\/v2\/media?parent=25183"}],"wp:term":[{"taxonomy":"category","embeddable":true,"href":"https:\/\/www.manabi.gob.ec\/index.php\/wp-json\/wp\/v2\/categories?post=25183"},{"taxonomy":"post_tag","embeddable":true,"href":"https:\/\/www.manabi.gob.ec\/index.php\/wp-json\/wp\/v2\/tags?post=25183"}],"curies":[{"name":"wp","href":"https:\/\/api.w.org\/{rel}","templated":true}]}}