{"id":25186,"date":"2023-07-17T18:54:17","date_gmt":"2023-07-17T18:54:17","guid":{"rendered":"https:\/\/www.manabi.gob.ec\/?p=25186"},"modified":"2023-07-17T18:54:22","modified_gmt":"2023-07-17T18:54:22","slug":"manabi-en-la-onu-prefecto-destaca-con-ponencia-sobre-los-objetivos-de-desarrollo-sostenible","status":"publish","type":"post","link":"https:\/\/www.manabi.gob.ec\/index.php\/manabi-en-la-onu-prefecto-destaca-con-ponencia-sobre-los-objetivos-de-desarrollo-sostenible\/","title":{"rendered":"Manab\u00ed en la ONU: Prefecto destaca con ponencia sobre los Objetivos de Desarrollo Sostenible"},"content":{"rendered":"\n<p>l prefecto, Leonardo Orlando, intervino en representaci\u00f3n de Manab\u00ed y Ecuador en el sexto Foro de Gobiernos Locales y Regionales sobre la Agenda 2030, el cual se desarroll\u00f3 este mi\u00e9rcoles 12 de julio en el edificio central de las Naciones Unidas, en Nueva York.<\/p>\n\n\n\n<p>Orlando cit\u00f3 el principio de \u201cno dejar a nadie atr\u00e1s\u201d en la ejecuci\u00f3n de la Agenda 2030, y habl\u00f3 sobre la necesidad de reforzar la integraci\u00f3n como algo \u201cimprescindible para asegurar oportunidades para todas y todos\u201d. As\u00ed mismo, dijo que es necesario darle un enfoque m\u00e1s descentralizado, comunitario y ciudadano a esta Agenda Global.<\/p>\n\n\n\n<p>Durante su ponencia, se\u00f1al\u00f3 que para enfrentar los desaf\u00edos de la producci\u00f3n y el consumo sostenibles, y para la adaptaci\u00f3n y la mitigaci\u00f3n al cambio clim\u00e1tico, se acent\u00faa m\u00e1s que nunca el rol de los gobiernos intermedios y locales. \u201cEs esencial potenciar el rol de estos gobiernos intermedios asumiendo y promoviendo la cooperaci\u00f3n para optimizar la gesti\u00f3n de recursos y el cuidado de la naturaleza\u201d, manifest\u00f3.<\/p>\n\n\n\n<p>Adem\u00e1s, refiri\u00f3 que en Ecuador los gobiernos intermedios buscan retomar la cohesi\u00f3n, la equidad y el desarrollo sostenible. Y record\u00f3 que Manab\u00ed ha alineado su plan de desarrollo a los Objetivos de Desarrollo Sostenible \u201cy hemos presentado el primer Informe Voluntario de cumplimiento de los ODS en los territorios del Ecuador\u201d.<\/p>\n\n\n\n<p>\u201cPor ello, es muy importante revolucionarnos, y para ello debemos de promover la construcci\u00f3n de una econom\u00eda m\u00e1s justa, m\u00e1s social y solidaria, reduciendo las extremas desigualdades y las brechas de pobreza, de exclusi\u00f3n y toda forma de injusticia social y de violencia\u201d, concluy\u00f3 la autoridad provincial.<\/p>\n","protected":false},"excerpt":{"rendered":"<p>l prefecto, Leonardo Orlando, intervino en representaci\u00f3n de Manab\u00ed y Ecuador en el sexto Foro de Gobiernos Locales y Regionales sobre la Agenda 2030, el cual se desarroll\u00f3 este mi\u00e9rcoles 12 de julio en el edificio central de las Naciones Unidas, en Nueva York. Orlando cit\u00f3 el principio de \u201cno dejar a nadie atr\u00e1s\u201d en [&hellip;]<\/p>\n","protected":false},"author":10,"featured_media":25187,"comment_status":"closed","ping_status":"closed","sticky":false,"template":"","format":"standard","meta":{"_joinchat":[],"footnotes":""},"categories":[142,92,91,81],"tags":[],"class_list":["post-25186","post","type-post","status-publish","format-standard","has-post-thumbnail","hentry","category-desarrollo-social","category-noticias-manabi","category-todas","category-turismo"],"yoast_head":"<!-- This site is optimized with the Yoast SEO plugin v27.4 - https:\/\/yoast.com\/product\/yoast-seo-wordpress\/ -->\n<title>Manab\u00ed en la ONU: Prefecto destaca con ponencia sobre los Objetivos de Desarrollo Sostenible - Prefectura de Manab\u00ed<\/title>\n<meta name=\"robots\" content=\"index, follow, max-snippet:-1, max-image-preview:large, max-video-preview:-1\" \/>\n<link rel=\"canonical\" href=\"https:\/\/www.manabi.gob.ec\/index.php\/manabi-en-la-onu-prefecto-destaca-con-ponencia-sobre-los-objetivos-de-desarrollo-sostenible\/\" \/>\n<meta property=\"og:locale\" content=\"es_ES\" \/>\n<meta property=\"og:type\" content=\"article\" \/>\n<meta property=\"og:title\" content=\"Manab\u00ed en la ONU: Prefecto destaca con ponencia sobre los Objetivos de Desarrollo Sostenible - Prefectura de Manab\u00ed\" \/>\n<meta property=\"og:description\" content=\"l prefecto, Leonardo Orlando, intervino en representaci\u00f3n de Manab\u00ed y Ecuador en el sexto Foro de Gobiernos Locales y Regionales sobre la Agenda 2030, el cual se desarroll\u00f3 este mi\u00e9rcoles 12 de julio en el edificio central de las Naciones Unidas, en Nueva York. Orlando cit\u00f3 el principio de \u201cno dejar a nadie atr\u00e1s\u201d en [&hellip;]\" \/>\n<meta property=\"og:url\" content=\"https:\/\/www.manabi.gob.ec\/index.php\/manabi-en-la-onu-prefecto-destaca-con-ponencia-sobre-los-objetivos-de-desarrollo-sostenible\/\" \/>\n<meta property=\"og:site_name\" content=\"Prefectura de Manab\u00ed\" \/>\n<meta property=\"article:published_time\" content=\"2023-07-17T18:54:17+00:00\" \/>\n<meta property=\"article:modified_time\" content=\"2023-07-17T18:54:22+00:00\" \/>\n<meta property=\"og:image\" content=\"https:\/\/www.manabi.gob.ec\/wp-content\/uploads\/2023\/07\/WhatsApp-Image-2023-07-13-at-08.27.48.jpeg\" \/>\n\t<meta property=\"og:image:width\" content=\"1024\" \/>\n\t<meta property=\"og:image:height\" content=\"768\" \/>\n\t<meta property=\"og:image:type\" content=\"image\/jpeg\" \/>\n<meta name=\"author\" content=\"Lui Ochoa\" \/>\n<meta name=\"twitter:card\" content=\"summary_large_image\" \/>\n<meta name=\"twitter:label1\" content=\"Escrito por\" \/>\n\t<meta name=\"twitter:data1\" content=\"Lui Ochoa\" \/>\n\t<meta name=\"twitter:label2\" content=\"Tiempo de lectura\" \/>\n\t<meta name=\"twitter:data2\" content=\"2 minutos\" \/>\n<script type=\"application\/ld+json\" class=\"yoast-schema-graph\">{\"@context\":\"https:\\\/\\\/schema.org\",\"@graph\":[{\"@type\":\"Article\",\"@id\":\"https:\\\/\\\/www.manabi.gob.ec\\\/index.php\\\/manabi-en-la-onu-prefecto-destaca-con-ponencia-sobre-los-objetivos-de-desarrollo-sostenible\\\/#article\",\"isPartOf\":{\"@id\":\"https:\\\/\\\/www.manabi.gob.ec\\\/index.php\\\/manabi-en-la-onu-prefecto-destaca-con-ponencia-sobre-los-objetivos-de-desarrollo-sostenible\\\/\"},\"author\":{\"name\":\"Lui Ochoa\",\"@id\":\"https:\\\/\\\/www.manabi.gob.ec\\\/#\\\/schema\\\/person\\\/c4f117989332ad723a6ced5994aa7d7a\"},\"headline\":\"Manab\u00ed en la ONU: Prefecto destaca con ponencia sobre los Objetivos de Desarrollo Sostenible\",\"datePublished\":\"2023-07-17T18:54:17+00:00\",\"dateModified\":\"2023-07-17T18:54:22+00:00\",\"mainEntityOfPage\":{\"@id\":\"https:\\\/\\\/www.manabi.gob.ec\\\/index.php\\\/manabi-en-la-onu-prefecto-destaca-con-ponencia-sobre-los-objetivos-de-desarrollo-sostenible\\\/\"},\"wordCount\":296,\"image\":{\"@id\":\"https:\\\/\\\/www.manabi.gob.ec\\\/index.php\\\/manabi-en-la-onu-prefecto-destaca-con-ponencia-sobre-los-objetivos-de-desarrollo-sostenible\\\/#primaryimage\"},\"thumbnailUrl\":\"https:\\\/\\\/www.manabi.gob.ec\\\/wp-content\\\/uploads\\\/2023\\\/07\\\/WhatsApp-Image-2023-07-13-at-08.27.48.jpeg\",\"articleSection\":[\"Desarrollo Social\",\"Noticias\",\"Todas\",\"Turismo\"],\"inLanguage\":\"es\"},{\"@type\":\"WebPage\",\"@id\":\"https:\\\/\\\/www.manabi.gob.ec\\\/index.php\\\/manabi-en-la-onu-prefecto-destaca-con-ponencia-sobre-los-objetivos-de-desarrollo-sostenible\\\/\",\"url\":\"https:\\\/\\\/www.manabi.gob.ec\\\/index.php\\\/manabi-en-la-onu-prefecto-destaca-con-ponencia-sobre-los-objetivos-de-desarrollo-sostenible\\\/\",\"name\":\"Manab\u00ed en la ONU: Prefecto destaca con ponencia sobre los Objetivos de Desarrollo Sostenible - Prefectura de Manab\u00ed\",\"isPartOf\":{\"@id\":\"https:\\\/\\\/www.manabi.gob.ec\\\/#website\"},\"primaryImageOfPage\":{\"@id\":\"https:\\\/\\\/www.manabi.gob.ec\\\/index.php\\\/manabi-en-la-onu-prefecto-destaca-con-ponencia-sobre-los-objetivos-de-desarrollo-sostenible\\\/#primaryimage\"},\"image\":{\"@id\":\"https:\\\/\\\/www.manabi.gob.ec\\\/index.php\\\/manabi-en-la-onu-prefecto-destaca-con-ponencia-sobre-los-objetivos-de-desarrollo-sostenible\\\/#primaryimage\"},\"thumbnailUrl\":\"https:\\\/\\\/www.manabi.gob.ec\\\/wp-content\\\/uploads\\\/2023\\\/07\\\/WhatsApp-Image-2023-07-13-at-08.27.48.jpeg\",\"datePublished\":\"2023-07-17T18:54:17+00:00\",\"dateModified\":\"2023-07-17T18:54:22+00:00\",\"author\":{\"@id\":\"https:\\\/\\\/www.manabi.gob.ec\\\/#\\\/schema\\\/person\\\/c4f117989332ad723a6ced5994aa7d7a\"},\"breadcrumb\":{\"@id\":\"https:\\\/\\\/www.manabi.gob.ec\\\/index.php\\\/manabi-en-la-onu-prefecto-destaca-con-ponencia-sobre-los-objetivos-de-desarrollo-sostenible\\\/#breadcrumb\"},\"inLanguage\":\"es\",\"potentialAction\":[{\"@type\":\"ReadAction\",\"target\":[\"https:\\\/\\\/www.manabi.gob.ec\\\/index.php\\\/manabi-en-la-onu-prefecto-destaca-con-ponencia-sobre-los-objetivos-de-desarrollo-sostenible\\\/\"]}]},{\"@type\":\"ImageObject\",\"inLanguage\":\"es\",\"@id\":\"https:\\\/\\\/www.manabi.gob.ec\\\/index.php\\\/manabi-en-la-onu-prefecto-destaca-con-ponencia-sobre-los-objetivos-de-desarrollo-sostenible\\\/#primaryimage\",\"url\":\"https:\\\/\\\/www.manabi.gob.ec\\\/wp-content\\\/uploads\\\/2023\\\/07\\\/WhatsApp-Image-2023-07-13-at-08.27.48.jpeg\",\"contentUrl\":\"https:\\\/\\\/www.manabi.gob.ec\\\/wp-content\\\/uploads\\\/2023\\\/07\\\/WhatsApp-Image-2023-07-13-at-08.27.48.jpeg\",\"width\":1024,\"height\":768},{\"@type\":\"BreadcrumbList\",\"@id\":\"https:\\\/\\\/www.manabi.gob.ec\\\/index.php\\\/manabi-en-la-onu-prefecto-destaca-con-ponencia-sobre-los-objetivos-de-desarrollo-sostenible\\\/#breadcrumb\",\"itemListElement\":[{\"@type\":\"ListItem\",\"position\":1,\"name\":\"Portada\",\"item\":\"https:\\\/\\\/www.manabi.gob.ec\\\/\"},{\"@type\":\"ListItem\",\"position\":2,\"name\":\"Manab\u00ed en la ONU: Prefecto destaca con ponencia sobre los Objetivos de Desarrollo Sostenible\"}]},{\"@type\":\"WebSite\",\"@id\":\"https:\\\/\\\/www.manabi.gob.ec\\\/#website\",\"url\":\"https:\\\/\\\/www.manabi.gob.ec\\\/\",\"name\":\"Prefectura de Manab\u00ed\",\"description\":\"P\u00e1gina web de la prefectura\",\"potentialAction\":[{\"@type\":\"SearchAction\",\"target\":{\"@type\":\"EntryPoint\",\"urlTemplate\":\"https:\\\/\\\/www.manabi.gob.ec\\\/?s={search_term_string}\"},\"query-input\":{\"@type\":\"PropertyValueSpecification\",\"valueRequired\":true,\"valueName\":\"search_term_string\"}}],\"inLanguage\":\"es\"},{\"@type\":\"Person\",\"@id\":\"https:\\\/\\\/www.manabi.gob.ec\\\/#\\\/schema\\\/person\\\/c4f117989332ad723a6ced5994aa7d7a\",\"name\":\"Lui Ochoa\",\"image\":{\"@type\":\"ImageObject\",\"inLanguage\":\"es\",\"@id\":\"https:\\\/\\\/secure.gravatar.com\\\/avatar\\\/6e8017d0fe69dead8a95864d2eb6e1e1d8bf8e01194ba49cf7b897ff038126ba?s=96&d=mm&r=g\",\"url\":\"https:\\\/\\\/secure.gravatar.com\\\/avatar\\\/6e8017d0fe69dead8a95864d2eb6e1e1d8bf8e01194ba49cf7b897ff038126ba?s=96&d=mm&r=g\",\"contentUrl\":\"https:\\\/\\\/secure.gravatar.com\\\/avatar\\\/6e8017d0fe69dead8a95864d2eb6e1e1d8bf8e01194ba49cf7b897ff038126ba?s=96&d=mm&r=g\",\"caption\":\"Lui Ochoa\"},\"url\":\"https:\\\/\\\/www.manabi.gob.ec\\\/index.php\\\/author\\\/lochoa\\\/\"}]}<\/script>\n<!-- \/ Yoast SEO plugin. -->","yoast_head_json":{"title":"Manab\u00ed en la ONU: Prefecto destaca con ponencia sobre los Objetivos de Desarrollo Sostenible - Prefectura de Manab\u00ed","robots":{"index":"index","follow":"follow","max-snippet":"max-snippet:-1","max-image-preview":"max-image-preview:large","max-video-preview":"max-video-preview:-1"},"canonical":"https:\/\/www.manabi.gob.ec\/index.php\/manabi-en-la-onu-prefecto-destaca-con-ponencia-sobre-los-objetivos-de-desarrollo-sostenible\/","og_locale":"es_ES","og_type":"article","og_title":"Manab\u00ed en la ONU: Prefecto destaca con ponencia sobre los Objetivos de Desarrollo Sostenible - Prefectura de Manab\u00ed","og_description":"l prefecto, Leonardo Orlando, intervino en representaci\u00f3n de Manab\u00ed y Ecuador en el sexto Foro de Gobiernos Locales y Regionales sobre la Agenda 2030, el cual se desarroll\u00f3 este mi\u00e9rcoles 12 de julio en el edificio central de las Naciones Unidas, en Nueva York. Orlando cit\u00f3 el principio de \u201cno dejar a nadie atr\u00e1s\u201d en [&hellip;]","og_url":"https:\/\/www.manabi.gob.ec\/index.php\/manabi-en-la-onu-prefecto-destaca-con-ponencia-sobre-los-objetivos-de-desarrollo-sostenible\/","og_site_name":"Prefectura de Manab\u00ed","article_published_time":"2023-07-17T18:54:17+00:00","article_modified_time":"2023-07-17T18:54:22+00:00","og_image":[{"width":1024,"height":768,"url":"https:\/\/www.manabi.gob.ec\/wp-content\/uploads\/2023\/07\/WhatsApp-Image-2023-07-13-at-08.27.48.jpeg","type":"image\/jpeg"}],"author":"Lui Ochoa","twitter_card":"summary_large_image","twitter_misc":{"Escrito por":"Lui Ochoa","Tiempo de lectura":"2 minutos"},"schema":{"@context":"https:\/\/schema.org","@graph":[{"@type":"Article","@id":"https:\/\/www.manabi.gob.ec\/index.php\/manabi-en-la-onu-prefecto-destaca-con-ponencia-sobre-los-objetivos-de-desarrollo-sostenible\/#article","isPartOf":{"@id":"https:\/\/www.manabi.gob.ec\/index.php\/manabi-en-la-onu-prefecto-destaca-con-ponencia-sobre-los-objetivos-de-desarrollo-sostenible\/"},"author":{"name":"Lui Ochoa","@id":"https:\/\/www.manabi.gob.ec\/#\/schema\/person\/c4f117989332ad723a6ced5994aa7d7a"},"headline":"Manab\u00ed en la ONU: Prefecto destaca con ponencia sobre los Objetivos de Desarrollo Sostenible","datePublished":"2023-07-17T18:54:17+00:00","dateModified":"2023-07-17T18:54:22+00:00","mainEntityOfPage":{"@id":"https:\/\/www.manabi.gob.ec\/index.php\/manabi-en-la-onu-prefecto-destaca-con-ponencia-sobre-los-objetivos-de-desarrollo-sostenible\/"},"wordCount":296,"image":{"@id":"https:\/\/www.manabi.gob.ec\/index.php\/manabi-en-la-onu-prefecto-destaca-con-ponencia-sobre-los-objetivos-de-desarrollo-sostenible\/#primaryimage"},"thumbnailUrl":"https:\/\/www.manabi.gob.ec\/wp-content\/uploads\/2023\/07\/WhatsApp-Image-2023-07-13-at-08.27.48.jpeg","articleSection":["Desarrollo Social","Noticias","Todas","Turismo"],"inLanguage":"es"},{"@type":"WebPage","@id":"https:\/\/www.manabi.gob.ec\/index.php\/manabi-en-la-onu-prefecto-destaca-con-ponencia-sobre-los-objetivos-de-desarrollo-sostenible\/","url":"https:\/\/www.manabi.gob.ec\/index.php\/manabi-en-la-onu-prefecto-destaca-con-ponencia-sobre-los-objetivos-de-desarrollo-sostenible\/","name":"Manab\u00ed en la ONU: Prefecto destaca con ponencia sobre los Objetivos de Desarrollo Sostenible - Prefectura de Manab\u00ed","isPartOf":{"@id":"https:\/\/www.manabi.gob.ec\/#website"},"primaryImageOfPage":{"@id":"https:\/\/www.manabi.gob.ec\/index.php\/manabi-en-la-onu-prefecto-destaca-con-ponencia-sobre-los-objetivos-de-desarrollo-sostenible\/#primaryimage"},"image":{"@id":"https:\/\/www.manabi.gob.ec\/index.php\/manabi-en-la-onu-prefecto-destaca-con-ponencia-sobre-los-objetivos-de-desarrollo-sostenible\/#primaryimage"},"thumbnailUrl":"https:\/\/www.manabi.gob.ec\/wp-content\/uploads\/2023\/07\/WhatsApp-Image-2023-07-13-at-08.27.48.jpeg","datePublished":"2023-07-17T18:54:17+00:00","dateModified":"2023-07-17T18:54:22+00:00","author":{"@id":"https:\/\/www.manabi.gob.ec\/#\/schema\/person\/c4f117989332ad723a6ced5994aa7d7a"},"breadcrumb":{"@id":"https:\/\/www.manabi.gob.ec\/index.php\/manabi-en-la-onu-prefecto-destaca-con-ponencia-sobre-los-objetivos-de-desarrollo-sostenible\/#breadcrumb"},"inLanguage":"es","potentialAction":[{"@type":"ReadAction","target":["https:\/\/www.manabi.gob.ec\/index.php\/manabi-en-la-onu-prefecto-destaca-con-ponencia-sobre-los-objetivos-de-desarrollo-sostenible\/"]}]},{"@type":"ImageObject","inLanguage":"es","@id":"https:\/\/www.manabi.gob.ec\/index.php\/manabi-en-la-onu-prefecto-destaca-con-ponencia-sobre-los-objetivos-de-desarrollo-sostenible\/#primaryimage","url":"https:\/\/www.manabi.gob.ec\/wp-content\/uploads\/2023\/07\/WhatsApp-Image-2023-07-13-at-08.27.48.jpeg","contentUrl":"https:\/\/www.manabi.gob.ec\/wp-content\/uploads\/2023\/07\/WhatsApp-Image-2023-07-13-at-08.27.48.jpeg","width":1024,"height":768},{"@type":"BreadcrumbList","@id":"https:\/\/www.manabi.gob.ec\/index.php\/manabi-en-la-onu-prefecto-destaca-con-ponencia-sobre-los-objetivos-de-desarrollo-sostenible\/#breadcrumb","itemListElement":[{"@type":"ListItem","position":1,"name":"Portada","item":"https:\/\/www.manabi.gob.ec\/"},{"@type":"ListItem","position":2,"name":"Manab\u00ed en la ONU: Prefecto destaca con ponencia sobre los Objetivos de Desarrollo Sostenible"}]},{"@type":"WebSite","@id":"https:\/\/www.manabi.gob.ec\/#website","url":"https:\/\/www.manabi.gob.ec\/","name":"Prefectura de Manab\u00ed","description":"P\u00e1gina web de la prefectura","potentialAction":[{"@type":"SearchAction","target":{"@type":"EntryPoint","urlTemplate":"https:\/\/www.manabi.gob.ec\/?s={search_term_string}"},"query-input":{"@type":"PropertyValueSpecification","valueRequired":true,"valueName":"search_term_string"}}],"inLanguage":"es"},{"@type":"Person","@id":"https:\/\/www.manabi.gob.ec\/#\/schema\/person\/c4f117989332ad723a6ced5994aa7d7a","name":"Lui Ochoa","image":{"@type":"ImageObject","inLanguage":"es","@id":"https:\/\/secure.gravatar.com\/avatar\/6e8017d0fe69dead8a95864d2eb6e1e1d8bf8e01194ba49cf7b897ff038126ba?s=96&d=mm&r=g","url":"https:\/\/secure.gravatar.com\/avatar\/6e8017d0fe69dead8a95864d2eb6e1e1d8bf8e01194ba49cf7b897ff038126ba?s=96&d=mm&r=g","contentUrl":"https:\/\/secure.gravatar.com\/avatar\/6e8017d0fe69dead8a95864d2eb6e1e1d8bf8e01194ba49cf7b897ff038126ba?s=96&d=mm&r=g","caption":"Lui Ochoa"},"url":"https:\/\/www.manabi.gob.ec\/index.php\/author\/lochoa\/"}]}},"jetpack_featured_media_url":"https:\/\/www.manabi.gob.ec\/wp-content\/uploads\/2023\/07\/WhatsApp-Image-2023-07-13-at-08.27.48.jpeg","_links":{"self":[{"href":"https:\/\/www.manabi.gob.ec\/index.php\/wp-json\/wp\/v2\/posts\/25186","targetHints":{"allow":["GET"]}}],"collection":[{"href":"https:\/\/www.manabi.gob.ec\/index.php\/wp-json\/wp\/v2\/posts"}],"about":[{"href":"https:\/\/www.manabi.gob.ec\/index.php\/wp-json\/wp\/v2\/types\/post"}],"author":[{"embeddable":true,"href":"https:\/\/www.manabi.gob.ec\/index.php\/wp-json\/wp\/v2\/users\/10"}],"replies":[{"embeddable":true,"href":"https:\/\/www.manabi.gob.ec\/index.php\/wp-json\/wp\/v2\/comments?post=25186"}],"version-history":[{"count":0,"href":"https:\/\/www.manabi.gob.ec\/index.php\/wp-json\/wp\/v2\/posts\/25186\/revisions"}],"wp:featuredmedia":[{"embeddable":true,"href":"https:\/\/www.manabi.gob.ec\/index.php\/wp-json\/wp\/v2\/media\/25187"}],"wp:attachment":[{"href":"https:\/\/www.manabi.gob.ec\/index.php\/wp-json\/wp\/v2\/media?parent=25186"}],"wp:term":[{"taxonomy":"category","embeddable":true,"href":"https:\/\/www.manabi.gob.ec\/index.php\/wp-json\/wp\/v2\/categories?post=25186"},{"taxonomy":"post_tag","embeddable":true,"href":"https:\/\/www.manabi.gob.ec\/index.php\/wp-json\/wp\/v2\/tags?post=25186"}],"curies":[{"name":"wp","href":"https:\/\/api.w.org\/{rel}","templated":true}]}}