{"id":25192,"date":"2023-07-17T19:00:14","date_gmt":"2023-07-17T19:00:14","guid":{"rendered":"https:\/\/www.manabi.gob.ec\/?p=25192"},"modified":"2023-07-17T19:00:19","modified_gmt":"2023-07-17T19:00:19","slug":"prefectura-de-manabi-ejecuta-la-construccion-de-la-via-jama-la-division","status":"publish","type":"post","link":"https:\/\/www.manabi.gob.ec\/index.php\/prefectura-de-manabi-ejecuta-la-construccion-de-la-via-jama-la-division\/","title":{"rendered":"Prefectura de Manab\u00ed ejecuta la construcci\u00f3n de la v\u00eda Jama-La Divisi\u00f3n"},"content":{"rendered":"\n<p>La Prefectura de Manab\u00ed, en su compromiso por mejorar la infraestructura vial en la provincia, invierte 890 mil 233 d\u00f3lares en la construcci\u00f3n de la v\u00eda Jama-La Divisi\u00f3n. Esta importante obra tiene como objetivo principal la implementaci\u00f3n de un doble riego asf\u00e1ltico a lo largo de sus 6,50 kil\u00f3metros, lo que mejorar\u00e1 significativamente el traslado hacia las comunidades de La Divisi\u00f3n, Don Juan y la cabecera cantonal.<\/p>\n\n\n\n<p>El proyecto de la v\u00eda Jama-La Divisi\u00f3n muestra un avance del 60% hasta la fecha. Durante esta etapa, se han realizado trabajos de mejoramiento en la v\u00eda, incluyendo la colocaci\u00f3n de la base necesaria para su estabilidad. Actualmente, se est\u00e1 llevando a cabo la imprimaci\u00f3n asf\u00e1ltica, un proceso clave para garantizar la durabilidad y resistencia del pavimento.<\/p>\n\n\n\n<p>Una vez finalizada, esta nueva v\u00eda contribuir\u00e1 en gran medida a mejorar la conectividad y el acceso a las comunidades mencionadas. Adem\u00e1s, facilitar\u00e1 el transporte de bienes y servicios, promoviendo el desarrollo econ\u00f3mico y social de la regi\u00f3n.<\/p>\n","protected":false},"excerpt":{"rendered":"<p>La Prefectura de Manab\u00ed, en su compromiso por mejorar la infraestructura vial en la provincia, invierte 890 mil 233 d\u00f3lares en la construcci\u00f3n de la v\u00eda Jama-La Divisi\u00f3n. Esta importante obra tiene como objetivo principal la implementaci\u00f3n de un doble riego asf\u00e1ltico a lo largo de sus 6,50 kil\u00f3metros, lo que mejorar\u00e1 significativamente el traslado [&hellip;]<\/p>\n","protected":false},"author":10,"featured_media":25193,"comment_status":"closed","ping_status":"closed","sticky":false,"template":"","format":"standard","meta":{"_joinchat":[],"footnotes":""},"categories":[142,175,170,92,181,91,127],"tags":[],"class_list":["post-25192","post","type-post","status-publish","format-standard","has-post-thumbnail","hentry","category-desarrollo-social","category-jama","category-manabi-vial","category-noticias-manabi","category-obra-publica","category-todas","category-vialidad"],"yoast_head":"<!-- This site is optimized with the Yoast SEO plugin v27.4 - https:\/\/yoast.com\/product\/yoast-seo-wordpress\/ -->\n<title>Prefectura de Manab\u00ed ejecuta la construcci\u00f3n de la v\u00eda Jama-La Divisi\u00f3n - Prefectura de Manab\u00ed<\/title>\n<meta name=\"robots\" content=\"index, follow, max-snippet:-1, max-image-preview:large, max-video-preview:-1\" \/>\n<link rel=\"canonical\" href=\"https:\/\/www.manabi.gob.ec\/index.php\/prefectura-de-manabi-ejecuta-la-construccion-de-la-via-jama-la-division\/\" \/>\n<meta property=\"og:locale\" content=\"es_ES\" \/>\n<meta property=\"og:type\" content=\"article\" \/>\n<meta property=\"og:title\" content=\"Prefectura de Manab\u00ed ejecuta la construcci\u00f3n de la v\u00eda Jama-La Divisi\u00f3n - Prefectura de Manab\u00ed\" \/>\n<meta property=\"og:description\" content=\"La Prefectura de Manab\u00ed, en su compromiso por mejorar la infraestructura vial en la provincia, invierte 890 mil 233 d\u00f3lares en la construcci\u00f3n de la v\u00eda Jama-La Divisi\u00f3n. Esta importante obra tiene como objetivo principal la implementaci\u00f3n de un doble riego asf\u00e1ltico a lo largo de sus 6,50 kil\u00f3metros, lo que mejorar\u00e1 significativamente el traslado [&hellip;]\" \/>\n<meta property=\"og:url\" content=\"https:\/\/www.manabi.gob.ec\/index.php\/prefectura-de-manabi-ejecuta-la-construccion-de-la-via-jama-la-division\/\" \/>\n<meta property=\"og:site_name\" content=\"Prefectura de Manab\u00ed\" \/>\n<meta property=\"article:published_time\" content=\"2023-07-17T19:00:14+00:00\" \/>\n<meta property=\"article:modified_time\" content=\"2023-07-17T19:00:19+00:00\" \/>\n<meta property=\"og:image\" content=\"https:\/\/www.manabi.gob.ec\/wp-content\/uploads\/2023\/07\/WhatsApp-Image-2023-07-13-at-09.04.23.jpeg\" \/>\n\t<meta property=\"og:image:width\" content=\"1600\" \/>\n\t<meta property=\"og:image:height\" content=\"1062\" \/>\n\t<meta property=\"og:image:type\" content=\"image\/jpeg\" \/>\n<meta name=\"author\" content=\"Lui Ochoa\" \/>\n<meta name=\"twitter:card\" content=\"summary_large_image\" \/>\n<meta name=\"twitter:label1\" content=\"Escrito por\" \/>\n\t<meta name=\"twitter:data1\" content=\"Lui Ochoa\" \/>\n\t<meta name=\"twitter:label2\" content=\"Tiempo de lectura\" \/>\n\t<meta name=\"twitter:data2\" content=\"1 minuto\" \/>\n<script type=\"application\/ld+json\" class=\"yoast-schema-graph\">{\"@context\":\"https:\\\/\\\/schema.org\",\"@graph\":[{\"@type\":\"Article\",\"@id\":\"https:\\\/\\\/www.manabi.gob.ec\\\/index.php\\\/prefectura-de-manabi-ejecuta-la-construccion-de-la-via-jama-la-division\\\/#article\",\"isPartOf\":{\"@id\":\"https:\\\/\\\/www.manabi.gob.ec\\\/index.php\\\/prefectura-de-manabi-ejecuta-la-construccion-de-la-via-jama-la-division\\\/\"},\"author\":{\"name\":\"Lui Ochoa\",\"@id\":\"https:\\\/\\\/www.manabi.gob.ec\\\/#\\\/schema\\\/person\\\/c4f117989332ad723a6ced5994aa7d7a\"},\"headline\":\"Prefectura de Manab\u00ed ejecuta la construcci\u00f3n de la v\u00eda Jama-La Divisi\u00f3n\",\"datePublished\":\"2023-07-17T19:00:14+00:00\",\"dateModified\":\"2023-07-17T19:00:19+00:00\",\"mainEntityOfPage\":{\"@id\":\"https:\\\/\\\/www.manabi.gob.ec\\\/index.php\\\/prefectura-de-manabi-ejecuta-la-construccion-de-la-via-jama-la-division\\\/\"},\"wordCount\":190,\"image\":{\"@id\":\"https:\\\/\\\/www.manabi.gob.ec\\\/index.php\\\/prefectura-de-manabi-ejecuta-la-construccion-de-la-via-jama-la-division\\\/#primaryimage\"},\"thumbnailUrl\":\"https:\\\/\\\/www.manabi.gob.ec\\\/wp-content\\\/uploads\\\/2023\\\/07\\\/WhatsApp-Image-2023-07-13-at-09.04.23.jpeg\",\"articleSection\":[\"Desarrollo Social\",\"Jama\",\"Manab\u00ed Vial\",\"Noticias\",\"Obra P\u00fablica\",\"Todas\",\"Vialidad\"],\"inLanguage\":\"es\"},{\"@type\":\"WebPage\",\"@id\":\"https:\\\/\\\/www.manabi.gob.ec\\\/index.php\\\/prefectura-de-manabi-ejecuta-la-construccion-de-la-via-jama-la-division\\\/\",\"url\":\"https:\\\/\\\/www.manabi.gob.ec\\\/index.php\\\/prefectura-de-manabi-ejecuta-la-construccion-de-la-via-jama-la-division\\\/\",\"name\":\"Prefectura de Manab\u00ed ejecuta la construcci\u00f3n de la v\u00eda Jama-La Divisi\u00f3n - Prefectura de Manab\u00ed\",\"isPartOf\":{\"@id\":\"https:\\\/\\\/www.manabi.gob.ec\\\/#website\"},\"primaryImageOfPage\":{\"@id\":\"https:\\\/\\\/www.manabi.gob.ec\\\/index.php\\\/prefectura-de-manabi-ejecuta-la-construccion-de-la-via-jama-la-division\\\/#primaryimage\"},\"image\":{\"@id\":\"https:\\\/\\\/www.manabi.gob.ec\\\/index.php\\\/prefectura-de-manabi-ejecuta-la-construccion-de-la-via-jama-la-division\\\/#primaryimage\"},\"thumbnailUrl\":\"https:\\\/\\\/www.manabi.gob.ec\\\/wp-content\\\/uploads\\\/2023\\\/07\\\/WhatsApp-Image-2023-07-13-at-09.04.23.jpeg\",\"datePublished\":\"2023-07-17T19:00:14+00:00\",\"dateModified\":\"2023-07-17T19:00:19+00:00\",\"author\":{\"@id\":\"https:\\\/\\\/www.manabi.gob.ec\\\/#\\\/schema\\\/person\\\/c4f117989332ad723a6ced5994aa7d7a\"},\"breadcrumb\":{\"@id\":\"https:\\\/\\\/www.manabi.gob.ec\\\/index.php\\\/prefectura-de-manabi-ejecuta-la-construccion-de-la-via-jama-la-division\\\/#breadcrumb\"},\"inLanguage\":\"es\",\"potentialAction\":[{\"@type\":\"ReadAction\",\"target\":[\"https:\\\/\\\/www.manabi.gob.ec\\\/index.php\\\/prefectura-de-manabi-ejecuta-la-construccion-de-la-via-jama-la-division\\\/\"]}]},{\"@type\":\"ImageObject\",\"inLanguage\":\"es\",\"@id\":\"https:\\\/\\\/www.manabi.gob.ec\\\/index.php\\\/prefectura-de-manabi-ejecuta-la-construccion-de-la-via-jama-la-division\\\/#primaryimage\",\"url\":\"https:\\\/\\\/www.manabi.gob.ec\\\/wp-content\\\/uploads\\\/2023\\\/07\\\/WhatsApp-Image-2023-07-13-at-09.04.23.jpeg\",\"contentUrl\":\"https:\\\/\\\/www.manabi.gob.ec\\\/wp-content\\\/uploads\\\/2023\\\/07\\\/WhatsApp-Image-2023-07-13-at-09.04.23.jpeg\",\"width\":1600,\"height\":1062},{\"@type\":\"BreadcrumbList\",\"@id\":\"https:\\\/\\\/www.manabi.gob.ec\\\/index.php\\\/prefectura-de-manabi-ejecuta-la-construccion-de-la-via-jama-la-division\\\/#breadcrumb\",\"itemListElement\":[{\"@type\":\"ListItem\",\"position\":1,\"name\":\"Portada\",\"item\":\"https:\\\/\\\/www.manabi.gob.ec\\\/\"},{\"@type\":\"ListItem\",\"position\":2,\"name\":\"Prefectura de Manab\u00ed ejecuta la construcci\u00f3n de la v\u00eda Jama-La Divisi\u00f3n\"}]},{\"@type\":\"WebSite\",\"@id\":\"https:\\\/\\\/www.manabi.gob.ec\\\/#website\",\"url\":\"https:\\\/\\\/www.manabi.gob.ec\\\/\",\"name\":\"Prefectura de Manab\u00ed\",\"description\":\"P\u00e1gina web de la prefectura\",\"potentialAction\":[{\"@type\":\"SearchAction\",\"target\":{\"@type\":\"EntryPoint\",\"urlTemplate\":\"https:\\\/\\\/www.manabi.gob.ec\\\/?s={search_term_string}\"},\"query-input\":{\"@type\":\"PropertyValueSpecification\",\"valueRequired\":true,\"valueName\":\"search_term_string\"}}],\"inLanguage\":\"es\"},{\"@type\":\"Person\",\"@id\":\"https:\\\/\\\/www.manabi.gob.ec\\\/#\\\/schema\\\/person\\\/c4f117989332ad723a6ced5994aa7d7a\",\"name\":\"Lui Ochoa\",\"image\":{\"@type\":\"ImageObject\",\"inLanguage\":\"es\",\"@id\":\"https:\\\/\\\/secure.gravatar.com\\\/avatar\\\/6e8017d0fe69dead8a95864d2eb6e1e1d8bf8e01194ba49cf7b897ff038126ba?s=96&d=mm&r=g\",\"url\":\"https:\\\/\\\/secure.gravatar.com\\\/avatar\\\/6e8017d0fe69dead8a95864d2eb6e1e1d8bf8e01194ba49cf7b897ff038126ba?s=96&d=mm&r=g\",\"contentUrl\":\"https:\\\/\\\/secure.gravatar.com\\\/avatar\\\/6e8017d0fe69dead8a95864d2eb6e1e1d8bf8e01194ba49cf7b897ff038126ba?s=96&d=mm&r=g\",\"caption\":\"Lui Ochoa\"},\"url\":\"https:\\\/\\\/www.manabi.gob.ec\\\/index.php\\\/author\\\/lochoa\\\/\"}]}<\/script>\n<!-- \/ Yoast SEO plugin. -->","yoast_head_json":{"title":"Prefectura de Manab\u00ed ejecuta la construcci\u00f3n de la v\u00eda Jama-La Divisi\u00f3n - Prefectura de Manab\u00ed","robots":{"index":"index","follow":"follow","max-snippet":"max-snippet:-1","max-image-preview":"max-image-preview:large","max-video-preview":"max-video-preview:-1"},"canonical":"https:\/\/www.manabi.gob.ec\/index.php\/prefectura-de-manabi-ejecuta-la-construccion-de-la-via-jama-la-division\/","og_locale":"es_ES","og_type":"article","og_title":"Prefectura de Manab\u00ed ejecuta la construcci\u00f3n de la v\u00eda Jama-La Divisi\u00f3n - Prefectura de Manab\u00ed","og_description":"La Prefectura de Manab\u00ed, en su compromiso por mejorar la infraestructura vial en la provincia, invierte 890 mil 233 d\u00f3lares en la construcci\u00f3n de la v\u00eda Jama-La Divisi\u00f3n. Esta importante obra tiene como objetivo principal la implementaci\u00f3n de un doble riego asf\u00e1ltico a lo largo de sus 6,50 kil\u00f3metros, lo que mejorar\u00e1 significativamente el traslado [&hellip;]","og_url":"https:\/\/www.manabi.gob.ec\/index.php\/prefectura-de-manabi-ejecuta-la-construccion-de-la-via-jama-la-division\/","og_site_name":"Prefectura de Manab\u00ed","article_published_time":"2023-07-17T19:00:14+00:00","article_modified_time":"2023-07-17T19:00:19+00:00","og_image":[{"width":1600,"height":1062,"url":"https:\/\/www.manabi.gob.ec\/wp-content\/uploads\/2023\/07\/WhatsApp-Image-2023-07-13-at-09.04.23.jpeg","type":"image\/jpeg"}],"author":"Lui Ochoa","twitter_card":"summary_large_image","twitter_misc":{"Escrito por":"Lui Ochoa","Tiempo de lectura":"1 minuto"},"schema":{"@context":"https:\/\/schema.org","@graph":[{"@type":"Article","@id":"https:\/\/www.manabi.gob.ec\/index.php\/prefectura-de-manabi-ejecuta-la-construccion-de-la-via-jama-la-division\/#article","isPartOf":{"@id":"https:\/\/www.manabi.gob.ec\/index.php\/prefectura-de-manabi-ejecuta-la-construccion-de-la-via-jama-la-division\/"},"author":{"name":"Lui Ochoa","@id":"https:\/\/www.manabi.gob.ec\/#\/schema\/person\/c4f117989332ad723a6ced5994aa7d7a"},"headline":"Prefectura de Manab\u00ed ejecuta la construcci\u00f3n de la v\u00eda Jama-La Divisi\u00f3n","datePublished":"2023-07-17T19:00:14+00:00","dateModified":"2023-07-17T19:00:19+00:00","mainEntityOfPage":{"@id":"https:\/\/www.manabi.gob.ec\/index.php\/prefectura-de-manabi-ejecuta-la-construccion-de-la-via-jama-la-division\/"},"wordCount":190,"image":{"@id":"https:\/\/www.manabi.gob.ec\/index.php\/prefectura-de-manabi-ejecuta-la-construccion-de-la-via-jama-la-division\/#primaryimage"},"thumbnailUrl":"https:\/\/www.manabi.gob.ec\/wp-content\/uploads\/2023\/07\/WhatsApp-Image-2023-07-13-at-09.04.23.jpeg","articleSection":["Desarrollo Social","Jama","Manab\u00ed Vial","Noticias","Obra P\u00fablica","Todas","Vialidad"],"inLanguage":"es"},{"@type":"WebPage","@id":"https:\/\/www.manabi.gob.ec\/index.php\/prefectura-de-manabi-ejecuta-la-construccion-de-la-via-jama-la-division\/","url":"https:\/\/www.manabi.gob.ec\/index.php\/prefectura-de-manabi-ejecuta-la-construccion-de-la-via-jama-la-division\/","name":"Prefectura de Manab\u00ed ejecuta la construcci\u00f3n de la v\u00eda Jama-La Divisi\u00f3n - Prefectura de Manab\u00ed","isPartOf":{"@id":"https:\/\/www.manabi.gob.ec\/#website"},"primaryImageOfPage":{"@id":"https:\/\/www.manabi.gob.ec\/index.php\/prefectura-de-manabi-ejecuta-la-construccion-de-la-via-jama-la-division\/#primaryimage"},"image":{"@id":"https:\/\/www.manabi.gob.ec\/index.php\/prefectura-de-manabi-ejecuta-la-construccion-de-la-via-jama-la-division\/#primaryimage"},"thumbnailUrl":"https:\/\/www.manabi.gob.ec\/wp-content\/uploads\/2023\/07\/WhatsApp-Image-2023-07-13-at-09.04.23.jpeg","datePublished":"2023-07-17T19:00:14+00:00","dateModified":"2023-07-17T19:00:19+00:00","author":{"@id":"https:\/\/www.manabi.gob.ec\/#\/schema\/person\/c4f117989332ad723a6ced5994aa7d7a"},"breadcrumb":{"@id":"https:\/\/www.manabi.gob.ec\/index.php\/prefectura-de-manabi-ejecuta-la-construccion-de-la-via-jama-la-division\/#breadcrumb"},"inLanguage":"es","potentialAction":[{"@type":"ReadAction","target":["https:\/\/www.manabi.gob.ec\/index.php\/prefectura-de-manabi-ejecuta-la-construccion-de-la-via-jama-la-division\/"]}]},{"@type":"ImageObject","inLanguage":"es","@id":"https:\/\/www.manabi.gob.ec\/index.php\/prefectura-de-manabi-ejecuta-la-construccion-de-la-via-jama-la-division\/#primaryimage","url":"https:\/\/www.manabi.gob.ec\/wp-content\/uploads\/2023\/07\/WhatsApp-Image-2023-07-13-at-09.04.23.jpeg","contentUrl":"https:\/\/www.manabi.gob.ec\/wp-content\/uploads\/2023\/07\/WhatsApp-Image-2023-07-13-at-09.04.23.jpeg","width":1600,"height":1062},{"@type":"BreadcrumbList","@id":"https:\/\/www.manabi.gob.ec\/index.php\/prefectura-de-manabi-ejecuta-la-construccion-de-la-via-jama-la-division\/#breadcrumb","itemListElement":[{"@type":"ListItem","position":1,"name":"Portada","item":"https:\/\/www.manabi.gob.ec\/"},{"@type":"ListItem","position":2,"name":"Prefectura de Manab\u00ed ejecuta la construcci\u00f3n de la v\u00eda Jama-La Divisi\u00f3n"}]},{"@type":"WebSite","@id":"https:\/\/www.manabi.gob.ec\/#website","url":"https:\/\/www.manabi.gob.ec\/","name":"Prefectura de Manab\u00ed","description":"P\u00e1gina web de la prefectura","potentialAction":[{"@type":"SearchAction","target":{"@type":"EntryPoint","urlTemplate":"https:\/\/www.manabi.gob.ec\/?s={search_term_string}"},"query-input":{"@type":"PropertyValueSpecification","valueRequired":true,"valueName":"search_term_string"}}],"inLanguage":"es"},{"@type":"Person","@id":"https:\/\/www.manabi.gob.ec\/#\/schema\/person\/c4f117989332ad723a6ced5994aa7d7a","name":"Lui Ochoa","image":{"@type":"ImageObject","inLanguage":"es","@id":"https:\/\/secure.gravatar.com\/avatar\/6e8017d0fe69dead8a95864d2eb6e1e1d8bf8e01194ba49cf7b897ff038126ba?s=96&d=mm&r=g","url":"https:\/\/secure.gravatar.com\/avatar\/6e8017d0fe69dead8a95864d2eb6e1e1d8bf8e01194ba49cf7b897ff038126ba?s=96&d=mm&r=g","contentUrl":"https:\/\/secure.gravatar.com\/avatar\/6e8017d0fe69dead8a95864d2eb6e1e1d8bf8e01194ba49cf7b897ff038126ba?s=96&d=mm&r=g","caption":"Lui Ochoa"},"url":"https:\/\/www.manabi.gob.ec\/index.php\/author\/lochoa\/"}]}},"jetpack_featured_media_url":"https:\/\/www.manabi.gob.ec\/wp-content\/uploads\/2023\/07\/WhatsApp-Image-2023-07-13-at-09.04.23.jpeg","_links":{"self":[{"href":"https:\/\/www.manabi.gob.ec\/index.php\/wp-json\/wp\/v2\/posts\/25192","targetHints":{"allow":["GET"]}}],"collection":[{"href":"https:\/\/www.manabi.gob.ec\/index.php\/wp-json\/wp\/v2\/posts"}],"about":[{"href":"https:\/\/www.manabi.gob.ec\/index.php\/wp-json\/wp\/v2\/types\/post"}],"author":[{"embeddable":true,"href":"https:\/\/www.manabi.gob.ec\/index.php\/wp-json\/wp\/v2\/users\/10"}],"replies":[{"embeddable":true,"href":"https:\/\/www.manabi.gob.ec\/index.php\/wp-json\/wp\/v2\/comments?post=25192"}],"version-history":[{"count":0,"href":"https:\/\/www.manabi.gob.ec\/index.php\/wp-json\/wp\/v2\/posts\/25192\/revisions"}],"wp:featuredmedia":[{"embeddable":true,"href":"https:\/\/www.manabi.gob.ec\/index.php\/wp-json\/wp\/v2\/media\/25193"}],"wp:attachment":[{"href":"https:\/\/www.manabi.gob.ec\/index.php\/wp-json\/wp\/v2\/media?parent=25192"}],"wp:term":[{"taxonomy":"category","embeddable":true,"href":"https:\/\/www.manabi.gob.ec\/index.php\/wp-json\/wp\/v2\/categories?post=25192"},{"taxonomy":"post_tag","embeddable":true,"href":"https:\/\/www.manabi.gob.ec\/index.php\/wp-json\/wp\/v2\/tags?post=25192"}],"curies":[{"name":"wp","href":"https:\/\/api.w.org\/{rel}","templated":true}]}}