{"id":25198,"date":"2023-07-17T20:00:03","date_gmt":"2023-07-17T20:00:03","guid":{"rendered":"https:\/\/www.manabi.gob.ec\/?p=25198"},"modified":"2023-07-17T20:00:08","modified_gmt":"2023-07-17T20:00:08","slug":"seguimos-activados-en-flavio-alfaro","status":"publish","type":"post","link":"https:\/\/www.manabi.gob.ec\/index.php\/seguimos-activados-en-flavio-alfaro\/","title":{"rendered":"\u00a1SEGUIMOS ACTIVADOS EN FLAVIO ALFARO!"},"content":{"rendered":"\n<p>La prefecta subrogante, Kelly Buenaventura, se encuentra desde las primeras horas de este jueves 13 de julio en el cant\u00f3n Flavio Alfaro, liderando el trabajo desplegado por la Prefectura de Manab\u00ed para atender la emergencia suscitada en esa jurisdicci\u00f3n, producto de las inundaciones ocasionadas por las fuertes lluvias registradas entre la noche del martes y primeras horas de ayer (mi\u00e9rcoles).<\/p>\n\n\n\n<p>Junto a los equipos t\u00e9cnicos de las direcciones institucionales de Vialidad, Riego y Drenaje, Ambiente y Riesgo, Desarrollo Social, Participaci\u00f3n Ciudadana, y Fomento Productivo, la autoridad provincial particip\u00f3 de la sesi\u00f3n ampliada del COE cantonal. \u201cEl mensaje es que no est\u00e1n solos\u201d, dijo, al tiempo de expresar su solidaridad en nombre del prefecto, Leonardo Orlando.<\/p>\n\n\n\n<p>AYUDA<br>Para atender las afectaciones viales y brindar asistencia a los ciudadanos afectados, la Prefectura ha desplegado el siguiente contingente: 1 cargadora, 1 excavadora, 1 gallineta, 1 motoniveladora, 2 volquetas, 1 retroexcavadora (el viernes llegar\u00e1 otra), 2 tanqueros (para distribuci\u00f3n de agua potable), y 2 brigadas medicas con un total de 14 profesionales de la salud; se est\u00e1 atendiendo en los barrios 12 de octubre, La Dolorosa Sucre, y El Para\u00edso.<\/p>\n","protected":false},"excerpt":{"rendered":"<p>La prefecta subrogante, Kelly Buenaventura, se encuentra desde las primeras horas de este jueves 13 de julio en el cant\u00f3n Flavio Alfaro, liderando el trabajo desplegado por la Prefectura de Manab\u00ed para atender la emergencia suscitada en esa jurisdicci\u00f3n, producto de las inundaciones ocasionadas por las fuertes lluvias registradas entre la noche del martes y [&hellip;]<\/p>\n","protected":false},"author":10,"featured_media":25199,"comment_status":"closed","ping_status":"closed","sticky":false,"template":"","format":"standard","meta":{"_joinchat":[],"footnotes":""},"categories":[150,142,151,92,181,339,340,91],"tags":[],"class_list":["post-25198","post","type-post","status-publish","format-standard","has-post-thumbnail","hentry","category-ambiente","category-desarrollo-social","category-flavio-alfaro","category-noticias-manabi","category-obra-publica","category-plan-invernal","category-plan-invernal-plan-invernal","category-todas"],"yoast_head":"<!-- This site is optimized with the Yoast SEO plugin v27.4 - https:\/\/yoast.com\/product\/yoast-seo-wordpress\/ -->\n<title>\u00a1SEGUIMOS ACTIVADOS EN FLAVIO ALFARO! - Prefectura de Manab\u00ed<\/title>\n<meta name=\"robots\" content=\"index, follow, max-snippet:-1, max-image-preview:large, max-video-preview:-1\" \/>\n<link rel=\"canonical\" href=\"https:\/\/www.manabi.gob.ec\/index.php\/seguimos-activados-en-flavio-alfaro\/\" \/>\n<meta property=\"og:locale\" content=\"es_ES\" \/>\n<meta property=\"og:type\" content=\"article\" \/>\n<meta property=\"og:title\" content=\"\u00a1SEGUIMOS ACTIVADOS EN FLAVIO ALFARO! - Prefectura de Manab\u00ed\" \/>\n<meta property=\"og:description\" content=\"La prefecta subrogante, Kelly Buenaventura, se encuentra desde las primeras horas de este jueves 13 de julio en el cant\u00f3n Flavio Alfaro, liderando el trabajo desplegado por la Prefectura de Manab\u00ed para atender la emergencia suscitada en esa jurisdicci\u00f3n, producto de las inundaciones ocasionadas por las fuertes lluvias registradas entre la noche del martes y [&hellip;]\" \/>\n<meta property=\"og:url\" content=\"https:\/\/www.manabi.gob.ec\/index.php\/seguimos-activados-en-flavio-alfaro\/\" \/>\n<meta property=\"og:site_name\" content=\"Prefectura de Manab\u00ed\" \/>\n<meta property=\"article:published_time\" content=\"2023-07-17T20:00:03+00:00\" \/>\n<meta property=\"article:modified_time\" content=\"2023-07-17T20:00:08+00:00\" \/>\n<meta property=\"og:image\" content=\"https:\/\/www.manabi.gob.ec\/wp-content\/uploads\/2023\/07\/WhatsApp-Image-2023-07-13-at-13.35.27.jpeg\" \/>\n\t<meta property=\"og:image:width\" content=\"1280\" \/>\n\t<meta property=\"og:image:height\" content=\"1044\" \/>\n\t<meta property=\"og:image:type\" content=\"image\/jpeg\" \/>\n<meta name=\"author\" content=\"Lui Ochoa\" \/>\n<meta name=\"twitter:card\" content=\"summary_large_image\" \/>\n<meta name=\"twitter:label1\" content=\"Escrito por\" \/>\n\t<meta name=\"twitter:data1\" content=\"Lui Ochoa\" \/>\n\t<meta name=\"twitter:label2\" content=\"Tiempo de lectura\" \/>\n\t<meta name=\"twitter:data2\" content=\"1 minuto\" \/>\n<script type=\"application\/ld+json\" class=\"yoast-schema-graph\">{\"@context\":\"https:\\\/\\\/schema.org\",\"@graph\":[{\"@type\":\"Article\",\"@id\":\"https:\\\/\\\/www.manabi.gob.ec\\\/index.php\\\/seguimos-activados-en-flavio-alfaro\\\/#article\",\"isPartOf\":{\"@id\":\"https:\\\/\\\/www.manabi.gob.ec\\\/index.php\\\/seguimos-activados-en-flavio-alfaro\\\/\"},\"author\":{\"name\":\"Lui Ochoa\",\"@id\":\"https:\\\/\\\/www.manabi.gob.ec\\\/#\\\/schema\\\/person\\\/c4f117989332ad723a6ced5994aa7d7a\"},\"headline\":\"\u00a1SEGUIMOS ACTIVADOS EN FLAVIO ALFARO!\",\"datePublished\":\"2023-07-17T20:00:03+00:00\",\"dateModified\":\"2023-07-17T20:00:08+00:00\",\"mainEntityOfPage\":{\"@id\":\"https:\\\/\\\/www.manabi.gob.ec\\\/index.php\\\/seguimos-activados-en-flavio-alfaro\\\/\"},\"wordCount\":188,\"image\":{\"@id\":\"https:\\\/\\\/www.manabi.gob.ec\\\/index.php\\\/seguimos-activados-en-flavio-alfaro\\\/#primaryimage\"},\"thumbnailUrl\":\"https:\\\/\\\/www.manabi.gob.ec\\\/wp-content\\\/uploads\\\/2023\\\/07\\\/WhatsApp-Image-2023-07-13-at-13.35.27.jpeg\",\"articleSection\":[\"Ambiente\",\"Desarrollo Social\",\"Flavio Alfaro\",\"Noticias\",\"Obra P\u00fablica\",\"Plan Invernal\",\"PLAN INVERNAL\",\"Todas\"],\"inLanguage\":\"es\"},{\"@type\":\"WebPage\",\"@id\":\"https:\\\/\\\/www.manabi.gob.ec\\\/index.php\\\/seguimos-activados-en-flavio-alfaro\\\/\",\"url\":\"https:\\\/\\\/www.manabi.gob.ec\\\/index.php\\\/seguimos-activados-en-flavio-alfaro\\\/\",\"name\":\"\u00a1SEGUIMOS ACTIVADOS EN FLAVIO ALFARO! - Prefectura de Manab\u00ed\",\"isPartOf\":{\"@id\":\"https:\\\/\\\/www.manabi.gob.ec\\\/#website\"},\"primaryImageOfPage\":{\"@id\":\"https:\\\/\\\/www.manabi.gob.ec\\\/index.php\\\/seguimos-activados-en-flavio-alfaro\\\/#primaryimage\"},\"image\":{\"@id\":\"https:\\\/\\\/www.manabi.gob.ec\\\/index.php\\\/seguimos-activados-en-flavio-alfaro\\\/#primaryimage\"},\"thumbnailUrl\":\"https:\\\/\\\/www.manabi.gob.ec\\\/wp-content\\\/uploads\\\/2023\\\/07\\\/WhatsApp-Image-2023-07-13-at-13.35.27.jpeg\",\"datePublished\":\"2023-07-17T20:00:03+00:00\",\"dateModified\":\"2023-07-17T20:00:08+00:00\",\"author\":{\"@id\":\"https:\\\/\\\/www.manabi.gob.ec\\\/#\\\/schema\\\/person\\\/c4f117989332ad723a6ced5994aa7d7a\"},\"breadcrumb\":{\"@id\":\"https:\\\/\\\/www.manabi.gob.ec\\\/index.php\\\/seguimos-activados-en-flavio-alfaro\\\/#breadcrumb\"},\"inLanguage\":\"es\",\"potentialAction\":[{\"@type\":\"ReadAction\",\"target\":[\"https:\\\/\\\/www.manabi.gob.ec\\\/index.php\\\/seguimos-activados-en-flavio-alfaro\\\/\"]}]},{\"@type\":\"ImageObject\",\"inLanguage\":\"es\",\"@id\":\"https:\\\/\\\/www.manabi.gob.ec\\\/index.php\\\/seguimos-activados-en-flavio-alfaro\\\/#primaryimage\",\"url\":\"https:\\\/\\\/www.manabi.gob.ec\\\/wp-content\\\/uploads\\\/2023\\\/07\\\/WhatsApp-Image-2023-07-13-at-13.35.27.jpeg\",\"contentUrl\":\"https:\\\/\\\/www.manabi.gob.ec\\\/wp-content\\\/uploads\\\/2023\\\/07\\\/WhatsApp-Image-2023-07-13-at-13.35.27.jpeg\",\"width\":1280,\"height\":1044},{\"@type\":\"BreadcrumbList\",\"@id\":\"https:\\\/\\\/www.manabi.gob.ec\\\/index.php\\\/seguimos-activados-en-flavio-alfaro\\\/#breadcrumb\",\"itemListElement\":[{\"@type\":\"ListItem\",\"position\":1,\"name\":\"Portada\",\"item\":\"https:\\\/\\\/www.manabi.gob.ec\\\/\"},{\"@type\":\"ListItem\",\"position\":2,\"name\":\"\u00a1SEGUIMOS ACTIVADOS EN FLAVIO ALFARO!\"}]},{\"@type\":\"WebSite\",\"@id\":\"https:\\\/\\\/www.manabi.gob.ec\\\/#website\",\"url\":\"https:\\\/\\\/www.manabi.gob.ec\\\/\",\"name\":\"Prefectura de Manab\u00ed\",\"description\":\"P\u00e1gina web de la prefectura\",\"potentialAction\":[{\"@type\":\"SearchAction\",\"target\":{\"@type\":\"EntryPoint\",\"urlTemplate\":\"https:\\\/\\\/www.manabi.gob.ec\\\/?s={search_term_string}\"},\"query-input\":{\"@type\":\"PropertyValueSpecification\",\"valueRequired\":true,\"valueName\":\"search_term_string\"}}],\"inLanguage\":\"es\"},{\"@type\":\"Person\",\"@id\":\"https:\\\/\\\/www.manabi.gob.ec\\\/#\\\/schema\\\/person\\\/c4f117989332ad723a6ced5994aa7d7a\",\"name\":\"Lui Ochoa\",\"image\":{\"@type\":\"ImageObject\",\"inLanguage\":\"es\",\"@id\":\"https:\\\/\\\/secure.gravatar.com\\\/avatar\\\/6e8017d0fe69dead8a95864d2eb6e1e1d8bf8e01194ba49cf7b897ff038126ba?s=96&d=mm&r=g\",\"url\":\"https:\\\/\\\/secure.gravatar.com\\\/avatar\\\/6e8017d0fe69dead8a95864d2eb6e1e1d8bf8e01194ba49cf7b897ff038126ba?s=96&d=mm&r=g\",\"contentUrl\":\"https:\\\/\\\/secure.gravatar.com\\\/avatar\\\/6e8017d0fe69dead8a95864d2eb6e1e1d8bf8e01194ba49cf7b897ff038126ba?s=96&d=mm&r=g\",\"caption\":\"Lui Ochoa\"},\"url\":\"https:\\\/\\\/www.manabi.gob.ec\\\/index.php\\\/author\\\/lochoa\\\/\"}]}<\/script>\n<!-- \/ Yoast SEO plugin. -->","yoast_head_json":{"title":"\u00a1SEGUIMOS ACTIVADOS EN FLAVIO ALFARO! - Prefectura de Manab\u00ed","robots":{"index":"index","follow":"follow","max-snippet":"max-snippet:-1","max-image-preview":"max-image-preview:large","max-video-preview":"max-video-preview:-1"},"canonical":"https:\/\/www.manabi.gob.ec\/index.php\/seguimos-activados-en-flavio-alfaro\/","og_locale":"es_ES","og_type":"article","og_title":"\u00a1SEGUIMOS ACTIVADOS EN FLAVIO ALFARO! - Prefectura de Manab\u00ed","og_description":"La prefecta subrogante, Kelly Buenaventura, se encuentra desde las primeras horas de este jueves 13 de julio en el cant\u00f3n Flavio Alfaro, liderando el trabajo desplegado por la Prefectura de Manab\u00ed para atender la emergencia suscitada en esa jurisdicci\u00f3n, producto de las inundaciones ocasionadas por las fuertes lluvias registradas entre la noche del martes y [&hellip;]","og_url":"https:\/\/www.manabi.gob.ec\/index.php\/seguimos-activados-en-flavio-alfaro\/","og_site_name":"Prefectura de Manab\u00ed","article_published_time":"2023-07-17T20:00:03+00:00","article_modified_time":"2023-07-17T20:00:08+00:00","og_image":[{"width":1280,"height":1044,"url":"https:\/\/www.manabi.gob.ec\/wp-content\/uploads\/2023\/07\/WhatsApp-Image-2023-07-13-at-13.35.27.jpeg","type":"image\/jpeg"}],"author":"Lui Ochoa","twitter_card":"summary_large_image","twitter_misc":{"Escrito por":"Lui Ochoa","Tiempo de lectura":"1 minuto"},"schema":{"@context":"https:\/\/schema.org","@graph":[{"@type":"Article","@id":"https:\/\/www.manabi.gob.ec\/index.php\/seguimos-activados-en-flavio-alfaro\/#article","isPartOf":{"@id":"https:\/\/www.manabi.gob.ec\/index.php\/seguimos-activados-en-flavio-alfaro\/"},"author":{"name":"Lui Ochoa","@id":"https:\/\/www.manabi.gob.ec\/#\/schema\/person\/c4f117989332ad723a6ced5994aa7d7a"},"headline":"\u00a1SEGUIMOS ACTIVADOS EN FLAVIO ALFARO!","datePublished":"2023-07-17T20:00:03+00:00","dateModified":"2023-07-17T20:00:08+00:00","mainEntityOfPage":{"@id":"https:\/\/www.manabi.gob.ec\/index.php\/seguimos-activados-en-flavio-alfaro\/"},"wordCount":188,"image":{"@id":"https:\/\/www.manabi.gob.ec\/index.php\/seguimos-activados-en-flavio-alfaro\/#primaryimage"},"thumbnailUrl":"https:\/\/www.manabi.gob.ec\/wp-content\/uploads\/2023\/07\/WhatsApp-Image-2023-07-13-at-13.35.27.jpeg","articleSection":["Ambiente","Desarrollo Social","Flavio Alfaro","Noticias","Obra P\u00fablica","Plan Invernal","PLAN INVERNAL","Todas"],"inLanguage":"es"},{"@type":"WebPage","@id":"https:\/\/www.manabi.gob.ec\/index.php\/seguimos-activados-en-flavio-alfaro\/","url":"https:\/\/www.manabi.gob.ec\/index.php\/seguimos-activados-en-flavio-alfaro\/","name":"\u00a1SEGUIMOS ACTIVADOS EN FLAVIO ALFARO! - Prefectura de Manab\u00ed","isPartOf":{"@id":"https:\/\/www.manabi.gob.ec\/#website"},"primaryImageOfPage":{"@id":"https:\/\/www.manabi.gob.ec\/index.php\/seguimos-activados-en-flavio-alfaro\/#primaryimage"},"image":{"@id":"https:\/\/www.manabi.gob.ec\/index.php\/seguimos-activados-en-flavio-alfaro\/#primaryimage"},"thumbnailUrl":"https:\/\/www.manabi.gob.ec\/wp-content\/uploads\/2023\/07\/WhatsApp-Image-2023-07-13-at-13.35.27.jpeg","datePublished":"2023-07-17T20:00:03+00:00","dateModified":"2023-07-17T20:00:08+00:00","author":{"@id":"https:\/\/www.manabi.gob.ec\/#\/schema\/person\/c4f117989332ad723a6ced5994aa7d7a"},"breadcrumb":{"@id":"https:\/\/www.manabi.gob.ec\/index.php\/seguimos-activados-en-flavio-alfaro\/#breadcrumb"},"inLanguage":"es","potentialAction":[{"@type":"ReadAction","target":["https:\/\/www.manabi.gob.ec\/index.php\/seguimos-activados-en-flavio-alfaro\/"]}]},{"@type":"ImageObject","inLanguage":"es","@id":"https:\/\/www.manabi.gob.ec\/index.php\/seguimos-activados-en-flavio-alfaro\/#primaryimage","url":"https:\/\/www.manabi.gob.ec\/wp-content\/uploads\/2023\/07\/WhatsApp-Image-2023-07-13-at-13.35.27.jpeg","contentUrl":"https:\/\/www.manabi.gob.ec\/wp-content\/uploads\/2023\/07\/WhatsApp-Image-2023-07-13-at-13.35.27.jpeg","width":1280,"height":1044},{"@type":"BreadcrumbList","@id":"https:\/\/www.manabi.gob.ec\/index.php\/seguimos-activados-en-flavio-alfaro\/#breadcrumb","itemListElement":[{"@type":"ListItem","position":1,"name":"Portada","item":"https:\/\/www.manabi.gob.ec\/"},{"@type":"ListItem","position":2,"name":"\u00a1SEGUIMOS ACTIVADOS EN FLAVIO ALFARO!"}]},{"@type":"WebSite","@id":"https:\/\/www.manabi.gob.ec\/#website","url":"https:\/\/www.manabi.gob.ec\/","name":"Prefectura de Manab\u00ed","description":"P\u00e1gina web de la prefectura","potentialAction":[{"@type":"SearchAction","target":{"@type":"EntryPoint","urlTemplate":"https:\/\/www.manabi.gob.ec\/?s={search_term_string}"},"query-input":{"@type":"PropertyValueSpecification","valueRequired":true,"valueName":"search_term_string"}}],"inLanguage":"es"},{"@type":"Person","@id":"https:\/\/www.manabi.gob.ec\/#\/schema\/person\/c4f117989332ad723a6ced5994aa7d7a","name":"Lui Ochoa","image":{"@type":"ImageObject","inLanguage":"es","@id":"https:\/\/secure.gravatar.com\/avatar\/6e8017d0fe69dead8a95864d2eb6e1e1d8bf8e01194ba49cf7b897ff038126ba?s=96&d=mm&r=g","url":"https:\/\/secure.gravatar.com\/avatar\/6e8017d0fe69dead8a95864d2eb6e1e1d8bf8e01194ba49cf7b897ff038126ba?s=96&d=mm&r=g","contentUrl":"https:\/\/secure.gravatar.com\/avatar\/6e8017d0fe69dead8a95864d2eb6e1e1d8bf8e01194ba49cf7b897ff038126ba?s=96&d=mm&r=g","caption":"Lui Ochoa"},"url":"https:\/\/www.manabi.gob.ec\/index.php\/author\/lochoa\/"}]}},"jetpack_featured_media_url":"https:\/\/www.manabi.gob.ec\/wp-content\/uploads\/2023\/07\/WhatsApp-Image-2023-07-13-at-13.35.27.jpeg","_links":{"self":[{"href":"https:\/\/www.manabi.gob.ec\/index.php\/wp-json\/wp\/v2\/posts\/25198","targetHints":{"allow":["GET"]}}],"collection":[{"href":"https:\/\/www.manabi.gob.ec\/index.php\/wp-json\/wp\/v2\/posts"}],"about":[{"href":"https:\/\/www.manabi.gob.ec\/index.php\/wp-json\/wp\/v2\/types\/post"}],"author":[{"embeddable":true,"href":"https:\/\/www.manabi.gob.ec\/index.php\/wp-json\/wp\/v2\/users\/10"}],"replies":[{"embeddable":true,"href":"https:\/\/www.manabi.gob.ec\/index.php\/wp-json\/wp\/v2\/comments?post=25198"}],"version-history":[{"count":0,"href":"https:\/\/www.manabi.gob.ec\/index.php\/wp-json\/wp\/v2\/posts\/25198\/revisions"}],"wp:featuredmedia":[{"embeddable":true,"href":"https:\/\/www.manabi.gob.ec\/index.php\/wp-json\/wp\/v2\/media\/25199"}],"wp:attachment":[{"href":"https:\/\/www.manabi.gob.ec\/index.php\/wp-json\/wp\/v2\/media?parent=25198"}],"wp:term":[{"taxonomy":"category","embeddable":true,"href":"https:\/\/www.manabi.gob.ec\/index.php\/wp-json\/wp\/v2\/categories?post=25198"},{"taxonomy":"post_tag","embeddable":true,"href":"https:\/\/www.manabi.gob.ec\/index.php\/wp-json\/wp\/v2\/tags?post=25198"}],"curies":[{"name":"wp","href":"https:\/\/api.w.org\/{rel}","templated":true}]}}