{"id":25274,"date":"2023-07-20T16:02:20","date_gmt":"2023-07-20T16:02:20","guid":{"rendered":"https:\/\/www.manabi.gob.ec\/?p=25274"},"modified":"2023-07-20T16:02:26","modified_gmt":"2023-07-20T16:02:26","slug":"promovemos-la-ensenanza-de-temas-ambientales-y-de-reforestacion","status":"publish","type":"post","link":"https:\/\/www.manabi.gob.ec\/index.php\/promovemos-la-ensenanza-de-temas-ambientales-y-de-reforestacion\/","title":{"rendered":"Promovemos la ense\u00f1anza de temas ambientales y de reforestaci\u00f3n"},"content":{"rendered":"\n<p>La Prefectura de Manab\u00ed, a trav\u00e9s de la Direcci\u00f3n de Ambiente y Riesgos, capacita a estudiantes de las unidades educativas y a sus tutores estudiantiles en la aplicaci\u00f3n de buenas pr\u00e1cticas ambientales para que los ciudadanos conozcan las t\u00e9cnicas amigables con el ambiente y realiza la donaci\u00f3n de plantas frutales y ornamentales como parte del programa de reforestaci\u00f3n.<\/p>\n\n\n\n<p>Se articul\u00f3 las capacitaciones con las unidades educativas de Montecristi, Flavio Palacios Garc\u00eda y de Puerto L\u00f3pez, Unidad Educativa 2 de Agosto y Jaime Rold\u00f3s Aguilera.<\/p>\n\n\n\n<p>Cada unidad educativa recibi\u00f3 20 plantas de diferentes frutas y plantas ornamentales, y sus directivos se comprometieron a desarrollar acciones que ayuden a mejorar el ambiente, frente a la problem\u00e1tica del cambio clim\u00e1tico.<\/p>\n","protected":false},"excerpt":{"rendered":"<p>La Prefectura de Manab\u00ed, a trav\u00e9s de la Direcci\u00f3n de Ambiente y Riesgos, capacita a estudiantes de las unidades educativas y a sus tutores estudiantiles en la aplicaci\u00f3n de buenas pr\u00e1cticas ambientales para que los ciudadanos conozcan las t\u00e9cnicas amigables con el ambiente y realiza la donaci\u00f3n de plantas frutales y ornamentales como parte del [&hellip;]<\/p>\n","protected":false},"author":10,"featured_media":25275,"comment_status":"closed","ping_status":"closed","sticky":false,"template":"","format":"standard","meta":{"_joinchat":[],"footnotes":""},"categories":[150,142,92,91],"tags":[],"class_list":["post-25274","post","type-post","status-publish","format-standard","has-post-thumbnail","hentry","category-ambiente","category-desarrollo-social","category-noticias-manabi","category-todas"],"yoast_head":"<!-- This site is optimized with the Yoast SEO plugin v27.4 - https:\/\/yoast.com\/product\/yoast-seo-wordpress\/ -->\n<title>Promovemos la ense\u00f1anza de temas ambientales y de reforestaci\u00f3n - Prefectura de Manab\u00ed<\/title>\n<meta name=\"robots\" content=\"index, follow, max-snippet:-1, max-image-preview:large, max-video-preview:-1\" \/>\n<link rel=\"canonical\" href=\"https:\/\/www.manabi.gob.ec\/index.php\/promovemos-la-ensenanza-de-temas-ambientales-y-de-reforestacion\/\" \/>\n<meta property=\"og:locale\" content=\"es_ES\" \/>\n<meta property=\"og:type\" content=\"article\" \/>\n<meta property=\"og:title\" content=\"Promovemos la ense\u00f1anza de temas ambientales y de reforestaci\u00f3n - Prefectura de Manab\u00ed\" \/>\n<meta property=\"og:description\" content=\"La Prefectura de Manab\u00ed, a trav\u00e9s de la Direcci\u00f3n de Ambiente y Riesgos, capacita a estudiantes de las unidades educativas y a sus tutores estudiantiles en la aplicaci\u00f3n de buenas pr\u00e1cticas ambientales para que los ciudadanos conozcan las t\u00e9cnicas amigables con el ambiente y realiza la donaci\u00f3n de plantas frutales y ornamentales como parte del [&hellip;]\" \/>\n<meta property=\"og:url\" content=\"https:\/\/www.manabi.gob.ec\/index.php\/promovemos-la-ensenanza-de-temas-ambientales-y-de-reforestacion\/\" \/>\n<meta property=\"og:site_name\" content=\"Prefectura de Manab\u00ed\" \/>\n<meta property=\"article:published_time\" content=\"2023-07-20T16:02:20+00:00\" \/>\n<meta property=\"article:modified_time\" content=\"2023-07-20T16:02:26+00:00\" \/>\n<meta property=\"og:image\" content=\"https:\/\/www.manabi.gob.ec\/wp-content\/uploads\/2023\/07\/WhatsApp-Image-2023-07-18-at-14.27.34.jpeg\" \/>\n\t<meta property=\"og:image:width\" content=\"1600\" \/>\n\t<meta property=\"og:image:height\" content=\"1066\" \/>\n\t<meta property=\"og:image:type\" content=\"image\/jpeg\" \/>\n<meta name=\"author\" content=\"Lui Ochoa\" \/>\n<meta name=\"twitter:card\" content=\"summary_large_image\" \/>\n<meta name=\"twitter:label1\" content=\"Escrito por\" \/>\n\t<meta name=\"twitter:data1\" content=\"Lui Ochoa\" \/>\n\t<meta name=\"twitter:label2\" content=\"Tiempo de lectura\" \/>\n\t<meta name=\"twitter:data2\" content=\"1 minuto\" \/>\n<script type=\"application\/ld+json\" class=\"yoast-schema-graph\">{\"@context\":\"https:\\\/\\\/schema.org\",\"@graph\":[{\"@type\":\"Article\",\"@id\":\"https:\\\/\\\/www.manabi.gob.ec\\\/index.php\\\/promovemos-la-ensenanza-de-temas-ambientales-y-de-reforestacion\\\/#article\",\"isPartOf\":{\"@id\":\"https:\\\/\\\/www.manabi.gob.ec\\\/index.php\\\/promovemos-la-ensenanza-de-temas-ambientales-y-de-reforestacion\\\/\"},\"author\":{\"name\":\"Lui Ochoa\",\"@id\":\"https:\\\/\\\/www.manabi.gob.ec\\\/#\\\/schema\\\/person\\\/c4f117989332ad723a6ced5994aa7d7a\"},\"headline\":\"Promovemos la ense\u00f1anza de temas ambientales y de reforestaci\u00f3n\",\"datePublished\":\"2023-07-20T16:02:20+00:00\",\"dateModified\":\"2023-07-20T16:02:26+00:00\",\"mainEntityOfPage\":{\"@id\":\"https:\\\/\\\/www.manabi.gob.ec\\\/index.php\\\/promovemos-la-ensenanza-de-temas-ambientales-y-de-reforestacion\\\/\"},\"wordCount\":138,\"image\":{\"@id\":\"https:\\\/\\\/www.manabi.gob.ec\\\/index.php\\\/promovemos-la-ensenanza-de-temas-ambientales-y-de-reforestacion\\\/#primaryimage\"},\"thumbnailUrl\":\"https:\\\/\\\/www.manabi.gob.ec\\\/wp-content\\\/uploads\\\/2023\\\/07\\\/WhatsApp-Image-2023-07-18-at-14.27.34.jpeg\",\"articleSection\":[\"Ambiente\",\"Desarrollo Social\",\"Noticias\",\"Todas\"],\"inLanguage\":\"es\"},{\"@type\":\"WebPage\",\"@id\":\"https:\\\/\\\/www.manabi.gob.ec\\\/index.php\\\/promovemos-la-ensenanza-de-temas-ambientales-y-de-reforestacion\\\/\",\"url\":\"https:\\\/\\\/www.manabi.gob.ec\\\/index.php\\\/promovemos-la-ensenanza-de-temas-ambientales-y-de-reforestacion\\\/\",\"name\":\"Promovemos la ense\u00f1anza de temas ambientales y de reforestaci\u00f3n - Prefectura de Manab\u00ed\",\"isPartOf\":{\"@id\":\"https:\\\/\\\/www.manabi.gob.ec\\\/#website\"},\"primaryImageOfPage\":{\"@id\":\"https:\\\/\\\/www.manabi.gob.ec\\\/index.php\\\/promovemos-la-ensenanza-de-temas-ambientales-y-de-reforestacion\\\/#primaryimage\"},\"image\":{\"@id\":\"https:\\\/\\\/www.manabi.gob.ec\\\/index.php\\\/promovemos-la-ensenanza-de-temas-ambientales-y-de-reforestacion\\\/#primaryimage\"},\"thumbnailUrl\":\"https:\\\/\\\/www.manabi.gob.ec\\\/wp-content\\\/uploads\\\/2023\\\/07\\\/WhatsApp-Image-2023-07-18-at-14.27.34.jpeg\",\"datePublished\":\"2023-07-20T16:02:20+00:00\",\"dateModified\":\"2023-07-20T16:02:26+00:00\",\"author\":{\"@id\":\"https:\\\/\\\/www.manabi.gob.ec\\\/#\\\/schema\\\/person\\\/c4f117989332ad723a6ced5994aa7d7a\"},\"breadcrumb\":{\"@id\":\"https:\\\/\\\/www.manabi.gob.ec\\\/index.php\\\/promovemos-la-ensenanza-de-temas-ambientales-y-de-reforestacion\\\/#breadcrumb\"},\"inLanguage\":\"es\",\"potentialAction\":[{\"@type\":\"ReadAction\",\"target\":[\"https:\\\/\\\/www.manabi.gob.ec\\\/index.php\\\/promovemos-la-ensenanza-de-temas-ambientales-y-de-reforestacion\\\/\"]}]},{\"@type\":\"ImageObject\",\"inLanguage\":\"es\",\"@id\":\"https:\\\/\\\/www.manabi.gob.ec\\\/index.php\\\/promovemos-la-ensenanza-de-temas-ambientales-y-de-reforestacion\\\/#primaryimage\",\"url\":\"https:\\\/\\\/www.manabi.gob.ec\\\/wp-content\\\/uploads\\\/2023\\\/07\\\/WhatsApp-Image-2023-07-18-at-14.27.34.jpeg\",\"contentUrl\":\"https:\\\/\\\/www.manabi.gob.ec\\\/wp-content\\\/uploads\\\/2023\\\/07\\\/WhatsApp-Image-2023-07-18-at-14.27.34.jpeg\",\"width\":1600,\"height\":1066},{\"@type\":\"BreadcrumbList\",\"@id\":\"https:\\\/\\\/www.manabi.gob.ec\\\/index.php\\\/promovemos-la-ensenanza-de-temas-ambientales-y-de-reforestacion\\\/#breadcrumb\",\"itemListElement\":[{\"@type\":\"ListItem\",\"position\":1,\"name\":\"Portada\",\"item\":\"https:\\\/\\\/www.manabi.gob.ec\\\/\"},{\"@type\":\"ListItem\",\"position\":2,\"name\":\"Promovemos la ense\u00f1anza de temas ambientales y de reforestaci\u00f3n\"}]},{\"@type\":\"WebSite\",\"@id\":\"https:\\\/\\\/www.manabi.gob.ec\\\/#website\",\"url\":\"https:\\\/\\\/www.manabi.gob.ec\\\/\",\"name\":\"Prefectura de Manab\u00ed\",\"description\":\"P\u00e1gina web de la prefectura\",\"potentialAction\":[{\"@type\":\"SearchAction\",\"target\":{\"@type\":\"EntryPoint\",\"urlTemplate\":\"https:\\\/\\\/www.manabi.gob.ec\\\/?s={search_term_string}\"},\"query-input\":{\"@type\":\"PropertyValueSpecification\",\"valueRequired\":true,\"valueName\":\"search_term_string\"}}],\"inLanguage\":\"es\"},{\"@type\":\"Person\",\"@id\":\"https:\\\/\\\/www.manabi.gob.ec\\\/#\\\/schema\\\/person\\\/c4f117989332ad723a6ced5994aa7d7a\",\"name\":\"Lui Ochoa\",\"image\":{\"@type\":\"ImageObject\",\"inLanguage\":\"es\",\"@id\":\"https:\\\/\\\/secure.gravatar.com\\\/avatar\\\/6e8017d0fe69dead8a95864d2eb6e1e1d8bf8e01194ba49cf7b897ff038126ba?s=96&d=mm&r=g\",\"url\":\"https:\\\/\\\/secure.gravatar.com\\\/avatar\\\/6e8017d0fe69dead8a95864d2eb6e1e1d8bf8e01194ba49cf7b897ff038126ba?s=96&d=mm&r=g\",\"contentUrl\":\"https:\\\/\\\/secure.gravatar.com\\\/avatar\\\/6e8017d0fe69dead8a95864d2eb6e1e1d8bf8e01194ba49cf7b897ff038126ba?s=96&d=mm&r=g\",\"caption\":\"Lui Ochoa\"},\"url\":\"https:\\\/\\\/www.manabi.gob.ec\\\/index.php\\\/author\\\/lochoa\\\/\"}]}<\/script>\n<!-- \/ Yoast SEO plugin. -->","yoast_head_json":{"title":"Promovemos la ense\u00f1anza de temas ambientales y de reforestaci\u00f3n - Prefectura de Manab\u00ed","robots":{"index":"index","follow":"follow","max-snippet":"max-snippet:-1","max-image-preview":"max-image-preview:large","max-video-preview":"max-video-preview:-1"},"canonical":"https:\/\/www.manabi.gob.ec\/index.php\/promovemos-la-ensenanza-de-temas-ambientales-y-de-reforestacion\/","og_locale":"es_ES","og_type":"article","og_title":"Promovemos la ense\u00f1anza de temas ambientales y de reforestaci\u00f3n - Prefectura de Manab\u00ed","og_description":"La Prefectura de Manab\u00ed, a trav\u00e9s de la Direcci\u00f3n de Ambiente y Riesgos, capacita a estudiantes de las unidades educativas y a sus tutores estudiantiles en la aplicaci\u00f3n de buenas pr\u00e1cticas ambientales para que los ciudadanos conozcan las t\u00e9cnicas amigables con el ambiente y realiza la donaci\u00f3n de plantas frutales y ornamentales como parte del [&hellip;]","og_url":"https:\/\/www.manabi.gob.ec\/index.php\/promovemos-la-ensenanza-de-temas-ambientales-y-de-reforestacion\/","og_site_name":"Prefectura de Manab\u00ed","article_published_time":"2023-07-20T16:02:20+00:00","article_modified_time":"2023-07-20T16:02:26+00:00","og_image":[{"width":1600,"height":1066,"url":"https:\/\/www.manabi.gob.ec\/wp-content\/uploads\/2023\/07\/WhatsApp-Image-2023-07-18-at-14.27.34.jpeg","type":"image\/jpeg"}],"author":"Lui Ochoa","twitter_card":"summary_large_image","twitter_misc":{"Escrito por":"Lui Ochoa","Tiempo de lectura":"1 minuto"},"schema":{"@context":"https:\/\/schema.org","@graph":[{"@type":"Article","@id":"https:\/\/www.manabi.gob.ec\/index.php\/promovemos-la-ensenanza-de-temas-ambientales-y-de-reforestacion\/#article","isPartOf":{"@id":"https:\/\/www.manabi.gob.ec\/index.php\/promovemos-la-ensenanza-de-temas-ambientales-y-de-reforestacion\/"},"author":{"name":"Lui Ochoa","@id":"https:\/\/www.manabi.gob.ec\/#\/schema\/person\/c4f117989332ad723a6ced5994aa7d7a"},"headline":"Promovemos la ense\u00f1anza de temas ambientales y de reforestaci\u00f3n","datePublished":"2023-07-20T16:02:20+00:00","dateModified":"2023-07-20T16:02:26+00:00","mainEntityOfPage":{"@id":"https:\/\/www.manabi.gob.ec\/index.php\/promovemos-la-ensenanza-de-temas-ambientales-y-de-reforestacion\/"},"wordCount":138,"image":{"@id":"https:\/\/www.manabi.gob.ec\/index.php\/promovemos-la-ensenanza-de-temas-ambientales-y-de-reforestacion\/#primaryimage"},"thumbnailUrl":"https:\/\/www.manabi.gob.ec\/wp-content\/uploads\/2023\/07\/WhatsApp-Image-2023-07-18-at-14.27.34.jpeg","articleSection":["Ambiente","Desarrollo Social","Noticias","Todas"],"inLanguage":"es"},{"@type":"WebPage","@id":"https:\/\/www.manabi.gob.ec\/index.php\/promovemos-la-ensenanza-de-temas-ambientales-y-de-reforestacion\/","url":"https:\/\/www.manabi.gob.ec\/index.php\/promovemos-la-ensenanza-de-temas-ambientales-y-de-reforestacion\/","name":"Promovemos la ense\u00f1anza de temas ambientales y de reforestaci\u00f3n - Prefectura de Manab\u00ed","isPartOf":{"@id":"https:\/\/www.manabi.gob.ec\/#website"},"primaryImageOfPage":{"@id":"https:\/\/www.manabi.gob.ec\/index.php\/promovemos-la-ensenanza-de-temas-ambientales-y-de-reforestacion\/#primaryimage"},"image":{"@id":"https:\/\/www.manabi.gob.ec\/index.php\/promovemos-la-ensenanza-de-temas-ambientales-y-de-reforestacion\/#primaryimage"},"thumbnailUrl":"https:\/\/www.manabi.gob.ec\/wp-content\/uploads\/2023\/07\/WhatsApp-Image-2023-07-18-at-14.27.34.jpeg","datePublished":"2023-07-20T16:02:20+00:00","dateModified":"2023-07-20T16:02:26+00:00","author":{"@id":"https:\/\/www.manabi.gob.ec\/#\/schema\/person\/c4f117989332ad723a6ced5994aa7d7a"},"breadcrumb":{"@id":"https:\/\/www.manabi.gob.ec\/index.php\/promovemos-la-ensenanza-de-temas-ambientales-y-de-reforestacion\/#breadcrumb"},"inLanguage":"es","potentialAction":[{"@type":"ReadAction","target":["https:\/\/www.manabi.gob.ec\/index.php\/promovemos-la-ensenanza-de-temas-ambientales-y-de-reforestacion\/"]}]},{"@type":"ImageObject","inLanguage":"es","@id":"https:\/\/www.manabi.gob.ec\/index.php\/promovemos-la-ensenanza-de-temas-ambientales-y-de-reforestacion\/#primaryimage","url":"https:\/\/www.manabi.gob.ec\/wp-content\/uploads\/2023\/07\/WhatsApp-Image-2023-07-18-at-14.27.34.jpeg","contentUrl":"https:\/\/www.manabi.gob.ec\/wp-content\/uploads\/2023\/07\/WhatsApp-Image-2023-07-18-at-14.27.34.jpeg","width":1600,"height":1066},{"@type":"BreadcrumbList","@id":"https:\/\/www.manabi.gob.ec\/index.php\/promovemos-la-ensenanza-de-temas-ambientales-y-de-reforestacion\/#breadcrumb","itemListElement":[{"@type":"ListItem","position":1,"name":"Portada","item":"https:\/\/www.manabi.gob.ec\/"},{"@type":"ListItem","position":2,"name":"Promovemos la ense\u00f1anza de temas ambientales y de reforestaci\u00f3n"}]},{"@type":"WebSite","@id":"https:\/\/www.manabi.gob.ec\/#website","url":"https:\/\/www.manabi.gob.ec\/","name":"Prefectura de Manab\u00ed","description":"P\u00e1gina web de la prefectura","potentialAction":[{"@type":"SearchAction","target":{"@type":"EntryPoint","urlTemplate":"https:\/\/www.manabi.gob.ec\/?s={search_term_string}"},"query-input":{"@type":"PropertyValueSpecification","valueRequired":true,"valueName":"search_term_string"}}],"inLanguage":"es"},{"@type":"Person","@id":"https:\/\/www.manabi.gob.ec\/#\/schema\/person\/c4f117989332ad723a6ced5994aa7d7a","name":"Lui Ochoa","image":{"@type":"ImageObject","inLanguage":"es","@id":"https:\/\/secure.gravatar.com\/avatar\/6e8017d0fe69dead8a95864d2eb6e1e1d8bf8e01194ba49cf7b897ff038126ba?s=96&d=mm&r=g","url":"https:\/\/secure.gravatar.com\/avatar\/6e8017d0fe69dead8a95864d2eb6e1e1d8bf8e01194ba49cf7b897ff038126ba?s=96&d=mm&r=g","contentUrl":"https:\/\/secure.gravatar.com\/avatar\/6e8017d0fe69dead8a95864d2eb6e1e1d8bf8e01194ba49cf7b897ff038126ba?s=96&d=mm&r=g","caption":"Lui Ochoa"},"url":"https:\/\/www.manabi.gob.ec\/index.php\/author\/lochoa\/"}]}},"jetpack_featured_media_url":"https:\/\/www.manabi.gob.ec\/wp-content\/uploads\/2023\/07\/WhatsApp-Image-2023-07-18-at-14.27.34.jpeg","_links":{"self":[{"href":"https:\/\/www.manabi.gob.ec\/index.php\/wp-json\/wp\/v2\/posts\/25274","targetHints":{"allow":["GET"]}}],"collection":[{"href":"https:\/\/www.manabi.gob.ec\/index.php\/wp-json\/wp\/v2\/posts"}],"about":[{"href":"https:\/\/www.manabi.gob.ec\/index.php\/wp-json\/wp\/v2\/types\/post"}],"author":[{"embeddable":true,"href":"https:\/\/www.manabi.gob.ec\/index.php\/wp-json\/wp\/v2\/users\/10"}],"replies":[{"embeddable":true,"href":"https:\/\/www.manabi.gob.ec\/index.php\/wp-json\/wp\/v2\/comments?post=25274"}],"version-history":[{"count":0,"href":"https:\/\/www.manabi.gob.ec\/index.php\/wp-json\/wp\/v2\/posts\/25274\/revisions"}],"wp:featuredmedia":[{"embeddable":true,"href":"https:\/\/www.manabi.gob.ec\/index.php\/wp-json\/wp\/v2\/media\/25275"}],"wp:attachment":[{"href":"https:\/\/www.manabi.gob.ec\/index.php\/wp-json\/wp\/v2\/media?parent=25274"}],"wp:term":[{"taxonomy":"category","embeddable":true,"href":"https:\/\/www.manabi.gob.ec\/index.php\/wp-json\/wp\/v2\/categories?post=25274"},{"taxonomy":"post_tag","embeddable":true,"href":"https:\/\/www.manabi.gob.ec\/index.php\/wp-json\/wp\/v2\/tags?post=25274"}],"curies":[{"name":"wp","href":"https:\/\/api.w.org\/{rel}","templated":true}]}}