{"id":25286,"date":"2023-07-20T16:41:01","date_gmt":"2023-07-20T16:41:01","guid":{"rendered":"https:\/\/www.manabi.gob.ec\/?p=25286"},"modified":"2023-07-20T16:41:07","modified_gmt":"2023-07-20T16:41:07","slug":"jugadores-de-las-escuelas-de-futbol-de-la-prefectura-de-manabi-enfrentaron-partido-amistoso-de-caracter-internacional","status":"publish","type":"post","link":"https:\/\/www.manabi.gob.ec\/index.php\/jugadores-de-las-escuelas-de-futbol-de-la-prefectura-de-manabi-enfrentaron-partido-amistoso-de-caracter-internacional\/","title":{"rendered":"Jugadores de las Escuelas de F\u00fatbol de la Prefectura de Manab\u00ed enfrentaron partido amistoso de car\u00e1cter internacional"},"content":{"rendered":"\n<p>Un interesante encuentro futbol\u00edstico amistoso de car\u00e1cter internacional enfrent\u00f3 el equipo sub-17 de las Escuelas de F\u00fatbol de la Prefectura de Manab\u00ed (Proyecto Entrenando Valores), la tarde de este martes 18 de julio.<\/p>\n\n\n\n<p>El elenco provincial se enfrent\u00f3 a su similar de la LDUQ-USA PRO FC (EE-UU). Y aunque el marcador final no fue favorable para los locales, que perdieron 1-3, el partido sirvi\u00f3 para reforzar conocimientos por parte de los entrenadores y aporta experiencia a los j\u00f3venes futbolistas de la provincia.<\/p>\n\n\n\n<p>El representativo manabita estuvo integrado por alumnos de escuelas de varios cantones de la provincia. Carlos Bravo Santana, de la unidad Jun\u00edn Centro, marc\u00f3 el \u00fanico tanto local durante este partido que se desarroll\u00f3 en el complejo deportivo Guiferza, en Portoviejo.<\/p>\n\n\n\n<p>Previo al encuentro deportivo, los jugadores de Entrenando Valores entregaron a los visitantes varios souvenirs de productos elaborados por artesanos y emprendedores manabitas.<\/p>\n","protected":false},"excerpt":{"rendered":"<p>Un interesante encuentro futbol\u00edstico amistoso de car\u00e1cter internacional enfrent\u00f3 el equipo sub-17 de las Escuelas de F\u00fatbol de la Prefectura de Manab\u00ed (Proyecto Entrenando Valores), la tarde de este martes 18 de julio. El elenco provincial se enfrent\u00f3 a su similar de la LDUQ-USA PRO FC (EE-UU). Y aunque el marcador final no fue favorable [&hellip;]<\/p>\n","protected":false},"author":10,"featured_media":25287,"comment_status":"closed","ping_status":"closed","sticky":false,"template":"","format":"standard","meta":{"_joinchat":[],"footnotes":""},"categories":[142,92,132,91],"tags":[],"class_list":["post-25286","post","type-post","status-publish","format-standard","has-post-thumbnail","hentry","category-desarrollo-social","category-noticias-manabi","category-portoviejo","category-todas"],"yoast_head":"<!-- This site is optimized with the Yoast SEO plugin v27.4 - https:\/\/yoast.com\/product\/yoast-seo-wordpress\/ -->\n<title>Jugadores de las Escuelas de F\u00fatbol de la Prefectura de Manab\u00ed enfrentaron partido amistoso de car\u00e1cter internacional - Prefectura de Manab\u00ed<\/title>\n<meta name=\"robots\" content=\"index, follow, max-snippet:-1, max-image-preview:large, max-video-preview:-1\" \/>\n<link rel=\"canonical\" href=\"https:\/\/www.manabi.gob.ec\/index.php\/jugadores-de-las-escuelas-de-futbol-de-la-prefectura-de-manabi-enfrentaron-partido-amistoso-de-caracter-internacional\/\" \/>\n<meta property=\"og:locale\" content=\"es_ES\" \/>\n<meta property=\"og:type\" content=\"article\" \/>\n<meta property=\"og:title\" content=\"Jugadores de las Escuelas de F\u00fatbol de la Prefectura de Manab\u00ed enfrentaron partido amistoso de car\u00e1cter internacional - Prefectura de Manab\u00ed\" \/>\n<meta property=\"og:description\" content=\"Un interesante encuentro futbol\u00edstico amistoso de car\u00e1cter internacional enfrent\u00f3 el equipo sub-17 de las Escuelas de F\u00fatbol de la Prefectura de Manab\u00ed (Proyecto Entrenando Valores), la tarde de este martes 18 de julio. El elenco provincial se enfrent\u00f3 a su similar de la LDUQ-USA PRO FC (EE-UU). Y aunque el marcador final no fue favorable [&hellip;]\" \/>\n<meta property=\"og:url\" content=\"https:\/\/www.manabi.gob.ec\/index.php\/jugadores-de-las-escuelas-de-futbol-de-la-prefectura-de-manabi-enfrentaron-partido-amistoso-de-caracter-internacional\/\" \/>\n<meta property=\"og:site_name\" content=\"Prefectura de Manab\u00ed\" \/>\n<meta property=\"article:published_time\" content=\"2023-07-20T16:41:01+00:00\" \/>\n<meta property=\"article:modified_time\" content=\"2023-07-20T16:41:07+00:00\" \/>\n<meta property=\"og:image\" content=\"https:\/\/www.manabi.gob.ec\/wp-content\/uploads\/2023\/07\/WhatsApp-Image-2023-07-19-at-14.31.34.jpeg\" \/>\n\t<meta property=\"og:image:width\" content=\"1024\" \/>\n\t<meta property=\"og:image:height\" content=\"576\" \/>\n\t<meta property=\"og:image:type\" content=\"image\/jpeg\" \/>\n<meta name=\"author\" content=\"Lui Ochoa\" \/>\n<meta name=\"twitter:card\" content=\"summary_large_image\" \/>\n<meta name=\"twitter:label1\" content=\"Escrito por\" \/>\n\t<meta name=\"twitter:data1\" content=\"Lui Ochoa\" \/>\n\t<meta name=\"twitter:label2\" content=\"Tiempo de lectura\" \/>\n\t<meta name=\"twitter:data2\" content=\"1 minuto\" \/>\n<script type=\"application\/ld+json\" class=\"yoast-schema-graph\">{\"@context\":\"https:\\\/\\\/schema.org\",\"@graph\":[{\"@type\":\"Article\",\"@id\":\"https:\\\/\\\/www.manabi.gob.ec\\\/index.php\\\/jugadores-de-las-escuelas-de-futbol-de-la-prefectura-de-manabi-enfrentaron-partido-amistoso-de-caracter-internacional\\\/#article\",\"isPartOf\":{\"@id\":\"https:\\\/\\\/www.manabi.gob.ec\\\/index.php\\\/jugadores-de-las-escuelas-de-futbol-de-la-prefectura-de-manabi-enfrentaron-partido-amistoso-de-caracter-internacional\\\/\"},\"author\":{\"name\":\"Lui Ochoa\",\"@id\":\"https:\\\/\\\/www.manabi.gob.ec\\\/#\\\/schema\\\/person\\\/c4f117989332ad723a6ced5994aa7d7a\"},\"headline\":\"Jugadores de las Escuelas de F\u00fatbol de la Prefectura de Manab\u00ed enfrentaron partido amistoso de car\u00e1cter internacional\",\"datePublished\":\"2023-07-20T16:41:01+00:00\",\"dateModified\":\"2023-07-20T16:41:07+00:00\",\"mainEntityOfPage\":{\"@id\":\"https:\\\/\\\/www.manabi.gob.ec\\\/index.php\\\/jugadores-de-las-escuelas-de-futbol-de-la-prefectura-de-manabi-enfrentaron-partido-amistoso-de-caracter-internacional\\\/\"},\"wordCount\":169,\"image\":{\"@id\":\"https:\\\/\\\/www.manabi.gob.ec\\\/index.php\\\/jugadores-de-las-escuelas-de-futbol-de-la-prefectura-de-manabi-enfrentaron-partido-amistoso-de-caracter-internacional\\\/#primaryimage\"},\"thumbnailUrl\":\"https:\\\/\\\/www.manabi.gob.ec\\\/wp-content\\\/uploads\\\/2023\\\/07\\\/WhatsApp-Image-2023-07-19-at-14.31.34.jpeg\",\"articleSection\":[\"Desarrollo Social\",\"Noticias\",\"Portoviejo\",\"Todas\"],\"inLanguage\":\"es\"},{\"@type\":\"WebPage\",\"@id\":\"https:\\\/\\\/www.manabi.gob.ec\\\/index.php\\\/jugadores-de-las-escuelas-de-futbol-de-la-prefectura-de-manabi-enfrentaron-partido-amistoso-de-caracter-internacional\\\/\",\"url\":\"https:\\\/\\\/www.manabi.gob.ec\\\/index.php\\\/jugadores-de-las-escuelas-de-futbol-de-la-prefectura-de-manabi-enfrentaron-partido-amistoso-de-caracter-internacional\\\/\",\"name\":\"Jugadores de las Escuelas de F\u00fatbol de la Prefectura de Manab\u00ed enfrentaron partido amistoso de car\u00e1cter internacional - Prefectura de Manab\u00ed\",\"isPartOf\":{\"@id\":\"https:\\\/\\\/www.manabi.gob.ec\\\/#website\"},\"primaryImageOfPage\":{\"@id\":\"https:\\\/\\\/www.manabi.gob.ec\\\/index.php\\\/jugadores-de-las-escuelas-de-futbol-de-la-prefectura-de-manabi-enfrentaron-partido-amistoso-de-caracter-internacional\\\/#primaryimage\"},\"image\":{\"@id\":\"https:\\\/\\\/www.manabi.gob.ec\\\/index.php\\\/jugadores-de-las-escuelas-de-futbol-de-la-prefectura-de-manabi-enfrentaron-partido-amistoso-de-caracter-internacional\\\/#primaryimage\"},\"thumbnailUrl\":\"https:\\\/\\\/www.manabi.gob.ec\\\/wp-content\\\/uploads\\\/2023\\\/07\\\/WhatsApp-Image-2023-07-19-at-14.31.34.jpeg\",\"datePublished\":\"2023-07-20T16:41:01+00:00\",\"dateModified\":\"2023-07-20T16:41:07+00:00\",\"author\":{\"@id\":\"https:\\\/\\\/www.manabi.gob.ec\\\/#\\\/schema\\\/person\\\/c4f117989332ad723a6ced5994aa7d7a\"},\"breadcrumb\":{\"@id\":\"https:\\\/\\\/www.manabi.gob.ec\\\/index.php\\\/jugadores-de-las-escuelas-de-futbol-de-la-prefectura-de-manabi-enfrentaron-partido-amistoso-de-caracter-internacional\\\/#breadcrumb\"},\"inLanguage\":\"es\",\"potentialAction\":[{\"@type\":\"ReadAction\",\"target\":[\"https:\\\/\\\/www.manabi.gob.ec\\\/index.php\\\/jugadores-de-las-escuelas-de-futbol-de-la-prefectura-de-manabi-enfrentaron-partido-amistoso-de-caracter-internacional\\\/\"]}]},{\"@type\":\"ImageObject\",\"inLanguage\":\"es\",\"@id\":\"https:\\\/\\\/www.manabi.gob.ec\\\/index.php\\\/jugadores-de-las-escuelas-de-futbol-de-la-prefectura-de-manabi-enfrentaron-partido-amistoso-de-caracter-internacional\\\/#primaryimage\",\"url\":\"https:\\\/\\\/www.manabi.gob.ec\\\/wp-content\\\/uploads\\\/2023\\\/07\\\/WhatsApp-Image-2023-07-19-at-14.31.34.jpeg\",\"contentUrl\":\"https:\\\/\\\/www.manabi.gob.ec\\\/wp-content\\\/uploads\\\/2023\\\/07\\\/WhatsApp-Image-2023-07-19-at-14.31.34.jpeg\",\"width\":1024,\"height\":576},{\"@type\":\"BreadcrumbList\",\"@id\":\"https:\\\/\\\/www.manabi.gob.ec\\\/index.php\\\/jugadores-de-las-escuelas-de-futbol-de-la-prefectura-de-manabi-enfrentaron-partido-amistoso-de-caracter-internacional\\\/#breadcrumb\",\"itemListElement\":[{\"@type\":\"ListItem\",\"position\":1,\"name\":\"Portada\",\"item\":\"https:\\\/\\\/www.manabi.gob.ec\\\/\"},{\"@type\":\"ListItem\",\"position\":2,\"name\":\"Jugadores de las Escuelas de F\u00fatbol de la Prefectura de Manab\u00ed enfrentaron partido amistoso de car\u00e1cter internacional\"}]},{\"@type\":\"WebSite\",\"@id\":\"https:\\\/\\\/www.manabi.gob.ec\\\/#website\",\"url\":\"https:\\\/\\\/www.manabi.gob.ec\\\/\",\"name\":\"Prefectura de Manab\u00ed\",\"description\":\"P\u00e1gina web de la prefectura\",\"potentialAction\":[{\"@type\":\"SearchAction\",\"target\":{\"@type\":\"EntryPoint\",\"urlTemplate\":\"https:\\\/\\\/www.manabi.gob.ec\\\/?s={search_term_string}\"},\"query-input\":{\"@type\":\"PropertyValueSpecification\",\"valueRequired\":true,\"valueName\":\"search_term_string\"}}],\"inLanguage\":\"es\"},{\"@type\":\"Person\",\"@id\":\"https:\\\/\\\/www.manabi.gob.ec\\\/#\\\/schema\\\/person\\\/c4f117989332ad723a6ced5994aa7d7a\",\"name\":\"Lui Ochoa\",\"image\":{\"@type\":\"ImageObject\",\"inLanguage\":\"es\",\"@id\":\"https:\\\/\\\/secure.gravatar.com\\\/avatar\\\/6e8017d0fe69dead8a95864d2eb6e1e1d8bf8e01194ba49cf7b897ff038126ba?s=96&d=mm&r=g\",\"url\":\"https:\\\/\\\/secure.gravatar.com\\\/avatar\\\/6e8017d0fe69dead8a95864d2eb6e1e1d8bf8e01194ba49cf7b897ff038126ba?s=96&d=mm&r=g\",\"contentUrl\":\"https:\\\/\\\/secure.gravatar.com\\\/avatar\\\/6e8017d0fe69dead8a95864d2eb6e1e1d8bf8e01194ba49cf7b897ff038126ba?s=96&d=mm&r=g\",\"caption\":\"Lui Ochoa\"},\"url\":\"https:\\\/\\\/www.manabi.gob.ec\\\/index.php\\\/author\\\/lochoa\\\/\"}]}<\/script>\n<!-- \/ Yoast SEO plugin. -->","yoast_head_json":{"title":"Jugadores de las Escuelas de F\u00fatbol de la Prefectura de Manab\u00ed enfrentaron partido amistoso de car\u00e1cter internacional - Prefectura de Manab\u00ed","robots":{"index":"index","follow":"follow","max-snippet":"max-snippet:-1","max-image-preview":"max-image-preview:large","max-video-preview":"max-video-preview:-1"},"canonical":"https:\/\/www.manabi.gob.ec\/index.php\/jugadores-de-las-escuelas-de-futbol-de-la-prefectura-de-manabi-enfrentaron-partido-amistoso-de-caracter-internacional\/","og_locale":"es_ES","og_type":"article","og_title":"Jugadores de las Escuelas de F\u00fatbol de la Prefectura de Manab\u00ed enfrentaron partido amistoso de car\u00e1cter internacional - Prefectura de Manab\u00ed","og_description":"Un interesante encuentro futbol\u00edstico amistoso de car\u00e1cter internacional enfrent\u00f3 el equipo sub-17 de las Escuelas de F\u00fatbol de la Prefectura de Manab\u00ed (Proyecto Entrenando Valores), la tarde de este martes 18 de julio. El elenco provincial se enfrent\u00f3 a su similar de la LDUQ-USA PRO FC (EE-UU). Y aunque el marcador final no fue favorable [&hellip;]","og_url":"https:\/\/www.manabi.gob.ec\/index.php\/jugadores-de-las-escuelas-de-futbol-de-la-prefectura-de-manabi-enfrentaron-partido-amistoso-de-caracter-internacional\/","og_site_name":"Prefectura de Manab\u00ed","article_published_time":"2023-07-20T16:41:01+00:00","article_modified_time":"2023-07-20T16:41:07+00:00","og_image":[{"width":1024,"height":576,"url":"https:\/\/www.manabi.gob.ec\/wp-content\/uploads\/2023\/07\/WhatsApp-Image-2023-07-19-at-14.31.34.jpeg","type":"image\/jpeg"}],"author":"Lui Ochoa","twitter_card":"summary_large_image","twitter_misc":{"Escrito por":"Lui Ochoa","Tiempo de lectura":"1 minuto"},"schema":{"@context":"https:\/\/schema.org","@graph":[{"@type":"Article","@id":"https:\/\/www.manabi.gob.ec\/index.php\/jugadores-de-las-escuelas-de-futbol-de-la-prefectura-de-manabi-enfrentaron-partido-amistoso-de-caracter-internacional\/#article","isPartOf":{"@id":"https:\/\/www.manabi.gob.ec\/index.php\/jugadores-de-las-escuelas-de-futbol-de-la-prefectura-de-manabi-enfrentaron-partido-amistoso-de-caracter-internacional\/"},"author":{"name":"Lui Ochoa","@id":"https:\/\/www.manabi.gob.ec\/#\/schema\/person\/c4f117989332ad723a6ced5994aa7d7a"},"headline":"Jugadores de las Escuelas de F\u00fatbol de la Prefectura de Manab\u00ed enfrentaron partido amistoso de car\u00e1cter internacional","datePublished":"2023-07-20T16:41:01+00:00","dateModified":"2023-07-20T16:41:07+00:00","mainEntityOfPage":{"@id":"https:\/\/www.manabi.gob.ec\/index.php\/jugadores-de-las-escuelas-de-futbol-de-la-prefectura-de-manabi-enfrentaron-partido-amistoso-de-caracter-internacional\/"},"wordCount":169,"image":{"@id":"https:\/\/www.manabi.gob.ec\/index.php\/jugadores-de-las-escuelas-de-futbol-de-la-prefectura-de-manabi-enfrentaron-partido-amistoso-de-caracter-internacional\/#primaryimage"},"thumbnailUrl":"https:\/\/www.manabi.gob.ec\/wp-content\/uploads\/2023\/07\/WhatsApp-Image-2023-07-19-at-14.31.34.jpeg","articleSection":["Desarrollo Social","Noticias","Portoviejo","Todas"],"inLanguage":"es"},{"@type":"WebPage","@id":"https:\/\/www.manabi.gob.ec\/index.php\/jugadores-de-las-escuelas-de-futbol-de-la-prefectura-de-manabi-enfrentaron-partido-amistoso-de-caracter-internacional\/","url":"https:\/\/www.manabi.gob.ec\/index.php\/jugadores-de-las-escuelas-de-futbol-de-la-prefectura-de-manabi-enfrentaron-partido-amistoso-de-caracter-internacional\/","name":"Jugadores de las Escuelas de F\u00fatbol de la Prefectura de Manab\u00ed enfrentaron partido amistoso de car\u00e1cter internacional - Prefectura de Manab\u00ed","isPartOf":{"@id":"https:\/\/www.manabi.gob.ec\/#website"},"primaryImageOfPage":{"@id":"https:\/\/www.manabi.gob.ec\/index.php\/jugadores-de-las-escuelas-de-futbol-de-la-prefectura-de-manabi-enfrentaron-partido-amistoso-de-caracter-internacional\/#primaryimage"},"image":{"@id":"https:\/\/www.manabi.gob.ec\/index.php\/jugadores-de-las-escuelas-de-futbol-de-la-prefectura-de-manabi-enfrentaron-partido-amistoso-de-caracter-internacional\/#primaryimage"},"thumbnailUrl":"https:\/\/www.manabi.gob.ec\/wp-content\/uploads\/2023\/07\/WhatsApp-Image-2023-07-19-at-14.31.34.jpeg","datePublished":"2023-07-20T16:41:01+00:00","dateModified":"2023-07-20T16:41:07+00:00","author":{"@id":"https:\/\/www.manabi.gob.ec\/#\/schema\/person\/c4f117989332ad723a6ced5994aa7d7a"},"breadcrumb":{"@id":"https:\/\/www.manabi.gob.ec\/index.php\/jugadores-de-las-escuelas-de-futbol-de-la-prefectura-de-manabi-enfrentaron-partido-amistoso-de-caracter-internacional\/#breadcrumb"},"inLanguage":"es","potentialAction":[{"@type":"ReadAction","target":["https:\/\/www.manabi.gob.ec\/index.php\/jugadores-de-las-escuelas-de-futbol-de-la-prefectura-de-manabi-enfrentaron-partido-amistoso-de-caracter-internacional\/"]}]},{"@type":"ImageObject","inLanguage":"es","@id":"https:\/\/www.manabi.gob.ec\/index.php\/jugadores-de-las-escuelas-de-futbol-de-la-prefectura-de-manabi-enfrentaron-partido-amistoso-de-caracter-internacional\/#primaryimage","url":"https:\/\/www.manabi.gob.ec\/wp-content\/uploads\/2023\/07\/WhatsApp-Image-2023-07-19-at-14.31.34.jpeg","contentUrl":"https:\/\/www.manabi.gob.ec\/wp-content\/uploads\/2023\/07\/WhatsApp-Image-2023-07-19-at-14.31.34.jpeg","width":1024,"height":576},{"@type":"BreadcrumbList","@id":"https:\/\/www.manabi.gob.ec\/index.php\/jugadores-de-las-escuelas-de-futbol-de-la-prefectura-de-manabi-enfrentaron-partido-amistoso-de-caracter-internacional\/#breadcrumb","itemListElement":[{"@type":"ListItem","position":1,"name":"Portada","item":"https:\/\/www.manabi.gob.ec\/"},{"@type":"ListItem","position":2,"name":"Jugadores de las Escuelas de F\u00fatbol de la Prefectura de Manab\u00ed enfrentaron partido amistoso de car\u00e1cter internacional"}]},{"@type":"WebSite","@id":"https:\/\/www.manabi.gob.ec\/#website","url":"https:\/\/www.manabi.gob.ec\/","name":"Prefectura de Manab\u00ed","description":"P\u00e1gina web de la prefectura","potentialAction":[{"@type":"SearchAction","target":{"@type":"EntryPoint","urlTemplate":"https:\/\/www.manabi.gob.ec\/?s={search_term_string}"},"query-input":{"@type":"PropertyValueSpecification","valueRequired":true,"valueName":"search_term_string"}}],"inLanguage":"es"},{"@type":"Person","@id":"https:\/\/www.manabi.gob.ec\/#\/schema\/person\/c4f117989332ad723a6ced5994aa7d7a","name":"Lui Ochoa","image":{"@type":"ImageObject","inLanguage":"es","@id":"https:\/\/secure.gravatar.com\/avatar\/6e8017d0fe69dead8a95864d2eb6e1e1d8bf8e01194ba49cf7b897ff038126ba?s=96&d=mm&r=g","url":"https:\/\/secure.gravatar.com\/avatar\/6e8017d0fe69dead8a95864d2eb6e1e1d8bf8e01194ba49cf7b897ff038126ba?s=96&d=mm&r=g","contentUrl":"https:\/\/secure.gravatar.com\/avatar\/6e8017d0fe69dead8a95864d2eb6e1e1d8bf8e01194ba49cf7b897ff038126ba?s=96&d=mm&r=g","caption":"Lui Ochoa"},"url":"https:\/\/www.manabi.gob.ec\/index.php\/author\/lochoa\/"}]}},"jetpack_featured_media_url":"https:\/\/www.manabi.gob.ec\/wp-content\/uploads\/2023\/07\/WhatsApp-Image-2023-07-19-at-14.31.34.jpeg","_links":{"self":[{"href":"https:\/\/www.manabi.gob.ec\/index.php\/wp-json\/wp\/v2\/posts\/25286","targetHints":{"allow":["GET"]}}],"collection":[{"href":"https:\/\/www.manabi.gob.ec\/index.php\/wp-json\/wp\/v2\/posts"}],"about":[{"href":"https:\/\/www.manabi.gob.ec\/index.php\/wp-json\/wp\/v2\/types\/post"}],"author":[{"embeddable":true,"href":"https:\/\/www.manabi.gob.ec\/index.php\/wp-json\/wp\/v2\/users\/10"}],"replies":[{"embeddable":true,"href":"https:\/\/www.manabi.gob.ec\/index.php\/wp-json\/wp\/v2\/comments?post=25286"}],"version-history":[{"count":0,"href":"https:\/\/www.manabi.gob.ec\/index.php\/wp-json\/wp\/v2\/posts\/25286\/revisions"}],"wp:featuredmedia":[{"embeddable":true,"href":"https:\/\/www.manabi.gob.ec\/index.php\/wp-json\/wp\/v2\/media\/25287"}],"wp:attachment":[{"href":"https:\/\/www.manabi.gob.ec\/index.php\/wp-json\/wp\/v2\/media?parent=25286"}],"wp:term":[{"taxonomy":"category","embeddable":true,"href":"https:\/\/www.manabi.gob.ec\/index.php\/wp-json\/wp\/v2\/categories?post=25286"},{"taxonomy":"post_tag","embeddable":true,"href":"https:\/\/www.manabi.gob.ec\/index.php\/wp-json\/wp\/v2\/tags?post=25286"}],"curies":[{"name":"wp","href":"https:\/\/api.w.org\/{rel}","templated":true}]}}