{"id":25292,"date":"2023-07-20T20:03:58","date_gmt":"2023-07-20T20:03:58","guid":{"rendered":"https:\/\/www.manabi.gob.ec\/?p=25292"},"modified":"2023-07-20T20:04:04","modified_gmt":"2023-07-20T20:04:04","slug":"construccion-del-presupuesto-2024-yo-participo-en-julcuy-del-canton-jipijapa","status":"publish","type":"post","link":"https:\/\/www.manabi.gob.ec\/index.php\/construccion-del-presupuesto-2024-yo-participo-en-julcuy-del-canton-jipijapa\/","title":{"rendered":"CONSTRUCCI\u00d3N DEL PRESUPUESTO 2024 \u201cYO PARTICIPO\u201d EN JULCUY DEL CANT\u00d3N JIPIJAPA."},"content":{"rendered":"\n<p>n un esfuerzo por promover la participaci\u00f3n ciudadana y construir una provincia m\u00e1s equitativa y justa, se llev\u00f3 a cabo en la parroquia Julcuy del cant\u00f3n Jipijapa, la asamblea para la construcci\u00f3n del Presupuesto Participativo 2024, denominado \u00abYo Particip\u00f3\u00bb. La iniciativa forma parte de una serie de visitas que se realiza en las 56 parroquias rurales y los 22 cantones de la provincia para priorizar la intervenci\u00f3n de la Prefectura de Manab\u00ed.<\/p>\n\n\n\n<p>El encuentro, que tuvo lugar en las instalaciones del GAD parroquial de Julcuy, donde a trav\u00e9s de una comunicaci\u00f3n telem\u00e1tica, los asistentes, entre ellos representantes de la comunidad, autoridades locales y l\u00edderes comunitarios escucharon el mensaje del prefecto de Manab\u00ed, Leonardo Orlando, qui\u00e9n destac\u00f3 la importancia de escuchar y atender las necesidades de cada rinc\u00f3n de la provincia, con el objetivo de construir juntos una sociedad m\u00e1s equitativa y justa.<\/p>\n\n\n\n<p>\u00abEstamos comprometidos en promover un proceso inclusivo y participativo, donde cada ciudadano tenga la oportunidad de expresar sus ideas y contribuir en la toma de decisiones sobre el destino de los recursos p\u00fablicos\u00bb, concluy\u00f3 en su mensaje el Prefecto de Manab\u00ed.<\/p>\n\n\n\n<p>\u201cAgradecemos por esta iniciativa del prefecto Leonardo Orlando que nos permite identificar las necesidades y que se conviertan en obras que beneficien a nuestro sector\u201d enfatiz\u00f3 Maritza Figueroa, presidenta del GAD parroquial de Julcuy.<\/p>\n\n\n\n<p>\u201cEstamos trabajando en conjunto con la Prefectura de Manab\u00ed y hay que priorizar los temas de prevenci\u00f3n por el fen\u00f3meno de El Ni\u00f1o\u201d expres\u00f3 \u00c1ngela Pl\u00faa, alcaldesa de Jipijapa.<\/p>\n","protected":false},"excerpt":{"rendered":"<p>n un esfuerzo por promover la participaci\u00f3n ciudadana y construir una provincia m\u00e1s equitativa y justa, se llev\u00f3 a cabo en la parroquia Julcuy del cant\u00f3n Jipijapa, la asamblea para la construcci\u00f3n del Presupuesto Participativo 2024, denominado \u00abYo Particip\u00f3\u00bb. La iniciativa forma parte de una serie de visitas que se realiza en las 56 parroquias [&hellip;]<\/p>\n","protected":false},"author":10,"featured_media":25293,"comment_status":"closed","ping_status":"closed","sticky":false,"template":"","format":"standard","meta":{"_joinchat":[],"footnotes":""},"categories":[142,123,92,193,91],"tags":[],"class_list":["post-25292","post","type-post","status-publish","format-standard","has-post-thumbnail","hentry","category-desarrollo-social","category-jipijapa","category-noticias-manabi","category-participacion-ciudadana","category-todas"],"yoast_head":"<!-- This site is optimized with the Yoast SEO plugin v27.4 - https:\/\/yoast.com\/product\/yoast-seo-wordpress\/ -->\n<title>CONSTRUCCI\u00d3N DEL PRESUPUESTO 2024 \u201cYO PARTICIPO\u201d EN JULCUY DEL CANT\u00d3N JIPIJAPA. - Prefectura de Manab\u00ed<\/title>\n<meta name=\"robots\" content=\"index, follow, max-snippet:-1, max-image-preview:large, max-video-preview:-1\" \/>\n<link rel=\"canonical\" href=\"https:\/\/www.manabi.gob.ec\/index.php\/construccion-del-presupuesto-2024-yo-participo-en-julcuy-del-canton-jipijapa\/\" \/>\n<meta property=\"og:locale\" content=\"es_ES\" \/>\n<meta property=\"og:type\" content=\"article\" \/>\n<meta property=\"og:title\" content=\"CONSTRUCCI\u00d3N DEL PRESUPUESTO 2024 \u201cYO PARTICIPO\u201d EN JULCUY DEL CANT\u00d3N JIPIJAPA. - Prefectura de Manab\u00ed\" \/>\n<meta property=\"og:description\" content=\"n un esfuerzo por promover la participaci\u00f3n ciudadana y construir una provincia m\u00e1s equitativa y justa, se llev\u00f3 a cabo en la parroquia Julcuy del cant\u00f3n Jipijapa, la asamblea para la construcci\u00f3n del Presupuesto Participativo 2024, denominado \u00abYo Particip\u00f3\u00bb. La iniciativa forma parte de una serie de visitas que se realiza en las 56 parroquias [&hellip;]\" \/>\n<meta property=\"og:url\" content=\"https:\/\/www.manabi.gob.ec\/index.php\/construccion-del-presupuesto-2024-yo-participo-en-julcuy-del-canton-jipijapa\/\" \/>\n<meta property=\"og:site_name\" content=\"Prefectura de Manab\u00ed\" \/>\n<meta property=\"article:published_time\" content=\"2023-07-20T20:03:58+00:00\" \/>\n<meta property=\"article:modified_time\" content=\"2023-07-20T20:04:04+00:00\" \/>\n<meta property=\"og:image\" content=\"https:\/\/www.manabi.gob.ec\/wp-content\/uploads\/2023\/07\/WhatsApp-Image-2023-07-19-at-14.40.22.jpeg\" \/>\n\t<meta property=\"og:image:width\" content=\"1599\" \/>\n\t<meta property=\"og:image:height\" content=\"1066\" \/>\n\t<meta property=\"og:image:type\" content=\"image\/jpeg\" \/>\n<meta name=\"author\" content=\"Lui Ochoa\" \/>\n<meta name=\"twitter:card\" content=\"summary_large_image\" \/>\n<meta name=\"twitter:label1\" content=\"Escrito por\" \/>\n\t<meta name=\"twitter:data1\" content=\"Lui Ochoa\" \/>\n\t<meta name=\"twitter:label2\" content=\"Tiempo de lectura\" \/>\n\t<meta name=\"twitter:data2\" content=\"2 minutos\" \/>\n<script type=\"application\/ld+json\" class=\"yoast-schema-graph\">{\"@context\":\"https:\\\/\\\/schema.org\",\"@graph\":[{\"@type\":\"Article\",\"@id\":\"https:\\\/\\\/www.manabi.gob.ec\\\/index.php\\\/construccion-del-presupuesto-2024-yo-participo-en-julcuy-del-canton-jipijapa\\\/#article\",\"isPartOf\":{\"@id\":\"https:\\\/\\\/www.manabi.gob.ec\\\/index.php\\\/construccion-del-presupuesto-2024-yo-participo-en-julcuy-del-canton-jipijapa\\\/\"},\"author\":{\"name\":\"Lui Ochoa\",\"@id\":\"https:\\\/\\\/www.manabi.gob.ec\\\/#\\\/schema\\\/person\\\/c4f117989332ad723a6ced5994aa7d7a\"},\"headline\":\"CONSTRUCCI\u00d3N DEL PRESUPUESTO 2024 \u201cYO PARTICIPO\u201d EN JULCUY DEL CANT\u00d3N JIPIJAPA.\",\"datePublished\":\"2023-07-20T20:03:58+00:00\",\"dateModified\":\"2023-07-20T20:04:04+00:00\",\"mainEntityOfPage\":{\"@id\":\"https:\\\/\\\/www.manabi.gob.ec\\\/index.php\\\/construccion-del-presupuesto-2024-yo-participo-en-julcuy-del-canton-jipijapa\\\/\"},\"wordCount\":272,\"image\":{\"@id\":\"https:\\\/\\\/www.manabi.gob.ec\\\/index.php\\\/construccion-del-presupuesto-2024-yo-participo-en-julcuy-del-canton-jipijapa\\\/#primaryimage\"},\"thumbnailUrl\":\"https:\\\/\\\/www.manabi.gob.ec\\\/wp-content\\\/uploads\\\/2023\\\/07\\\/WhatsApp-Image-2023-07-19-at-14.40.22.jpeg\",\"articleSection\":[\"Desarrollo Social\",\"Jipijapa\",\"Noticias\",\"Participaci\u00f3n ciudadana\",\"Todas\"],\"inLanguage\":\"es\"},{\"@type\":\"WebPage\",\"@id\":\"https:\\\/\\\/www.manabi.gob.ec\\\/index.php\\\/construccion-del-presupuesto-2024-yo-participo-en-julcuy-del-canton-jipijapa\\\/\",\"url\":\"https:\\\/\\\/www.manabi.gob.ec\\\/index.php\\\/construccion-del-presupuesto-2024-yo-participo-en-julcuy-del-canton-jipijapa\\\/\",\"name\":\"CONSTRUCCI\u00d3N DEL PRESUPUESTO 2024 \u201cYO PARTICIPO\u201d EN JULCUY DEL CANT\u00d3N JIPIJAPA. - Prefectura de Manab\u00ed\",\"isPartOf\":{\"@id\":\"https:\\\/\\\/www.manabi.gob.ec\\\/#website\"},\"primaryImageOfPage\":{\"@id\":\"https:\\\/\\\/www.manabi.gob.ec\\\/index.php\\\/construccion-del-presupuesto-2024-yo-participo-en-julcuy-del-canton-jipijapa\\\/#primaryimage\"},\"image\":{\"@id\":\"https:\\\/\\\/www.manabi.gob.ec\\\/index.php\\\/construccion-del-presupuesto-2024-yo-participo-en-julcuy-del-canton-jipijapa\\\/#primaryimage\"},\"thumbnailUrl\":\"https:\\\/\\\/www.manabi.gob.ec\\\/wp-content\\\/uploads\\\/2023\\\/07\\\/WhatsApp-Image-2023-07-19-at-14.40.22.jpeg\",\"datePublished\":\"2023-07-20T20:03:58+00:00\",\"dateModified\":\"2023-07-20T20:04:04+00:00\",\"author\":{\"@id\":\"https:\\\/\\\/www.manabi.gob.ec\\\/#\\\/schema\\\/person\\\/c4f117989332ad723a6ced5994aa7d7a\"},\"breadcrumb\":{\"@id\":\"https:\\\/\\\/www.manabi.gob.ec\\\/index.php\\\/construccion-del-presupuesto-2024-yo-participo-en-julcuy-del-canton-jipijapa\\\/#breadcrumb\"},\"inLanguage\":\"es\",\"potentialAction\":[{\"@type\":\"ReadAction\",\"target\":[\"https:\\\/\\\/www.manabi.gob.ec\\\/index.php\\\/construccion-del-presupuesto-2024-yo-participo-en-julcuy-del-canton-jipijapa\\\/\"]}]},{\"@type\":\"ImageObject\",\"inLanguage\":\"es\",\"@id\":\"https:\\\/\\\/www.manabi.gob.ec\\\/index.php\\\/construccion-del-presupuesto-2024-yo-participo-en-julcuy-del-canton-jipijapa\\\/#primaryimage\",\"url\":\"https:\\\/\\\/www.manabi.gob.ec\\\/wp-content\\\/uploads\\\/2023\\\/07\\\/WhatsApp-Image-2023-07-19-at-14.40.22.jpeg\",\"contentUrl\":\"https:\\\/\\\/www.manabi.gob.ec\\\/wp-content\\\/uploads\\\/2023\\\/07\\\/WhatsApp-Image-2023-07-19-at-14.40.22.jpeg\",\"width\":1599,\"height\":1066},{\"@type\":\"BreadcrumbList\",\"@id\":\"https:\\\/\\\/www.manabi.gob.ec\\\/index.php\\\/construccion-del-presupuesto-2024-yo-participo-en-julcuy-del-canton-jipijapa\\\/#breadcrumb\",\"itemListElement\":[{\"@type\":\"ListItem\",\"position\":1,\"name\":\"Portada\",\"item\":\"https:\\\/\\\/www.manabi.gob.ec\\\/\"},{\"@type\":\"ListItem\",\"position\":2,\"name\":\"CONSTRUCCI\u00d3N DEL PRESUPUESTO 2024 \u201cYO PARTICIPO\u201d EN JULCUY DEL CANT\u00d3N JIPIJAPA.\"}]},{\"@type\":\"WebSite\",\"@id\":\"https:\\\/\\\/www.manabi.gob.ec\\\/#website\",\"url\":\"https:\\\/\\\/www.manabi.gob.ec\\\/\",\"name\":\"Prefectura de Manab\u00ed\",\"description\":\"P\u00e1gina web de la prefectura\",\"potentialAction\":[{\"@type\":\"SearchAction\",\"target\":{\"@type\":\"EntryPoint\",\"urlTemplate\":\"https:\\\/\\\/www.manabi.gob.ec\\\/?s={search_term_string}\"},\"query-input\":{\"@type\":\"PropertyValueSpecification\",\"valueRequired\":true,\"valueName\":\"search_term_string\"}}],\"inLanguage\":\"es\"},{\"@type\":\"Person\",\"@id\":\"https:\\\/\\\/www.manabi.gob.ec\\\/#\\\/schema\\\/person\\\/c4f117989332ad723a6ced5994aa7d7a\",\"name\":\"Lui Ochoa\",\"image\":{\"@type\":\"ImageObject\",\"inLanguage\":\"es\",\"@id\":\"https:\\\/\\\/secure.gravatar.com\\\/avatar\\\/6e8017d0fe69dead8a95864d2eb6e1e1d8bf8e01194ba49cf7b897ff038126ba?s=96&d=mm&r=g\",\"url\":\"https:\\\/\\\/secure.gravatar.com\\\/avatar\\\/6e8017d0fe69dead8a95864d2eb6e1e1d8bf8e01194ba49cf7b897ff038126ba?s=96&d=mm&r=g\",\"contentUrl\":\"https:\\\/\\\/secure.gravatar.com\\\/avatar\\\/6e8017d0fe69dead8a95864d2eb6e1e1d8bf8e01194ba49cf7b897ff038126ba?s=96&d=mm&r=g\",\"caption\":\"Lui Ochoa\"},\"url\":\"https:\\\/\\\/www.manabi.gob.ec\\\/index.php\\\/author\\\/lochoa\\\/\"}]}<\/script>\n<!-- \/ Yoast SEO plugin. -->","yoast_head_json":{"title":"CONSTRUCCI\u00d3N DEL PRESUPUESTO 2024 \u201cYO PARTICIPO\u201d EN JULCUY DEL CANT\u00d3N JIPIJAPA. - Prefectura de Manab\u00ed","robots":{"index":"index","follow":"follow","max-snippet":"max-snippet:-1","max-image-preview":"max-image-preview:large","max-video-preview":"max-video-preview:-1"},"canonical":"https:\/\/www.manabi.gob.ec\/index.php\/construccion-del-presupuesto-2024-yo-participo-en-julcuy-del-canton-jipijapa\/","og_locale":"es_ES","og_type":"article","og_title":"CONSTRUCCI\u00d3N DEL PRESUPUESTO 2024 \u201cYO PARTICIPO\u201d EN JULCUY DEL CANT\u00d3N JIPIJAPA. - Prefectura de Manab\u00ed","og_description":"n un esfuerzo por promover la participaci\u00f3n ciudadana y construir una provincia m\u00e1s equitativa y justa, se llev\u00f3 a cabo en la parroquia Julcuy del cant\u00f3n Jipijapa, la asamblea para la construcci\u00f3n del Presupuesto Participativo 2024, denominado \u00abYo Particip\u00f3\u00bb. La iniciativa forma parte de una serie de visitas que se realiza en las 56 parroquias [&hellip;]","og_url":"https:\/\/www.manabi.gob.ec\/index.php\/construccion-del-presupuesto-2024-yo-participo-en-julcuy-del-canton-jipijapa\/","og_site_name":"Prefectura de Manab\u00ed","article_published_time":"2023-07-20T20:03:58+00:00","article_modified_time":"2023-07-20T20:04:04+00:00","og_image":[{"width":1599,"height":1066,"url":"https:\/\/www.manabi.gob.ec\/wp-content\/uploads\/2023\/07\/WhatsApp-Image-2023-07-19-at-14.40.22.jpeg","type":"image\/jpeg"}],"author":"Lui Ochoa","twitter_card":"summary_large_image","twitter_misc":{"Escrito por":"Lui Ochoa","Tiempo de lectura":"2 minutos"},"schema":{"@context":"https:\/\/schema.org","@graph":[{"@type":"Article","@id":"https:\/\/www.manabi.gob.ec\/index.php\/construccion-del-presupuesto-2024-yo-participo-en-julcuy-del-canton-jipijapa\/#article","isPartOf":{"@id":"https:\/\/www.manabi.gob.ec\/index.php\/construccion-del-presupuesto-2024-yo-participo-en-julcuy-del-canton-jipijapa\/"},"author":{"name":"Lui Ochoa","@id":"https:\/\/www.manabi.gob.ec\/#\/schema\/person\/c4f117989332ad723a6ced5994aa7d7a"},"headline":"CONSTRUCCI\u00d3N DEL PRESUPUESTO 2024 \u201cYO PARTICIPO\u201d EN JULCUY DEL CANT\u00d3N JIPIJAPA.","datePublished":"2023-07-20T20:03:58+00:00","dateModified":"2023-07-20T20:04:04+00:00","mainEntityOfPage":{"@id":"https:\/\/www.manabi.gob.ec\/index.php\/construccion-del-presupuesto-2024-yo-participo-en-julcuy-del-canton-jipijapa\/"},"wordCount":272,"image":{"@id":"https:\/\/www.manabi.gob.ec\/index.php\/construccion-del-presupuesto-2024-yo-participo-en-julcuy-del-canton-jipijapa\/#primaryimage"},"thumbnailUrl":"https:\/\/www.manabi.gob.ec\/wp-content\/uploads\/2023\/07\/WhatsApp-Image-2023-07-19-at-14.40.22.jpeg","articleSection":["Desarrollo Social","Jipijapa","Noticias","Participaci\u00f3n ciudadana","Todas"],"inLanguage":"es"},{"@type":"WebPage","@id":"https:\/\/www.manabi.gob.ec\/index.php\/construccion-del-presupuesto-2024-yo-participo-en-julcuy-del-canton-jipijapa\/","url":"https:\/\/www.manabi.gob.ec\/index.php\/construccion-del-presupuesto-2024-yo-participo-en-julcuy-del-canton-jipijapa\/","name":"CONSTRUCCI\u00d3N DEL PRESUPUESTO 2024 \u201cYO PARTICIPO\u201d EN JULCUY DEL CANT\u00d3N JIPIJAPA. - Prefectura de Manab\u00ed","isPartOf":{"@id":"https:\/\/www.manabi.gob.ec\/#website"},"primaryImageOfPage":{"@id":"https:\/\/www.manabi.gob.ec\/index.php\/construccion-del-presupuesto-2024-yo-participo-en-julcuy-del-canton-jipijapa\/#primaryimage"},"image":{"@id":"https:\/\/www.manabi.gob.ec\/index.php\/construccion-del-presupuesto-2024-yo-participo-en-julcuy-del-canton-jipijapa\/#primaryimage"},"thumbnailUrl":"https:\/\/www.manabi.gob.ec\/wp-content\/uploads\/2023\/07\/WhatsApp-Image-2023-07-19-at-14.40.22.jpeg","datePublished":"2023-07-20T20:03:58+00:00","dateModified":"2023-07-20T20:04:04+00:00","author":{"@id":"https:\/\/www.manabi.gob.ec\/#\/schema\/person\/c4f117989332ad723a6ced5994aa7d7a"},"breadcrumb":{"@id":"https:\/\/www.manabi.gob.ec\/index.php\/construccion-del-presupuesto-2024-yo-participo-en-julcuy-del-canton-jipijapa\/#breadcrumb"},"inLanguage":"es","potentialAction":[{"@type":"ReadAction","target":["https:\/\/www.manabi.gob.ec\/index.php\/construccion-del-presupuesto-2024-yo-participo-en-julcuy-del-canton-jipijapa\/"]}]},{"@type":"ImageObject","inLanguage":"es","@id":"https:\/\/www.manabi.gob.ec\/index.php\/construccion-del-presupuesto-2024-yo-participo-en-julcuy-del-canton-jipijapa\/#primaryimage","url":"https:\/\/www.manabi.gob.ec\/wp-content\/uploads\/2023\/07\/WhatsApp-Image-2023-07-19-at-14.40.22.jpeg","contentUrl":"https:\/\/www.manabi.gob.ec\/wp-content\/uploads\/2023\/07\/WhatsApp-Image-2023-07-19-at-14.40.22.jpeg","width":1599,"height":1066},{"@type":"BreadcrumbList","@id":"https:\/\/www.manabi.gob.ec\/index.php\/construccion-del-presupuesto-2024-yo-participo-en-julcuy-del-canton-jipijapa\/#breadcrumb","itemListElement":[{"@type":"ListItem","position":1,"name":"Portada","item":"https:\/\/www.manabi.gob.ec\/"},{"@type":"ListItem","position":2,"name":"CONSTRUCCI\u00d3N DEL PRESUPUESTO 2024 \u201cYO PARTICIPO\u201d EN JULCUY DEL CANT\u00d3N JIPIJAPA."}]},{"@type":"WebSite","@id":"https:\/\/www.manabi.gob.ec\/#website","url":"https:\/\/www.manabi.gob.ec\/","name":"Prefectura de Manab\u00ed","description":"P\u00e1gina web de la prefectura","potentialAction":[{"@type":"SearchAction","target":{"@type":"EntryPoint","urlTemplate":"https:\/\/www.manabi.gob.ec\/?s={search_term_string}"},"query-input":{"@type":"PropertyValueSpecification","valueRequired":true,"valueName":"search_term_string"}}],"inLanguage":"es"},{"@type":"Person","@id":"https:\/\/www.manabi.gob.ec\/#\/schema\/person\/c4f117989332ad723a6ced5994aa7d7a","name":"Lui Ochoa","image":{"@type":"ImageObject","inLanguage":"es","@id":"https:\/\/secure.gravatar.com\/avatar\/6e8017d0fe69dead8a95864d2eb6e1e1d8bf8e01194ba49cf7b897ff038126ba?s=96&d=mm&r=g","url":"https:\/\/secure.gravatar.com\/avatar\/6e8017d0fe69dead8a95864d2eb6e1e1d8bf8e01194ba49cf7b897ff038126ba?s=96&d=mm&r=g","contentUrl":"https:\/\/secure.gravatar.com\/avatar\/6e8017d0fe69dead8a95864d2eb6e1e1d8bf8e01194ba49cf7b897ff038126ba?s=96&d=mm&r=g","caption":"Lui Ochoa"},"url":"https:\/\/www.manabi.gob.ec\/index.php\/author\/lochoa\/"}]}},"jetpack_featured_media_url":"https:\/\/www.manabi.gob.ec\/wp-content\/uploads\/2023\/07\/WhatsApp-Image-2023-07-19-at-14.40.22.jpeg","_links":{"self":[{"href":"https:\/\/www.manabi.gob.ec\/index.php\/wp-json\/wp\/v2\/posts\/25292","targetHints":{"allow":["GET"]}}],"collection":[{"href":"https:\/\/www.manabi.gob.ec\/index.php\/wp-json\/wp\/v2\/posts"}],"about":[{"href":"https:\/\/www.manabi.gob.ec\/index.php\/wp-json\/wp\/v2\/types\/post"}],"author":[{"embeddable":true,"href":"https:\/\/www.manabi.gob.ec\/index.php\/wp-json\/wp\/v2\/users\/10"}],"replies":[{"embeddable":true,"href":"https:\/\/www.manabi.gob.ec\/index.php\/wp-json\/wp\/v2\/comments?post=25292"}],"version-history":[{"count":0,"href":"https:\/\/www.manabi.gob.ec\/index.php\/wp-json\/wp\/v2\/posts\/25292\/revisions"}],"wp:featuredmedia":[{"embeddable":true,"href":"https:\/\/www.manabi.gob.ec\/index.php\/wp-json\/wp\/v2\/media\/25293"}],"wp:attachment":[{"href":"https:\/\/www.manabi.gob.ec\/index.php\/wp-json\/wp\/v2\/media?parent=25292"}],"wp:term":[{"taxonomy":"category","embeddable":true,"href":"https:\/\/www.manabi.gob.ec\/index.php\/wp-json\/wp\/v2\/categories?post=25292"},{"taxonomy":"post_tag","embeddable":true,"href":"https:\/\/www.manabi.gob.ec\/index.php\/wp-json\/wp\/v2\/tags?post=25292"}],"curies":[{"name":"wp","href":"https:\/\/api.w.org\/{rel}","templated":true}]}}