{"id":25328,"date":"2023-07-26T20:34:08","date_gmt":"2023-07-26T20:34:08","guid":{"rendered":"https:\/\/www.manabi.gob.ec\/?p=25328"},"modified":"2023-07-26T20:34:14","modified_gmt":"2023-07-26T20:34:14","slug":"en-manta-se-desarrollo-la-segunda-feria-de-la-salud","status":"publish","type":"post","link":"https:\/\/www.manabi.gob.ec\/index.php\/en-manta-se-desarrollo-la-segunda-feria-de-la-salud\/","title":{"rendered":"En Manta se desarroll\u00f3 la segunda feria de la salud"},"content":{"rendered":"\n<p>Gran concurrencia de ciudadanos se evidenci\u00f3 desde muy temprano en el barrio Santa Fe de la ciudad de Manta, este s\u00e1bado 22 de julio.<\/p>\n\n\n\n<p>Aqu\u00ed se desarroll\u00f3 la segunda feria de la salud, gracias al trabajo coordinado entre la Prefectura de Manab\u00ed y el GAD Manta.<\/p>\n\n\n\n<p>El equipo m\u00e9dico de la Prefectura, atendi\u00f3 un total de 370 personas de los grupos de atenci\u00f3n prioritarios, en las especialidades de: Medicina general, optometr\u00eda, nutrici\u00f3n, odontolog\u00eda y terapia f\u00edsica.<\/p>\n\n\n\n<p>\u00abLo bueno del servicio que brindamos es que si encontramos un caso especial que requiera de una atenci\u00f3n especializada los derivamos con nuestros cooperantes\u00bb, indic\u00f3 Yael Seni, directora de Desarrollo Humano de la Prefectura de Manab\u00ed.<\/p>\n\n\n\n<p>Si el caso es oftalmol\u00f3gico con la Fundaci\u00f3n Oswaldo Loor y si es alg\u00fan problema traumatologico con la Fundaci\u00f3n La Vida, precis\u00f3 Seni.<\/p>\n","protected":false},"excerpt":{"rendered":"<p>Gran concurrencia de ciudadanos se evidenci\u00f3 desde muy temprano en el barrio Santa Fe de la ciudad de Manta, este s\u00e1bado 22 de julio. Aqu\u00ed se desarroll\u00f3 la segunda feria de la salud, gracias al trabajo coordinado entre la Prefectura de Manab\u00ed y el GAD Manta. El equipo m\u00e9dico de la Prefectura, atendi\u00f3 un total [&hellip;]<\/p>\n","protected":false},"author":10,"featured_media":25329,"comment_status":"closed","ping_status":"closed","sticky":false,"template":"","format":"standard","meta":{"_joinchat":[],"footnotes":""},"categories":[150,142,156,92,72,91],"tags":[],"class_list":["post-25328","post","type-post","status-publish","format-standard","has-post-thumbnail","hentry","category-ambiente","category-desarrollo-social","category-manta","category-noticias-manabi","category-salud","category-todas"],"yoast_head":"<!-- This site is optimized with the Yoast SEO plugin v27.4 - https:\/\/yoast.com\/product\/yoast-seo-wordpress\/ -->\n<title>En Manta se desarroll\u00f3 la segunda feria de la salud - Prefectura de Manab\u00ed<\/title>\n<meta name=\"robots\" content=\"index, follow, max-snippet:-1, max-image-preview:large, max-video-preview:-1\" \/>\n<link rel=\"canonical\" href=\"https:\/\/www.manabi.gob.ec\/index.php\/en-manta-se-desarrollo-la-segunda-feria-de-la-salud\/\" \/>\n<meta property=\"og:locale\" content=\"es_ES\" \/>\n<meta property=\"og:type\" content=\"article\" \/>\n<meta property=\"og:title\" content=\"En Manta se desarroll\u00f3 la segunda feria de la salud - Prefectura de Manab\u00ed\" \/>\n<meta property=\"og:description\" content=\"Gran concurrencia de ciudadanos se evidenci\u00f3 desde muy temprano en el barrio Santa Fe de la ciudad de Manta, este s\u00e1bado 22 de julio. Aqu\u00ed se desarroll\u00f3 la segunda feria de la salud, gracias al trabajo coordinado entre la Prefectura de Manab\u00ed y el GAD Manta. El equipo m\u00e9dico de la Prefectura, atendi\u00f3 un total [&hellip;]\" \/>\n<meta property=\"og:url\" content=\"https:\/\/www.manabi.gob.ec\/index.php\/en-manta-se-desarrollo-la-segunda-feria-de-la-salud\/\" \/>\n<meta property=\"og:site_name\" content=\"Prefectura de Manab\u00ed\" \/>\n<meta property=\"article:published_time\" content=\"2023-07-26T20:34:08+00:00\" \/>\n<meta property=\"article:modified_time\" content=\"2023-07-26T20:34:14+00:00\" \/>\n<meta property=\"og:image\" content=\"https:\/\/www.manabi.gob.ec\/wp-content\/uploads\/2023\/07\/WhatsApp-Image-2023-07-23-at-10.36.43.jpeg\" \/>\n\t<meta property=\"og:image:width\" content=\"1024\" \/>\n\t<meta property=\"og:image:height\" content=\"684\" \/>\n\t<meta property=\"og:image:type\" content=\"image\/jpeg\" \/>\n<meta name=\"author\" content=\"Lui Ochoa\" \/>\n<meta name=\"twitter:card\" content=\"summary_large_image\" \/>\n<meta name=\"twitter:label1\" content=\"Escrito por\" \/>\n\t<meta name=\"twitter:data1\" content=\"Lui Ochoa\" \/>\n\t<meta name=\"twitter:label2\" content=\"Tiempo de lectura\" \/>\n\t<meta name=\"twitter:data2\" content=\"1 minuto\" \/>\n<script type=\"application\/ld+json\" class=\"yoast-schema-graph\">{\"@context\":\"https:\\\/\\\/schema.org\",\"@graph\":[{\"@type\":\"Article\",\"@id\":\"https:\\\/\\\/www.manabi.gob.ec\\\/index.php\\\/en-manta-se-desarrollo-la-segunda-feria-de-la-salud\\\/#article\",\"isPartOf\":{\"@id\":\"https:\\\/\\\/www.manabi.gob.ec\\\/index.php\\\/en-manta-se-desarrollo-la-segunda-feria-de-la-salud\\\/\"},\"author\":{\"name\":\"Lui Ochoa\",\"@id\":\"https:\\\/\\\/www.manabi.gob.ec\\\/#\\\/schema\\\/person\\\/c4f117989332ad723a6ced5994aa7d7a\"},\"headline\":\"En Manta se desarroll\u00f3 la segunda feria de la salud\",\"datePublished\":\"2023-07-26T20:34:08+00:00\",\"dateModified\":\"2023-07-26T20:34:14+00:00\",\"mainEntityOfPage\":{\"@id\":\"https:\\\/\\\/www.manabi.gob.ec\\\/index.php\\\/en-manta-se-desarrollo-la-segunda-feria-de-la-salud\\\/\"},\"wordCount\":155,\"image\":{\"@id\":\"https:\\\/\\\/www.manabi.gob.ec\\\/index.php\\\/en-manta-se-desarrollo-la-segunda-feria-de-la-salud\\\/#primaryimage\"},\"thumbnailUrl\":\"https:\\\/\\\/www.manabi.gob.ec\\\/wp-content\\\/uploads\\\/2023\\\/07\\\/WhatsApp-Image-2023-07-23-at-10.36.43.jpeg\",\"articleSection\":[\"Ambiente\",\"Desarrollo Social\",\"Manta\",\"Noticias\",\"salud\",\"Todas\"],\"inLanguage\":\"es\"},{\"@type\":\"WebPage\",\"@id\":\"https:\\\/\\\/www.manabi.gob.ec\\\/index.php\\\/en-manta-se-desarrollo-la-segunda-feria-de-la-salud\\\/\",\"url\":\"https:\\\/\\\/www.manabi.gob.ec\\\/index.php\\\/en-manta-se-desarrollo-la-segunda-feria-de-la-salud\\\/\",\"name\":\"En Manta se desarroll\u00f3 la segunda feria de la salud - Prefectura de Manab\u00ed\",\"isPartOf\":{\"@id\":\"https:\\\/\\\/www.manabi.gob.ec\\\/#website\"},\"primaryImageOfPage\":{\"@id\":\"https:\\\/\\\/www.manabi.gob.ec\\\/index.php\\\/en-manta-se-desarrollo-la-segunda-feria-de-la-salud\\\/#primaryimage\"},\"image\":{\"@id\":\"https:\\\/\\\/www.manabi.gob.ec\\\/index.php\\\/en-manta-se-desarrollo-la-segunda-feria-de-la-salud\\\/#primaryimage\"},\"thumbnailUrl\":\"https:\\\/\\\/www.manabi.gob.ec\\\/wp-content\\\/uploads\\\/2023\\\/07\\\/WhatsApp-Image-2023-07-23-at-10.36.43.jpeg\",\"datePublished\":\"2023-07-26T20:34:08+00:00\",\"dateModified\":\"2023-07-26T20:34:14+00:00\",\"author\":{\"@id\":\"https:\\\/\\\/www.manabi.gob.ec\\\/#\\\/schema\\\/person\\\/c4f117989332ad723a6ced5994aa7d7a\"},\"breadcrumb\":{\"@id\":\"https:\\\/\\\/www.manabi.gob.ec\\\/index.php\\\/en-manta-se-desarrollo-la-segunda-feria-de-la-salud\\\/#breadcrumb\"},\"inLanguage\":\"es\",\"potentialAction\":[{\"@type\":\"ReadAction\",\"target\":[\"https:\\\/\\\/www.manabi.gob.ec\\\/index.php\\\/en-manta-se-desarrollo-la-segunda-feria-de-la-salud\\\/\"]}]},{\"@type\":\"ImageObject\",\"inLanguage\":\"es\",\"@id\":\"https:\\\/\\\/www.manabi.gob.ec\\\/index.php\\\/en-manta-se-desarrollo-la-segunda-feria-de-la-salud\\\/#primaryimage\",\"url\":\"https:\\\/\\\/www.manabi.gob.ec\\\/wp-content\\\/uploads\\\/2023\\\/07\\\/WhatsApp-Image-2023-07-23-at-10.36.43.jpeg\",\"contentUrl\":\"https:\\\/\\\/www.manabi.gob.ec\\\/wp-content\\\/uploads\\\/2023\\\/07\\\/WhatsApp-Image-2023-07-23-at-10.36.43.jpeg\",\"width\":1024,\"height\":684},{\"@type\":\"BreadcrumbList\",\"@id\":\"https:\\\/\\\/www.manabi.gob.ec\\\/index.php\\\/en-manta-se-desarrollo-la-segunda-feria-de-la-salud\\\/#breadcrumb\",\"itemListElement\":[{\"@type\":\"ListItem\",\"position\":1,\"name\":\"Portada\",\"item\":\"https:\\\/\\\/www.manabi.gob.ec\\\/\"},{\"@type\":\"ListItem\",\"position\":2,\"name\":\"En Manta se desarroll\u00f3 la segunda feria de la salud\"}]},{\"@type\":\"WebSite\",\"@id\":\"https:\\\/\\\/www.manabi.gob.ec\\\/#website\",\"url\":\"https:\\\/\\\/www.manabi.gob.ec\\\/\",\"name\":\"Prefectura de Manab\u00ed\",\"description\":\"P\u00e1gina web de la prefectura\",\"potentialAction\":[{\"@type\":\"SearchAction\",\"target\":{\"@type\":\"EntryPoint\",\"urlTemplate\":\"https:\\\/\\\/www.manabi.gob.ec\\\/?s={search_term_string}\"},\"query-input\":{\"@type\":\"PropertyValueSpecification\",\"valueRequired\":true,\"valueName\":\"search_term_string\"}}],\"inLanguage\":\"es\"},{\"@type\":\"Person\",\"@id\":\"https:\\\/\\\/www.manabi.gob.ec\\\/#\\\/schema\\\/person\\\/c4f117989332ad723a6ced5994aa7d7a\",\"name\":\"Lui Ochoa\",\"image\":{\"@type\":\"ImageObject\",\"inLanguage\":\"es\",\"@id\":\"https:\\\/\\\/secure.gravatar.com\\\/avatar\\\/6e8017d0fe69dead8a95864d2eb6e1e1d8bf8e01194ba49cf7b897ff038126ba?s=96&d=mm&r=g\",\"url\":\"https:\\\/\\\/secure.gravatar.com\\\/avatar\\\/6e8017d0fe69dead8a95864d2eb6e1e1d8bf8e01194ba49cf7b897ff038126ba?s=96&d=mm&r=g\",\"contentUrl\":\"https:\\\/\\\/secure.gravatar.com\\\/avatar\\\/6e8017d0fe69dead8a95864d2eb6e1e1d8bf8e01194ba49cf7b897ff038126ba?s=96&d=mm&r=g\",\"caption\":\"Lui Ochoa\"},\"url\":\"https:\\\/\\\/www.manabi.gob.ec\\\/index.php\\\/author\\\/lochoa\\\/\"}]}<\/script>\n<!-- \/ Yoast SEO plugin. -->","yoast_head_json":{"title":"En Manta se desarroll\u00f3 la segunda feria de la salud - Prefectura de Manab\u00ed","robots":{"index":"index","follow":"follow","max-snippet":"max-snippet:-1","max-image-preview":"max-image-preview:large","max-video-preview":"max-video-preview:-1"},"canonical":"https:\/\/www.manabi.gob.ec\/index.php\/en-manta-se-desarrollo-la-segunda-feria-de-la-salud\/","og_locale":"es_ES","og_type":"article","og_title":"En Manta se desarroll\u00f3 la segunda feria de la salud - Prefectura de Manab\u00ed","og_description":"Gran concurrencia de ciudadanos se evidenci\u00f3 desde muy temprano en el barrio Santa Fe de la ciudad de Manta, este s\u00e1bado 22 de julio. Aqu\u00ed se desarroll\u00f3 la segunda feria de la salud, gracias al trabajo coordinado entre la Prefectura de Manab\u00ed y el GAD Manta. El equipo m\u00e9dico de la Prefectura, atendi\u00f3 un total [&hellip;]","og_url":"https:\/\/www.manabi.gob.ec\/index.php\/en-manta-se-desarrollo-la-segunda-feria-de-la-salud\/","og_site_name":"Prefectura de Manab\u00ed","article_published_time":"2023-07-26T20:34:08+00:00","article_modified_time":"2023-07-26T20:34:14+00:00","og_image":[{"width":1024,"height":684,"url":"https:\/\/www.manabi.gob.ec\/wp-content\/uploads\/2023\/07\/WhatsApp-Image-2023-07-23-at-10.36.43.jpeg","type":"image\/jpeg"}],"author":"Lui Ochoa","twitter_card":"summary_large_image","twitter_misc":{"Escrito por":"Lui Ochoa","Tiempo de lectura":"1 minuto"},"schema":{"@context":"https:\/\/schema.org","@graph":[{"@type":"Article","@id":"https:\/\/www.manabi.gob.ec\/index.php\/en-manta-se-desarrollo-la-segunda-feria-de-la-salud\/#article","isPartOf":{"@id":"https:\/\/www.manabi.gob.ec\/index.php\/en-manta-se-desarrollo-la-segunda-feria-de-la-salud\/"},"author":{"name":"Lui Ochoa","@id":"https:\/\/www.manabi.gob.ec\/#\/schema\/person\/c4f117989332ad723a6ced5994aa7d7a"},"headline":"En Manta se desarroll\u00f3 la segunda feria de la salud","datePublished":"2023-07-26T20:34:08+00:00","dateModified":"2023-07-26T20:34:14+00:00","mainEntityOfPage":{"@id":"https:\/\/www.manabi.gob.ec\/index.php\/en-manta-se-desarrollo-la-segunda-feria-de-la-salud\/"},"wordCount":155,"image":{"@id":"https:\/\/www.manabi.gob.ec\/index.php\/en-manta-se-desarrollo-la-segunda-feria-de-la-salud\/#primaryimage"},"thumbnailUrl":"https:\/\/www.manabi.gob.ec\/wp-content\/uploads\/2023\/07\/WhatsApp-Image-2023-07-23-at-10.36.43.jpeg","articleSection":["Ambiente","Desarrollo Social","Manta","Noticias","salud","Todas"],"inLanguage":"es"},{"@type":"WebPage","@id":"https:\/\/www.manabi.gob.ec\/index.php\/en-manta-se-desarrollo-la-segunda-feria-de-la-salud\/","url":"https:\/\/www.manabi.gob.ec\/index.php\/en-manta-se-desarrollo-la-segunda-feria-de-la-salud\/","name":"En Manta se desarroll\u00f3 la segunda feria de la salud - Prefectura de Manab\u00ed","isPartOf":{"@id":"https:\/\/www.manabi.gob.ec\/#website"},"primaryImageOfPage":{"@id":"https:\/\/www.manabi.gob.ec\/index.php\/en-manta-se-desarrollo-la-segunda-feria-de-la-salud\/#primaryimage"},"image":{"@id":"https:\/\/www.manabi.gob.ec\/index.php\/en-manta-se-desarrollo-la-segunda-feria-de-la-salud\/#primaryimage"},"thumbnailUrl":"https:\/\/www.manabi.gob.ec\/wp-content\/uploads\/2023\/07\/WhatsApp-Image-2023-07-23-at-10.36.43.jpeg","datePublished":"2023-07-26T20:34:08+00:00","dateModified":"2023-07-26T20:34:14+00:00","author":{"@id":"https:\/\/www.manabi.gob.ec\/#\/schema\/person\/c4f117989332ad723a6ced5994aa7d7a"},"breadcrumb":{"@id":"https:\/\/www.manabi.gob.ec\/index.php\/en-manta-se-desarrollo-la-segunda-feria-de-la-salud\/#breadcrumb"},"inLanguage":"es","potentialAction":[{"@type":"ReadAction","target":["https:\/\/www.manabi.gob.ec\/index.php\/en-manta-se-desarrollo-la-segunda-feria-de-la-salud\/"]}]},{"@type":"ImageObject","inLanguage":"es","@id":"https:\/\/www.manabi.gob.ec\/index.php\/en-manta-se-desarrollo-la-segunda-feria-de-la-salud\/#primaryimage","url":"https:\/\/www.manabi.gob.ec\/wp-content\/uploads\/2023\/07\/WhatsApp-Image-2023-07-23-at-10.36.43.jpeg","contentUrl":"https:\/\/www.manabi.gob.ec\/wp-content\/uploads\/2023\/07\/WhatsApp-Image-2023-07-23-at-10.36.43.jpeg","width":1024,"height":684},{"@type":"BreadcrumbList","@id":"https:\/\/www.manabi.gob.ec\/index.php\/en-manta-se-desarrollo-la-segunda-feria-de-la-salud\/#breadcrumb","itemListElement":[{"@type":"ListItem","position":1,"name":"Portada","item":"https:\/\/www.manabi.gob.ec\/"},{"@type":"ListItem","position":2,"name":"En Manta se desarroll\u00f3 la segunda feria de la salud"}]},{"@type":"WebSite","@id":"https:\/\/www.manabi.gob.ec\/#website","url":"https:\/\/www.manabi.gob.ec\/","name":"Prefectura de Manab\u00ed","description":"P\u00e1gina web de la prefectura","potentialAction":[{"@type":"SearchAction","target":{"@type":"EntryPoint","urlTemplate":"https:\/\/www.manabi.gob.ec\/?s={search_term_string}"},"query-input":{"@type":"PropertyValueSpecification","valueRequired":true,"valueName":"search_term_string"}}],"inLanguage":"es"},{"@type":"Person","@id":"https:\/\/www.manabi.gob.ec\/#\/schema\/person\/c4f117989332ad723a6ced5994aa7d7a","name":"Lui Ochoa","image":{"@type":"ImageObject","inLanguage":"es","@id":"https:\/\/secure.gravatar.com\/avatar\/6e8017d0fe69dead8a95864d2eb6e1e1d8bf8e01194ba49cf7b897ff038126ba?s=96&d=mm&r=g","url":"https:\/\/secure.gravatar.com\/avatar\/6e8017d0fe69dead8a95864d2eb6e1e1d8bf8e01194ba49cf7b897ff038126ba?s=96&d=mm&r=g","contentUrl":"https:\/\/secure.gravatar.com\/avatar\/6e8017d0fe69dead8a95864d2eb6e1e1d8bf8e01194ba49cf7b897ff038126ba?s=96&d=mm&r=g","caption":"Lui Ochoa"},"url":"https:\/\/www.manabi.gob.ec\/index.php\/author\/lochoa\/"}]}},"jetpack_featured_media_url":"https:\/\/www.manabi.gob.ec\/wp-content\/uploads\/2023\/07\/WhatsApp-Image-2023-07-23-at-10.36.43.jpeg","_links":{"self":[{"href":"https:\/\/www.manabi.gob.ec\/index.php\/wp-json\/wp\/v2\/posts\/25328","targetHints":{"allow":["GET"]}}],"collection":[{"href":"https:\/\/www.manabi.gob.ec\/index.php\/wp-json\/wp\/v2\/posts"}],"about":[{"href":"https:\/\/www.manabi.gob.ec\/index.php\/wp-json\/wp\/v2\/types\/post"}],"author":[{"embeddable":true,"href":"https:\/\/www.manabi.gob.ec\/index.php\/wp-json\/wp\/v2\/users\/10"}],"replies":[{"embeddable":true,"href":"https:\/\/www.manabi.gob.ec\/index.php\/wp-json\/wp\/v2\/comments?post=25328"}],"version-history":[{"count":0,"href":"https:\/\/www.manabi.gob.ec\/index.php\/wp-json\/wp\/v2\/posts\/25328\/revisions"}],"wp:featuredmedia":[{"embeddable":true,"href":"https:\/\/www.manabi.gob.ec\/index.php\/wp-json\/wp\/v2\/media\/25329"}],"wp:attachment":[{"href":"https:\/\/www.manabi.gob.ec\/index.php\/wp-json\/wp\/v2\/media?parent=25328"}],"wp:term":[{"taxonomy":"category","embeddable":true,"href":"https:\/\/www.manabi.gob.ec\/index.php\/wp-json\/wp\/v2\/categories?post=25328"},{"taxonomy":"post_tag","embeddable":true,"href":"https:\/\/www.manabi.gob.ec\/index.php\/wp-json\/wp\/v2\/tags?post=25328"}],"curies":[{"name":"wp","href":"https:\/\/api.w.org\/{rel}","templated":true}]}}