{"id":25337,"date":"2023-07-26T20:53:12","date_gmt":"2023-07-26T20:53:12","guid":{"rendered":"https:\/\/www.manabi.gob.ec\/?p=25337"},"modified":"2023-07-26T20:53:18","modified_gmt":"2023-07-26T20:53:18","slug":"la-prefectura-invertira-mas-de-10-millones-de-dolares-para-adquirir-maquinarias-y-equipo-caminero","status":"publish","type":"post","link":"https:\/\/www.manabi.gob.ec\/index.php\/la-prefectura-invertira-mas-de-10-millones-de-dolares-para-adquirir-maquinarias-y-equipo-caminero\/","title":{"rendered":"La Prefectura invertir\u00e1 m\u00e1s de 10 millones de d\u00f3lares para adquirir maquinarias y equipo caminero."},"content":{"rendered":"\n<p><\/p>\n\n\n\n<p>El prefecto, Leonardo Orlando, se reuni\u00f3 con dirigentes y obreros pertenecientes a los dos sindicatos de trabajadores de la Prefectura de Manab\u00ed, con quienes socializ\u00f3 el plan de repotenciaci\u00f3n y reposici\u00f3n de maquinarias que tiene previsto ejecutar la instituci\u00f3n.<\/p>\n\n\n\n<p>En este sentido expuso que se tiene planificado invertir m\u00e1s de 10 millones de d\u00f3lares, a trav\u00e9s de cr\u00e9ditos a postularse ante el Banco de Desarrollo del Ecuador, para adquirir m\u00e1s de 80 maquinarias y equipos camineros, incluidos veh\u00edculos livianos. Adem\u00e1s, detall\u00f3 que \u201ccontamos con una operatividad del 80% de las maquinarias\u201d.<\/p>\n\n\n\n<p>\u201cUstedes siempre han sido prioridad para nuestra administraci\u00f3n. Para nosotros, su bienestar, su calidad de vida, su estabilidad emocional, su estabilidad laboral es lo m\u00e1s importante\u201d, expres\u00f3 el Prefecto, al tiempo de hacer un recuento de las acciones implementadas para garantizar derechos y beneficios de los trabajadores y jubilados de la instituci\u00f3n.<\/p>\n\n\n\n<p>La autoridad provincial acord\u00f3 la conformaci\u00f3n de dos comisiones con participaci\u00f3n de representantes de los dos sindicatos: una vinculada al proceso de repotenciaci\u00f3n y reposici\u00f3n de maquinarias y veh\u00edculos; y otra para hacer una evaluaci\u00f3n del stock de inventarios de repuestos.<\/p>\n","protected":false},"excerpt":{"rendered":"<p>El prefecto, Leonardo Orlando, se reuni\u00f3 con dirigentes y obreros pertenecientes a los dos sindicatos de trabajadores de la Prefectura de Manab\u00ed, con quienes socializ\u00f3 el plan de repotenciaci\u00f3n y reposici\u00f3n de maquinarias que tiene previsto ejecutar la instituci\u00f3n. En este sentido expuso que se tiene planificado invertir m\u00e1s de 10 millones de d\u00f3lares, a [&hellip;]<\/p>\n","protected":false},"author":10,"featured_media":25338,"comment_status":"closed","ping_status":"closed","sticky":false,"template":"","format":"standard","meta":{"_joinchat":[],"footnotes":""},"categories":[142,170,92,181,91,127],"tags":[],"class_list":["post-25337","post","type-post","status-publish","format-standard","has-post-thumbnail","hentry","category-desarrollo-social","category-manabi-vial","category-noticias-manabi","category-obra-publica","category-todas","category-vialidad"],"yoast_head":"<!-- This site is optimized with the Yoast SEO plugin v27.4 - https:\/\/yoast.com\/product\/yoast-seo-wordpress\/ -->\n<title>La Prefectura invertir\u00e1 m\u00e1s de 10 millones de d\u00f3lares para adquirir maquinarias y equipo caminero. - Prefectura de Manab\u00ed<\/title>\n<meta name=\"robots\" content=\"index, follow, max-snippet:-1, max-image-preview:large, max-video-preview:-1\" \/>\n<link rel=\"canonical\" href=\"https:\/\/www.manabi.gob.ec\/index.php\/la-prefectura-invertira-mas-de-10-millones-de-dolares-para-adquirir-maquinarias-y-equipo-caminero\/\" \/>\n<meta property=\"og:locale\" content=\"es_ES\" \/>\n<meta property=\"og:type\" content=\"article\" \/>\n<meta property=\"og:title\" content=\"La Prefectura invertir\u00e1 m\u00e1s de 10 millones de d\u00f3lares para adquirir maquinarias y equipo caminero. - Prefectura de Manab\u00ed\" \/>\n<meta property=\"og:description\" content=\"El prefecto, Leonardo Orlando, se reuni\u00f3 con dirigentes y obreros pertenecientes a los dos sindicatos de trabajadores de la Prefectura de Manab\u00ed, con quienes socializ\u00f3 el plan de repotenciaci\u00f3n y reposici\u00f3n de maquinarias que tiene previsto ejecutar la instituci\u00f3n. En este sentido expuso que se tiene planificado invertir m\u00e1s de 10 millones de d\u00f3lares, a [&hellip;]\" \/>\n<meta property=\"og:url\" content=\"https:\/\/www.manabi.gob.ec\/index.php\/la-prefectura-invertira-mas-de-10-millones-de-dolares-para-adquirir-maquinarias-y-equipo-caminero\/\" \/>\n<meta property=\"og:site_name\" content=\"Prefectura de Manab\u00ed\" \/>\n<meta property=\"article:published_time\" content=\"2023-07-26T20:53:12+00:00\" \/>\n<meta property=\"article:modified_time\" content=\"2023-07-26T20:53:18+00:00\" \/>\n<meta property=\"og:image\" content=\"https:\/\/www.manabi.gob.ec\/wp-content\/uploads\/2023\/07\/WhatsApp-Image-2023-07-26-at-14.11.03.jpeg\" \/>\n\t<meta property=\"og:image:width\" content=\"1024\" \/>\n\t<meta property=\"og:image:height\" content=\"684\" \/>\n\t<meta property=\"og:image:type\" content=\"image\/jpeg\" \/>\n<meta name=\"author\" content=\"Lui Ochoa\" \/>\n<meta name=\"twitter:card\" content=\"summary_large_image\" \/>\n<meta name=\"twitter:label1\" content=\"Escrito por\" \/>\n\t<meta name=\"twitter:data1\" content=\"Lui Ochoa\" \/>\n\t<meta name=\"twitter:label2\" content=\"Tiempo de lectura\" \/>\n\t<meta name=\"twitter:data2\" content=\"1 minuto\" \/>\n<script type=\"application\/ld+json\" class=\"yoast-schema-graph\">{\"@context\":\"https:\\\/\\\/schema.org\",\"@graph\":[{\"@type\":\"Article\",\"@id\":\"https:\\\/\\\/www.manabi.gob.ec\\\/index.php\\\/la-prefectura-invertira-mas-de-10-millones-de-dolares-para-adquirir-maquinarias-y-equipo-caminero\\\/#article\",\"isPartOf\":{\"@id\":\"https:\\\/\\\/www.manabi.gob.ec\\\/index.php\\\/la-prefectura-invertira-mas-de-10-millones-de-dolares-para-adquirir-maquinarias-y-equipo-caminero\\\/\"},\"author\":{\"name\":\"Lui Ochoa\",\"@id\":\"https:\\\/\\\/www.manabi.gob.ec\\\/#\\\/schema\\\/person\\\/c4f117989332ad723a6ced5994aa7d7a\"},\"headline\":\"La Prefectura invertir\u00e1 m\u00e1s de 10 millones de d\u00f3lares para adquirir maquinarias y equipo caminero.\",\"datePublished\":\"2023-07-26T20:53:12+00:00\",\"dateModified\":\"2023-07-26T20:53:18+00:00\",\"mainEntityOfPage\":{\"@id\":\"https:\\\/\\\/www.manabi.gob.ec\\\/index.php\\\/la-prefectura-invertira-mas-de-10-millones-de-dolares-para-adquirir-maquinarias-y-equipo-caminero\\\/\"},\"wordCount\":216,\"image\":{\"@id\":\"https:\\\/\\\/www.manabi.gob.ec\\\/index.php\\\/la-prefectura-invertira-mas-de-10-millones-de-dolares-para-adquirir-maquinarias-y-equipo-caminero\\\/#primaryimage\"},\"thumbnailUrl\":\"https:\\\/\\\/www.manabi.gob.ec\\\/wp-content\\\/uploads\\\/2023\\\/07\\\/WhatsApp-Image-2023-07-26-at-14.11.03.jpeg\",\"articleSection\":[\"Desarrollo Social\",\"Manab\u00ed Vial\",\"Noticias\",\"Obra P\u00fablica\",\"Todas\",\"Vialidad\"],\"inLanguage\":\"es\"},{\"@type\":\"WebPage\",\"@id\":\"https:\\\/\\\/www.manabi.gob.ec\\\/index.php\\\/la-prefectura-invertira-mas-de-10-millones-de-dolares-para-adquirir-maquinarias-y-equipo-caminero\\\/\",\"url\":\"https:\\\/\\\/www.manabi.gob.ec\\\/index.php\\\/la-prefectura-invertira-mas-de-10-millones-de-dolares-para-adquirir-maquinarias-y-equipo-caminero\\\/\",\"name\":\"La Prefectura invertir\u00e1 m\u00e1s de 10 millones de d\u00f3lares para adquirir maquinarias y equipo caminero. - Prefectura de Manab\u00ed\",\"isPartOf\":{\"@id\":\"https:\\\/\\\/www.manabi.gob.ec\\\/#website\"},\"primaryImageOfPage\":{\"@id\":\"https:\\\/\\\/www.manabi.gob.ec\\\/index.php\\\/la-prefectura-invertira-mas-de-10-millones-de-dolares-para-adquirir-maquinarias-y-equipo-caminero\\\/#primaryimage\"},\"image\":{\"@id\":\"https:\\\/\\\/www.manabi.gob.ec\\\/index.php\\\/la-prefectura-invertira-mas-de-10-millones-de-dolares-para-adquirir-maquinarias-y-equipo-caminero\\\/#primaryimage\"},\"thumbnailUrl\":\"https:\\\/\\\/www.manabi.gob.ec\\\/wp-content\\\/uploads\\\/2023\\\/07\\\/WhatsApp-Image-2023-07-26-at-14.11.03.jpeg\",\"datePublished\":\"2023-07-26T20:53:12+00:00\",\"dateModified\":\"2023-07-26T20:53:18+00:00\",\"author\":{\"@id\":\"https:\\\/\\\/www.manabi.gob.ec\\\/#\\\/schema\\\/person\\\/c4f117989332ad723a6ced5994aa7d7a\"},\"breadcrumb\":{\"@id\":\"https:\\\/\\\/www.manabi.gob.ec\\\/index.php\\\/la-prefectura-invertira-mas-de-10-millones-de-dolares-para-adquirir-maquinarias-y-equipo-caminero\\\/#breadcrumb\"},\"inLanguage\":\"es\",\"potentialAction\":[{\"@type\":\"ReadAction\",\"target\":[\"https:\\\/\\\/www.manabi.gob.ec\\\/index.php\\\/la-prefectura-invertira-mas-de-10-millones-de-dolares-para-adquirir-maquinarias-y-equipo-caminero\\\/\"]}]},{\"@type\":\"ImageObject\",\"inLanguage\":\"es\",\"@id\":\"https:\\\/\\\/www.manabi.gob.ec\\\/index.php\\\/la-prefectura-invertira-mas-de-10-millones-de-dolares-para-adquirir-maquinarias-y-equipo-caminero\\\/#primaryimage\",\"url\":\"https:\\\/\\\/www.manabi.gob.ec\\\/wp-content\\\/uploads\\\/2023\\\/07\\\/WhatsApp-Image-2023-07-26-at-14.11.03.jpeg\",\"contentUrl\":\"https:\\\/\\\/www.manabi.gob.ec\\\/wp-content\\\/uploads\\\/2023\\\/07\\\/WhatsApp-Image-2023-07-26-at-14.11.03.jpeg\",\"width\":1024,\"height\":684},{\"@type\":\"BreadcrumbList\",\"@id\":\"https:\\\/\\\/www.manabi.gob.ec\\\/index.php\\\/la-prefectura-invertira-mas-de-10-millones-de-dolares-para-adquirir-maquinarias-y-equipo-caminero\\\/#breadcrumb\",\"itemListElement\":[{\"@type\":\"ListItem\",\"position\":1,\"name\":\"Portada\",\"item\":\"https:\\\/\\\/www.manabi.gob.ec\\\/\"},{\"@type\":\"ListItem\",\"position\":2,\"name\":\"La Prefectura invertir\u00e1 m\u00e1s de 10 millones de d\u00f3lares para adquirir maquinarias y equipo caminero.\"}]},{\"@type\":\"WebSite\",\"@id\":\"https:\\\/\\\/www.manabi.gob.ec\\\/#website\",\"url\":\"https:\\\/\\\/www.manabi.gob.ec\\\/\",\"name\":\"Prefectura de Manab\u00ed\",\"description\":\"P\u00e1gina web de la prefectura\",\"potentialAction\":[{\"@type\":\"SearchAction\",\"target\":{\"@type\":\"EntryPoint\",\"urlTemplate\":\"https:\\\/\\\/www.manabi.gob.ec\\\/?s={search_term_string}\"},\"query-input\":{\"@type\":\"PropertyValueSpecification\",\"valueRequired\":true,\"valueName\":\"search_term_string\"}}],\"inLanguage\":\"es\"},{\"@type\":\"Person\",\"@id\":\"https:\\\/\\\/www.manabi.gob.ec\\\/#\\\/schema\\\/person\\\/c4f117989332ad723a6ced5994aa7d7a\",\"name\":\"Lui Ochoa\",\"image\":{\"@type\":\"ImageObject\",\"inLanguage\":\"es\",\"@id\":\"https:\\\/\\\/secure.gravatar.com\\\/avatar\\\/6e8017d0fe69dead8a95864d2eb6e1e1d8bf8e01194ba49cf7b897ff038126ba?s=96&d=mm&r=g\",\"url\":\"https:\\\/\\\/secure.gravatar.com\\\/avatar\\\/6e8017d0fe69dead8a95864d2eb6e1e1d8bf8e01194ba49cf7b897ff038126ba?s=96&d=mm&r=g\",\"contentUrl\":\"https:\\\/\\\/secure.gravatar.com\\\/avatar\\\/6e8017d0fe69dead8a95864d2eb6e1e1d8bf8e01194ba49cf7b897ff038126ba?s=96&d=mm&r=g\",\"caption\":\"Lui Ochoa\"},\"url\":\"https:\\\/\\\/www.manabi.gob.ec\\\/index.php\\\/author\\\/lochoa\\\/\"}]}<\/script>\n<!-- \/ Yoast SEO plugin. -->","yoast_head_json":{"title":"La Prefectura invertir\u00e1 m\u00e1s de 10 millones de d\u00f3lares para adquirir maquinarias y equipo caminero. - Prefectura de Manab\u00ed","robots":{"index":"index","follow":"follow","max-snippet":"max-snippet:-1","max-image-preview":"max-image-preview:large","max-video-preview":"max-video-preview:-1"},"canonical":"https:\/\/www.manabi.gob.ec\/index.php\/la-prefectura-invertira-mas-de-10-millones-de-dolares-para-adquirir-maquinarias-y-equipo-caminero\/","og_locale":"es_ES","og_type":"article","og_title":"La Prefectura invertir\u00e1 m\u00e1s de 10 millones de d\u00f3lares para adquirir maquinarias y equipo caminero. - Prefectura de Manab\u00ed","og_description":"El prefecto, Leonardo Orlando, se reuni\u00f3 con dirigentes y obreros pertenecientes a los dos sindicatos de trabajadores de la Prefectura de Manab\u00ed, con quienes socializ\u00f3 el plan de repotenciaci\u00f3n y reposici\u00f3n de maquinarias que tiene previsto ejecutar la instituci\u00f3n. En este sentido expuso que se tiene planificado invertir m\u00e1s de 10 millones de d\u00f3lares, a [&hellip;]","og_url":"https:\/\/www.manabi.gob.ec\/index.php\/la-prefectura-invertira-mas-de-10-millones-de-dolares-para-adquirir-maquinarias-y-equipo-caminero\/","og_site_name":"Prefectura de Manab\u00ed","article_published_time":"2023-07-26T20:53:12+00:00","article_modified_time":"2023-07-26T20:53:18+00:00","og_image":[{"width":1024,"height":684,"url":"https:\/\/www.manabi.gob.ec\/wp-content\/uploads\/2023\/07\/WhatsApp-Image-2023-07-26-at-14.11.03.jpeg","type":"image\/jpeg"}],"author":"Lui Ochoa","twitter_card":"summary_large_image","twitter_misc":{"Escrito por":"Lui Ochoa","Tiempo de lectura":"1 minuto"},"schema":{"@context":"https:\/\/schema.org","@graph":[{"@type":"Article","@id":"https:\/\/www.manabi.gob.ec\/index.php\/la-prefectura-invertira-mas-de-10-millones-de-dolares-para-adquirir-maquinarias-y-equipo-caminero\/#article","isPartOf":{"@id":"https:\/\/www.manabi.gob.ec\/index.php\/la-prefectura-invertira-mas-de-10-millones-de-dolares-para-adquirir-maquinarias-y-equipo-caminero\/"},"author":{"name":"Lui Ochoa","@id":"https:\/\/www.manabi.gob.ec\/#\/schema\/person\/c4f117989332ad723a6ced5994aa7d7a"},"headline":"La Prefectura invertir\u00e1 m\u00e1s de 10 millones de d\u00f3lares para adquirir maquinarias y equipo caminero.","datePublished":"2023-07-26T20:53:12+00:00","dateModified":"2023-07-26T20:53:18+00:00","mainEntityOfPage":{"@id":"https:\/\/www.manabi.gob.ec\/index.php\/la-prefectura-invertira-mas-de-10-millones-de-dolares-para-adquirir-maquinarias-y-equipo-caminero\/"},"wordCount":216,"image":{"@id":"https:\/\/www.manabi.gob.ec\/index.php\/la-prefectura-invertira-mas-de-10-millones-de-dolares-para-adquirir-maquinarias-y-equipo-caminero\/#primaryimage"},"thumbnailUrl":"https:\/\/www.manabi.gob.ec\/wp-content\/uploads\/2023\/07\/WhatsApp-Image-2023-07-26-at-14.11.03.jpeg","articleSection":["Desarrollo Social","Manab\u00ed Vial","Noticias","Obra P\u00fablica","Todas","Vialidad"],"inLanguage":"es"},{"@type":"WebPage","@id":"https:\/\/www.manabi.gob.ec\/index.php\/la-prefectura-invertira-mas-de-10-millones-de-dolares-para-adquirir-maquinarias-y-equipo-caminero\/","url":"https:\/\/www.manabi.gob.ec\/index.php\/la-prefectura-invertira-mas-de-10-millones-de-dolares-para-adquirir-maquinarias-y-equipo-caminero\/","name":"La Prefectura invertir\u00e1 m\u00e1s de 10 millones de d\u00f3lares para adquirir maquinarias y equipo caminero. - Prefectura de Manab\u00ed","isPartOf":{"@id":"https:\/\/www.manabi.gob.ec\/#website"},"primaryImageOfPage":{"@id":"https:\/\/www.manabi.gob.ec\/index.php\/la-prefectura-invertira-mas-de-10-millones-de-dolares-para-adquirir-maquinarias-y-equipo-caminero\/#primaryimage"},"image":{"@id":"https:\/\/www.manabi.gob.ec\/index.php\/la-prefectura-invertira-mas-de-10-millones-de-dolares-para-adquirir-maquinarias-y-equipo-caminero\/#primaryimage"},"thumbnailUrl":"https:\/\/www.manabi.gob.ec\/wp-content\/uploads\/2023\/07\/WhatsApp-Image-2023-07-26-at-14.11.03.jpeg","datePublished":"2023-07-26T20:53:12+00:00","dateModified":"2023-07-26T20:53:18+00:00","author":{"@id":"https:\/\/www.manabi.gob.ec\/#\/schema\/person\/c4f117989332ad723a6ced5994aa7d7a"},"breadcrumb":{"@id":"https:\/\/www.manabi.gob.ec\/index.php\/la-prefectura-invertira-mas-de-10-millones-de-dolares-para-adquirir-maquinarias-y-equipo-caminero\/#breadcrumb"},"inLanguage":"es","potentialAction":[{"@type":"ReadAction","target":["https:\/\/www.manabi.gob.ec\/index.php\/la-prefectura-invertira-mas-de-10-millones-de-dolares-para-adquirir-maquinarias-y-equipo-caminero\/"]}]},{"@type":"ImageObject","inLanguage":"es","@id":"https:\/\/www.manabi.gob.ec\/index.php\/la-prefectura-invertira-mas-de-10-millones-de-dolares-para-adquirir-maquinarias-y-equipo-caminero\/#primaryimage","url":"https:\/\/www.manabi.gob.ec\/wp-content\/uploads\/2023\/07\/WhatsApp-Image-2023-07-26-at-14.11.03.jpeg","contentUrl":"https:\/\/www.manabi.gob.ec\/wp-content\/uploads\/2023\/07\/WhatsApp-Image-2023-07-26-at-14.11.03.jpeg","width":1024,"height":684},{"@type":"BreadcrumbList","@id":"https:\/\/www.manabi.gob.ec\/index.php\/la-prefectura-invertira-mas-de-10-millones-de-dolares-para-adquirir-maquinarias-y-equipo-caminero\/#breadcrumb","itemListElement":[{"@type":"ListItem","position":1,"name":"Portada","item":"https:\/\/www.manabi.gob.ec\/"},{"@type":"ListItem","position":2,"name":"La Prefectura invertir\u00e1 m\u00e1s de 10 millones de d\u00f3lares para adquirir maquinarias y equipo caminero."}]},{"@type":"WebSite","@id":"https:\/\/www.manabi.gob.ec\/#website","url":"https:\/\/www.manabi.gob.ec\/","name":"Prefectura de Manab\u00ed","description":"P\u00e1gina web de la prefectura","potentialAction":[{"@type":"SearchAction","target":{"@type":"EntryPoint","urlTemplate":"https:\/\/www.manabi.gob.ec\/?s={search_term_string}"},"query-input":{"@type":"PropertyValueSpecification","valueRequired":true,"valueName":"search_term_string"}}],"inLanguage":"es"},{"@type":"Person","@id":"https:\/\/www.manabi.gob.ec\/#\/schema\/person\/c4f117989332ad723a6ced5994aa7d7a","name":"Lui Ochoa","image":{"@type":"ImageObject","inLanguage":"es","@id":"https:\/\/secure.gravatar.com\/avatar\/6e8017d0fe69dead8a95864d2eb6e1e1d8bf8e01194ba49cf7b897ff038126ba?s=96&d=mm&r=g","url":"https:\/\/secure.gravatar.com\/avatar\/6e8017d0fe69dead8a95864d2eb6e1e1d8bf8e01194ba49cf7b897ff038126ba?s=96&d=mm&r=g","contentUrl":"https:\/\/secure.gravatar.com\/avatar\/6e8017d0fe69dead8a95864d2eb6e1e1d8bf8e01194ba49cf7b897ff038126ba?s=96&d=mm&r=g","caption":"Lui Ochoa"},"url":"https:\/\/www.manabi.gob.ec\/index.php\/author\/lochoa\/"}]}},"jetpack_featured_media_url":"https:\/\/www.manabi.gob.ec\/wp-content\/uploads\/2023\/07\/WhatsApp-Image-2023-07-26-at-14.11.03.jpeg","_links":{"self":[{"href":"https:\/\/www.manabi.gob.ec\/index.php\/wp-json\/wp\/v2\/posts\/25337","targetHints":{"allow":["GET"]}}],"collection":[{"href":"https:\/\/www.manabi.gob.ec\/index.php\/wp-json\/wp\/v2\/posts"}],"about":[{"href":"https:\/\/www.manabi.gob.ec\/index.php\/wp-json\/wp\/v2\/types\/post"}],"author":[{"embeddable":true,"href":"https:\/\/www.manabi.gob.ec\/index.php\/wp-json\/wp\/v2\/users\/10"}],"replies":[{"embeddable":true,"href":"https:\/\/www.manabi.gob.ec\/index.php\/wp-json\/wp\/v2\/comments?post=25337"}],"version-history":[{"count":0,"href":"https:\/\/www.manabi.gob.ec\/index.php\/wp-json\/wp\/v2\/posts\/25337\/revisions"}],"wp:featuredmedia":[{"embeddable":true,"href":"https:\/\/www.manabi.gob.ec\/index.php\/wp-json\/wp\/v2\/media\/25338"}],"wp:attachment":[{"href":"https:\/\/www.manabi.gob.ec\/index.php\/wp-json\/wp\/v2\/media?parent=25337"}],"wp:term":[{"taxonomy":"category","embeddable":true,"href":"https:\/\/www.manabi.gob.ec\/index.php\/wp-json\/wp\/v2\/categories?post=25337"},{"taxonomy":"post_tag","embeddable":true,"href":"https:\/\/www.manabi.gob.ec\/index.php\/wp-json\/wp\/v2\/tags?post=25337"}],"curies":[{"name":"wp","href":"https:\/\/api.w.org\/{rel}","templated":true}]}}