{"id":25360,"date":"2023-07-28T16:45:05","date_gmt":"2023-07-28T16:45:05","guid":{"rendered":"https:\/\/www.manabi.gob.ec\/?p=25360"},"modified":"2023-07-28T16:45:10","modified_gmt":"2023-07-28T16:45:10","slug":"entrega-del-parque-de-recreacion-infantil-no-21-en-manabi","status":"publish","type":"post","link":"https:\/\/www.manabi.gob.ec\/index.php\/entrega-del-parque-de-recreacion-infantil-no-21-en-manabi\/","title":{"rendered":"ENTREGA DEL PARQUE DE RECREACI\u00d3N INFANTIL No 21 EN MANAB\u00cd"},"content":{"rendered":"\n<p>La Prefectura de Manab\u00ed, llev\u00f3 a cabo la entrega oficial de un parque de recreaci\u00f3n infantil en la comunidad R\u00edo Ca\u00f1a de la parroquia San Lorenzo del cant\u00f3n Manta. Este proyecto se realiz\u00f3 gracias al apoyo de la fundaci\u00f3n Vida en Abundancia y est\u00e1 dirigido a ni\u00f1os y ni\u00f1as de hasta 12 a\u00f1os de edad.<br>El parque de recreaci\u00f3n infantil, que marca el n\u00famero 21 de los entregados por la Prefectura a trav\u00e9s de este convenio, brindar\u00e1 un espacio seguro y adecuado para el esparcimiento y la diversi\u00f3n de los ni\u00f1os y ni\u00f1as de la comunidad. La iniciativa tiene como objetivo fomentar la pr\u00e1ctica de actividades recreativas que contribuyan a su desarrollo f\u00edsico, emocional y social.<br>La colaboraci\u00f3n entre la Prefectura de Manab\u00ed y la fundaci\u00f3n Vida en Abundancia permite la instalaci\u00f3n de juegos recreativos en el parque, as\u00ed como la adecuaci\u00f3n del espacio para su funcionamiento \u00f3ptimo. Adem\u00e1s, la Prefectura tambi\u00e9n brinda el apoyo log\u00edstico en los eventos de entrega y realiza la valoraci\u00f3n nutricional de los ni\u00f1os y ni\u00f1as beneficiarios.<br>La inauguraci\u00f3n de este parque de recreaci\u00f3n infantil representa un paso significativo en el compromiso de las autoridades locales para promover el bienestar de los m\u00e1s peque\u00f1os de la comunidad. Se espera que este nuevo espacio contribuya al desarrollo integral de los ni\u00f1os y ni\u00f1as, fomentando el juego, la interacci\u00f3n social y la actividad f\u00edsica.<br>\u201cEs importante el apoyo que recibimos la zona rural por parte del prefecto de Manab\u00ed, este espacio contribuye al desarrollo de la comunidad R\u00edo Ca\u00f1a\u201d, concluy\u00f3 Wendy Ube, presidenta del GAD San Lorenzo.<\/p>\n","protected":false},"excerpt":{"rendered":"<p>La Prefectura de Manab\u00ed, llev\u00f3 a cabo la entrega oficial de un parque de recreaci\u00f3n infantil en la comunidad R\u00edo Ca\u00f1a de la parroquia San Lorenzo del cant\u00f3n Manta. Este proyecto se realiz\u00f3 gracias al apoyo de la fundaci\u00f3n Vida en Abundancia y est\u00e1 dirigido a ni\u00f1os y ni\u00f1as de hasta 12 a\u00f1os de edad.El [&hellip;]<\/p>\n","protected":false},"author":10,"featured_media":25361,"comment_status":"closed","ping_status":"closed","sticky":false,"template":"","format":"standard","meta":{"_joinchat":[],"footnotes":""},"categories":[142,92,91],"tags":[],"class_list":["post-25360","post","type-post","status-publish","format-standard","has-post-thumbnail","hentry","category-desarrollo-social","category-noticias-manabi","category-todas"],"yoast_head":"<!-- This site is optimized with the Yoast SEO plugin v27.4 - https:\/\/yoast.com\/product\/yoast-seo-wordpress\/ -->\n<title>ENTREGA DEL PARQUE DE RECREACI\u00d3N INFANTIL No 21 EN MANAB\u00cd - Prefectura de Manab\u00ed<\/title>\n<meta name=\"robots\" content=\"index, follow, max-snippet:-1, max-image-preview:large, max-video-preview:-1\" \/>\n<link rel=\"canonical\" href=\"https:\/\/www.manabi.gob.ec\/index.php\/entrega-del-parque-de-recreacion-infantil-no-21-en-manabi\/\" \/>\n<meta property=\"og:locale\" content=\"es_ES\" \/>\n<meta property=\"og:type\" content=\"article\" \/>\n<meta property=\"og:title\" content=\"ENTREGA DEL PARQUE DE RECREACI\u00d3N INFANTIL No 21 EN MANAB\u00cd - Prefectura de Manab\u00ed\" \/>\n<meta property=\"og:description\" content=\"La Prefectura de Manab\u00ed, llev\u00f3 a cabo la entrega oficial de un parque de recreaci\u00f3n infantil en la comunidad R\u00edo Ca\u00f1a de la parroquia San Lorenzo del cant\u00f3n Manta. Este proyecto se realiz\u00f3 gracias al apoyo de la fundaci\u00f3n Vida en Abundancia y est\u00e1 dirigido a ni\u00f1os y ni\u00f1as de hasta 12 a\u00f1os de edad.El [&hellip;]\" \/>\n<meta property=\"og:url\" content=\"https:\/\/www.manabi.gob.ec\/index.php\/entrega-del-parque-de-recreacion-infantil-no-21-en-manabi\/\" \/>\n<meta property=\"og:site_name\" content=\"Prefectura de Manab\u00ed\" \/>\n<meta property=\"article:published_time\" content=\"2023-07-28T16:45:05+00:00\" \/>\n<meta property=\"article:modified_time\" content=\"2023-07-28T16:45:10+00:00\" \/>\n<meta property=\"og:image\" content=\"https:\/\/www.manabi.gob.ec\/wp-content\/uploads\/2023\/07\/WhatsApp-Image-2023-07-28-at-09.55.58.jpeg\" \/>\n\t<meta property=\"og:image:width\" content=\"1024\" \/>\n\t<meta property=\"og:image:height\" content=\"768\" \/>\n\t<meta property=\"og:image:type\" content=\"image\/jpeg\" \/>\n<meta name=\"author\" content=\"Lui Ochoa\" \/>\n<meta name=\"twitter:card\" content=\"summary_large_image\" \/>\n<meta name=\"twitter:label1\" content=\"Escrito por\" \/>\n\t<meta name=\"twitter:data1\" content=\"Lui Ochoa\" \/>\n\t<meta name=\"twitter:label2\" content=\"Tiempo de lectura\" \/>\n\t<meta name=\"twitter:data2\" content=\"2 minutos\" \/>\n<script type=\"application\/ld+json\" class=\"yoast-schema-graph\">{\"@context\":\"https:\\\/\\\/schema.org\",\"@graph\":[{\"@type\":\"Article\",\"@id\":\"https:\\\/\\\/www.manabi.gob.ec\\\/index.php\\\/entrega-del-parque-de-recreacion-infantil-no-21-en-manabi\\\/#article\",\"isPartOf\":{\"@id\":\"https:\\\/\\\/www.manabi.gob.ec\\\/index.php\\\/entrega-del-parque-de-recreacion-infantil-no-21-en-manabi\\\/\"},\"author\":{\"name\":\"Lui Ochoa\",\"@id\":\"https:\\\/\\\/www.manabi.gob.ec\\\/#\\\/schema\\\/person\\\/c4f117989332ad723a6ced5994aa7d7a\"},\"headline\":\"ENTREGA DEL PARQUE DE RECREACI\u00d3N INFANTIL No 21 EN MANAB\u00cd\",\"datePublished\":\"2023-07-28T16:45:05+00:00\",\"dateModified\":\"2023-07-28T16:45:10+00:00\",\"mainEntityOfPage\":{\"@id\":\"https:\\\/\\\/www.manabi.gob.ec\\\/index.php\\\/entrega-del-parque-de-recreacion-infantil-no-21-en-manabi\\\/\"},\"wordCount\":304,\"image\":{\"@id\":\"https:\\\/\\\/www.manabi.gob.ec\\\/index.php\\\/entrega-del-parque-de-recreacion-infantil-no-21-en-manabi\\\/#primaryimage\"},\"thumbnailUrl\":\"https:\\\/\\\/www.manabi.gob.ec\\\/wp-content\\\/uploads\\\/2023\\\/07\\\/WhatsApp-Image-2023-07-28-at-09.55.58.jpeg\",\"articleSection\":[\"Desarrollo Social\",\"Noticias\",\"Todas\"],\"inLanguage\":\"es\"},{\"@type\":\"WebPage\",\"@id\":\"https:\\\/\\\/www.manabi.gob.ec\\\/index.php\\\/entrega-del-parque-de-recreacion-infantil-no-21-en-manabi\\\/\",\"url\":\"https:\\\/\\\/www.manabi.gob.ec\\\/index.php\\\/entrega-del-parque-de-recreacion-infantil-no-21-en-manabi\\\/\",\"name\":\"ENTREGA DEL PARQUE DE RECREACI\u00d3N INFANTIL No 21 EN MANAB\u00cd - Prefectura de Manab\u00ed\",\"isPartOf\":{\"@id\":\"https:\\\/\\\/www.manabi.gob.ec\\\/#website\"},\"primaryImageOfPage\":{\"@id\":\"https:\\\/\\\/www.manabi.gob.ec\\\/index.php\\\/entrega-del-parque-de-recreacion-infantil-no-21-en-manabi\\\/#primaryimage\"},\"image\":{\"@id\":\"https:\\\/\\\/www.manabi.gob.ec\\\/index.php\\\/entrega-del-parque-de-recreacion-infantil-no-21-en-manabi\\\/#primaryimage\"},\"thumbnailUrl\":\"https:\\\/\\\/www.manabi.gob.ec\\\/wp-content\\\/uploads\\\/2023\\\/07\\\/WhatsApp-Image-2023-07-28-at-09.55.58.jpeg\",\"datePublished\":\"2023-07-28T16:45:05+00:00\",\"dateModified\":\"2023-07-28T16:45:10+00:00\",\"author\":{\"@id\":\"https:\\\/\\\/www.manabi.gob.ec\\\/#\\\/schema\\\/person\\\/c4f117989332ad723a6ced5994aa7d7a\"},\"breadcrumb\":{\"@id\":\"https:\\\/\\\/www.manabi.gob.ec\\\/index.php\\\/entrega-del-parque-de-recreacion-infantil-no-21-en-manabi\\\/#breadcrumb\"},\"inLanguage\":\"es\",\"potentialAction\":[{\"@type\":\"ReadAction\",\"target\":[\"https:\\\/\\\/www.manabi.gob.ec\\\/index.php\\\/entrega-del-parque-de-recreacion-infantil-no-21-en-manabi\\\/\"]}]},{\"@type\":\"ImageObject\",\"inLanguage\":\"es\",\"@id\":\"https:\\\/\\\/www.manabi.gob.ec\\\/index.php\\\/entrega-del-parque-de-recreacion-infantil-no-21-en-manabi\\\/#primaryimage\",\"url\":\"https:\\\/\\\/www.manabi.gob.ec\\\/wp-content\\\/uploads\\\/2023\\\/07\\\/WhatsApp-Image-2023-07-28-at-09.55.58.jpeg\",\"contentUrl\":\"https:\\\/\\\/www.manabi.gob.ec\\\/wp-content\\\/uploads\\\/2023\\\/07\\\/WhatsApp-Image-2023-07-28-at-09.55.58.jpeg\",\"width\":1024,\"height\":768},{\"@type\":\"BreadcrumbList\",\"@id\":\"https:\\\/\\\/www.manabi.gob.ec\\\/index.php\\\/entrega-del-parque-de-recreacion-infantil-no-21-en-manabi\\\/#breadcrumb\",\"itemListElement\":[{\"@type\":\"ListItem\",\"position\":1,\"name\":\"Portada\",\"item\":\"https:\\\/\\\/www.manabi.gob.ec\\\/\"},{\"@type\":\"ListItem\",\"position\":2,\"name\":\"ENTREGA DEL PARQUE DE RECREACI\u00d3N INFANTIL No 21 EN MANAB\u00cd\"}]},{\"@type\":\"WebSite\",\"@id\":\"https:\\\/\\\/www.manabi.gob.ec\\\/#website\",\"url\":\"https:\\\/\\\/www.manabi.gob.ec\\\/\",\"name\":\"Prefectura de Manab\u00ed\",\"description\":\"P\u00e1gina web de la prefectura\",\"potentialAction\":[{\"@type\":\"SearchAction\",\"target\":{\"@type\":\"EntryPoint\",\"urlTemplate\":\"https:\\\/\\\/www.manabi.gob.ec\\\/?s={search_term_string}\"},\"query-input\":{\"@type\":\"PropertyValueSpecification\",\"valueRequired\":true,\"valueName\":\"search_term_string\"}}],\"inLanguage\":\"es\"},{\"@type\":\"Person\",\"@id\":\"https:\\\/\\\/www.manabi.gob.ec\\\/#\\\/schema\\\/person\\\/c4f117989332ad723a6ced5994aa7d7a\",\"name\":\"Lui Ochoa\",\"image\":{\"@type\":\"ImageObject\",\"inLanguage\":\"es\",\"@id\":\"https:\\\/\\\/secure.gravatar.com\\\/avatar\\\/6e8017d0fe69dead8a95864d2eb6e1e1d8bf8e01194ba49cf7b897ff038126ba?s=96&d=mm&r=g\",\"url\":\"https:\\\/\\\/secure.gravatar.com\\\/avatar\\\/6e8017d0fe69dead8a95864d2eb6e1e1d8bf8e01194ba49cf7b897ff038126ba?s=96&d=mm&r=g\",\"contentUrl\":\"https:\\\/\\\/secure.gravatar.com\\\/avatar\\\/6e8017d0fe69dead8a95864d2eb6e1e1d8bf8e01194ba49cf7b897ff038126ba?s=96&d=mm&r=g\",\"caption\":\"Lui Ochoa\"},\"url\":\"https:\\\/\\\/www.manabi.gob.ec\\\/index.php\\\/author\\\/lochoa\\\/\"}]}<\/script>\n<!-- \/ Yoast SEO plugin. -->","yoast_head_json":{"title":"ENTREGA DEL PARQUE DE RECREACI\u00d3N INFANTIL No 21 EN MANAB\u00cd - Prefectura de Manab\u00ed","robots":{"index":"index","follow":"follow","max-snippet":"max-snippet:-1","max-image-preview":"max-image-preview:large","max-video-preview":"max-video-preview:-1"},"canonical":"https:\/\/www.manabi.gob.ec\/index.php\/entrega-del-parque-de-recreacion-infantil-no-21-en-manabi\/","og_locale":"es_ES","og_type":"article","og_title":"ENTREGA DEL PARQUE DE RECREACI\u00d3N INFANTIL No 21 EN MANAB\u00cd - Prefectura de Manab\u00ed","og_description":"La Prefectura de Manab\u00ed, llev\u00f3 a cabo la entrega oficial de un parque de recreaci\u00f3n infantil en la comunidad R\u00edo Ca\u00f1a de la parroquia San Lorenzo del cant\u00f3n Manta. Este proyecto se realiz\u00f3 gracias al apoyo de la fundaci\u00f3n Vida en Abundancia y est\u00e1 dirigido a ni\u00f1os y ni\u00f1as de hasta 12 a\u00f1os de edad.El [&hellip;]","og_url":"https:\/\/www.manabi.gob.ec\/index.php\/entrega-del-parque-de-recreacion-infantil-no-21-en-manabi\/","og_site_name":"Prefectura de Manab\u00ed","article_published_time":"2023-07-28T16:45:05+00:00","article_modified_time":"2023-07-28T16:45:10+00:00","og_image":[{"width":1024,"height":768,"url":"https:\/\/www.manabi.gob.ec\/wp-content\/uploads\/2023\/07\/WhatsApp-Image-2023-07-28-at-09.55.58.jpeg","type":"image\/jpeg"}],"author":"Lui Ochoa","twitter_card":"summary_large_image","twitter_misc":{"Escrito por":"Lui Ochoa","Tiempo de lectura":"2 minutos"},"schema":{"@context":"https:\/\/schema.org","@graph":[{"@type":"Article","@id":"https:\/\/www.manabi.gob.ec\/index.php\/entrega-del-parque-de-recreacion-infantil-no-21-en-manabi\/#article","isPartOf":{"@id":"https:\/\/www.manabi.gob.ec\/index.php\/entrega-del-parque-de-recreacion-infantil-no-21-en-manabi\/"},"author":{"name":"Lui Ochoa","@id":"https:\/\/www.manabi.gob.ec\/#\/schema\/person\/c4f117989332ad723a6ced5994aa7d7a"},"headline":"ENTREGA DEL PARQUE DE RECREACI\u00d3N INFANTIL No 21 EN MANAB\u00cd","datePublished":"2023-07-28T16:45:05+00:00","dateModified":"2023-07-28T16:45:10+00:00","mainEntityOfPage":{"@id":"https:\/\/www.manabi.gob.ec\/index.php\/entrega-del-parque-de-recreacion-infantil-no-21-en-manabi\/"},"wordCount":304,"image":{"@id":"https:\/\/www.manabi.gob.ec\/index.php\/entrega-del-parque-de-recreacion-infantil-no-21-en-manabi\/#primaryimage"},"thumbnailUrl":"https:\/\/www.manabi.gob.ec\/wp-content\/uploads\/2023\/07\/WhatsApp-Image-2023-07-28-at-09.55.58.jpeg","articleSection":["Desarrollo Social","Noticias","Todas"],"inLanguage":"es"},{"@type":"WebPage","@id":"https:\/\/www.manabi.gob.ec\/index.php\/entrega-del-parque-de-recreacion-infantil-no-21-en-manabi\/","url":"https:\/\/www.manabi.gob.ec\/index.php\/entrega-del-parque-de-recreacion-infantil-no-21-en-manabi\/","name":"ENTREGA DEL PARQUE DE RECREACI\u00d3N INFANTIL No 21 EN MANAB\u00cd - Prefectura de Manab\u00ed","isPartOf":{"@id":"https:\/\/www.manabi.gob.ec\/#website"},"primaryImageOfPage":{"@id":"https:\/\/www.manabi.gob.ec\/index.php\/entrega-del-parque-de-recreacion-infantil-no-21-en-manabi\/#primaryimage"},"image":{"@id":"https:\/\/www.manabi.gob.ec\/index.php\/entrega-del-parque-de-recreacion-infantil-no-21-en-manabi\/#primaryimage"},"thumbnailUrl":"https:\/\/www.manabi.gob.ec\/wp-content\/uploads\/2023\/07\/WhatsApp-Image-2023-07-28-at-09.55.58.jpeg","datePublished":"2023-07-28T16:45:05+00:00","dateModified":"2023-07-28T16:45:10+00:00","author":{"@id":"https:\/\/www.manabi.gob.ec\/#\/schema\/person\/c4f117989332ad723a6ced5994aa7d7a"},"breadcrumb":{"@id":"https:\/\/www.manabi.gob.ec\/index.php\/entrega-del-parque-de-recreacion-infantil-no-21-en-manabi\/#breadcrumb"},"inLanguage":"es","potentialAction":[{"@type":"ReadAction","target":["https:\/\/www.manabi.gob.ec\/index.php\/entrega-del-parque-de-recreacion-infantil-no-21-en-manabi\/"]}]},{"@type":"ImageObject","inLanguage":"es","@id":"https:\/\/www.manabi.gob.ec\/index.php\/entrega-del-parque-de-recreacion-infantil-no-21-en-manabi\/#primaryimage","url":"https:\/\/www.manabi.gob.ec\/wp-content\/uploads\/2023\/07\/WhatsApp-Image-2023-07-28-at-09.55.58.jpeg","contentUrl":"https:\/\/www.manabi.gob.ec\/wp-content\/uploads\/2023\/07\/WhatsApp-Image-2023-07-28-at-09.55.58.jpeg","width":1024,"height":768},{"@type":"BreadcrumbList","@id":"https:\/\/www.manabi.gob.ec\/index.php\/entrega-del-parque-de-recreacion-infantil-no-21-en-manabi\/#breadcrumb","itemListElement":[{"@type":"ListItem","position":1,"name":"Portada","item":"https:\/\/www.manabi.gob.ec\/"},{"@type":"ListItem","position":2,"name":"ENTREGA DEL PARQUE DE RECREACI\u00d3N INFANTIL No 21 EN MANAB\u00cd"}]},{"@type":"WebSite","@id":"https:\/\/www.manabi.gob.ec\/#website","url":"https:\/\/www.manabi.gob.ec\/","name":"Prefectura de Manab\u00ed","description":"P\u00e1gina web de la prefectura","potentialAction":[{"@type":"SearchAction","target":{"@type":"EntryPoint","urlTemplate":"https:\/\/www.manabi.gob.ec\/?s={search_term_string}"},"query-input":{"@type":"PropertyValueSpecification","valueRequired":true,"valueName":"search_term_string"}}],"inLanguage":"es"},{"@type":"Person","@id":"https:\/\/www.manabi.gob.ec\/#\/schema\/person\/c4f117989332ad723a6ced5994aa7d7a","name":"Lui Ochoa","image":{"@type":"ImageObject","inLanguage":"es","@id":"https:\/\/secure.gravatar.com\/avatar\/6e8017d0fe69dead8a95864d2eb6e1e1d8bf8e01194ba49cf7b897ff038126ba?s=96&d=mm&r=g","url":"https:\/\/secure.gravatar.com\/avatar\/6e8017d0fe69dead8a95864d2eb6e1e1d8bf8e01194ba49cf7b897ff038126ba?s=96&d=mm&r=g","contentUrl":"https:\/\/secure.gravatar.com\/avatar\/6e8017d0fe69dead8a95864d2eb6e1e1d8bf8e01194ba49cf7b897ff038126ba?s=96&d=mm&r=g","caption":"Lui Ochoa"},"url":"https:\/\/www.manabi.gob.ec\/index.php\/author\/lochoa\/"}]}},"jetpack_featured_media_url":"https:\/\/www.manabi.gob.ec\/wp-content\/uploads\/2023\/07\/WhatsApp-Image-2023-07-28-at-09.55.58.jpeg","_links":{"self":[{"href":"https:\/\/www.manabi.gob.ec\/index.php\/wp-json\/wp\/v2\/posts\/25360","targetHints":{"allow":["GET"]}}],"collection":[{"href":"https:\/\/www.manabi.gob.ec\/index.php\/wp-json\/wp\/v2\/posts"}],"about":[{"href":"https:\/\/www.manabi.gob.ec\/index.php\/wp-json\/wp\/v2\/types\/post"}],"author":[{"embeddable":true,"href":"https:\/\/www.manabi.gob.ec\/index.php\/wp-json\/wp\/v2\/users\/10"}],"replies":[{"embeddable":true,"href":"https:\/\/www.manabi.gob.ec\/index.php\/wp-json\/wp\/v2\/comments?post=25360"}],"version-history":[{"count":0,"href":"https:\/\/www.manabi.gob.ec\/index.php\/wp-json\/wp\/v2\/posts\/25360\/revisions"}],"wp:featuredmedia":[{"embeddable":true,"href":"https:\/\/www.manabi.gob.ec\/index.php\/wp-json\/wp\/v2\/media\/25361"}],"wp:attachment":[{"href":"https:\/\/www.manabi.gob.ec\/index.php\/wp-json\/wp\/v2\/media?parent=25360"}],"wp:term":[{"taxonomy":"category","embeddable":true,"href":"https:\/\/www.manabi.gob.ec\/index.php\/wp-json\/wp\/v2\/categories?post=25360"},{"taxonomy":"post_tag","embeddable":true,"href":"https:\/\/www.manabi.gob.ec\/index.php\/wp-json\/wp\/v2\/tags?post=25360"}],"curies":[{"name":"wp","href":"https:\/\/api.w.org\/{rel}","templated":true}]}}