{"id":25452,"date":"2023-08-14T13:09:28","date_gmt":"2023-08-14T13:09:28","guid":{"rendered":"https:\/\/www.manabi.gob.ec\/?p=25452"},"modified":"2023-08-14T13:09:34","modified_gmt":"2023-08-14T13:09:34","slug":"el-prefecto-inspecciono-trabajos-viales-y-se-reunio-con-dirigentes-comunitarios-del-canton-el-carmen","status":"publish","type":"post","link":"https:\/\/www.manabi.gob.ec\/index.php\/el-prefecto-inspecciono-trabajos-viales-y-se-reunio-con-dirigentes-comunitarios-del-canton-el-carmen\/","title":{"rendered":"El Prefecto inspeccion\u00f3 trabajos viales y se reuni\u00f3 con dirigentes comunitarios del cant\u00f3n El Carmen"},"content":{"rendered":"\n<p>El prefecto de Manab\u00ed, Leonardo Orlando, cumpli\u00f3 una extensa agenda de trabajo en el cant\u00f3n El Carmen, este mi\u00e9rcoles 9 de agosto. En horas de la ma\u00f1ana, la autoridad provincial inspeccion\u00f3 los trabajos de mantenimiento vial con bacheo asf\u00e1ltico, de la v\u00eda Paso Lateral \u2013 La Bramadora; luego lleg\u00f3 hasta La Bramadora en donde se reuni\u00f3 con l\u00edderes y dirigentes de esta y otras comunidades rurales.<\/p>\n\n\n\n<p>En este encuentro se present\u00f3 un informe del cumplimiento de los compromisos establecidos en la reuni\u00f3n del 25 de julio de este a\u00f1o. Adem\u00e1s, la autoridad provincial anunci\u00f3 que est\u00e1 aprobado el proyecto para la implementaci\u00f3n de un centro de rehabilitaci\u00f3n f\u00edsica para La Bramadora, y la creaci\u00f3n de una unidad de la Escuela Deportiva Entrenando Valores para este sector.<\/p>\n\n\n\n<p>El Prefecto tambi\u00e9n visit\u00f3 la brigada m\u00e9dica integral que se traslad\u00f3 a La Bramadoar para brindar atenci\u00f3n de salud a las personas de los grupos vulnerables, y mantuvo un conversatorio con representante de los medios de comunicaci\u00f3n de la localidad, a quienes dio detalles del avance de los 10 frentes de trabajo que la instituci\u00f3n provincial mantiene activos en este cant\u00f3n, en materia vial.<\/p>\n\n\n\n<p>En horas de la tarde, el Prefecto inspeccion\u00f3 los trabajos de mantenimiento en las v\u00edas \u201cY\u201d de San Pablo \u2013 La 25 \u2013 Doblones; Puente Ch\u00edsparo \u2013 Venado \u2013 Paso Lateral; y Ch\u00edsparo \u2013 Flor de Manab\u00ed.<\/p>\n","protected":false},"excerpt":{"rendered":"<p>El prefecto de Manab\u00ed, Leonardo Orlando, cumpli\u00f3 una extensa agenda de trabajo en el cant\u00f3n El Carmen, este mi\u00e9rcoles 9 de agosto. En horas de la ma\u00f1ana, la autoridad provincial inspeccion\u00f3 los trabajos de mantenimiento vial con bacheo asf\u00e1ltico, de la v\u00eda Paso Lateral \u2013 La Bramadora; luego lleg\u00f3 hasta La Bramadora en donde se [&hellip;]<\/p>\n","protected":false},"author":10,"featured_media":25453,"comment_status":"closed","ping_status":"closed","sticky":false,"template":"","format":"standard","meta":{"_joinchat":[],"footnotes":""},"categories":[142,183,92,181,91,127],"tags":[],"class_list":["post-25452","post","type-post","status-publish","format-standard","has-post-thumbnail","hentry","category-desarrollo-social","category-el-carmen","category-noticias-manabi","category-obra-publica","category-todas","category-vialidad"],"yoast_head":"<!-- This site is optimized with the Yoast SEO plugin v27.4 - https:\/\/yoast.com\/product\/yoast-seo-wordpress\/ -->\n<title>El Prefecto inspeccion\u00f3 trabajos viales y se reuni\u00f3 con dirigentes comunitarios del cant\u00f3n El Carmen - Prefectura de Manab\u00ed<\/title>\n<meta name=\"robots\" content=\"index, follow, max-snippet:-1, max-image-preview:large, max-video-preview:-1\" \/>\n<link rel=\"canonical\" href=\"https:\/\/www.manabi.gob.ec\/index.php\/el-prefecto-inspecciono-trabajos-viales-y-se-reunio-con-dirigentes-comunitarios-del-canton-el-carmen\/\" \/>\n<meta property=\"og:locale\" content=\"es_ES\" \/>\n<meta property=\"og:type\" content=\"article\" \/>\n<meta property=\"og:title\" content=\"El Prefecto inspeccion\u00f3 trabajos viales y se reuni\u00f3 con dirigentes comunitarios del cant\u00f3n El Carmen - Prefectura de Manab\u00ed\" \/>\n<meta property=\"og:description\" content=\"El prefecto de Manab\u00ed, Leonardo Orlando, cumpli\u00f3 una extensa agenda de trabajo en el cant\u00f3n El Carmen, este mi\u00e9rcoles 9 de agosto. En horas de la ma\u00f1ana, la autoridad provincial inspeccion\u00f3 los trabajos de mantenimiento vial con bacheo asf\u00e1ltico, de la v\u00eda Paso Lateral \u2013 La Bramadora; luego lleg\u00f3 hasta La Bramadora en donde se [&hellip;]\" \/>\n<meta property=\"og:url\" content=\"https:\/\/www.manabi.gob.ec\/index.php\/el-prefecto-inspecciono-trabajos-viales-y-se-reunio-con-dirigentes-comunitarios-del-canton-el-carmen\/\" \/>\n<meta property=\"og:site_name\" content=\"Prefectura de Manab\u00ed\" \/>\n<meta property=\"article:published_time\" content=\"2023-08-14T13:09:28+00:00\" \/>\n<meta property=\"article:modified_time\" content=\"2023-08-14T13:09:34+00:00\" \/>\n<meta property=\"og:image\" content=\"https:\/\/www.manabi.gob.ec\/wp-content\/uploads\/2023\/08\/WhatsApp-Image-2023-08-09-at-14.23.51.jpeg\" \/>\n\t<meta property=\"og:image:width\" content=\"1024\" \/>\n\t<meta property=\"og:image:height\" content=\"725\" \/>\n\t<meta property=\"og:image:type\" content=\"image\/jpeg\" \/>\n<meta name=\"author\" content=\"Lui Ochoa\" \/>\n<meta name=\"twitter:card\" content=\"summary_large_image\" \/>\n<meta name=\"twitter:label1\" content=\"Escrito por\" \/>\n\t<meta name=\"twitter:data1\" content=\"Lui Ochoa\" \/>\n\t<meta name=\"twitter:label2\" content=\"Tiempo de lectura\" \/>\n\t<meta name=\"twitter:data2\" content=\"2 minutos\" \/>\n<script type=\"application\/ld+json\" class=\"yoast-schema-graph\">{\"@context\":\"https:\\\/\\\/schema.org\",\"@graph\":[{\"@type\":\"Article\",\"@id\":\"https:\\\/\\\/www.manabi.gob.ec\\\/index.php\\\/el-prefecto-inspecciono-trabajos-viales-y-se-reunio-con-dirigentes-comunitarios-del-canton-el-carmen\\\/#article\",\"isPartOf\":{\"@id\":\"https:\\\/\\\/www.manabi.gob.ec\\\/index.php\\\/el-prefecto-inspecciono-trabajos-viales-y-se-reunio-con-dirigentes-comunitarios-del-canton-el-carmen\\\/\"},\"author\":{\"name\":\"Lui Ochoa\",\"@id\":\"https:\\\/\\\/www.manabi.gob.ec\\\/#\\\/schema\\\/person\\\/c4f117989332ad723a6ced5994aa7d7a\"},\"headline\":\"El Prefecto inspeccion\u00f3 trabajos viales y se reuni\u00f3 con dirigentes comunitarios del cant\u00f3n El Carmen\",\"datePublished\":\"2023-08-14T13:09:28+00:00\",\"dateModified\":\"2023-08-14T13:09:34+00:00\",\"mainEntityOfPage\":{\"@id\":\"https:\\\/\\\/www.manabi.gob.ec\\\/index.php\\\/el-prefecto-inspecciono-trabajos-viales-y-se-reunio-con-dirigentes-comunitarios-del-canton-el-carmen\\\/\"},\"wordCount\":255,\"image\":{\"@id\":\"https:\\\/\\\/www.manabi.gob.ec\\\/index.php\\\/el-prefecto-inspecciono-trabajos-viales-y-se-reunio-con-dirigentes-comunitarios-del-canton-el-carmen\\\/#primaryimage\"},\"thumbnailUrl\":\"https:\\\/\\\/www.manabi.gob.ec\\\/wp-content\\\/uploads\\\/2023\\\/08\\\/WhatsApp-Image-2023-08-09-at-14.23.51.jpeg\",\"articleSection\":[\"Desarrollo Social\",\"El Carmen\",\"Noticias\",\"Obra P\u00fablica\",\"Todas\",\"Vialidad\"],\"inLanguage\":\"es\"},{\"@type\":\"WebPage\",\"@id\":\"https:\\\/\\\/www.manabi.gob.ec\\\/index.php\\\/el-prefecto-inspecciono-trabajos-viales-y-se-reunio-con-dirigentes-comunitarios-del-canton-el-carmen\\\/\",\"url\":\"https:\\\/\\\/www.manabi.gob.ec\\\/index.php\\\/el-prefecto-inspecciono-trabajos-viales-y-se-reunio-con-dirigentes-comunitarios-del-canton-el-carmen\\\/\",\"name\":\"El Prefecto inspeccion\u00f3 trabajos viales y se reuni\u00f3 con dirigentes comunitarios del cant\u00f3n El Carmen - Prefectura de Manab\u00ed\",\"isPartOf\":{\"@id\":\"https:\\\/\\\/www.manabi.gob.ec\\\/#website\"},\"primaryImageOfPage\":{\"@id\":\"https:\\\/\\\/www.manabi.gob.ec\\\/index.php\\\/el-prefecto-inspecciono-trabajos-viales-y-se-reunio-con-dirigentes-comunitarios-del-canton-el-carmen\\\/#primaryimage\"},\"image\":{\"@id\":\"https:\\\/\\\/www.manabi.gob.ec\\\/index.php\\\/el-prefecto-inspecciono-trabajos-viales-y-se-reunio-con-dirigentes-comunitarios-del-canton-el-carmen\\\/#primaryimage\"},\"thumbnailUrl\":\"https:\\\/\\\/www.manabi.gob.ec\\\/wp-content\\\/uploads\\\/2023\\\/08\\\/WhatsApp-Image-2023-08-09-at-14.23.51.jpeg\",\"datePublished\":\"2023-08-14T13:09:28+00:00\",\"dateModified\":\"2023-08-14T13:09:34+00:00\",\"author\":{\"@id\":\"https:\\\/\\\/www.manabi.gob.ec\\\/#\\\/schema\\\/person\\\/c4f117989332ad723a6ced5994aa7d7a\"},\"breadcrumb\":{\"@id\":\"https:\\\/\\\/www.manabi.gob.ec\\\/index.php\\\/el-prefecto-inspecciono-trabajos-viales-y-se-reunio-con-dirigentes-comunitarios-del-canton-el-carmen\\\/#breadcrumb\"},\"inLanguage\":\"es\",\"potentialAction\":[{\"@type\":\"ReadAction\",\"target\":[\"https:\\\/\\\/www.manabi.gob.ec\\\/index.php\\\/el-prefecto-inspecciono-trabajos-viales-y-se-reunio-con-dirigentes-comunitarios-del-canton-el-carmen\\\/\"]}]},{\"@type\":\"ImageObject\",\"inLanguage\":\"es\",\"@id\":\"https:\\\/\\\/www.manabi.gob.ec\\\/index.php\\\/el-prefecto-inspecciono-trabajos-viales-y-se-reunio-con-dirigentes-comunitarios-del-canton-el-carmen\\\/#primaryimage\",\"url\":\"https:\\\/\\\/www.manabi.gob.ec\\\/wp-content\\\/uploads\\\/2023\\\/08\\\/WhatsApp-Image-2023-08-09-at-14.23.51.jpeg\",\"contentUrl\":\"https:\\\/\\\/www.manabi.gob.ec\\\/wp-content\\\/uploads\\\/2023\\\/08\\\/WhatsApp-Image-2023-08-09-at-14.23.51.jpeg\",\"width\":1024,\"height\":725},{\"@type\":\"BreadcrumbList\",\"@id\":\"https:\\\/\\\/www.manabi.gob.ec\\\/index.php\\\/el-prefecto-inspecciono-trabajos-viales-y-se-reunio-con-dirigentes-comunitarios-del-canton-el-carmen\\\/#breadcrumb\",\"itemListElement\":[{\"@type\":\"ListItem\",\"position\":1,\"name\":\"Portada\",\"item\":\"https:\\\/\\\/www.manabi.gob.ec\\\/\"},{\"@type\":\"ListItem\",\"position\":2,\"name\":\"El Prefecto inspeccion\u00f3 trabajos viales y se reuni\u00f3 con dirigentes comunitarios del cant\u00f3n El Carmen\"}]},{\"@type\":\"WebSite\",\"@id\":\"https:\\\/\\\/www.manabi.gob.ec\\\/#website\",\"url\":\"https:\\\/\\\/www.manabi.gob.ec\\\/\",\"name\":\"Prefectura de Manab\u00ed\",\"description\":\"P\u00e1gina web de la prefectura\",\"potentialAction\":[{\"@type\":\"SearchAction\",\"target\":{\"@type\":\"EntryPoint\",\"urlTemplate\":\"https:\\\/\\\/www.manabi.gob.ec\\\/?s={search_term_string}\"},\"query-input\":{\"@type\":\"PropertyValueSpecification\",\"valueRequired\":true,\"valueName\":\"search_term_string\"}}],\"inLanguage\":\"es\"},{\"@type\":\"Person\",\"@id\":\"https:\\\/\\\/www.manabi.gob.ec\\\/#\\\/schema\\\/person\\\/c4f117989332ad723a6ced5994aa7d7a\",\"name\":\"Lui Ochoa\",\"image\":{\"@type\":\"ImageObject\",\"inLanguage\":\"es\",\"@id\":\"https:\\\/\\\/secure.gravatar.com\\\/avatar\\\/6e8017d0fe69dead8a95864d2eb6e1e1d8bf8e01194ba49cf7b897ff038126ba?s=96&d=mm&r=g\",\"url\":\"https:\\\/\\\/secure.gravatar.com\\\/avatar\\\/6e8017d0fe69dead8a95864d2eb6e1e1d8bf8e01194ba49cf7b897ff038126ba?s=96&d=mm&r=g\",\"contentUrl\":\"https:\\\/\\\/secure.gravatar.com\\\/avatar\\\/6e8017d0fe69dead8a95864d2eb6e1e1d8bf8e01194ba49cf7b897ff038126ba?s=96&d=mm&r=g\",\"caption\":\"Lui Ochoa\"},\"url\":\"https:\\\/\\\/www.manabi.gob.ec\\\/index.php\\\/author\\\/lochoa\\\/\"}]}<\/script>\n<!-- \/ Yoast SEO plugin. -->","yoast_head_json":{"title":"El Prefecto inspeccion\u00f3 trabajos viales y se reuni\u00f3 con dirigentes comunitarios del cant\u00f3n El Carmen - Prefectura de Manab\u00ed","robots":{"index":"index","follow":"follow","max-snippet":"max-snippet:-1","max-image-preview":"max-image-preview:large","max-video-preview":"max-video-preview:-1"},"canonical":"https:\/\/www.manabi.gob.ec\/index.php\/el-prefecto-inspecciono-trabajos-viales-y-se-reunio-con-dirigentes-comunitarios-del-canton-el-carmen\/","og_locale":"es_ES","og_type":"article","og_title":"El Prefecto inspeccion\u00f3 trabajos viales y se reuni\u00f3 con dirigentes comunitarios del cant\u00f3n El Carmen - Prefectura de Manab\u00ed","og_description":"El prefecto de Manab\u00ed, Leonardo Orlando, cumpli\u00f3 una extensa agenda de trabajo en el cant\u00f3n El Carmen, este mi\u00e9rcoles 9 de agosto. En horas de la ma\u00f1ana, la autoridad provincial inspeccion\u00f3 los trabajos de mantenimiento vial con bacheo asf\u00e1ltico, de la v\u00eda Paso Lateral \u2013 La Bramadora; luego lleg\u00f3 hasta La Bramadora en donde se [&hellip;]","og_url":"https:\/\/www.manabi.gob.ec\/index.php\/el-prefecto-inspecciono-trabajos-viales-y-se-reunio-con-dirigentes-comunitarios-del-canton-el-carmen\/","og_site_name":"Prefectura de Manab\u00ed","article_published_time":"2023-08-14T13:09:28+00:00","article_modified_time":"2023-08-14T13:09:34+00:00","og_image":[{"width":1024,"height":725,"url":"https:\/\/www.manabi.gob.ec\/wp-content\/uploads\/2023\/08\/WhatsApp-Image-2023-08-09-at-14.23.51.jpeg","type":"image\/jpeg"}],"author":"Lui Ochoa","twitter_card":"summary_large_image","twitter_misc":{"Escrito por":"Lui Ochoa","Tiempo de lectura":"2 minutos"},"schema":{"@context":"https:\/\/schema.org","@graph":[{"@type":"Article","@id":"https:\/\/www.manabi.gob.ec\/index.php\/el-prefecto-inspecciono-trabajos-viales-y-se-reunio-con-dirigentes-comunitarios-del-canton-el-carmen\/#article","isPartOf":{"@id":"https:\/\/www.manabi.gob.ec\/index.php\/el-prefecto-inspecciono-trabajos-viales-y-se-reunio-con-dirigentes-comunitarios-del-canton-el-carmen\/"},"author":{"name":"Lui Ochoa","@id":"https:\/\/www.manabi.gob.ec\/#\/schema\/person\/c4f117989332ad723a6ced5994aa7d7a"},"headline":"El Prefecto inspeccion\u00f3 trabajos viales y se reuni\u00f3 con dirigentes comunitarios del cant\u00f3n El Carmen","datePublished":"2023-08-14T13:09:28+00:00","dateModified":"2023-08-14T13:09:34+00:00","mainEntityOfPage":{"@id":"https:\/\/www.manabi.gob.ec\/index.php\/el-prefecto-inspecciono-trabajos-viales-y-se-reunio-con-dirigentes-comunitarios-del-canton-el-carmen\/"},"wordCount":255,"image":{"@id":"https:\/\/www.manabi.gob.ec\/index.php\/el-prefecto-inspecciono-trabajos-viales-y-se-reunio-con-dirigentes-comunitarios-del-canton-el-carmen\/#primaryimage"},"thumbnailUrl":"https:\/\/www.manabi.gob.ec\/wp-content\/uploads\/2023\/08\/WhatsApp-Image-2023-08-09-at-14.23.51.jpeg","articleSection":["Desarrollo Social","El Carmen","Noticias","Obra P\u00fablica","Todas","Vialidad"],"inLanguage":"es"},{"@type":"WebPage","@id":"https:\/\/www.manabi.gob.ec\/index.php\/el-prefecto-inspecciono-trabajos-viales-y-se-reunio-con-dirigentes-comunitarios-del-canton-el-carmen\/","url":"https:\/\/www.manabi.gob.ec\/index.php\/el-prefecto-inspecciono-trabajos-viales-y-se-reunio-con-dirigentes-comunitarios-del-canton-el-carmen\/","name":"El Prefecto inspeccion\u00f3 trabajos viales y se reuni\u00f3 con dirigentes comunitarios del cant\u00f3n El Carmen - Prefectura de Manab\u00ed","isPartOf":{"@id":"https:\/\/www.manabi.gob.ec\/#website"},"primaryImageOfPage":{"@id":"https:\/\/www.manabi.gob.ec\/index.php\/el-prefecto-inspecciono-trabajos-viales-y-se-reunio-con-dirigentes-comunitarios-del-canton-el-carmen\/#primaryimage"},"image":{"@id":"https:\/\/www.manabi.gob.ec\/index.php\/el-prefecto-inspecciono-trabajos-viales-y-se-reunio-con-dirigentes-comunitarios-del-canton-el-carmen\/#primaryimage"},"thumbnailUrl":"https:\/\/www.manabi.gob.ec\/wp-content\/uploads\/2023\/08\/WhatsApp-Image-2023-08-09-at-14.23.51.jpeg","datePublished":"2023-08-14T13:09:28+00:00","dateModified":"2023-08-14T13:09:34+00:00","author":{"@id":"https:\/\/www.manabi.gob.ec\/#\/schema\/person\/c4f117989332ad723a6ced5994aa7d7a"},"breadcrumb":{"@id":"https:\/\/www.manabi.gob.ec\/index.php\/el-prefecto-inspecciono-trabajos-viales-y-se-reunio-con-dirigentes-comunitarios-del-canton-el-carmen\/#breadcrumb"},"inLanguage":"es","potentialAction":[{"@type":"ReadAction","target":["https:\/\/www.manabi.gob.ec\/index.php\/el-prefecto-inspecciono-trabajos-viales-y-se-reunio-con-dirigentes-comunitarios-del-canton-el-carmen\/"]}]},{"@type":"ImageObject","inLanguage":"es","@id":"https:\/\/www.manabi.gob.ec\/index.php\/el-prefecto-inspecciono-trabajos-viales-y-se-reunio-con-dirigentes-comunitarios-del-canton-el-carmen\/#primaryimage","url":"https:\/\/www.manabi.gob.ec\/wp-content\/uploads\/2023\/08\/WhatsApp-Image-2023-08-09-at-14.23.51.jpeg","contentUrl":"https:\/\/www.manabi.gob.ec\/wp-content\/uploads\/2023\/08\/WhatsApp-Image-2023-08-09-at-14.23.51.jpeg","width":1024,"height":725},{"@type":"BreadcrumbList","@id":"https:\/\/www.manabi.gob.ec\/index.php\/el-prefecto-inspecciono-trabajos-viales-y-se-reunio-con-dirigentes-comunitarios-del-canton-el-carmen\/#breadcrumb","itemListElement":[{"@type":"ListItem","position":1,"name":"Portada","item":"https:\/\/www.manabi.gob.ec\/"},{"@type":"ListItem","position":2,"name":"El Prefecto inspeccion\u00f3 trabajos viales y se reuni\u00f3 con dirigentes comunitarios del cant\u00f3n El Carmen"}]},{"@type":"WebSite","@id":"https:\/\/www.manabi.gob.ec\/#website","url":"https:\/\/www.manabi.gob.ec\/","name":"Prefectura de Manab\u00ed","description":"P\u00e1gina web de la prefectura","potentialAction":[{"@type":"SearchAction","target":{"@type":"EntryPoint","urlTemplate":"https:\/\/www.manabi.gob.ec\/?s={search_term_string}"},"query-input":{"@type":"PropertyValueSpecification","valueRequired":true,"valueName":"search_term_string"}}],"inLanguage":"es"},{"@type":"Person","@id":"https:\/\/www.manabi.gob.ec\/#\/schema\/person\/c4f117989332ad723a6ced5994aa7d7a","name":"Lui Ochoa","image":{"@type":"ImageObject","inLanguage":"es","@id":"https:\/\/secure.gravatar.com\/avatar\/6e8017d0fe69dead8a95864d2eb6e1e1d8bf8e01194ba49cf7b897ff038126ba?s=96&d=mm&r=g","url":"https:\/\/secure.gravatar.com\/avatar\/6e8017d0fe69dead8a95864d2eb6e1e1d8bf8e01194ba49cf7b897ff038126ba?s=96&d=mm&r=g","contentUrl":"https:\/\/secure.gravatar.com\/avatar\/6e8017d0fe69dead8a95864d2eb6e1e1d8bf8e01194ba49cf7b897ff038126ba?s=96&d=mm&r=g","caption":"Lui Ochoa"},"url":"https:\/\/www.manabi.gob.ec\/index.php\/author\/lochoa\/"}]}},"jetpack_featured_media_url":"https:\/\/www.manabi.gob.ec\/wp-content\/uploads\/2023\/08\/WhatsApp-Image-2023-08-09-at-14.23.51.jpeg","_links":{"self":[{"href":"https:\/\/www.manabi.gob.ec\/index.php\/wp-json\/wp\/v2\/posts\/25452","targetHints":{"allow":["GET"]}}],"collection":[{"href":"https:\/\/www.manabi.gob.ec\/index.php\/wp-json\/wp\/v2\/posts"}],"about":[{"href":"https:\/\/www.manabi.gob.ec\/index.php\/wp-json\/wp\/v2\/types\/post"}],"author":[{"embeddable":true,"href":"https:\/\/www.manabi.gob.ec\/index.php\/wp-json\/wp\/v2\/users\/10"}],"replies":[{"embeddable":true,"href":"https:\/\/www.manabi.gob.ec\/index.php\/wp-json\/wp\/v2\/comments?post=25452"}],"version-history":[{"count":0,"href":"https:\/\/www.manabi.gob.ec\/index.php\/wp-json\/wp\/v2\/posts\/25452\/revisions"}],"wp:featuredmedia":[{"embeddable":true,"href":"https:\/\/www.manabi.gob.ec\/index.php\/wp-json\/wp\/v2\/media\/25453"}],"wp:attachment":[{"href":"https:\/\/www.manabi.gob.ec\/index.php\/wp-json\/wp\/v2\/media?parent=25452"}],"wp:term":[{"taxonomy":"category","embeddable":true,"href":"https:\/\/www.manabi.gob.ec\/index.php\/wp-json\/wp\/v2\/categories?post=25452"},{"taxonomy":"post_tag","embeddable":true,"href":"https:\/\/www.manabi.gob.ec\/index.php\/wp-json\/wp\/v2\/tags?post=25452"}],"curies":[{"name":"wp","href":"https:\/\/api.w.org\/{rel}","templated":true}]}}