{"id":25485,"date":"2023-08-21T18:56:16","date_gmt":"2023-08-21T18:56:16","guid":{"rendered":"https:\/\/www.manabi.gob.ec\/?p=25485"},"modified":"2023-08-21T18:57:18","modified_gmt":"2023-08-21T18:57:18","slug":"brindamos-atencion-medica-integral-al-manabi-profundo","status":"publish","type":"post","link":"https:\/\/www.manabi.gob.ec\/index.php\/brindamos-atencion-medica-integral-al-manabi-profundo\/","title":{"rendered":"BRINDAMOS ATENCI\u00d3N M\u00c9DICA INTEGRAL AL MANAB\u00cd PROFUNDO"},"content":{"rendered":"\n<p>La comunidad La 25 de R\u00edo de Oro, en el cant\u00f3n El Carmen, vivi\u00f3 una jornada de atenci\u00f3n m\u00e9dica integral gracias a la iniciativa de la Prefectura de Manab\u00ed. En esta ocasi\u00f3n, la viceprefecta Kelly Buenaventura Moreira acompa\u00f1\u00f3 a Esmeralda Polo, de 87 a\u00f1os, en su chequeo m\u00e9dico.<\/p>\n\n\n\n<p>Un total de 125 personas se beneficiaron de esta brigada m\u00e9dica que abarc\u00f3 diversas \u00e1reas de la salud. Los servicios ofrecidos incluyeron atenci\u00f3n en medicina general, odontolog\u00eda, optometr\u00eda y nutrici\u00f3n, con la entrega gratuita de medicamentos para garantizar un acceso integral a la atenci\u00f3n m\u00e9dica.<\/p>\n\n\n\n<p>En un esfuerzo por fortalecer la inmunizaci\u00f3n de la comunidad, se administraron vacunas contra la influenza a 41 ni\u00f1os, ni\u00f1as y adultos mayores, contribuyendo as\u00ed a la prevenci\u00f3n de enfermedades estacionales. Adem\u00e1s, se llevaron a cabo 27 pruebas de glicemia para monitorear y promover la salud metab\u00f3lica entre los asistentes.<\/p>\n\n\n\n<p>La viceprefecta Kelly Buenaventura Moreira reafirm\u00f3 el compromiso de la Prefectura de Manab\u00ed con la salud y el bienestar de la comunidad. Esta iniciativa resalta la importancia de brindar atenci\u00f3n m\u00e9dica integral y accesible para todos, fortaleciendo lazos y promoviendo la salud en cada rinc\u00f3n de la provincia.<\/p>\n\n\n\n<p>Esmeralda Polo y los habitantes de La 25 agradecieron la presencia y el apoyo de la prefectura en esta jornada de salud, que no solo ofrece servicios m\u00e9dicos esenciales, sino que tambi\u00e9n demuestra el compromiso continuo para el bienestar de sus habitantes.<\/p>\n","protected":false},"excerpt":{"rendered":"<p>La comunidad La 25 de R\u00edo de Oro, en el cant\u00f3n El Carmen, vivi\u00f3 una jornada de atenci\u00f3n m\u00e9dica integral gracias a la iniciativa de la Prefectura de Manab\u00ed. En esta ocasi\u00f3n, la viceprefecta Kelly Buenaventura Moreira acompa\u00f1\u00f3 a Esmeralda Polo, de 87 a\u00f1os, en su chequeo m\u00e9dico. Un total de 125 personas se beneficiaron [&hellip;]<\/p>\n","protected":false},"author":10,"featured_media":25487,"comment_status":"closed","ping_status":"closed","sticky":false,"template":"","format":"standard","meta":{"_joinchat":[],"footnotes":""},"categories":[142,183,92,135,72,91],"tags":[],"class_list":["post-25485","post","type-post","status-publish","format-standard","has-post-thumbnail","hentry","category-desarrollo-social","category-el-carmen","category-noticias-manabi","category-rocafuerte","category-salud","category-todas"],"yoast_head":"<!-- This site is optimized with the Yoast SEO plugin v27.4 - https:\/\/yoast.com\/product\/yoast-seo-wordpress\/ -->\n<title>BRINDAMOS ATENCI\u00d3N M\u00c9DICA INTEGRAL AL MANAB\u00cd PROFUNDO - Prefectura de Manab\u00ed<\/title>\n<meta name=\"robots\" content=\"index, follow, max-snippet:-1, max-image-preview:large, max-video-preview:-1\" \/>\n<link rel=\"canonical\" href=\"https:\/\/www.manabi.gob.ec\/index.php\/brindamos-atencion-medica-integral-al-manabi-profundo\/\" \/>\n<meta property=\"og:locale\" content=\"es_ES\" \/>\n<meta property=\"og:type\" content=\"article\" \/>\n<meta property=\"og:title\" content=\"BRINDAMOS ATENCI\u00d3N M\u00c9DICA INTEGRAL AL MANAB\u00cd PROFUNDO - Prefectura de Manab\u00ed\" \/>\n<meta property=\"og:description\" content=\"La comunidad La 25 de R\u00edo de Oro, en el cant\u00f3n El Carmen, vivi\u00f3 una jornada de atenci\u00f3n m\u00e9dica integral gracias a la iniciativa de la Prefectura de Manab\u00ed. En esta ocasi\u00f3n, la viceprefecta Kelly Buenaventura Moreira acompa\u00f1\u00f3 a Esmeralda Polo, de 87 a\u00f1os, en su chequeo m\u00e9dico. Un total de 125 personas se beneficiaron [&hellip;]\" \/>\n<meta property=\"og:url\" content=\"https:\/\/www.manabi.gob.ec\/index.php\/brindamos-atencion-medica-integral-al-manabi-profundo\/\" \/>\n<meta property=\"og:site_name\" content=\"Prefectura de Manab\u00ed\" \/>\n<meta property=\"article:published_time\" content=\"2023-08-21T18:56:16+00:00\" \/>\n<meta property=\"article:modified_time\" content=\"2023-08-21T18:57:18+00:00\" \/>\n<meta property=\"og:image\" content=\"https:\/\/www.manabi.gob.ec\/wp-content\/uploads\/2023\/08\/WhatsApp-Image-2023-08-17-at-08.23.54-1.jpeg\" \/>\n\t<meta property=\"og:image:width\" content=\"1024\" \/>\n\t<meta property=\"og:image:height\" content=\"683\" \/>\n\t<meta property=\"og:image:type\" content=\"image\/jpeg\" \/>\n<meta name=\"author\" content=\"Lui Ochoa\" \/>\n<meta name=\"twitter:card\" content=\"summary_large_image\" \/>\n<meta name=\"twitter:label1\" content=\"Escrito por\" \/>\n\t<meta name=\"twitter:data1\" content=\"Lui Ochoa\" \/>\n\t<meta name=\"twitter:label2\" content=\"Tiempo de lectura\" \/>\n\t<meta name=\"twitter:data2\" content=\"2 minutos\" \/>\n<script type=\"application\/ld+json\" class=\"yoast-schema-graph\">{\"@context\":\"https:\\\/\\\/schema.org\",\"@graph\":[{\"@type\":\"Article\",\"@id\":\"https:\\\/\\\/www.manabi.gob.ec\\\/index.php\\\/brindamos-atencion-medica-integral-al-manabi-profundo\\\/#article\",\"isPartOf\":{\"@id\":\"https:\\\/\\\/www.manabi.gob.ec\\\/index.php\\\/brindamos-atencion-medica-integral-al-manabi-profundo\\\/\"},\"author\":{\"name\":\"Lui Ochoa\",\"@id\":\"https:\\\/\\\/www.manabi.gob.ec\\\/#\\\/schema\\\/person\\\/c4f117989332ad723a6ced5994aa7d7a\"},\"headline\":\"BRINDAMOS ATENCI\u00d3N M\u00c9DICA INTEGRAL AL MANAB\u00cd PROFUNDO\",\"datePublished\":\"2023-08-21T18:56:16+00:00\",\"dateModified\":\"2023-08-21T18:57:18+00:00\",\"mainEntityOfPage\":{\"@id\":\"https:\\\/\\\/www.manabi.gob.ec\\\/index.php\\\/brindamos-atencion-medica-integral-al-manabi-profundo\\\/\"},\"wordCount\":261,\"image\":{\"@id\":\"https:\\\/\\\/www.manabi.gob.ec\\\/index.php\\\/brindamos-atencion-medica-integral-al-manabi-profundo\\\/#primaryimage\"},\"thumbnailUrl\":\"https:\\\/\\\/www.manabi.gob.ec\\\/wp-content\\\/uploads\\\/2023\\\/08\\\/WhatsApp-Image-2023-08-17-at-08.23.54-1.jpeg\",\"articleSection\":[\"Desarrollo Social\",\"El Carmen\",\"Noticias\",\"Rocafuerte\",\"salud\",\"Todas\"],\"inLanguage\":\"es\"},{\"@type\":\"WebPage\",\"@id\":\"https:\\\/\\\/www.manabi.gob.ec\\\/index.php\\\/brindamos-atencion-medica-integral-al-manabi-profundo\\\/\",\"url\":\"https:\\\/\\\/www.manabi.gob.ec\\\/index.php\\\/brindamos-atencion-medica-integral-al-manabi-profundo\\\/\",\"name\":\"BRINDAMOS ATENCI\u00d3N M\u00c9DICA INTEGRAL AL MANAB\u00cd PROFUNDO - Prefectura de Manab\u00ed\",\"isPartOf\":{\"@id\":\"https:\\\/\\\/www.manabi.gob.ec\\\/#website\"},\"primaryImageOfPage\":{\"@id\":\"https:\\\/\\\/www.manabi.gob.ec\\\/index.php\\\/brindamos-atencion-medica-integral-al-manabi-profundo\\\/#primaryimage\"},\"image\":{\"@id\":\"https:\\\/\\\/www.manabi.gob.ec\\\/index.php\\\/brindamos-atencion-medica-integral-al-manabi-profundo\\\/#primaryimage\"},\"thumbnailUrl\":\"https:\\\/\\\/www.manabi.gob.ec\\\/wp-content\\\/uploads\\\/2023\\\/08\\\/WhatsApp-Image-2023-08-17-at-08.23.54-1.jpeg\",\"datePublished\":\"2023-08-21T18:56:16+00:00\",\"dateModified\":\"2023-08-21T18:57:18+00:00\",\"author\":{\"@id\":\"https:\\\/\\\/www.manabi.gob.ec\\\/#\\\/schema\\\/person\\\/c4f117989332ad723a6ced5994aa7d7a\"},\"breadcrumb\":{\"@id\":\"https:\\\/\\\/www.manabi.gob.ec\\\/index.php\\\/brindamos-atencion-medica-integral-al-manabi-profundo\\\/#breadcrumb\"},\"inLanguage\":\"es\",\"potentialAction\":[{\"@type\":\"ReadAction\",\"target\":[\"https:\\\/\\\/www.manabi.gob.ec\\\/index.php\\\/brindamos-atencion-medica-integral-al-manabi-profundo\\\/\"]}]},{\"@type\":\"ImageObject\",\"inLanguage\":\"es\",\"@id\":\"https:\\\/\\\/www.manabi.gob.ec\\\/index.php\\\/brindamos-atencion-medica-integral-al-manabi-profundo\\\/#primaryimage\",\"url\":\"https:\\\/\\\/www.manabi.gob.ec\\\/wp-content\\\/uploads\\\/2023\\\/08\\\/WhatsApp-Image-2023-08-17-at-08.23.54-1.jpeg\",\"contentUrl\":\"https:\\\/\\\/www.manabi.gob.ec\\\/wp-content\\\/uploads\\\/2023\\\/08\\\/WhatsApp-Image-2023-08-17-at-08.23.54-1.jpeg\",\"width\":1024,\"height\":683},{\"@type\":\"BreadcrumbList\",\"@id\":\"https:\\\/\\\/www.manabi.gob.ec\\\/index.php\\\/brindamos-atencion-medica-integral-al-manabi-profundo\\\/#breadcrumb\",\"itemListElement\":[{\"@type\":\"ListItem\",\"position\":1,\"name\":\"Portada\",\"item\":\"https:\\\/\\\/www.manabi.gob.ec\\\/\"},{\"@type\":\"ListItem\",\"position\":2,\"name\":\"BRINDAMOS ATENCI\u00d3N M\u00c9DICA INTEGRAL AL MANAB\u00cd PROFUNDO\"}]},{\"@type\":\"WebSite\",\"@id\":\"https:\\\/\\\/www.manabi.gob.ec\\\/#website\",\"url\":\"https:\\\/\\\/www.manabi.gob.ec\\\/\",\"name\":\"Prefectura de Manab\u00ed\",\"description\":\"P\u00e1gina web de la prefectura\",\"potentialAction\":[{\"@type\":\"SearchAction\",\"target\":{\"@type\":\"EntryPoint\",\"urlTemplate\":\"https:\\\/\\\/www.manabi.gob.ec\\\/?s={search_term_string}\"},\"query-input\":{\"@type\":\"PropertyValueSpecification\",\"valueRequired\":true,\"valueName\":\"search_term_string\"}}],\"inLanguage\":\"es\"},{\"@type\":\"Person\",\"@id\":\"https:\\\/\\\/www.manabi.gob.ec\\\/#\\\/schema\\\/person\\\/c4f117989332ad723a6ced5994aa7d7a\",\"name\":\"Lui Ochoa\",\"image\":{\"@type\":\"ImageObject\",\"inLanguage\":\"es\",\"@id\":\"https:\\\/\\\/secure.gravatar.com\\\/avatar\\\/6e8017d0fe69dead8a95864d2eb6e1e1d8bf8e01194ba49cf7b897ff038126ba?s=96&d=mm&r=g\",\"url\":\"https:\\\/\\\/secure.gravatar.com\\\/avatar\\\/6e8017d0fe69dead8a95864d2eb6e1e1d8bf8e01194ba49cf7b897ff038126ba?s=96&d=mm&r=g\",\"contentUrl\":\"https:\\\/\\\/secure.gravatar.com\\\/avatar\\\/6e8017d0fe69dead8a95864d2eb6e1e1d8bf8e01194ba49cf7b897ff038126ba?s=96&d=mm&r=g\",\"caption\":\"Lui Ochoa\"},\"url\":\"https:\\\/\\\/www.manabi.gob.ec\\\/index.php\\\/author\\\/lochoa\\\/\"}]}<\/script>\n<!-- \/ Yoast SEO plugin. -->","yoast_head_json":{"title":"BRINDAMOS ATENCI\u00d3N M\u00c9DICA INTEGRAL AL MANAB\u00cd PROFUNDO - Prefectura de Manab\u00ed","robots":{"index":"index","follow":"follow","max-snippet":"max-snippet:-1","max-image-preview":"max-image-preview:large","max-video-preview":"max-video-preview:-1"},"canonical":"https:\/\/www.manabi.gob.ec\/index.php\/brindamos-atencion-medica-integral-al-manabi-profundo\/","og_locale":"es_ES","og_type":"article","og_title":"BRINDAMOS ATENCI\u00d3N M\u00c9DICA INTEGRAL AL MANAB\u00cd PROFUNDO - Prefectura de Manab\u00ed","og_description":"La comunidad La 25 de R\u00edo de Oro, en el cant\u00f3n El Carmen, vivi\u00f3 una jornada de atenci\u00f3n m\u00e9dica integral gracias a la iniciativa de la Prefectura de Manab\u00ed. En esta ocasi\u00f3n, la viceprefecta Kelly Buenaventura Moreira acompa\u00f1\u00f3 a Esmeralda Polo, de 87 a\u00f1os, en su chequeo m\u00e9dico. Un total de 125 personas se beneficiaron [&hellip;]","og_url":"https:\/\/www.manabi.gob.ec\/index.php\/brindamos-atencion-medica-integral-al-manabi-profundo\/","og_site_name":"Prefectura de Manab\u00ed","article_published_time":"2023-08-21T18:56:16+00:00","article_modified_time":"2023-08-21T18:57:18+00:00","og_image":[{"width":1024,"height":683,"url":"https:\/\/www.manabi.gob.ec\/wp-content\/uploads\/2023\/08\/WhatsApp-Image-2023-08-17-at-08.23.54-1.jpeg","type":"image\/jpeg"}],"author":"Lui Ochoa","twitter_card":"summary_large_image","twitter_misc":{"Escrito por":"Lui Ochoa","Tiempo de lectura":"2 minutos"},"schema":{"@context":"https:\/\/schema.org","@graph":[{"@type":"Article","@id":"https:\/\/www.manabi.gob.ec\/index.php\/brindamos-atencion-medica-integral-al-manabi-profundo\/#article","isPartOf":{"@id":"https:\/\/www.manabi.gob.ec\/index.php\/brindamos-atencion-medica-integral-al-manabi-profundo\/"},"author":{"name":"Lui Ochoa","@id":"https:\/\/www.manabi.gob.ec\/#\/schema\/person\/c4f117989332ad723a6ced5994aa7d7a"},"headline":"BRINDAMOS ATENCI\u00d3N M\u00c9DICA INTEGRAL AL MANAB\u00cd PROFUNDO","datePublished":"2023-08-21T18:56:16+00:00","dateModified":"2023-08-21T18:57:18+00:00","mainEntityOfPage":{"@id":"https:\/\/www.manabi.gob.ec\/index.php\/brindamos-atencion-medica-integral-al-manabi-profundo\/"},"wordCount":261,"image":{"@id":"https:\/\/www.manabi.gob.ec\/index.php\/brindamos-atencion-medica-integral-al-manabi-profundo\/#primaryimage"},"thumbnailUrl":"https:\/\/www.manabi.gob.ec\/wp-content\/uploads\/2023\/08\/WhatsApp-Image-2023-08-17-at-08.23.54-1.jpeg","articleSection":["Desarrollo Social","El Carmen","Noticias","Rocafuerte","salud","Todas"],"inLanguage":"es"},{"@type":"WebPage","@id":"https:\/\/www.manabi.gob.ec\/index.php\/brindamos-atencion-medica-integral-al-manabi-profundo\/","url":"https:\/\/www.manabi.gob.ec\/index.php\/brindamos-atencion-medica-integral-al-manabi-profundo\/","name":"BRINDAMOS ATENCI\u00d3N M\u00c9DICA INTEGRAL AL MANAB\u00cd PROFUNDO - Prefectura de Manab\u00ed","isPartOf":{"@id":"https:\/\/www.manabi.gob.ec\/#website"},"primaryImageOfPage":{"@id":"https:\/\/www.manabi.gob.ec\/index.php\/brindamos-atencion-medica-integral-al-manabi-profundo\/#primaryimage"},"image":{"@id":"https:\/\/www.manabi.gob.ec\/index.php\/brindamos-atencion-medica-integral-al-manabi-profundo\/#primaryimage"},"thumbnailUrl":"https:\/\/www.manabi.gob.ec\/wp-content\/uploads\/2023\/08\/WhatsApp-Image-2023-08-17-at-08.23.54-1.jpeg","datePublished":"2023-08-21T18:56:16+00:00","dateModified":"2023-08-21T18:57:18+00:00","author":{"@id":"https:\/\/www.manabi.gob.ec\/#\/schema\/person\/c4f117989332ad723a6ced5994aa7d7a"},"breadcrumb":{"@id":"https:\/\/www.manabi.gob.ec\/index.php\/brindamos-atencion-medica-integral-al-manabi-profundo\/#breadcrumb"},"inLanguage":"es","potentialAction":[{"@type":"ReadAction","target":["https:\/\/www.manabi.gob.ec\/index.php\/brindamos-atencion-medica-integral-al-manabi-profundo\/"]}]},{"@type":"ImageObject","inLanguage":"es","@id":"https:\/\/www.manabi.gob.ec\/index.php\/brindamos-atencion-medica-integral-al-manabi-profundo\/#primaryimage","url":"https:\/\/www.manabi.gob.ec\/wp-content\/uploads\/2023\/08\/WhatsApp-Image-2023-08-17-at-08.23.54-1.jpeg","contentUrl":"https:\/\/www.manabi.gob.ec\/wp-content\/uploads\/2023\/08\/WhatsApp-Image-2023-08-17-at-08.23.54-1.jpeg","width":1024,"height":683},{"@type":"BreadcrumbList","@id":"https:\/\/www.manabi.gob.ec\/index.php\/brindamos-atencion-medica-integral-al-manabi-profundo\/#breadcrumb","itemListElement":[{"@type":"ListItem","position":1,"name":"Portada","item":"https:\/\/www.manabi.gob.ec\/"},{"@type":"ListItem","position":2,"name":"BRINDAMOS ATENCI\u00d3N M\u00c9DICA INTEGRAL AL MANAB\u00cd PROFUNDO"}]},{"@type":"WebSite","@id":"https:\/\/www.manabi.gob.ec\/#website","url":"https:\/\/www.manabi.gob.ec\/","name":"Prefectura de Manab\u00ed","description":"P\u00e1gina web de la prefectura","potentialAction":[{"@type":"SearchAction","target":{"@type":"EntryPoint","urlTemplate":"https:\/\/www.manabi.gob.ec\/?s={search_term_string}"},"query-input":{"@type":"PropertyValueSpecification","valueRequired":true,"valueName":"search_term_string"}}],"inLanguage":"es"},{"@type":"Person","@id":"https:\/\/www.manabi.gob.ec\/#\/schema\/person\/c4f117989332ad723a6ced5994aa7d7a","name":"Lui Ochoa","image":{"@type":"ImageObject","inLanguage":"es","@id":"https:\/\/secure.gravatar.com\/avatar\/6e8017d0fe69dead8a95864d2eb6e1e1d8bf8e01194ba49cf7b897ff038126ba?s=96&d=mm&r=g","url":"https:\/\/secure.gravatar.com\/avatar\/6e8017d0fe69dead8a95864d2eb6e1e1d8bf8e01194ba49cf7b897ff038126ba?s=96&d=mm&r=g","contentUrl":"https:\/\/secure.gravatar.com\/avatar\/6e8017d0fe69dead8a95864d2eb6e1e1d8bf8e01194ba49cf7b897ff038126ba?s=96&d=mm&r=g","caption":"Lui Ochoa"},"url":"https:\/\/www.manabi.gob.ec\/index.php\/author\/lochoa\/"}]}},"jetpack_featured_media_url":"https:\/\/www.manabi.gob.ec\/wp-content\/uploads\/2023\/08\/WhatsApp-Image-2023-08-17-at-08.23.54-1.jpeg","_links":{"self":[{"href":"https:\/\/www.manabi.gob.ec\/index.php\/wp-json\/wp\/v2\/posts\/25485","targetHints":{"allow":["GET"]}}],"collection":[{"href":"https:\/\/www.manabi.gob.ec\/index.php\/wp-json\/wp\/v2\/posts"}],"about":[{"href":"https:\/\/www.manabi.gob.ec\/index.php\/wp-json\/wp\/v2\/types\/post"}],"author":[{"embeddable":true,"href":"https:\/\/www.manabi.gob.ec\/index.php\/wp-json\/wp\/v2\/users\/10"}],"replies":[{"embeddable":true,"href":"https:\/\/www.manabi.gob.ec\/index.php\/wp-json\/wp\/v2\/comments?post=25485"}],"version-history":[{"count":0,"href":"https:\/\/www.manabi.gob.ec\/index.php\/wp-json\/wp\/v2\/posts\/25485\/revisions"}],"wp:featuredmedia":[{"embeddable":true,"href":"https:\/\/www.manabi.gob.ec\/index.php\/wp-json\/wp\/v2\/media\/25487"}],"wp:attachment":[{"href":"https:\/\/www.manabi.gob.ec\/index.php\/wp-json\/wp\/v2\/media?parent=25485"}],"wp:term":[{"taxonomy":"category","embeddable":true,"href":"https:\/\/www.manabi.gob.ec\/index.php\/wp-json\/wp\/v2\/categories?post=25485"},{"taxonomy":"post_tag","embeddable":true,"href":"https:\/\/www.manabi.gob.ec\/index.php\/wp-json\/wp\/v2\/tags?post=25485"}],"curies":[{"name":"wp","href":"https:\/\/api.w.org\/{rel}","templated":true}]}}