{"id":25610,"date":"2023-09-01T20:50:22","date_gmt":"2023-09-01T20:50:22","guid":{"rendered":"https:\/\/www.manabi.gob.ec\/?p=25610"},"modified":"2023-09-01T20:50:30","modified_gmt":"2023-09-01T20:50:30","slug":"nos-seguimos-preparando-para-el-fenomeno-el-nino","status":"publish","type":"post","link":"https:\/\/www.manabi.gob.ec\/index.php\/nos-seguimos-preparando-para-el-fenomeno-el-nino\/","title":{"rendered":"\u00a1NOS SEGUIMOS PREPARANDO PARA EL FEN\u00d3MENO EL NI\u00d1O!"},"content":{"rendered":"\n<p>Con la presencia del prefecto, Leonardo Orlando, se realiz\u00f3 la presentaci\u00f3n del Plan de Fortalecimiento de Capacidades para la Prevenci\u00f3n del Fen\u00f3meno El Ni\u00f1o a Mi Promotora Comunitaria, una iniciativa que se ejecutar\u00e1 en base a un convenio entre la Prefectura de Manab\u00ed y la Fundaci\u00f3n Santa Marta.<\/p>\n\n\n\n<p>Dicho Plan tiene los siguientes objetivos espec\u00edficos:<br>Capacitar a 232 promotoras comunitarias para la respuesta en salud primaria ante los efectos provocados por el fen\u00f3meno El Ni\u00f1o.<br>Crear rutas de acci\u00f3n y articulaci\u00f3n para la gesti\u00f3n de riesgos ante los efectos del citado evento natural.<br>Desarrollar en la comunidad promoci\u00f3n de la salud y medidas preventivas ante los riesgos que pudiese causar \u201cEl Ni\u00f1o\u201d.<\/p>\n\n\n\n<p>La Prefectura aportar\u00e1 con t\u00e9cnicos y profesionales de las Subdirecci\u00f3n de Riesgos y de la Direcci\u00f3n de Desarrollo Humano de la instituci\u00f3n para capacitar, durante 2 meses, a las 232 promotoras comunitarias en las \u00e1reas de gesti\u00f3n de riesgos y salud; y la articulaci\u00f3n con instituciones como Cruz Roja, para capacitaciones en rescate.<\/p>\n\n\n\n<p>El acto de lanzamiento se realiz\u00f3 el mi\u00e9rcoles 30 de agosto, en el auditorio de la facultad de ciencias matem\u00e1ticas de la Universidad T\u00e9cnica de Manab\u00ed; hasta all\u00ed llegaron la mayor\u00eda de las mujeres que ser\u00e1n parte de este Plan, 100 de las cuales cuentan con capacitaci\u00f3n previa al ser parte del proyecto \u201cMi promotora Comunitaria\u201d, que se ejecut\u00f3 entre 2021 y 2022.<\/p>\n","protected":false},"excerpt":{"rendered":"<p>Con la presencia del prefecto, Leonardo Orlando, se realiz\u00f3 la presentaci\u00f3n del Plan de Fortalecimiento de Capacidades para la Prevenci\u00f3n del Fen\u00f3meno El Ni\u00f1o a Mi Promotora Comunitaria, una iniciativa que se ejecutar\u00e1 en base a un convenio entre la Prefectura de Manab\u00ed y la Fundaci\u00f3n Santa Marta. Dicho Plan tiene los siguientes objetivos espec\u00edficos:Capacitar [&hellip;]<\/p>\n","protected":false},"author":10,"featured_media":25611,"comment_status":"closed","ping_status":"closed","sticky":false,"template":"","format":"standard","meta":{"_joinchat":[],"footnotes":""},"categories":[142,92,339,340,89,91],"tags":[],"class_list":["post-25610","post","type-post","status-publish","format-standard","has-post-thumbnail","hentry","category-desarrollo-social","category-noticias-manabi","category-plan-invernal","category-plan-invernal-plan-invernal","category-riego-drenaje","category-todas"],"yoast_head":"<!-- This site is optimized with the Yoast SEO plugin v27.4 - https:\/\/yoast.com\/product\/yoast-seo-wordpress\/ -->\n<title>\u00a1NOS SEGUIMOS PREPARANDO PARA EL FEN\u00d3MENO EL NI\u00d1O! - Prefectura de Manab\u00ed<\/title>\n<meta name=\"robots\" content=\"index, follow, max-snippet:-1, max-image-preview:large, max-video-preview:-1\" \/>\n<link rel=\"canonical\" href=\"https:\/\/www.manabi.gob.ec\/index.php\/nos-seguimos-preparando-para-el-fenomeno-el-nino\/\" \/>\n<meta property=\"og:locale\" content=\"es_ES\" \/>\n<meta property=\"og:type\" content=\"article\" \/>\n<meta property=\"og:title\" content=\"\u00a1NOS SEGUIMOS PREPARANDO PARA EL FEN\u00d3MENO EL NI\u00d1O! - Prefectura de Manab\u00ed\" \/>\n<meta property=\"og:description\" content=\"Con la presencia del prefecto, Leonardo Orlando, se realiz\u00f3 la presentaci\u00f3n del Plan de Fortalecimiento de Capacidades para la Prevenci\u00f3n del Fen\u00f3meno El Ni\u00f1o a Mi Promotora Comunitaria, una iniciativa que se ejecutar\u00e1 en base a un convenio entre la Prefectura de Manab\u00ed y la Fundaci\u00f3n Santa Marta. Dicho Plan tiene los siguientes objetivos espec\u00edficos:Capacitar [&hellip;]\" \/>\n<meta property=\"og:url\" content=\"https:\/\/www.manabi.gob.ec\/index.php\/nos-seguimos-preparando-para-el-fenomeno-el-nino\/\" \/>\n<meta property=\"og:site_name\" content=\"Prefectura de Manab\u00ed\" \/>\n<meta property=\"article:published_time\" content=\"2023-09-01T20:50:22+00:00\" \/>\n<meta property=\"article:modified_time\" content=\"2023-09-01T20:50:30+00:00\" \/>\n<meta property=\"og:image\" content=\"https:\/\/www.manabi.gob.ec\/wp-content\/uploads\/2023\/09\/WhatsApp-Image-2023-08-31-at-12.15.40-1.jpeg\" \/>\n\t<meta property=\"og:image:width\" content=\"1024\" \/>\n\t<meta property=\"og:image:height\" content=\"682\" \/>\n\t<meta property=\"og:image:type\" content=\"image\/jpeg\" \/>\n<meta name=\"author\" content=\"Lui Ochoa\" \/>\n<meta name=\"twitter:card\" content=\"summary_large_image\" \/>\n<meta name=\"twitter:label1\" content=\"Escrito por\" \/>\n\t<meta name=\"twitter:data1\" content=\"Lui Ochoa\" \/>\n\t<meta name=\"twitter:label2\" content=\"Tiempo de lectura\" \/>\n\t<meta name=\"twitter:data2\" content=\"2 minutos\" \/>\n<script type=\"application\/ld+json\" class=\"yoast-schema-graph\">{\"@context\":\"https:\\\/\\\/schema.org\",\"@graph\":[{\"@type\":\"Article\",\"@id\":\"https:\\\/\\\/www.manabi.gob.ec\\\/index.php\\\/nos-seguimos-preparando-para-el-fenomeno-el-nino\\\/#article\",\"isPartOf\":{\"@id\":\"https:\\\/\\\/www.manabi.gob.ec\\\/index.php\\\/nos-seguimos-preparando-para-el-fenomeno-el-nino\\\/\"},\"author\":{\"name\":\"Lui Ochoa\",\"@id\":\"https:\\\/\\\/www.manabi.gob.ec\\\/#\\\/schema\\\/person\\\/c4f117989332ad723a6ced5994aa7d7a\"},\"headline\":\"\u00a1NOS SEGUIMOS PREPARANDO PARA EL FEN\u00d3MENO EL NI\u00d1O!\",\"datePublished\":\"2023-09-01T20:50:22+00:00\",\"dateModified\":\"2023-09-01T20:50:30+00:00\",\"mainEntityOfPage\":{\"@id\":\"https:\\\/\\\/www.manabi.gob.ec\\\/index.php\\\/nos-seguimos-preparando-para-el-fenomeno-el-nino\\\/\"},\"wordCount\":256,\"image\":{\"@id\":\"https:\\\/\\\/www.manabi.gob.ec\\\/index.php\\\/nos-seguimos-preparando-para-el-fenomeno-el-nino\\\/#primaryimage\"},\"thumbnailUrl\":\"https:\\\/\\\/www.manabi.gob.ec\\\/wp-content\\\/uploads\\\/2023\\\/09\\\/WhatsApp-Image-2023-08-31-at-12.15.40-1.jpeg\",\"articleSection\":[\"Desarrollo Social\",\"Noticias\",\"Plan Invernal\",\"PLAN INVERNAL\",\"Riego y drenaje\",\"Todas\"],\"inLanguage\":\"es\"},{\"@type\":\"WebPage\",\"@id\":\"https:\\\/\\\/www.manabi.gob.ec\\\/index.php\\\/nos-seguimos-preparando-para-el-fenomeno-el-nino\\\/\",\"url\":\"https:\\\/\\\/www.manabi.gob.ec\\\/index.php\\\/nos-seguimos-preparando-para-el-fenomeno-el-nino\\\/\",\"name\":\"\u00a1NOS SEGUIMOS PREPARANDO PARA EL FEN\u00d3MENO EL NI\u00d1O! - Prefectura de Manab\u00ed\",\"isPartOf\":{\"@id\":\"https:\\\/\\\/www.manabi.gob.ec\\\/#website\"},\"primaryImageOfPage\":{\"@id\":\"https:\\\/\\\/www.manabi.gob.ec\\\/index.php\\\/nos-seguimos-preparando-para-el-fenomeno-el-nino\\\/#primaryimage\"},\"image\":{\"@id\":\"https:\\\/\\\/www.manabi.gob.ec\\\/index.php\\\/nos-seguimos-preparando-para-el-fenomeno-el-nino\\\/#primaryimage\"},\"thumbnailUrl\":\"https:\\\/\\\/www.manabi.gob.ec\\\/wp-content\\\/uploads\\\/2023\\\/09\\\/WhatsApp-Image-2023-08-31-at-12.15.40-1.jpeg\",\"datePublished\":\"2023-09-01T20:50:22+00:00\",\"dateModified\":\"2023-09-01T20:50:30+00:00\",\"author\":{\"@id\":\"https:\\\/\\\/www.manabi.gob.ec\\\/#\\\/schema\\\/person\\\/c4f117989332ad723a6ced5994aa7d7a\"},\"breadcrumb\":{\"@id\":\"https:\\\/\\\/www.manabi.gob.ec\\\/index.php\\\/nos-seguimos-preparando-para-el-fenomeno-el-nino\\\/#breadcrumb\"},\"inLanguage\":\"es\",\"potentialAction\":[{\"@type\":\"ReadAction\",\"target\":[\"https:\\\/\\\/www.manabi.gob.ec\\\/index.php\\\/nos-seguimos-preparando-para-el-fenomeno-el-nino\\\/\"]}]},{\"@type\":\"ImageObject\",\"inLanguage\":\"es\",\"@id\":\"https:\\\/\\\/www.manabi.gob.ec\\\/index.php\\\/nos-seguimos-preparando-para-el-fenomeno-el-nino\\\/#primaryimage\",\"url\":\"https:\\\/\\\/www.manabi.gob.ec\\\/wp-content\\\/uploads\\\/2023\\\/09\\\/WhatsApp-Image-2023-08-31-at-12.15.40-1.jpeg\",\"contentUrl\":\"https:\\\/\\\/www.manabi.gob.ec\\\/wp-content\\\/uploads\\\/2023\\\/09\\\/WhatsApp-Image-2023-08-31-at-12.15.40-1.jpeg\",\"width\":1024,\"height\":682},{\"@type\":\"BreadcrumbList\",\"@id\":\"https:\\\/\\\/www.manabi.gob.ec\\\/index.php\\\/nos-seguimos-preparando-para-el-fenomeno-el-nino\\\/#breadcrumb\",\"itemListElement\":[{\"@type\":\"ListItem\",\"position\":1,\"name\":\"Portada\",\"item\":\"https:\\\/\\\/www.manabi.gob.ec\\\/\"},{\"@type\":\"ListItem\",\"position\":2,\"name\":\"\u00a1NOS SEGUIMOS PREPARANDO PARA EL FEN\u00d3MENO EL NI\u00d1O!\"}]},{\"@type\":\"WebSite\",\"@id\":\"https:\\\/\\\/www.manabi.gob.ec\\\/#website\",\"url\":\"https:\\\/\\\/www.manabi.gob.ec\\\/\",\"name\":\"Prefectura de Manab\u00ed\",\"description\":\"P\u00e1gina web de la prefectura\",\"potentialAction\":[{\"@type\":\"SearchAction\",\"target\":{\"@type\":\"EntryPoint\",\"urlTemplate\":\"https:\\\/\\\/www.manabi.gob.ec\\\/?s={search_term_string}\"},\"query-input\":{\"@type\":\"PropertyValueSpecification\",\"valueRequired\":true,\"valueName\":\"search_term_string\"}}],\"inLanguage\":\"es\"},{\"@type\":\"Person\",\"@id\":\"https:\\\/\\\/www.manabi.gob.ec\\\/#\\\/schema\\\/person\\\/c4f117989332ad723a6ced5994aa7d7a\",\"name\":\"Lui Ochoa\",\"image\":{\"@type\":\"ImageObject\",\"inLanguage\":\"es\",\"@id\":\"https:\\\/\\\/secure.gravatar.com\\\/avatar\\\/6e8017d0fe69dead8a95864d2eb6e1e1d8bf8e01194ba49cf7b897ff038126ba?s=96&d=mm&r=g\",\"url\":\"https:\\\/\\\/secure.gravatar.com\\\/avatar\\\/6e8017d0fe69dead8a95864d2eb6e1e1d8bf8e01194ba49cf7b897ff038126ba?s=96&d=mm&r=g\",\"contentUrl\":\"https:\\\/\\\/secure.gravatar.com\\\/avatar\\\/6e8017d0fe69dead8a95864d2eb6e1e1d8bf8e01194ba49cf7b897ff038126ba?s=96&d=mm&r=g\",\"caption\":\"Lui Ochoa\"},\"url\":\"https:\\\/\\\/www.manabi.gob.ec\\\/index.php\\\/author\\\/lochoa\\\/\"}]}<\/script>\n<!-- \/ Yoast SEO plugin. -->","yoast_head_json":{"title":"\u00a1NOS SEGUIMOS PREPARANDO PARA EL FEN\u00d3MENO EL NI\u00d1O! - Prefectura de Manab\u00ed","robots":{"index":"index","follow":"follow","max-snippet":"max-snippet:-1","max-image-preview":"max-image-preview:large","max-video-preview":"max-video-preview:-1"},"canonical":"https:\/\/www.manabi.gob.ec\/index.php\/nos-seguimos-preparando-para-el-fenomeno-el-nino\/","og_locale":"es_ES","og_type":"article","og_title":"\u00a1NOS SEGUIMOS PREPARANDO PARA EL FEN\u00d3MENO EL NI\u00d1O! - Prefectura de Manab\u00ed","og_description":"Con la presencia del prefecto, Leonardo Orlando, se realiz\u00f3 la presentaci\u00f3n del Plan de Fortalecimiento de Capacidades para la Prevenci\u00f3n del Fen\u00f3meno El Ni\u00f1o a Mi Promotora Comunitaria, una iniciativa que se ejecutar\u00e1 en base a un convenio entre la Prefectura de Manab\u00ed y la Fundaci\u00f3n Santa Marta. Dicho Plan tiene los siguientes objetivos espec\u00edficos:Capacitar [&hellip;]","og_url":"https:\/\/www.manabi.gob.ec\/index.php\/nos-seguimos-preparando-para-el-fenomeno-el-nino\/","og_site_name":"Prefectura de Manab\u00ed","article_published_time":"2023-09-01T20:50:22+00:00","article_modified_time":"2023-09-01T20:50:30+00:00","og_image":[{"width":1024,"height":682,"url":"https:\/\/www.manabi.gob.ec\/wp-content\/uploads\/2023\/09\/WhatsApp-Image-2023-08-31-at-12.15.40-1.jpeg","type":"image\/jpeg"}],"author":"Lui Ochoa","twitter_card":"summary_large_image","twitter_misc":{"Escrito por":"Lui Ochoa","Tiempo de lectura":"2 minutos"},"schema":{"@context":"https:\/\/schema.org","@graph":[{"@type":"Article","@id":"https:\/\/www.manabi.gob.ec\/index.php\/nos-seguimos-preparando-para-el-fenomeno-el-nino\/#article","isPartOf":{"@id":"https:\/\/www.manabi.gob.ec\/index.php\/nos-seguimos-preparando-para-el-fenomeno-el-nino\/"},"author":{"name":"Lui Ochoa","@id":"https:\/\/www.manabi.gob.ec\/#\/schema\/person\/c4f117989332ad723a6ced5994aa7d7a"},"headline":"\u00a1NOS SEGUIMOS PREPARANDO PARA EL FEN\u00d3MENO EL NI\u00d1O!","datePublished":"2023-09-01T20:50:22+00:00","dateModified":"2023-09-01T20:50:30+00:00","mainEntityOfPage":{"@id":"https:\/\/www.manabi.gob.ec\/index.php\/nos-seguimos-preparando-para-el-fenomeno-el-nino\/"},"wordCount":256,"image":{"@id":"https:\/\/www.manabi.gob.ec\/index.php\/nos-seguimos-preparando-para-el-fenomeno-el-nino\/#primaryimage"},"thumbnailUrl":"https:\/\/www.manabi.gob.ec\/wp-content\/uploads\/2023\/09\/WhatsApp-Image-2023-08-31-at-12.15.40-1.jpeg","articleSection":["Desarrollo Social","Noticias","Plan Invernal","PLAN INVERNAL","Riego y drenaje","Todas"],"inLanguage":"es"},{"@type":"WebPage","@id":"https:\/\/www.manabi.gob.ec\/index.php\/nos-seguimos-preparando-para-el-fenomeno-el-nino\/","url":"https:\/\/www.manabi.gob.ec\/index.php\/nos-seguimos-preparando-para-el-fenomeno-el-nino\/","name":"\u00a1NOS SEGUIMOS PREPARANDO PARA EL FEN\u00d3MENO EL NI\u00d1O! - Prefectura de Manab\u00ed","isPartOf":{"@id":"https:\/\/www.manabi.gob.ec\/#website"},"primaryImageOfPage":{"@id":"https:\/\/www.manabi.gob.ec\/index.php\/nos-seguimos-preparando-para-el-fenomeno-el-nino\/#primaryimage"},"image":{"@id":"https:\/\/www.manabi.gob.ec\/index.php\/nos-seguimos-preparando-para-el-fenomeno-el-nino\/#primaryimage"},"thumbnailUrl":"https:\/\/www.manabi.gob.ec\/wp-content\/uploads\/2023\/09\/WhatsApp-Image-2023-08-31-at-12.15.40-1.jpeg","datePublished":"2023-09-01T20:50:22+00:00","dateModified":"2023-09-01T20:50:30+00:00","author":{"@id":"https:\/\/www.manabi.gob.ec\/#\/schema\/person\/c4f117989332ad723a6ced5994aa7d7a"},"breadcrumb":{"@id":"https:\/\/www.manabi.gob.ec\/index.php\/nos-seguimos-preparando-para-el-fenomeno-el-nino\/#breadcrumb"},"inLanguage":"es","potentialAction":[{"@type":"ReadAction","target":["https:\/\/www.manabi.gob.ec\/index.php\/nos-seguimos-preparando-para-el-fenomeno-el-nino\/"]}]},{"@type":"ImageObject","inLanguage":"es","@id":"https:\/\/www.manabi.gob.ec\/index.php\/nos-seguimos-preparando-para-el-fenomeno-el-nino\/#primaryimage","url":"https:\/\/www.manabi.gob.ec\/wp-content\/uploads\/2023\/09\/WhatsApp-Image-2023-08-31-at-12.15.40-1.jpeg","contentUrl":"https:\/\/www.manabi.gob.ec\/wp-content\/uploads\/2023\/09\/WhatsApp-Image-2023-08-31-at-12.15.40-1.jpeg","width":1024,"height":682},{"@type":"BreadcrumbList","@id":"https:\/\/www.manabi.gob.ec\/index.php\/nos-seguimos-preparando-para-el-fenomeno-el-nino\/#breadcrumb","itemListElement":[{"@type":"ListItem","position":1,"name":"Portada","item":"https:\/\/www.manabi.gob.ec\/"},{"@type":"ListItem","position":2,"name":"\u00a1NOS SEGUIMOS PREPARANDO PARA EL FEN\u00d3MENO EL NI\u00d1O!"}]},{"@type":"WebSite","@id":"https:\/\/www.manabi.gob.ec\/#website","url":"https:\/\/www.manabi.gob.ec\/","name":"Prefectura de Manab\u00ed","description":"P\u00e1gina web de la prefectura","potentialAction":[{"@type":"SearchAction","target":{"@type":"EntryPoint","urlTemplate":"https:\/\/www.manabi.gob.ec\/?s={search_term_string}"},"query-input":{"@type":"PropertyValueSpecification","valueRequired":true,"valueName":"search_term_string"}}],"inLanguage":"es"},{"@type":"Person","@id":"https:\/\/www.manabi.gob.ec\/#\/schema\/person\/c4f117989332ad723a6ced5994aa7d7a","name":"Lui Ochoa","image":{"@type":"ImageObject","inLanguage":"es","@id":"https:\/\/secure.gravatar.com\/avatar\/6e8017d0fe69dead8a95864d2eb6e1e1d8bf8e01194ba49cf7b897ff038126ba?s=96&d=mm&r=g","url":"https:\/\/secure.gravatar.com\/avatar\/6e8017d0fe69dead8a95864d2eb6e1e1d8bf8e01194ba49cf7b897ff038126ba?s=96&d=mm&r=g","contentUrl":"https:\/\/secure.gravatar.com\/avatar\/6e8017d0fe69dead8a95864d2eb6e1e1d8bf8e01194ba49cf7b897ff038126ba?s=96&d=mm&r=g","caption":"Lui Ochoa"},"url":"https:\/\/www.manabi.gob.ec\/index.php\/author\/lochoa\/"}]}},"jetpack_featured_media_url":"https:\/\/www.manabi.gob.ec\/wp-content\/uploads\/2023\/09\/WhatsApp-Image-2023-08-31-at-12.15.40-1.jpeg","_links":{"self":[{"href":"https:\/\/www.manabi.gob.ec\/index.php\/wp-json\/wp\/v2\/posts\/25610","targetHints":{"allow":["GET"]}}],"collection":[{"href":"https:\/\/www.manabi.gob.ec\/index.php\/wp-json\/wp\/v2\/posts"}],"about":[{"href":"https:\/\/www.manabi.gob.ec\/index.php\/wp-json\/wp\/v2\/types\/post"}],"author":[{"embeddable":true,"href":"https:\/\/www.manabi.gob.ec\/index.php\/wp-json\/wp\/v2\/users\/10"}],"replies":[{"embeddable":true,"href":"https:\/\/www.manabi.gob.ec\/index.php\/wp-json\/wp\/v2\/comments?post=25610"}],"version-history":[{"count":0,"href":"https:\/\/www.manabi.gob.ec\/index.php\/wp-json\/wp\/v2\/posts\/25610\/revisions"}],"wp:featuredmedia":[{"embeddable":true,"href":"https:\/\/www.manabi.gob.ec\/index.php\/wp-json\/wp\/v2\/media\/25611"}],"wp:attachment":[{"href":"https:\/\/www.manabi.gob.ec\/index.php\/wp-json\/wp\/v2\/media?parent=25610"}],"wp:term":[{"taxonomy":"category","embeddable":true,"href":"https:\/\/www.manabi.gob.ec\/index.php\/wp-json\/wp\/v2\/categories?post=25610"},{"taxonomy":"post_tag","embeddable":true,"href":"https:\/\/www.manabi.gob.ec\/index.php\/wp-json\/wp\/v2\/tags?post=25610"}],"curies":[{"name":"wp","href":"https:\/\/api.w.org\/{rel}","templated":true}]}}