{"id":25616,"date":"2023-09-01T21:02:34","date_gmt":"2023-09-01T21:02:34","guid":{"rendered":"https:\/\/www.manabi.gob.ec\/?p=25616"},"modified":"2023-09-01T21:02:38","modified_gmt":"2023-09-01T21:02:38","slug":"se-firmo-importante-convenio-marco-de-cooperacion-para-beneficio-de-jipijapa","status":"publish","type":"post","link":"https:\/\/www.manabi.gob.ec\/index.php\/se-firmo-importante-convenio-marco-de-cooperacion-para-beneficio-de-jipijapa\/","title":{"rendered":"Se firm\u00f3 importante convenio marco de cooperaci\u00f3n para beneficio de Jipijapa"},"content":{"rendered":"\n<p>Este 31 agosto, la Prefectura de Manab\u00ed, liderada por el Prefecto Leonardo Orlando, dio un paso significativo hacia el progreso y la colaboraci\u00f3n interinstitucional al firmar un convenio marco con la alcald\u00eda del cant\u00f3n Jipijapa.<\/p>\n\n\n\n<p>Este acuerdo se establece con el objetivo de fortalecer la cooperaci\u00f3n entre ambas entidades, un compromiso firme de trabajar juntos por el desarrollo de Jipijapa.<\/p>\n\n\n\n<p>El convenio fue suscrito por el prefecto Leonardo Orlando y la alcaldesa del cant\u00f3n, Angela Pl\u00faa.<\/p>\n","protected":false},"excerpt":{"rendered":"<p>Este 31 agosto, la Prefectura de Manab\u00ed, liderada por el Prefecto Leonardo Orlando, dio un paso significativo hacia el progreso y la colaboraci\u00f3n interinstitucional al firmar un convenio marco con la alcald\u00eda del cant\u00f3n Jipijapa. Este acuerdo se establece con el objetivo de fortalecer la cooperaci\u00f3n entre ambas entidades, un compromiso firme de trabajar juntos [&hellip;]<\/p>\n","protected":false},"author":10,"featured_media":25617,"comment_status":"closed","ping_status":"closed","sticky":false,"template":"","format":"standard","meta":{"_joinchat":[],"footnotes":""},"categories":[142,123,92,193,91],"tags":[],"class_list":["post-25616","post","type-post","status-publish","format-standard","has-post-thumbnail","hentry","category-desarrollo-social","category-jipijapa","category-noticias-manabi","category-participacion-ciudadana","category-todas"],"yoast_head":"<!-- This site is optimized with the Yoast SEO plugin v27.4 - https:\/\/yoast.com\/product\/yoast-seo-wordpress\/ -->\n<title>Se firm\u00f3 importante convenio marco de cooperaci\u00f3n para beneficio de Jipijapa - Prefectura de Manab\u00ed<\/title>\n<meta name=\"robots\" content=\"index, follow, max-snippet:-1, max-image-preview:large, max-video-preview:-1\" \/>\n<link rel=\"canonical\" href=\"https:\/\/www.manabi.gob.ec\/index.php\/se-firmo-importante-convenio-marco-de-cooperacion-para-beneficio-de-jipijapa\/\" \/>\n<meta property=\"og:locale\" content=\"es_ES\" \/>\n<meta property=\"og:type\" content=\"article\" \/>\n<meta property=\"og:title\" content=\"Se firm\u00f3 importante convenio marco de cooperaci\u00f3n para beneficio de Jipijapa - Prefectura de Manab\u00ed\" \/>\n<meta property=\"og:description\" content=\"Este 31 agosto, la Prefectura de Manab\u00ed, liderada por el Prefecto Leonardo Orlando, dio un paso significativo hacia el progreso y la colaboraci\u00f3n interinstitucional al firmar un convenio marco con la alcald\u00eda del cant\u00f3n Jipijapa. Este acuerdo se establece con el objetivo de fortalecer la cooperaci\u00f3n entre ambas entidades, un compromiso firme de trabajar juntos [&hellip;]\" \/>\n<meta property=\"og:url\" content=\"https:\/\/www.manabi.gob.ec\/index.php\/se-firmo-importante-convenio-marco-de-cooperacion-para-beneficio-de-jipijapa\/\" \/>\n<meta property=\"og:site_name\" content=\"Prefectura de Manab\u00ed\" \/>\n<meta property=\"article:published_time\" content=\"2023-09-01T21:02:34+00:00\" \/>\n<meta property=\"article:modified_time\" content=\"2023-09-01T21:02:38+00:00\" \/>\n<meta property=\"og:image\" content=\"https:\/\/www.manabi.gob.ec\/wp-content\/uploads\/2023\/09\/WhatsApp-Image-2023-09-01-at-12.00.40-1.jpeg\" \/>\n\t<meta property=\"og:image:width\" content=\"1024\" \/>\n\t<meta property=\"og:image:height\" content=\"682\" \/>\n\t<meta property=\"og:image:type\" content=\"image\/jpeg\" \/>\n<meta name=\"author\" content=\"Lui Ochoa\" \/>\n<meta name=\"twitter:card\" content=\"summary_large_image\" \/>\n<meta name=\"twitter:label1\" content=\"Escrito por\" \/>\n\t<meta name=\"twitter:data1\" content=\"Lui Ochoa\" \/>\n\t<meta name=\"twitter:label2\" content=\"Tiempo de lectura\" \/>\n\t<meta name=\"twitter:data2\" content=\"1 minuto\" \/>\n<script type=\"application\/ld+json\" class=\"yoast-schema-graph\">{\"@context\":\"https:\\\/\\\/schema.org\",\"@graph\":[{\"@type\":\"Article\",\"@id\":\"https:\\\/\\\/www.manabi.gob.ec\\\/index.php\\\/se-firmo-importante-convenio-marco-de-cooperacion-para-beneficio-de-jipijapa\\\/#article\",\"isPartOf\":{\"@id\":\"https:\\\/\\\/www.manabi.gob.ec\\\/index.php\\\/se-firmo-importante-convenio-marco-de-cooperacion-para-beneficio-de-jipijapa\\\/\"},\"author\":{\"name\":\"Lui Ochoa\",\"@id\":\"https:\\\/\\\/www.manabi.gob.ec\\\/#\\\/schema\\\/person\\\/c4f117989332ad723a6ced5994aa7d7a\"},\"headline\":\"Se firm\u00f3 importante convenio marco de cooperaci\u00f3n para beneficio de Jipijapa\",\"datePublished\":\"2023-09-01T21:02:34+00:00\",\"dateModified\":\"2023-09-01T21:02:38+00:00\",\"mainEntityOfPage\":{\"@id\":\"https:\\\/\\\/www.manabi.gob.ec\\\/index.php\\\/se-firmo-importante-convenio-marco-de-cooperacion-para-beneficio-de-jipijapa\\\/\"},\"wordCount\":93,\"image\":{\"@id\":\"https:\\\/\\\/www.manabi.gob.ec\\\/index.php\\\/se-firmo-importante-convenio-marco-de-cooperacion-para-beneficio-de-jipijapa\\\/#primaryimage\"},\"thumbnailUrl\":\"https:\\\/\\\/www.manabi.gob.ec\\\/wp-content\\\/uploads\\\/2023\\\/09\\\/WhatsApp-Image-2023-09-01-at-12.00.40-1.jpeg\",\"articleSection\":[\"Desarrollo Social\",\"Jipijapa\",\"Noticias\",\"Participaci\u00f3n ciudadana\",\"Todas\"],\"inLanguage\":\"es\"},{\"@type\":\"WebPage\",\"@id\":\"https:\\\/\\\/www.manabi.gob.ec\\\/index.php\\\/se-firmo-importante-convenio-marco-de-cooperacion-para-beneficio-de-jipijapa\\\/\",\"url\":\"https:\\\/\\\/www.manabi.gob.ec\\\/index.php\\\/se-firmo-importante-convenio-marco-de-cooperacion-para-beneficio-de-jipijapa\\\/\",\"name\":\"Se firm\u00f3 importante convenio marco de cooperaci\u00f3n para beneficio de Jipijapa - Prefectura de Manab\u00ed\",\"isPartOf\":{\"@id\":\"https:\\\/\\\/www.manabi.gob.ec\\\/#website\"},\"primaryImageOfPage\":{\"@id\":\"https:\\\/\\\/www.manabi.gob.ec\\\/index.php\\\/se-firmo-importante-convenio-marco-de-cooperacion-para-beneficio-de-jipijapa\\\/#primaryimage\"},\"image\":{\"@id\":\"https:\\\/\\\/www.manabi.gob.ec\\\/index.php\\\/se-firmo-importante-convenio-marco-de-cooperacion-para-beneficio-de-jipijapa\\\/#primaryimage\"},\"thumbnailUrl\":\"https:\\\/\\\/www.manabi.gob.ec\\\/wp-content\\\/uploads\\\/2023\\\/09\\\/WhatsApp-Image-2023-09-01-at-12.00.40-1.jpeg\",\"datePublished\":\"2023-09-01T21:02:34+00:00\",\"dateModified\":\"2023-09-01T21:02:38+00:00\",\"author\":{\"@id\":\"https:\\\/\\\/www.manabi.gob.ec\\\/#\\\/schema\\\/person\\\/c4f117989332ad723a6ced5994aa7d7a\"},\"breadcrumb\":{\"@id\":\"https:\\\/\\\/www.manabi.gob.ec\\\/index.php\\\/se-firmo-importante-convenio-marco-de-cooperacion-para-beneficio-de-jipijapa\\\/#breadcrumb\"},\"inLanguage\":\"es\",\"potentialAction\":[{\"@type\":\"ReadAction\",\"target\":[\"https:\\\/\\\/www.manabi.gob.ec\\\/index.php\\\/se-firmo-importante-convenio-marco-de-cooperacion-para-beneficio-de-jipijapa\\\/\"]}]},{\"@type\":\"ImageObject\",\"inLanguage\":\"es\",\"@id\":\"https:\\\/\\\/www.manabi.gob.ec\\\/index.php\\\/se-firmo-importante-convenio-marco-de-cooperacion-para-beneficio-de-jipijapa\\\/#primaryimage\",\"url\":\"https:\\\/\\\/www.manabi.gob.ec\\\/wp-content\\\/uploads\\\/2023\\\/09\\\/WhatsApp-Image-2023-09-01-at-12.00.40-1.jpeg\",\"contentUrl\":\"https:\\\/\\\/www.manabi.gob.ec\\\/wp-content\\\/uploads\\\/2023\\\/09\\\/WhatsApp-Image-2023-09-01-at-12.00.40-1.jpeg\",\"width\":1024,\"height\":682},{\"@type\":\"BreadcrumbList\",\"@id\":\"https:\\\/\\\/www.manabi.gob.ec\\\/index.php\\\/se-firmo-importante-convenio-marco-de-cooperacion-para-beneficio-de-jipijapa\\\/#breadcrumb\",\"itemListElement\":[{\"@type\":\"ListItem\",\"position\":1,\"name\":\"Portada\",\"item\":\"https:\\\/\\\/www.manabi.gob.ec\\\/\"},{\"@type\":\"ListItem\",\"position\":2,\"name\":\"Se firm\u00f3 importante convenio marco de cooperaci\u00f3n para beneficio de Jipijapa\"}]},{\"@type\":\"WebSite\",\"@id\":\"https:\\\/\\\/www.manabi.gob.ec\\\/#website\",\"url\":\"https:\\\/\\\/www.manabi.gob.ec\\\/\",\"name\":\"Prefectura de Manab\u00ed\",\"description\":\"P\u00e1gina web de la prefectura\",\"potentialAction\":[{\"@type\":\"SearchAction\",\"target\":{\"@type\":\"EntryPoint\",\"urlTemplate\":\"https:\\\/\\\/www.manabi.gob.ec\\\/?s={search_term_string}\"},\"query-input\":{\"@type\":\"PropertyValueSpecification\",\"valueRequired\":true,\"valueName\":\"search_term_string\"}}],\"inLanguage\":\"es\"},{\"@type\":\"Person\",\"@id\":\"https:\\\/\\\/www.manabi.gob.ec\\\/#\\\/schema\\\/person\\\/c4f117989332ad723a6ced5994aa7d7a\",\"name\":\"Lui Ochoa\",\"image\":{\"@type\":\"ImageObject\",\"inLanguage\":\"es\",\"@id\":\"https:\\\/\\\/secure.gravatar.com\\\/avatar\\\/6e8017d0fe69dead8a95864d2eb6e1e1d8bf8e01194ba49cf7b897ff038126ba?s=96&d=mm&r=g\",\"url\":\"https:\\\/\\\/secure.gravatar.com\\\/avatar\\\/6e8017d0fe69dead8a95864d2eb6e1e1d8bf8e01194ba49cf7b897ff038126ba?s=96&d=mm&r=g\",\"contentUrl\":\"https:\\\/\\\/secure.gravatar.com\\\/avatar\\\/6e8017d0fe69dead8a95864d2eb6e1e1d8bf8e01194ba49cf7b897ff038126ba?s=96&d=mm&r=g\",\"caption\":\"Lui Ochoa\"},\"url\":\"https:\\\/\\\/www.manabi.gob.ec\\\/index.php\\\/author\\\/lochoa\\\/\"}]}<\/script>\n<!-- \/ Yoast SEO plugin. -->","yoast_head_json":{"title":"Se firm\u00f3 importante convenio marco de cooperaci\u00f3n para beneficio de Jipijapa - Prefectura de Manab\u00ed","robots":{"index":"index","follow":"follow","max-snippet":"max-snippet:-1","max-image-preview":"max-image-preview:large","max-video-preview":"max-video-preview:-1"},"canonical":"https:\/\/www.manabi.gob.ec\/index.php\/se-firmo-importante-convenio-marco-de-cooperacion-para-beneficio-de-jipijapa\/","og_locale":"es_ES","og_type":"article","og_title":"Se firm\u00f3 importante convenio marco de cooperaci\u00f3n para beneficio de Jipijapa - Prefectura de Manab\u00ed","og_description":"Este 31 agosto, la Prefectura de Manab\u00ed, liderada por el Prefecto Leonardo Orlando, dio un paso significativo hacia el progreso y la colaboraci\u00f3n interinstitucional al firmar un convenio marco con la alcald\u00eda del cant\u00f3n Jipijapa. Este acuerdo se establece con el objetivo de fortalecer la cooperaci\u00f3n entre ambas entidades, un compromiso firme de trabajar juntos [&hellip;]","og_url":"https:\/\/www.manabi.gob.ec\/index.php\/se-firmo-importante-convenio-marco-de-cooperacion-para-beneficio-de-jipijapa\/","og_site_name":"Prefectura de Manab\u00ed","article_published_time":"2023-09-01T21:02:34+00:00","article_modified_time":"2023-09-01T21:02:38+00:00","og_image":[{"width":1024,"height":682,"url":"https:\/\/www.manabi.gob.ec\/wp-content\/uploads\/2023\/09\/WhatsApp-Image-2023-09-01-at-12.00.40-1.jpeg","type":"image\/jpeg"}],"author":"Lui Ochoa","twitter_card":"summary_large_image","twitter_misc":{"Escrito por":"Lui Ochoa","Tiempo de lectura":"1 minuto"},"schema":{"@context":"https:\/\/schema.org","@graph":[{"@type":"Article","@id":"https:\/\/www.manabi.gob.ec\/index.php\/se-firmo-importante-convenio-marco-de-cooperacion-para-beneficio-de-jipijapa\/#article","isPartOf":{"@id":"https:\/\/www.manabi.gob.ec\/index.php\/se-firmo-importante-convenio-marco-de-cooperacion-para-beneficio-de-jipijapa\/"},"author":{"name":"Lui Ochoa","@id":"https:\/\/www.manabi.gob.ec\/#\/schema\/person\/c4f117989332ad723a6ced5994aa7d7a"},"headline":"Se firm\u00f3 importante convenio marco de cooperaci\u00f3n para beneficio de Jipijapa","datePublished":"2023-09-01T21:02:34+00:00","dateModified":"2023-09-01T21:02:38+00:00","mainEntityOfPage":{"@id":"https:\/\/www.manabi.gob.ec\/index.php\/se-firmo-importante-convenio-marco-de-cooperacion-para-beneficio-de-jipijapa\/"},"wordCount":93,"image":{"@id":"https:\/\/www.manabi.gob.ec\/index.php\/se-firmo-importante-convenio-marco-de-cooperacion-para-beneficio-de-jipijapa\/#primaryimage"},"thumbnailUrl":"https:\/\/www.manabi.gob.ec\/wp-content\/uploads\/2023\/09\/WhatsApp-Image-2023-09-01-at-12.00.40-1.jpeg","articleSection":["Desarrollo Social","Jipijapa","Noticias","Participaci\u00f3n ciudadana","Todas"],"inLanguage":"es"},{"@type":"WebPage","@id":"https:\/\/www.manabi.gob.ec\/index.php\/se-firmo-importante-convenio-marco-de-cooperacion-para-beneficio-de-jipijapa\/","url":"https:\/\/www.manabi.gob.ec\/index.php\/se-firmo-importante-convenio-marco-de-cooperacion-para-beneficio-de-jipijapa\/","name":"Se firm\u00f3 importante convenio marco de cooperaci\u00f3n para beneficio de Jipijapa - Prefectura de Manab\u00ed","isPartOf":{"@id":"https:\/\/www.manabi.gob.ec\/#website"},"primaryImageOfPage":{"@id":"https:\/\/www.manabi.gob.ec\/index.php\/se-firmo-importante-convenio-marco-de-cooperacion-para-beneficio-de-jipijapa\/#primaryimage"},"image":{"@id":"https:\/\/www.manabi.gob.ec\/index.php\/se-firmo-importante-convenio-marco-de-cooperacion-para-beneficio-de-jipijapa\/#primaryimage"},"thumbnailUrl":"https:\/\/www.manabi.gob.ec\/wp-content\/uploads\/2023\/09\/WhatsApp-Image-2023-09-01-at-12.00.40-1.jpeg","datePublished":"2023-09-01T21:02:34+00:00","dateModified":"2023-09-01T21:02:38+00:00","author":{"@id":"https:\/\/www.manabi.gob.ec\/#\/schema\/person\/c4f117989332ad723a6ced5994aa7d7a"},"breadcrumb":{"@id":"https:\/\/www.manabi.gob.ec\/index.php\/se-firmo-importante-convenio-marco-de-cooperacion-para-beneficio-de-jipijapa\/#breadcrumb"},"inLanguage":"es","potentialAction":[{"@type":"ReadAction","target":["https:\/\/www.manabi.gob.ec\/index.php\/se-firmo-importante-convenio-marco-de-cooperacion-para-beneficio-de-jipijapa\/"]}]},{"@type":"ImageObject","inLanguage":"es","@id":"https:\/\/www.manabi.gob.ec\/index.php\/se-firmo-importante-convenio-marco-de-cooperacion-para-beneficio-de-jipijapa\/#primaryimage","url":"https:\/\/www.manabi.gob.ec\/wp-content\/uploads\/2023\/09\/WhatsApp-Image-2023-09-01-at-12.00.40-1.jpeg","contentUrl":"https:\/\/www.manabi.gob.ec\/wp-content\/uploads\/2023\/09\/WhatsApp-Image-2023-09-01-at-12.00.40-1.jpeg","width":1024,"height":682},{"@type":"BreadcrumbList","@id":"https:\/\/www.manabi.gob.ec\/index.php\/se-firmo-importante-convenio-marco-de-cooperacion-para-beneficio-de-jipijapa\/#breadcrumb","itemListElement":[{"@type":"ListItem","position":1,"name":"Portada","item":"https:\/\/www.manabi.gob.ec\/"},{"@type":"ListItem","position":2,"name":"Se firm\u00f3 importante convenio marco de cooperaci\u00f3n para beneficio de Jipijapa"}]},{"@type":"WebSite","@id":"https:\/\/www.manabi.gob.ec\/#website","url":"https:\/\/www.manabi.gob.ec\/","name":"Prefectura de Manab\u00ed","description":"P\u00e1gina web de la prefectura","potentialAction":[{"@type":"SearchAction","target":{"@type":"EntryPoint","urlTemplate":"https:\/\/www.manabi.gob.ec\/?s={search_term_string}"},"query-input":{"@type":"PropertyValueSpecification","valueRequired":true,"valueName":"search_term_string"}}],"inLanguage":"es"},{"@type":"Person","@id":"https:\/\/www.manabi.gob.ec\/#\/schema\/person\/c4f117989332ad723a6ced5994aa7d7a","name":"Lui Ochoa","image":{"@type":"ImageObject","inLanguage":"es","@id":"https:\/\/secure.gravatar.com\/avatar\/6e8017d0fe69dead8a95864d2eb6e1e1d8bf8e01194ba49cf7b897ff038126ba?s=96&d=mm&r=g","url":"https:\/\/secure.gravatar.com\/avatar\/6e8017d0fe69dead8a95864d2eb6e1e1d8bf8e01194ba49cf7b897ff038126ba?s=96&d=mm&r=g","contentUrl":"https:\/\/secure.gravatar.com\/avatar\/6e8017d0fe69dead8a95864d2eb6e1e1d8bf8e01194ba49cf7b897ff038126ba?s=96&d=mm&r=g","caption":"Lui Ochoa"},"url":"https:\/\/www.manabi.gob.ec\/index.php\/author\/lochoa\/"}]}},"jetpack_featured_media_url":"https:\/\/www.manabi.gob.ec\/wp-content\/uploads\/2023\/09\/WhatsApp-Image-2023-09-01-at-12.00.40-1.jpeg","_links":{"self":[{"href":"https:\/\/www.manabi.gob.ec\/index.php\/wp-json\/wp\/v2\/posts\/25616","targetHints":{"allow":["GET"]}}],"collection":[{"href":"https:\/\/www.manabi.gob.ec\/index.php\/wp-json\/wp\/v2\/posts"}],"about":[{"href":"https:\/\/www.manabi.gob.ec\/index.php\/wp-json\/wp\/v2\/types\/post"}],"author":[{"embeddable":true,"href":"https:\/\/www.manabi.gob.ec\/index.php\/wp-json\/wp\/v2\/users\/10"}],"replies":[{"embeddable":true,"href":"https:\/\/www.manabi.gob.ec\/index.php\/wp-json\/wp\/v2\/comments?post=25616"}],"version-history":[{"count":0,"href":"https:\/\/www.manabi.gob.ec\/index.php\/wp-json\/wp\/v2\/posts\/25616\/revisions"}],"wp:featuredmedia":[{"embeddable":true,"href":"https:\/\/www.manabi.gob.ec\/index.php\/wp-json\/wp\/v2\/media\/25617"}],"wp:attachment":[{"href":"https:\/\/www.manabi.gob.ec\/index.php\/wp-json\/wp\/v2\/media?parent=25616"}],"wp:term":[{"taxonomy":"category","embeddable":true,"href":"https:\/\/www.manabi.gob.ec\/index.php\/wp-json\/wp\/v2\/categories?post=25616"},{"taxonomy":"post_tag","embeddable":true,"href":"https:\/\/www.manabi.gob.ec\/index.php\/wp-json\/wp\/v2\/tags?post=25616"}],"curies":[{"name":"wp","href":"https:\/\/api.w.org\/{rel}","templated":true}]}}