{"id":25625,"date":"2023-09-05T01:09:08","date_gmt":"2023-09-05T01:09:08","guid":{"rendered":"https:\/\/www.manabi.gob.ec\/?p=25625"},"modified":"2023-09-05T01:09:13","modified_gmt":"2023-09-05T01:09:13","slug":"viceprefecta-de-manabi-realizo-actividades-en-manta","status":"publish","type":"post","link":"https:\/\/www.manabi.gob.ec\/index.php\/viceprefecta-de-manabi-realizo-actividades-en-manta\/","title":{"rendered":"VICEPREFECTA DE MANAB\u00cd REALIZ\u00d3 ACTIVIDADES EN MANTA"},"content":{"rendered":"\n<p>La viceprefecta de Manab\u00ed Kelly Buenaventura Moreira cumpliendo con su agenda territorial estuvo presente en la II Edici\u00f3n del Festival de Cortometrajes que se realiz\u00f3 en la sala Mac cine, en la ciudad de Manta.<\/p>\n\n\n\n<p>Cabe destacar que iniciativa que es apoyada y promovida por la Prefectura de Manab\u00ed.<\/p>\n\n\n\n<p>\u201cApoyamos a la juventud de Manta y Manab\u00ed promoviendo el are y la cultura a trav\u00e9s de estos espacios que motivan alas personas a realizar acciones positivas para la sociedad\u201d, enfatiz\u00f3 la viceprefecta de Manab\u00ed, Kelly Buenaventura Moreira.<\/p>\n\n\n\n<p>Posteriormente la segunda autoridad provincial se traslad\u00f3 hasta el barrio Abd\u00f3n Calder\u00f3n, donde los m\u00e9dicos de la Prefectura de Manab\u00ed que son parte de las brigadas de salud atendieron a 153 pacientes.<\/p>\n\n\n\n<p>Medicina general, odontolog\u00eda, oftalmolog\u00eda y nutrici\u00f3n fueron las especialidades a las que pudieron acceder los beneficiarios, qui\u00e9nes adem\u00e1s recibieron el medicamento de forma gratuita.<\/p>\n\n\n\n<p>\u201cEstamos agradecidos con este equipo de profesionales de la prefectura de Manab\u00ed que han venido junto a la viceprefecta para ap\u00f3yanos con la salud para quienes habitamos en este sector de Manta, no es la primera vez, siempre hemos recibido el apoyo del prefecto Leonado Orlando\u201d, expres\u00f3 Norma Moreira, presidenta del barrio Abd\u00f3n Calder\u00f3n.<\/p>\n","protected":false},"excerpt":{"rendered":"<p>La viceprefecta de Manab\u00ed Kelly Buenaventura Moreira cumpliendo con su agenda territorial estuvo presente en la II Edici\u00f3n del Festival de Cortometrajes que se realiz\u00f3 en la sala Mac cine, en la ciudad de Manta. Cabe destacar que iniciativa que es apoyada y promovida por la Prefectura de Manab\u00ed. \u201cApoyamos a la juventud de Manta [&hellip;]<\/p>\n","protected":false},"author":10,"featured_media":25626,"comment_status":"closed","ping_status":"closed","sticky":false,"template":"","format":"standard","meta":{"_joinchat":[],"footnotes":""},"categories":[142,156,92,91,81],"tags":[],"class_list":["post-25625","post","type-post","status-publish","format-standard","has-post-thumbnail","hentry","category-desarrollo-social","category-manta","category-noticias-manabi","category-todas","category-turismo"],"yoast_head":"<!-- This site is optimized with the Yoast SEO plugin v27.4 - https:\/\/yoast.com\/product\/yoast-seo-wordpress\/ -->\n<title>VICEPREFECTA DE MANAB\u00cd REALIZ\u00d3 ACTIVIDADES EN MANTA - Prefectura de Manab\u00ed<\/title>\n<meta name=\"robots\" content=\"index, follow, max-snippet:-1, max-image-preview:large, max-video-preview:-1\" \/>\n<link rel=\"canonical\" href=\"https:\/\/www.manabi.gob.ec\/index.php\/viceprefecta-de-manabi-realizo-actividades-en-manta\/\" \/>\n<meta property=\"og:locale\" content=\"es_ES\" \/>\n<meta property=\"og:type\" content=\"article\" \/>\n<meta property=\"og:title\" content=\"VICEPREFECTA DE MANAB\u00cd REALIZ\u00d3 ACTIVIDADES EN MANTA - Prefectura de Manab\u00ed\" \/>\n<meta property=\"og:description\" content=\"La viceprefecta de Manab\u00ed Kelly Buenaventura Moreira cumpliendo con su agenda territorial estuvo presente en la II Edici\u00f3n del Festival de Cortometrajes que se realiz\u00f3 en la sala Mac cine, en la ciudad de Manta. Cabe destacar que iniciativa que es apoyada y promovida por la Prefectura de Manab\u00ed. \u201cApoyamos a la juventud de Manta [&hellip;]\" \/>\n<meta property=\"og:url\" content=\"https:\/\/www.manabi.gob.ec\/index.php\/viceprefecta-de-manabi-realizo-actividades-en-manta\/\" \/>\n<meta property=\"og:site_name\" content=\"Prefectura de Manab\u00ed\" \/>\n<meta property=\"article:published_time\" content=\"2023-09-05T01:09:08+00:00\" \/>\n<meta property=\"article:modified_time\" content=\"2023-09-05T01:09:13+00:00\" \/>\n<meta property=\"og:image\" content=\"https:\/\/www.manabi.gob.ec\/wp-content\/uploads\/2023\/09\/WhatsApp-Image-2023-09-02-at-08.50.11.jpeg\" \/>\n\t<meta property=\"og:image:width\" content=\"1600\" \/>\n\t<meta property=\"og:image:height\" content=\"900\" \/>\n\t<meta property=\"og:image:type\" content=\"image\/jpeg\" \/>\n<meta name=\"author\" content=\"Lui Ochoa\" \/>\n<meta name=\"twitter:card\" content=\"summary_large_image\" \/>\n<meta name=\"twitter:label1\" content=\"Escrito por\" \/>\n\t<meta name=\"twitter:data1\" content=\"Lui Ochoa\" \/>\n\t<meta name=\"twitter:label2\" content=\"Tiempo de lectura\" \/>\n\t<meta name=\"twitter:data2\" content=\"1 minuto\" \/>\n<script type=\"application\/ld+json\" class=\"yoast-schema-graph\">{\"@context\":\"https:\\\/\\\/schema.org\",\"@graph\":[{\"@type\":\"Article\",\"@id\":\"https:\\\/\\\/www.manabi.gob.ec\\\/index.php\\\/viceprefecta-de-manabi-realizo-actividades-en-manta\\\/#article\",\"isPartOf\":{\"@id\":\"https:\\\/\\\/www.manabi.gob.ec\\\/index.php\\\/viceprefecta-de-manabi-realizo-actividades-en-manta\\\/\"},\"author\":{\"name\":\"Lui Ochoa\",\"@id\":\"https:\\\/\\\/www.manabi.gob.ec\\\/#\\\/schema\\\/person\\\/c4f117989332ad723a6ced5994aa7d7a\"},\"headline\":\"VICEPREFECTA DE MANAB\u00cd REALIZ\u00d3 ACTIVIDADES EN MANTA\",\"datePublished\":\"2023-09-05T01:09:08+00:00\",\"dateModified\":\"2023-09-05T01:09:13+00:00\",\"mainEntityOfPage\":{\"@id\":\"https:\\\/\\\/www.manabi.gob.ec\\\/index.php\\\/viceprefecta-de-manabi-realizo-actividades-en-manta\\\/\"},\"wordCount\":216,\"image\":{\"@id\":\"https:\\\/\\\/www.manabi.gob.ec\\\/index.php\\\/viceprefecta-de-manabi-realizo-actividades-en-manta\\\/#primaryimage\"},\"thumbnailUrl\":\"https:\\\/\\\/www.manabi.gob.ec\\\/wp-content\\\/uploads\\\/2023\\\/09\\\/WhatsApp-Image-2023-09-02-at-08.50.11.jpeg\",\"articleSection\":[\"Desarrollo Social\",\"Manta\",\"Noticias\",\"Todas\",\"Turismo\"],\"inLanguage\":\"es\"},{\"@type\":\"WebPage\",\"@id\":\"https:\\\/\\\/www.manabi.gob.ec\\\/index.php\\\/viceprefecta-de-manabi-realizo-actividades-en-manta\\\/\",\"url\":\"https:\\\/\\\/www.manabi.gob.ec\\\/index.php\\\/viceprefecta-de-manabi-realizo-actividades-en-manta\\\/\",\"name\":\"VICEPREFECTA DE MANAB\u00cd REALIZ\u00d3 ACTIVIDADES EN MANTA - Prefectura de Manab\u00ed\",\"isPartOf\":{\"@id\":\"https:\\\/\\\/www.manabi.gob.ec\\\/#website\"},\"primaryImageOfPage\":{\"@id\":\"https:\\\/\\\/www.manabi.gob.ec\\\/index.php\\\/viceprefecta-de-manabi-realizo-actividades-en-manta\\\/#primaryimage\"},\"image\":{\"@id\":\"https:\\\/\\\/www.manabi.gob.ec\\\/index.php\\\/viceprefecta-de-manabi-realizo-actividades-en-manta\\\/#primaryimage\"},\"thumbnailUrl\":\"https:\\\/\\\/www.manabi.gob.ec\\\/wp-content\\\/uploads\\\/2023\\\/09\\\/WhatsApp-Image-2023-09-02-at-08.50.11.jpeg\",\"datePublished\":\"2023-09-05T01:09:08+00:00\",\"dateModified\":\"2023-09-05T01:09:13+00:00\",\"author\":{\"@id\":\"https:\\\/\\\/www.manabi.gob.ec\\\/#\\\/schema\\\/person\\\/c4f117989332ad723a6ced5994aa7d7a\"},\"breadcrumb\":{\"@id\":\"https:\\\/\\\/www.manabi.gob.ec\\\/index.php\\\/viceprefecta-de-manabi-realizo-actividades-en-manta\\\/#breadcrumb\"},\"inLanguage\":\"es\",\"potentialAction\":[{\"@type\":\"ReadAction\",\"target\":[\"https:\\\/\\\/www.manabi.gob.ec\\\/index.php\\\/viceprefecta-de-manabi-realizo-actividades-en-manta\\\/\"]}]},{\"@type\":\"ImageObject\",\"inLanguage\":\"es\",\"@id\":\"https:\\\/\\\/www.manabi.gob.ec\\\/index.php\\\/viceprefecta-de-manabi-realizo-actividades-en-manta\\\/#primaryimage\",\"url\":\"https:\\\/\\\/www.manabi.gob.ec\\\/wp-content\\\/uploads\\\/2023\\\/09\\\/WhatsApp-Image-2023-09-02-at-08.50.11.jpeg\",\"contentUrl\":\"https:\\\/\\\/www.manabi.gob.ec\\\/wp-content\\\/uploads\\\/2023\\\/09\\\/WhatsApp-Image-2023-09-02-at-08.50.11.jpeg\",\"width\":1600,\"height\":900},{\"@type\":\"BreadcrumbList\",\"@id\":\"https:\\\/\\\/www.manabi.gob.ec\\\/index.php\\\/viceprefecta-de-manabi-realizo-actividades-en-manta\\\/#breadcrumb\",\"itemListElement\":[{\"@type\":\"ListItem\",\"position\":1,\"name\":\"Portada\",\"item\":\"https:\\\/\\\/www.manabi.gob.ec\\\/\"},{\"@type\":\"ListItem\",\"position\":2,\"name\":\"VICEPREFECTA DE MANAB\u00cd REALIZ\u00d3 ACTIVIDADES EN MANTA\"}]},{\"@type\":\"WebSite\",\"@id\":\"https:\\\/\\\/www.manabi.gob.ec\\\/#website\",\"url\":\"https:\\\/\\\/www.manabi.gob.ec\\\/\",\"name\":\"Prefectura de Manab\u00ed\",\"description\":\"P\u00e1gina web de la prefectura\",\"potentialAction\":[{\"@type\":\"SearchAction\",\"target\":{\"@type\":\"EntryPoint\",\"urlTemplate\":\"https:\\\/\\\/www.manabi.gob.ec\\\/?s={search_term_string}\"},\"query-input\":{\"@type\":\"PropertyValueSpecification\",\"valueRequired\":true,\"valueName\":\"search_term_string\"}}],\"inLanguage\":\"es\"},{\"@type\":\"Person\",\"@id\":\"https:\\\/\\\/www.manabi.gob.ec\\\/#\\\/schema\\\/person\\\/c4f117989332ad723a6ced5994aa7d7a\",\"name\":\"Lui Ochoa\",\"image\":{\"@type\":\"ImageObject\",\"inLanguage\":\"es\",\"@id\":\"https:\\\/\\\/secure.gravatar.com\\\/avatar\\\/6e8017d0fe69dead8a95864d2eb6e1e1d8bf8e01194ba49cf7b897ff038126ba?s=96&d=mm&r=g\",\"url\":\"https:\\\/\\\/secure.gravatar.com\\\/avatar\\\/6e8017d0fe69dead8a95864d2eb6e1e1d8bf8e01194ba49cf7b897ff038126ba?s=96&d=mm&r=g\",\"contentUrl\":\"https:\\\/\\\/secure.gravatar.com\\\/avatar\\\/6e8017d0fe69dead8a95864d2eb6e1e1d8bf8e01194ba49cf7b897ff038126ba?s=96&d=mm&r=g\",\"caption\":\"Lui Ochoa\"},\"url\":\"https:\\\/\\\/www.manabi.gob.ec\\\/index.php\\\/author\\\/lochoa\\\/\"}]}<\/script>\n<!-- \/ Yoast SEO plugin. -->","yoast_head_json":{"title":"VICEPREFECTA DE MANAB\u00cd REALIZ\u00d3 ACTIVIDADES EN MANTA - Prefectura de Manab\u00ed","robots":{"index":"index","follow":"follow","max-snippet":"max-snippet:-1","max-image-preview":"max-image-preview:large","max-video-preview":"max-video-preview:-1"},"canonical":"https:\/\/www.manabi.gob.ec\/index.php\/viceprefecta-de-manabi-realizo-actividades-en-manta\/","og_locale":"es_ES","og_type":"article","og_title":"VICEPREFECTA DE MANAB\u00cd REALIZ\u00d3 ACTIVIDADES EN MANTA - Prefectura de Manab\u00ed","og_description":"La viceprefecta de Manab\u00ed Kelly Buenaventura Moreira cumpliendo con su agenda territorial estuvo presente en la II Edici\u00f3n del Festival de Cortometrajes que se realiz\u00f3 en la sala Mac cine, en la ciudad de Manta. Cabe destacar que iniciativa que es apoyada y promovida por la Prefectura de Manab\u00ed. \u201cApoyamos a la juventud de Manta [&hellip;]","og_url":"https:\/\/www.manabi.gob.ec\/index.php\/viceprefecta-de-manabi-realizo-actividades-en-manta\/","og_site_name":"Prefectura de Manab\u00ed","article_published_time":"2023-09-05T01:09:08+00:00","article_modified_time":"2023-09-05T01:09:13+00:00","og_image":[{"width":1600,"height":900,"url":"https:\/\/www.manabi.gob.ec\/wp-content\/uploads\/2023\/09\/WhatsApp-Image-2023-09-02-at-08.50.11.jpeg","type":"image\/jpeg"}],"author":"Lui Ochoa","twitter_card":"summary_large_image","twitter_misc":{"Escrito por":"Lui Ochoa","Tiempo de lectura":"1 minuto"},"schema":{"@context":"https:\/\/schema.org","@graph":[{"@type":"Article","@id":"https:\/\/www.manabi.gob.ec\/index.php\/viceprefecta-de-manabi-realizo-actividades-en-manta\/#article","isPartOf":{"@id":"https:\/\/www.manabi.gob.ec\/index.php\/viceprefecta-de-manabi-realizo-actividades-en-manta\/"},"author":{"name":"Lui Ochoa","@id":"https:\/\/www.manabi.gob.ec\/#\/schema\/person\/c4f117989332ad723a6ced5994aa7d7a"},"headline":"VICEPREFECTA DE MANAB\u00cd REALIZ\u00d3 ACTIVIDADES EN MANTA","datePublished":"2023-09-05T01:09:08+00:00","dateModified":"2023-09-05T01:09:13+00:00","mainEntityOfPage":{"@id":"https:\/\/www.manabi.gob.ec\/index.php\/viceprefecta-de-manabi-realizo-actividades-en-manta\/"},"wordCount":216,"image":{"@id":"https:\/\/www.manabi.gob.ec\/index.php\/viceprefecta-de-manabi-realizo-actividades-en-manta\/#primaryimage"},"thumbnailUrl":"https:\/\/www.manabi.gob.ec\/wp-content\/uploads\/2023\/09\/WhatsApp-Image-2023-09-02-at-08.50.11.jpeg","articleSection":["Desarrollo Social","Manta","Noticias","Todas","Turismo"],"inLanguage":"es"},{"@type":"WebPage","@id":"https:\/\/www.manabi.gob.ec\/index.php\/viceprefecta-de-manabi-realizo-actividades-en-manta\/","url":"https:\/\/www.manabi.gob.ec\/index.php\/viceprefecta-de-manabi-realizo-actividades-en-manta\/","name":"VICEPREFECTA DE MANAB\u00cd REALIZ\u00d3 ACTIVIDADES EN MANTA - Prefectura de Manab\u00ed","isPartOf":{"@id":"https:\/\/www.manabi.gob.ec\/#website"},"primaryImageOfPage":{"@id":"https:\/\/www.manabi.gob.ec\/index.php\/viceprefecta-de-manabi-realizo-actividades-en-manta\/#primaryimage"},"image":{"@id":"https:\/\/www.manabi.gob.ec\/index.php\/viceprefecta-de-manabi-realizo-actividades-en-manta\/#primaryimage"},"thumbnailUrl":"https:\/\/www.manabi.gob.ec\/wp-content\/uploads\/2023\/09\/WhatsApp-Image-2023-09-02-at-08.50.11.jpeg","datePublished":"2023-09-05T01:09:08+00:00","dateModified":"2023-09-05T01:09:13+00:00","author":{"@id":"https:\/\/www.manabi.gob.ec\/#\/schema\/person\/c4f117989332ad723a6ced5994aa7d7a"},"breadcrumb":{"@id":"https:\/\/www.manabi.gob.ec\/index.php\/viceprefecta-de-manabi-realizo-actividades-en-manta\/#breadcrumb"},"inLanguage":"es","potentialAction":[{"@type":"ReadAction","target":["https:\/\/www.manabi.gob.ec\/index.php\/viceprefecta-de-manabi-realizo-actividades-en-manta\/"]}]},{"@type":"ImageObject","inLanguage":"es","@id":"https:\/\/www.manabi.gob.ec\/index.php\/viceprefecta-de-manabi-realizo-actividades-en-manta\/#primaryimage","url":"https:\/\/www.manabi.gob.ec\/wp-content\/uploads\/2023\/09\/WhatsApp-Image-2023-09-02-at-08.50.11.jpeg","contentUrl":"https:\/\/www.manabi.gob.ec\/wp-content\/uploads\/2023\/09\/WhatsApp-Image-2023-09-02-at-08.50.11.jpeg","width":1600,"height":900},{"@type":"BreadcrumbList","@id":"https:\/\/www.manabi.gob.ec\/index.php\/viceprefecta-de-manabi-realizo-actividades-en-manta\/#breadcrumb","itemListElement":[{"@type":"ListItem","position":1,"name":"Portada","item":"https:\/\/www.manabi.gob.ec\/"},{"@type":"ListItem","position":2,"name":"VICEPREFECTA DE MANAB\u00cd REALIZ\u00d3 ACTIVIDADES EN MANTA"}]},{"@type":"WebSite","@id":"https:\/\/www.manabi.gob.ec\/#website","url":"https:\/\/www.manabi.gob.ec\/","name":"Prefectura de Manab\u00ed","description":"P\u00e1gina web de la prefectura","potentialAction":[{"@type":"SearchAction","target":{"@type":"EntryPoint","urlTemplate":"https:\/\/www.manabi.gob.ec\/?s={search_term_string}"},"query-input":{"@type":"PropertyValueSpecification","valueRequired":true,"valueName":"search_term_string"}}],"inLanguage":"es"},{"@type":"Person","@id":"https:\/\/www.manabi.gob.ec\/#\/schema\/person\/c4f117989332ad723a6ced5994aa7d7a","name":"Lui Ochoa","image":{"@type":"ImageObject","inLanguage":"es","@id":"https:\/\/secure.gravatar.com\/avatar\/6e8017d0fe69dead8a95864d2eb6e1e1d8bf8e01194ba49cf7b897ff038126ba?s=96&d=mm&r=g","url":"https:\/\/secure.gravatar.com\/avatar\/6e8017d0fe69dead8a95864d2eb6e1e1d8bf8e01194ba49cf7b897ff038126ba?s=96&d=mm&r=g","contentUrl":"https:\/\/secure.gravatar.com\/avatar\/6e8017d0fe69dead8a95864d2eb6e1e1d8bf8e01194ba49cf7b897ff038126ba?s=96&d=mm&r=g","caption":"Lui Ochoa"},"url":"https:\/\/www.manabi.gob.ec\/index.php\/author\/lochoa\/"}]}},"jetpack_featured_media_url":"https:\/\/www.manabi.gob.ec\/wp-content\/uploads\/2023\/09\/WhatsApp-Image-2023-09-02-at-08.50.11.jpeg","_links":{"self":[{"href":"https:\/\/www.manabi.gob.ec\/index.php\/wp-json\/wp\/v2\/posts\/25625","targetHints":{"allow":["GET"]}}],"collection":[{"href":"https:\/\/www.manabi.gob.ec\/index.php\/wp-json\/wp\/v2\/posts"}],"about":[{"href":"https:\/\/www.manabi.gob.ec\/index.php\/wp-json\/wp\/v2\/types\/post"}],"author":[{"embeddable":true,"href":"https:\/\/www.manabi.gob.ec\/index.php\/wp-json\/wp\/v2\/users\/10"}],"replies":[{"embeddable":true,"href":"https:\/\/www.manabi.gob.ec\/index.php\/wp-json\/wp\/v2\/comments?post=25625"}],"version-history":[{"count":0,"href":"https:\/\/www.manabi.gob.ec\/index.php\/wp-json\/wp\/v2\/posts\/25625\/revisions"}],"wp:featuredmedia":[{"embeddable":true,"href":"https:\/\/www.manabi.gob.ec\/index.php\/wp-json\/wp\/v2\/media\/25626"}],"wp:attachment":[{"href":"https:\/\/www.manabi.gob.ec\/index.php\/wp-json\/wp\/v2\/media?parent=25625"}],"wp:term":[{"taxonomy":"category","embeddable":true,"href":"https:\/\/www.manabi.gob.ec\/index.php\/wp-json\/wp\/v2\/categories?post=25625"},{"taxonomy":"post_tag","embeddable":true,"href":"https:\/\/www.manabi.gob.ec\/index.php\/wp-json\/wp\/v2\/tags?post=25625"}],"curies":[{"name":"wp","href":"https:\/\/api.w.org\/{rel}","templated":true}]}}