{"id":25666,"date":"2023-09-08T20:57:45","date_gmt":"2023-09-08T20:57:45","guid":{"rendered":"https:\/\/www.manabi.gob.ec\/?p=25666"},"modified":"2023-09-08T20:57:52","modified_gmt":"2023-09-08T20:57:52","slug":"el-prefecto-leonardo-orlando-lidera-un-esfuerzo-conjunto-para-abordar-la-problematica-hidrica-con-los-alcaldes-que-conforman-la-mancomunidad-centro-norte-de-manabi","status":"publish","type":"post","link":"https:\/\/www.manabi.gob.ec\/index.php\/el-prefecto-leonardo-orlando-lidera-un-esfuerzo-conjunto-para-abordar-la-problematica-hidrica-con-los-alcaldes-que-conforman-la-mancomunidad-centro-norte-de-manabi\/","title":{"rendered":"El Prefecto Leonardo Orlando lidera un esfuerzo conjunto para abordar la problem\u00e1tica h\u00eddrica con los alcaldes que conforman la Mancomunidad Centro Norte de Manab\u00ed."},"content":{"rendered":"\n<p>El Prefecto de la provincia de Manab\u00ed, Leonardo Orlando, demostr\u00f3 un compromiso s\u00f3lido con la resoluci\u00f3n de los desaf\u00edos h\u00eddricos que enfrentan los cantones mancomunados de Sucre, San Vicente, Tosagua, Bol\u00edvar y Jun\u00edn.<\/p>\n\n\n\n<p>En una reuni\u00f3n de trabajo realizada este jueves 6 de septiembre, el Prefecto Orlando se uni\u00f3 a los Alcaldes de estos cantones: Carlos Mendoza, Brigitte Garc\u00eda y Rommel Cede\u00f1o y a los delegados de Bol\u00edvar y Jun\u00edn, para abordar de manera integral esta problem\u00e1tica que ha afectado a las comunidades locales durante mucho tiempo.<\/p>\n\n\n\n<p>Durante la reuni\u00f3n, el Prefecto Orlando destac\u00f3 la importancia de la colaboraci\u00f3n interinstitucional y la necesidad de esfuerzos para encontrar soluciones duraderas e integrales a la escasez de agua y otros problemas relacionados con la gesti\u00f3n h\u00eddrica en la Mancomunidad Centro Norte.<\/p>\n\n\n\n<p>Su liderazgo en este proceso fue evidente desde el principio, mostrando su determinaci\u00f3n en la b\u00fasqueda de soluciones efectivas.<\/p>\n\n\n\n<p>Entre los temas discutidos en la reuni\u00f3n se incluyen estrategias para mejorar la infraestructura h\u00eddrica, como la reposici\u00f3n de tuber\u00edas que ya cumplieron su vida \u00fatil en ciertos sectores, la implementaci\u00f3n del proyecto de interconexi\u00f3n de agua desde la presa La Esperanza, adquisici\u00f3n de bombas tableros y sus complementos para la impulsi\u00f3n del l\u00edquido vital, realizar una hoja de ruta para el mantenimiento, la implementaci\u00f3n de proyectos de conservaci\u00f3n de agua, la promoci\u00f3n de buenas pr\u00e1cticas agr\u00edcolas y la b\u00fasqueda de financiamiento para iniciativas conjuntas.<\/p>\n\n\n\n<p>El Prefecto se comprometi\u00f3 a proporcionar el apoyo necesario desde la Prefectura dentro de las competencias, para llevar a cabo estos proyectos y garantizar que se ejecuten de manera eficiente. Adem\u00e1s, resalt\u00f3 la importancia de mantener la unidad en la toma de decisiones.<\/p>\n\n\n\n<p>La reuni\u00f3n concluy\u00f3 con una firma de compromiso por parte de todos los presentes para trabajar de la mano en la resoluci\u00f3n de la problem\u00e1tica h\u00eddrica y mejorar la calidad de vida de los habitantes de los 5 cantones que conforman la Mancomunidad Centro Norte de Manab\u00ed.<\/p>\n","protected":false},"excerpt":{"rendered":"<p>El Prefecto de la provincia de Manab\u00ed, Leonardo Orlando, demostr\u00f3 un compromiso s\u00f3lido con la resoluci\u00f3n de los desaf\u00edos h\u00eddricos que enfrentan los cantones mancomunados de Sucre, San Vicente, Tosagua, Bol\u00edvar y Jun\u00edn. En una reuni\u00f3n de trabajo realizada este jueves 6 de septiembre, el Prefecto Orlando se uni\u00f3 a los Alcaldes de estos cantones: [&hellip;]<\/p>\n","protected":false},"author":10,"featured_media":25668,"comment_status":"closed","ping_status":"closed","sticky":false,"template":"","format":"standard","meta":{"_joinchat":[],"footnotes":""},"categories":[142,143,92,89,160,91,130],"tags":[],"class_list":["post-25666","post","type-post","status-publish","format-standard","has-post-thumbnail","hentry","category-desarrollo-social","category-junin","category-noticias-manabi","category-riego-drenaje","category-sucre","category-todas","category-tosagua"],"yoast_head":"<!-- This site is optimized with the Yoast SEO plugin v27.4 - https:\/\/yoast.com\/product\/yoast-seo-wordpress\/ -->\n<title>El Prefecto Leonardo Orlando lidera un esfuerzo conjunto para abordar la problem\u00e1tica h\u00eddrica con los alcaldes que conforman la Mancomunidad Centro Norte de Manab\u00ed. - Prefectura de Manab\u00ed<\/title>\n<meta name=\"robots\" content=\"index, follow, max-snippet:-1, max-image-preview:large, max-video-preview:-1\" \/>\n<link rel=\"canonical\" href=\"https:\/\/www.manabi.gob.ec\/index.php\/el-prefecto-leonardo-orlando-lidera-un-esfuerzo-conjunto-para-abordar-la-problematica-hidrica-con-los-alcaldes-que-conforman-la-mancomunidad-centro-norte-de-manabi\/\" \/>\n<meta property=\"og:locale\" content=\"es_ES\" \/>\n<meta property=\"og:type\" content=\"article\" \/>\n<meta property=\"og:title\" content=\"El Prefecto Leonardo Orlando lidera un esfuerzo conjunto para abordar la problem\u00e1tica h\u00eddrica con los alcaldes que conforman la Mancomunidad Centro Norte de Manab\u00ed. - Prefectura de Manab\u00ed\" \/>\n<meta property=\"og:description\" content=\"El Prefecto de la provincia de Manab\u00ed, Leonardo Orlando, demostr\u00f3 un compromiso s\u00f3lido con la resoluci\u00f3n de los desaf\u00edos h\u00eddricos que enfrentan los cantones mancomunados de Sucre, San Vicente, Tosagua, Bol\u00edvar y Jun\u00edn. En una reuni\u00f3n de trabajo realizada este jueves 6 de septiembre, el Prefecto Orlando se uni\u00f3 a los Alcaldes de estos cantones: [&hellip;]\" \/>\n<meta property=\"og:url\" content=\"https:\/\/www.manabi.gob.ec\/index.php\/el-prefecto-leonardo-orlando-lidera-un-esfuerzo-conjunto-para-abordar-la-problematica-hidrica-con-los-alcaldes-que-conforman-la-mancomunidad-centro-norte-de-manabi\/\" \/>\n<meta property=\"og:site_name\" content=\"Prefectura de Manab\u00ed\" \/>\n<meta property=\"article:published_time\" content=\"2023-09-08T20:57:45+00:00\" \/>\n<meta property=\"article:modified_time\" content=\"2023-09-08T20:57:52+00:00\" \/>\n<meta property=\"og:image\" content=\"https:\/\/www.manabi.gob.ec\/wp-content\/uploads\/2023\/09\/WhatsApp-Image-2023-09-07-at-10.09.01.jpeg\" \/>\n\t<meta property=\"og:image:width\" content=\"1024\" \/>\n\t<meta property=\"og:image:height\" content=\"683\" \/>\n\t<meta property=\"og:image:type\" content=\"image\/jpeg\" \/>\n<meta name=\"author\" content=\"Lui Ochoa\" \/>\n<meta name=\"twitter:card\" content=\"summary_large_image\" \/>\n<meta name=\"twitter:label1\" content=\"Escrito por\" \/>\n\t<meta name=\"twitter:data1\" content=\"Lui Ochoa\" \/>\n\t<meta name=\"twitter:label2\" content=\"Tiempo de lectura\" \/>\n\t<meta name=\"twitter:data2\" content=\"2 minutos\" \/>\n<script type=\"application\/ld+json\" class=\"yoast-schema-graph\">{\"@context\":\"https:\\\/\\\/schema.org\",\"@graph\":[{\"@type\":\"Article\",\"@id\":\"https:\\\/\\\/www.manabi.gob.ec\\\/index.php\\\/el-prefecto-leonardo-orlando-lidera-un-esfuerzo-conjunto-para-abordar-la-problematica-hidrica-con-los-alcaldes-que-conforman-la-mancomunidad-centro-norte-de-manabi\\\/#article\",\"isPartOf\":{\"@id\":\"https:\\\/\\\/www.manabi.gob.ec\\\/index.php\\\/el-prefecto-leonardo-orlando-lidera-un-esfuerzo-conjunto-para-abordar-la-problematica-hidrica-con-los-alcaldes-que-conforman-la-mancomunidad-centro-norte-de-manabi\\\/\"},\"author\":{\"name\":\"Lui Ochoa\",\"@id\":\"https:\\\/\\\/www.manabi.gob.ec\\\/#\\\/schema\\\/person\\\/c4f117989332ad723a6ced5994aa7d7a\"},\"headline\":\"El Prefecto Leonardo Orlando lidera un esfuerzo conjunto para abordar la problem\u00e1tica h\u00eddrica con los alcaldes que conforman la Mancomunidad Centro Norte de Manab\u00ed.\",\"datePublished\":\"2023-09-08T20:57:45+00:00\",\"dateModified\":\"2023-09-08T20:57:52+00:00\",\"mainEntityOfPage\":{\"@id\":\"https:\\\/\\\/www.manabi.gob.ec\\\/index.php\\\/el-prefecto-leonardo-orlando-lidera-un-esfuerzo-conjunto-para-abordar-la-problematica-hidrica-con-los-alcaldes-que-conforman-la-mancomunidad-centro-norte-de-manabi\\\/\"},\"wordCount\":385,\"image\":{\"@id\":\"https:\\\/\\\/www.manabi.gob.ec\\\/index.php\\\/el-prefecto-leonardo-orlando-lidera-un-esfuerzo-conjunto-para-abordar-la-problematica-hidrica-con-los-alcaldes-que-conforman-la-mancomunidad-centro-norte-de-manabi\\\/#primaryimage\"},\"thumbnailUrl\":\"https:\\\/\\\/www.manabi.gob.ec\\\/wp-content\\\/uploads\\\/2023\\\/09\\\/WhatsApp-Image-2023-09-07-at-10.09.01.jpeg\",\"articleSection\":[\"Desarrollo Social\",\"Jun\u00edn\",\"Noticias\",\"Riego y drenaje\",\"Sucre\",\"Todas\",\"Tosagua\"],\"inLanguage\":\"es\"},{\"@type\":\"WebPage\",\"@id\":\"https:\\\/\\\/www.manabi.gob.ec\\\/index.php\\\/el-prefecto-leonardo-orlando-lidera-un-esfuerzo-conjunto-para-abordar-la-problematica-hidrica-con-los-alcaldes-que-conforman-la-mancomunidad-centro-norte-de-manabi\\\/\",\"url\":\"https:\\\/\\\/www.manabi.gob.ec\\\/index.php\\\/el-prefecto-leonardo-orlando-lidera-un-esfuerzo-conjunto-para-abordar-la-problematica-hidrica-con-los-alcaldes-que-conforman-la-mancomunidad-centro-norte-de-manabi\\\/\",\"name\":\"El Prefecto Leonardo Orlando lidera un esfuerzo conjunto para abordar la problem\u00e1tica h\u00eddrica con los alcaldes que conforman la Mancomunidad Centro Norte de Manab\u00ed. - Prefectura de Manab\u00ed\",\"isPartOf\":{\"@id\":\"https:\\\/\\\/www.manabi.gob.ec\\\/#website\"},\"primaryImageOfPage\":{\"@id\":\"https:\\\/\\\/www.manabi.gob.ec\\\/index.php\\\/el-prefecto-leonardo-orlando-lidera-un-esfuerzo-conjunto-para-abordar-la-problematica-hidrica-con-los-alcaldes-que-conforman-la-mancomunidad-centro-norte-de-manabi\\\/#primaryimage\"},\"image\":{\"@id\":\"https:\\\/\\\/www.manabi.gob.ec\\\/index.php\\\/el-prefecto-leonardo-orlando-lidera-un-esfuerzo-conjunto-para-abordar-la-problematica-hidrica-con-los-alcaldes-que-conforman-la-mancomunidad-centro-norte-de-manabi\\\/#primaryimage\"},\"thumbnailUrl\":\"https:\\\/\\\/www.manabi.gob.ec\\\/wp-content\\\/uploads\\\/2023\\\/09\\\/WhatsApp-Image-2023-09-07-at-10.09.01.jpeg\",\"datePublished\":\"2023-09-08T20:57:45+00:00\",\"dateModified\":\"2023-09-08T20:57:52+00:00\",\"author\":{\"@id\":\"https:\\\/\\\/www.manabi.gob.ec\\\/#\\\/schema\\\/person\\\/c4f117989332ad723a6ced5994aa7d7a\"},\"breadcrumb\":{\"@id\":\"https:\\\/\\\/www.manabi.gob.ec\\\/index.php\\\/el-prefecto-leonardo-orlando-lidera-un-esfuerzo-conjunto-para-abordar-la-problematica-hidrica-con-los-alcaldes-que-conforman-la-mancomunidad-centro-norte-de-manabi\\\/#breadcrumb\"},\"inLanguage\":\"es\",\"potentialAction\":[{\"@type\":\"ReadAction\",\"target\":[\"https:\\\/\\\/www.manabi.gob.ec\\\/index.php\\\/el-prefecto-leonardo-orlando-lidera-un-esfuerzo-conjunto-para-abordar-la-problematica-hidrica-con-los-alcaldes-que-conforman-la-mancomunidad-centro-norte-de-manabi\\\/\"]}]},{\"@type\":\"ImageObject\",\"inLanguage\":\"es\",\"@id\":\"https:\\\/\\\/www.manabi.gob.ec\\\/index.php\\\/el-prefecto-leonardo-orlando-lidera-un-esfuerzo-conjunto-para-abordar-la-problematica-hidrica-con-los-alcaldes-que-conforman-la-mancomunidad-centro-norte-de-manabi\\\/#primaryimage\",\"url\":\"https:\\\/\\\/www.manabi.gob.ec\\\/wp-content\\\/uploads\\\/2023\\\/09\\\/WhatsApp-Image-2023-09-07-at-10.09.01.jpeg\",\"contentUrl\":\"https:\\\/\\\/www.manabi.gob.ec\\\/wp-content\\\/uploads\\\/2023\\\/09\\\/WhatsApp-Image-2023-09-07-at-10.09.01.jpeg\",\"width\":1024,\"height\":683},{\"@type\":\"BreadcrumbList\",\"@id\":\"https:\\\/\\\/www.manabi.gob.ec\\\/index.php\\\/el-prefecto-leonardo-orlando-lidera-un-esfuerzo-conjunto-para-abordar-la-problematica-hidrica-con-los-alcaldes-que-conforman-la-mancomunidad-centro-norte-de-manabi\\\/#breadcrumb\",\"itemListElement\":[{\"@type\":\"ListItem\",\"position\":1,\"name\":\"Portada\",\"item\":\"https:\\\/\\\/www.manabi.gob.ec\\\/\"},{\"@type\":\"ListItem\",\"position\":2,\"name\":\"El Prefecto Leonardo Orlando lidera un esfuerzo conjunto para abordar la problem\u00e1tica h\u00eddrica con los alcaldes que conforman la Mancomunidad Centro Norte de Manab\u00ed.\"}]},{\"@type\":\"WebSite\",\"@id\":\"https:\\\/\\\/www.manabi.gob.ec\\\/#website\",\"url\":\"https:\\\/\\\/www.manabi.gob.ec\\\/\",\"name\":\"Prefectura de Manab\u00ed\",\"description\":\"P\u00e1gina web de la prefectura\",\"potentialAction\":[{\"@type\":\"SearchAction\",\"target\":{\"@type\":\"EntryPoint\",\"urlTemplate\":\"https:\\\/\\\/www.manabi.gob.ec\\\/?s={search_term_string}\"},\"query-input\":{\"@type\":\"PropertyValueSpecification\",\"valueRequired\":true,\"valueName\":\"search_term_string\"}}],\"inLanguage\":\"es\"},{\"@type\":\"Person\",\"@id\":\"https:\\\/\\\/www.manabi.gob.ec\\\/#\\\/schema\\\/person\\\/c4f117989332ad723a6ced5994aa7d7a\",\"name\":\"Lui Ochoa\",\"image\":{\"@type\":\"ImageObject\",\"inLanguage\":\"es\",\"@id\":\"https:\\\/\\\/secure.gravatar.com\\\/avatar\\\/6e8017d0fe69dead8a95864d2eb6e1e1d8bf8e01194ba49cf7b897ff038126ba?s=96&d=mm&r=g\",\"url\":\"https:\\\/\\\/secure.gravatar.com\\\/avatar\\\/6e8017d0fe69dead8a95864d2eb6e1e1d8bf8e01194ba49cf7b897ff038126ba?s=96&d=mm&r=g\",\"contentUrl\":\"https:\\\/\\\/secure.gravatar.com\\\/avatar\\\/6e8017d0fe69dead8a95864d2eb6e1e1d8bf8e01194ba49cf7b897ff038126ba?s=96&d=mm&r=g\",\"caption\":\"Lui Ochoa\"},\"url\":\"https:\\\/\\\/www.manabi.gob.ec\\\/index.php\\\/author\\\/lochoa\\\/\"}]}<\/script>\n<!-- \/ Yoast SEO plugin. -->","yoast_head_json":{"title":"El Prefecto Leonardo Orlando lidera un esfuerzo conjunto para abordar la problem\u00e1tica h\u00eddrica con los alcaldes que conforman la Mancomunidad Centro Norte de Manab\u00ed. - Prefectura de Manab\u00ed","robots":{"index":"index","follow":"follow","max-snippet":"max-snippet:-1","max-image-preview":"max-image-preview:large","max-video-preview":"max-video-preview:-1"},"canonical":"https:\/\/www.manabi.gob.ec\/index.php\/el-prefecto-leonardo-orlando-lidera-un-esfuerzo-conjunto-para-abordar-la-problematica-hidrica-con-los-alcaldes-que-conforman-la-mancomunidad-centro-norte-de-manabi\/","og_locale":"es_ES","og_type":"article","og_title":"El Prefecto Leonardo Orlando lidera un esfuerzo conjunto para abordar la problem\u00e1tica h\u00eddrica con los alcaldes que conforman la Mancomunidad Centro Norte de Manab\u00ed. - Prefectura de Manab\u00ed","og_description":"El Prefecto de la provincia de Manab\u00ed, Leonardo Orlando, demostr\u00f3 un compromiso s\u00f3lido con la resoluci\u00f3n de los desaf\u00edos h\u00eddricos que enfrentan los cantones mancomunados de Sucre, San Vicente, Tosagua, Bol\u00edvar y Jun\u00edn. En una reuni\u00f3n de trabajo realizada este jueves 6 de septiembre, el Prefecto Orlando se uni\u00f3 a los Alcaldes de estos cantones: [&hellip;]","og_url":"https:\/\/www.manabi.gob.ec\/index.php\/el-prefecto-leonardo-orlando-lidera-un-esfuerzo-conjunto-para-abordar-la-problematica-hidrica-con-los-alcaldes-que-conforman-la-mancomunidad-centro-norte-de-manabi\/","og_site_name":"Prefectura de Manab\u00ed","article_published_time":"2023-09-08T20:57:45+00:00","article_modified_time":"2023-09-08T20:57:52+00:00","og_image":[{"width":1024,"height":683,"url":"https:\/\/www.manabi.gob.ec\/wp-content\/uploads\/2023\/09\/WhatsApp-Image-2023-09-07-at-10.09.01.jpeg","type":"image\/jpeg"}],"author":"Lui Ochoa","twitter_card":"summary_large_image","twitter_misc":{"Escrito por":"Lui Ochoa","Tiempo de lectura":"2 minutos"},"schema":{"@context":"https:\/\/schema.org","@graph":[{"@type":"Article","@id":"https:\/\/www.manabi.gob.ec\/index.php\/el-prefecto-leonardo-orlando-lidera-un-esfuerzo-conjunto-para-abordar-la-problematica-hidrica-con-los-alcaldes-que-conforman-la-mancomunidad-centro-norte-de-manabi\/#article","isPartOf":{"@id":"https:\/\/www.manabi.gob.ec\/index.php\/el-prefecto-leonardo-orlando-lidera-un-esfuerzo-conjunto-para-abordar-la-problematica-hidrica-con-los-alcaldes-que-conforman-la-mancomunidad-centro-norte-de-manabi\/"},"author":{"name":"Lui Ochoa","@id":"https:\/\/www.manabi.gob.ec\/#\/schema\/person\/c4f117989332ad723a6ced5994aa7d7a"},"headline":"El Prefecto Leonardo Orlando lidera un esfuerzo conjunto para abordar la problem\u00e1tica h\u00eddrica con los alcaldes que conforman la Mancomunidad Centro Norte de Manab\u00ed.","datePublished":"2023-09-08T20:57:45+00:00","dateModified":"2023-09-08T20:57:52+00:00","mainEntityOfPage":{"@id":"https:\/\/www.manabi.gob.ec\/index.php\/el-prefecto-leonardo-orlando-lidera-un-esfuerzo-conjunto-para-abordar-la-problematica-hidrica-con-los-alcaldes-que-conforman-la-mancomunidad-centro-norte-de-manabi\/"},"wordCount":385,"image":{"@id":"https:\/\/www.manabi.gob.ec\/index.php\/el-prefecto-leonardo-orlando-lidera-un-esfuerzo-conjunto-para-abordar-la-problematica-hidrica-con-los-alcaldes-que-conforman-la-mancomunidad-centro-norte-de-manabi\/#primaryimage"},"thumbnailUrl":"https:\/\/www.manabi.gob.ec\/wp-content\/uploads\/2023\/09\/WhatsApp-Image-2023-09-07-at-10.09.01.jpeg","articleSection":["Desarrollo Social","Jun\u00edn","Noticias","Riego y drenaje","Sucre","Todas","Tosagua"],"inLanguage":"es"},{"@type":"WebPage","@id":"https:\/\/www.manabi.gob.ec\/index.php\/el-prefecto-leonardo-orlando-lidera-un-esfuerzo-conjunto-para-abordar-la-problematica-hidrica-con-los-alcaldes-que-conforman-la-mancomunidad-centro-norte-de-manabi\/","url":"https:\/\/www.manabi.gob.ec\/index.php\/el-prefecto-leonardo-orlando-lidera-un-esfuerzo-conjunto-para-abordar-la-problematica-hidrica-con-los-alcaldes-que-conforman-la-mancomunidad-centro-norte-de-manabi\/","name":"El Prefecto Leonardo Orlando lidera un esfuerzo conjunto para abordar la problem\u00e1tica h\u00eddrica con los alcaldes que conforman la Mancomunidad Centro Norte de Manab\u00ed. - Prefectura de Manab\u00ed","isPartOf":{"@id":"https:\/\/www.manabi.gob.ec\/#website"},"primaryImageOfPage":{"@id":"https:\/\/www.manabi.gob.ec\/index.php\/el-prefecto-leonardo-orlando-lidera-un-esfuerzo-conjunto-para-abordar-la-problematica-hidrica-con-los-alcaldes-que-conforman-la-mancomunidad-centro-norte-de-manabi\/#primaryimage"},"image":{"@id":"https:\/\/www.manabi.gob.ec\/index.php\/el-prefecto-leonardo-orlando-lidera-un-esfuerzo-conjunto-para-abordar-la-problematica-hidrica-con-los-alcaldes-que-conforman-la-mancomunidad-centro-norte-de-manabi\/#primaryimage"},"thumbnailUrl":"https:\/\/www.manabi.gob.ec\/wp-content\/uploads\/2023\/09\/WhatsApp-Image-2023-09-07-at-10.09.01.jpeg","datePublished":"2023-09-08T20:57:45+00:00","dateModified":"2023-09-08T20:57:52+00:00","author":{"@id":"https:\/\/www.manabi.gob.ec\/#\/schema\/person\/c4f117989332ad723a6ced5994aa7d7a"},"breadcrumb":{"@id":"https:\/\/www.manabi.gob.ec\/index.php\/el-prefecto-leonardo-orlando-lidera-un-esfuerzo-conjunto-para-abordar-la-problematica-hidrica-con-los-alcaldes-que-conforman-la-mancomunidad-centro-norte-de-manabi\/#breadcrumb"},"inLanguage":"es","potentialAction":[{"@type":"ReadAction","target":["https:\/\/www.manabi.gob.ec\/index.php\/el-prefecto-leonardo-orlando-lidera-un-esfuerzo-conjunto-para-abordar-la-problematica-hidrica-con-los-alcaldes-que-conforman-la-mancomunidad-centro-norte-de-manabi\/"]}]},{"@type":"ImageObject","inLanguage":"es","@id":"https:\/\/www.manabi.gob.ec\/index.php\/el-prefecto-leonardo-orlando-lidera-un-esfuerzo-conjunto-para-abordar-la-problematica-hidrica-con-los-alcaldes-que-conforman-la-mancomunidad-centro-norte-de-manabi\/#primaryimage","url":"https:\/\/www.manabi.gob.ec\/wp-content\/uploads\/2023\/09\/WhatsApp-Image-2023-09-07-at-10.09.01.jpeg","contentUrl":"https:\/\/www.manabi.gob.ec\/wp-content\/uploads\/2023\/09\/WhatsApp-Image-2023-09-07-at-10.09.01.jpeg","width":1024,"height":683},{"@type":"BreadcrumbList","@id":"https:\/\/www.manabi.gob.ec\/index.php\/el-prefecto-leonardo-orlando-lidera-un-esfuerzo-conjunto-para-abordar-la-problematica-hidrica-con-los-alcaldes-que-conforman-la-mancomunidad-centro-norte-de-manabi\/#breadcrumb","itemListElement":[{"@type":"ListItem","position":1,"name":"Portada","item":"https:\/\/www.manabi.gob.ec\/"},{"@type":"ListItem","position":2,"name":"El Prefecto Leonardo Orlando lidera un esfuerzo conjunto para abordar la problem\u00e1tica h\u00eddrica con los alcaldes que conforman la Mancomunidad Centro Norte de Manab\u00ed."}]},{"@type":"WebSite","@id":"https:\/\/www.manabi.gob.ec\/#website","url":"https:\/\/www.manabi.gob.ec\/","name":"Prefectura de Manab\u00ed","description":"P\u00e1gina web de la prefectura","potentialAction":[{"@type":"SearchAction","target":{"@type":"EntryPoint","urlTemplate":"https:\/\/www.manabi.gob.ec\/?s={search_term_string}"},"query-input":{"@type":"PropertyValueSpecification","valueRequired":true,"valueName":"search_term_string"}}],"inLanguage":"es"},{"@type":"Person","@id":"https:\/\/www.manabi.gob.ec\/#\/schema\/person\/c4f117989332ad723a6ced5994aa7d7a","name":"Lui Ochoa","image":{"@type":"ImageObject","inLanguage":"es","@id":"https:\/\/secure.gravatar.com\/avatar\/6e8017d0fe69dead8a95864d2eb6e1e1d8bf8e01194ba49cf7b897ff038126ba?s=96&d=mm&r=g","url":"https:\/\/secure.gravatar.com\/avatar\/6e8017d0fe69dead8a95864d2eb6e1e1d8bf8e01194ba49cf7b897ff038126ba?s=96&d=mm&r=g","contentUrl":"https:\/\/secure.gravatar.com\/avatar\/6e8017d0fe69dead8a95864d2eb6e1e1d8bf8e01194ba49cf7b897ff038126ba?s=96&d=mm&r=g","caption":"Lui Ochoa"},"url":"https:\/\/www.manabi.gob.ec\/index.php\/author\/lochoa\/"}]}},"jetpack_featured_media_url":"https:\/\/www.manabi.gob.ec\/wp-content\/uploads\/2023\/09\/WhatsApp-Image-2023-09-07-at-10.09.01.jpeg","_links":{"self":[{"href":"https:\/\/www.manabi.gob.ec\/index.php\/wp-json\/wp\/v2\/posts\/25666","targetHints":{"allow":["GET"]}}],"collection":[{"href":"https:\/\/www.manabi.gob.ec\/index.php\/wp-json\/wp\/v2\/posts"}],"about":[{"href":"https:\/\/www.manabi.gob.ec\/index.php\/wp-json\/wp\/v2\/types\/post"}],"author":[{"embeddable":true,"href":"https:\/\/www.manabi.gob.ec\/index.php\/wp-json\/wp\/v2\/users\/10"}],"replies":[{"embeddable":true,"href":"https:\/\/www.manabi.gob.ec\/index.php\/wp-json\/wp\/v2\/comments?post=25666"}],"version-history":[{"count":0,"href":"https:\/\/www.manabi.gob.ec\/index.php\/wp-json\/wp\/v2\/posts\/25666\/revisions"}],"wp:featuredmedia":[{"embeddable":true,"href":"https:\/\/www.manabi.gob.ec\/index.php\/wp-json\/wp\/v2\/media\/25668"}],"wp:attachment":[{"href":"https:\/\/www.manabi.gob.ec\/index.php\/wp-json\/wp\/v2\/media?parent=25666"}],"wp:term":[{"taxonomy":"category","embeddable":true,"href":"https:\/\/www.manabi.gob.ec\/index.php\/wp-json\/wp\/v2\/categories?post=25666"},{"taxonomy":"post_tag","embeddable":true,"href":"https:\/\/www.manabi.gob.ec\/index.php\/wp-json\/wp\/v2\/tags?post=25666"}],"curies":[{"name":"wp","href":"https:\/\/api.w.org\/{rel}","templated":true}]}}