{"id":25737,"date":"2023-09-17T02:41:17","date_gmt":"2023-09-17T02:41:17","guid":{"rendered":"https:\/\/www.manabi.gob.ec\/?p=25737"},"modified":"2023-09-17T02:41:24","modified_gmt":"2023-09-17T02:41:24","slug":"el-festival-el-avenidazo-regresa-para-su-decima-tercera-edicion-el-28-de-octubre","status":"publish","type":"post","link":"https:\/\/www.manabi.gob.ec\/index.php\/el-festival-el-avenidazo-regresa-para-su-decima-tercera-edicion-el-28-de-octubre\/","title":{"rendered":"El festival El Avenidazo regresa para su d\u00e9cima tercera edici\u00f3n el 28 de octubre."},"content":{"rendered":"\n<p>La emoci\u00f3n est\u00e1 en el aire mientras nos preparamos para la d\u00e9cimo tercera edici\u00f3n del festival El Avenidazo, que tendr\u00e1 lugar el 28 de octubre en Portoviejo.<\/p>\n\n\n\n<p>El Prefecto de Manab\u00ed, Leonardo Orlando, junto con la directiva del Club La Esquina de P\u00e9rez y el alcalde de Portoviejo, Javier Pincay, fue parte de una reuni\u00f3n con los medios de comunicaci\u00f3n para anunciar esta buena noticia.<\/p>\n\n\n\n<p>El festival, que se ha convertido en una tradici\u00f3n muy esperada en Portoviejo y Manab\u00ed, promete ser m\u00e1s grande y mejor que nunca. Con 5 tarimas y 10 orquestas, la m\u00fasica y la alegr\u00eda llenar\u00e1n el ambiente mientras celebramos en grande.<\/p>\n\n\n\n<p>La avenida Manab\u00ed ser\u00e1 el centro de la diversi\u00f3n, se cerrar\u00e1 desde la calle Am\u00e9rica hasta el ex aeropuerto, espacio donde la comunidad se reunir\u00e1 para celebrar la cultura, la m\u00fasica y la unidad que caracteriza a los portovejenses y los manabitas.<\/p>\n\n\n\n<p>El Prefecto en su intervenci\u00f3n comparti\u00f3 su satisfacci\u00f3n por colaborar para hacer posible este evento. \u201cEstoy satisfecho de la participaci\u00f3n conjunta de instituciones p\u00fablicas y privadas para promover la realizaci\u00f3n de este evento art\u00edstico y cultural. El Avenidazo es una celebraci\u00f3n de la identidad manabita y una oportunidad para que los turistas nacionales y extranjeros se sumerjan en nuestra cultura y tradiciones. Adem\u00e1s, contribuye a la reactivaci\u00f3n econ\u00f3mica de la provincia\u00bb, expres\u00f3 la autoridad provincial<\/p>\n\n\n\n<p>Este a\u00f1o, m\u00e1s que nunca, el Festival El Avenidazo promete una noche llena de m\u00fasica, baile y alegr\u00eda y mostrando al mundo lo que Portoviejo y Manab\u00ed tiene para ofrecer.<\/p>\n","protected":false},"excerpt":{"rendered":"<p>La emoci\u00f3n est\u00e1 en el aire mientras nos preparamos para la d\u00e9cimo tercera edici\u00f3n del festival El Avenidazo, que tendr\u00e1 lugar el 28 de octubre en Portoviejo. El Prefecto de Manab\u00ed, Leonardo Orlando, junto con la directiva del Club La Esquina de P\u00e9rez y el alcalde de Portoviejo, Javier Pincay, fue parte de una reuni\u00f3n [&hellip;]<\/p>\n","protected":false},"author":10,"featured_media":25738,"comment_status":"closed","ping_status":"closed","sticky":false,"template":"","format":"standard","meta":{"_joinchat":[],"footnotes":""},"categories":[142,92,132,91,81],"tags":[],"class_list":["post-25737","post","type-post","status-publish","format-standard","has-post-thumbnail","hentry","category-desarrollo-social","category-noticias-manabi","category-portoviejo","category-todas","category-turismo"],"yoast_head":"<!-- This site is optimized with the Yoast SEO plugin v27.4 - https:\/\/yoast.com\/product\/yoast-seo-wordpress\/ -->\n<title>El festival El Avenidazo regresa para su d\u00e9cima tercera edici\u00f3n el 28 de octubre. - Prefectura de Manab\u00ed<\/title>\n<meta name=\"robots\" content=\"index, follow, max-snippet:-1, max-image-preview:large, max-video-preview:-1\" \/>\n<link rel=\"canonical\" href=\"https:\/\/www.manabi.gob.ec\/index.php\/el-festival-el-avenidazo-regresa-para-su-decima-tercera-edicion-el-28-de-octubre\/\" \/>\n<meta property=\"og:locale\" content=\"es_ES\" \/>\n<meta property=\"og:type\" content=\"article\" \/>\n<meta property=\"og:title\" content=\"El festival El Avenidazo regresa para su d\u00e9cima tercera edici\u00f3n el 28 de octubre. - Prefectura de Manab\u00ed\" \/>\n<meta property=\"og:description\" content=\"La emoci\u00f3n est\u00e1 en el aire mientras nos preparamos para la d\u00e9cimo tercera edici\u00f3n del festival El Avenidazo, que tendr\u00e1 lugar el 28 de octubre en Portoviejo. El Prefecto de Manab\u00ed, Leonardo Orlando, junto con la directiva del Club La Esquina de P\u00e9rez y el alcalde de Portoviejo, Javier Pincay, fue parte de una reuni\u00f3n [&hellip;]\" \/>\n<meta property=\"og:url\" content=\"https:\/\/www.manabi.gob.ec\/index.php\/el-festival-el-avenidazo-regresa-para-su-decima-tercera-edicion-el-28-de-octubre\/\" \/>\n<meta property=\"og:site_name\" content=\"Prefectura de Manab\u00ed\" \/>\n<meta property=\"article:published_time\" content=\"2023-09-17T02:41:17+00:00\" \/>\n<meta property=\"article:modified_time\" content=\"2023-09-17T02:41:24+00:00\" \/>\n<meta property=\"og:image\" content=\"https:\/\/www.manabi.gob.ec\/wp-content\/uploads\/2023\/09\/WhatsApp-Image-2023-09-13-at-08.44.22.jpeg\" \/>\n\t<meta property=\"og:image:width\" content=\"1024\" \/>\n\t<meta property=\"og:image:height\" content=\"683\" \/>\n\t<meta property=\"og:image:type\" content=\"image\/jpeg\" \/>\n<meta name=\"author\" content=\"Lui Ochoa\" \/>\n<meta name=\"twitter:card\" content=\"summary_large_image\" \/>\n<meta name=\"twitter:label1\" content=\"Escrito por\" \/>\n\t<meta name=\"twitter:data1\" content=\"Lui Ochoa\" \/>\n\t<meta name=\"twitter:label2\" content=\"Tiempo de lectura\" \/>\n\t<meta name=\"twitter:data2\" content=\"2 minutos\" \/>\n<script type=\"application\/ld+json\" class=\"yoast-schema-graph\">{\"@context\":\"https:\\\/\\\/schema.org\",\"@graph\":[{\"@type\":\"Article\",\"@id\":\"https:\\\/\\\/www.manabi.gob.ec\\\/index.php\\\/el-festival-el-avenidazo-regresa-para-su-decima-tercera-edicion-el-28-de-octubre\\\/#article\",\"isPartOf\":{\"@id\":\"https:\\\/\\\/www.manabi.gob.ec\\\/index.php\\\/el-festival-el-avenidazo-regresa-para-su-decima-tercera-edicion-el-28-de-octubre\\\/\"},\"author\":{\"name\":\"Lui Ochoa\",\"@id\":\"https:\\\/\\\/www.manabi.gob.ec\\\/#\\\/schema\\\/person\\\/c4f117989332ad723a6ced5994aa7d7a\"},\"headline\":\"El festival El Avenidazo regresa para su d\u00e9cima tercera edici\u00f3n el 28 de octubre.\",\"datePublished\":\"2023-09-17T02:41:17+00:00\",\"dateModified\":\"2023-09-17T02:41:24+00:00\",\"mainEntityOfPage\":{\"@id\":\"https:\\\/\\\/www.manabi.gob.ec\\\/index.php\\\/el-festival-el-avenidazo-regresa-para-su-decima-tercera-edicion-el-28-de-octubre\\\/\"},\"wordCount\":293,\"image\":{\"@id\":\"https:\\\/\\\/www.manabi.gob.ec\\\/index.php\\\/el-festival-el-avenidazo-regresa-para-su-decima-tercera-edicion-el-28-de-octubre\\\/#primaryimage\"},\"thumbnailUrl\":\"https:\\\/\\\/www.manabi.gob.ec\\\/wp-content\\\/uploads\\\/2023\\\/09\\\/WhatsApp-Image-2023-09-13-at-08.44.22.jpeg\",\"articleSection\":[\"Desarrollo Social\",\"Noticias\",\"Portoviejo\",\"Todas\",\"Turismo\"],\"inLanguage\":\"es\"},{\"@type\":\"WebPage\",\"@id\":\"https:\\\/\\\/www.manabi.gob.ec\\\/index.php\\\/el-festival-el-avenidazo-regresa-para-su-decima-tercera-edicion-el-28-de-octubre\\\/\",\"url\":\"https:\\\/\\\/www.manabi.gob.ec\\\/index.php\\\/el-festival-el-avenidazo-regresa-para-su-decima-tercera-edicion-el-28-de-octubre\\\/\",\"name\":\"El festival El Avenidazo regresa para su d\u00e9cima tercera edici\u00f3n el 28 de octubre. - Prefectura de Manab\u00ed\",\"isPartOf\":{\"@id\":\"https:\\\/\\\/www.manabi.gob.ec\\\/#website\"},\"primaryImageOfPage\":{\"@id\":\"https:\\\/\\\/www.manabi.gob.ec\\\/index.php\\\/el-festival-el-avenidazo-regresa-para-su-decima-tercera-edicion-el-28-de-octubre\\\/#primaryimage\"},\"image\":{\"@id\":\"https:\\\/\\\/www.manabi.gob.ec\\\/index.php\\\/el-festival-el-avenidazo-regresa-para-su-decima-tercera-edicion-el-28-de-octubre\\\/#primaryimage\"},\"thumbnailUrl\":\"https:\\\/\\\/www.manabi.gob.ec\\\/wp-content\\\/uploads\\\/2023\\\/09\\\/WhatsApp-Image-2023-09-13-at-08.44.22.jpeg\",\"datePublished\":\"2023-09-17T02:41:17+00:00\",\"dateModified\":\"2023-09-17T02:41:24+00:00\",\"author\":{\"@id\":\"https:\\\/\\\/www.manabi.gob.ec\\\/#\\\/schema\\\/person\\\/c4f117989332ad723a6ced5994aa7d7a\"},\"breadcrumb\":{\"@id\":\"https:\\\/\\\/www.manabi.gob.ec\\\/index.php\\\/el-festival-el-avenidazo-regresa-para-su-decima-tercera-edicion-el-28-de-octubre\\\/#breadcrumb\"},\"inLanguage\":\"es\",\"potentialAction\":[{\"@type\":\"ReadAction\",\"target\":[\"https:\\\/\\\/www.manabi.gob.ec\\\/index.php\\\/el-festival-el-avenidazo-regresa-para-su-decima-tercera-edicion-el-28-de-octubre\\\/\"]}]},{\"@type\":\"ImageObject\",\"inLanguage\":\"es\",\"@id\":\"https:\\\/\\\/www.manabi.gob.ec\\\/index.php\\\/el-festival-el-avenidazo-regresa-para-su-decima-tercera-edicion-el-28-de-octubre\\\/#primaryimage\",\"url\":\"https:\\\/\\\/www.manabi.gob.ec\\\/wp-content\\\/uploads\\\/2023\\\/09\\\/WhatsApp-Image-2023-09-13-at-08.44.22.jpeg\",\"contentUrl\":\"https:\\\/\\\/www.manabi.gob.ec\\\/wp-content\\\/uploads\\\/2023\\\/09\\\/WhatsApp-Image-2023-09-13-at-08.44.22.jpeg\",\"width\":1024,\"height\":683},{\"@type\":\"BreadcrumbList\",\"@id\":\"https:\\\/\\\/www.manabi.gob.ec\\\/index.php\\\/el-festival-el-avenidazo-regresa-para-su-decima-tercera-edicion-el-28-de-octubre\\\/#breadcrumb\",\"itemListElement\":[{\"@type\":\"ListItem\",\"position\":1,\"name\":\"Portada\",\"item\":\"https:\\\/\\\/www.manabi.gob.ec\\\/\"},{\"@type\":\"ListItem\",\"position\":2,\"name\":\"El festival El Avenidazo regresa para su d\u00e9cima tercera edici\u00f3n el 28 de octubre.\"}]},{\"@type\":\"WebSite\",\"@id\":\"https:\\\/\\\/www.manabi.gob.ec\\\/#website\",\"url\":\"https:\\\/\\\/www.manabi.gob.ec\\\/\",\"name\":\"Prefectura de Manab\u00ed\",\"description\":\"P\u00e1gina web de la prefectura\",\"potentialAction\":[{\"@type\":\"SearchAction\",\"target\":{\"@type\":\"EntryPoint\",\"urlTemplate\":\"https:\\\/\\\/www.manabi.gob.ec\\\/?s={search_term_string}\"},\"query-input\":{\"@type\":\"PropertyValueSpecification\",\"valueRequired\":true,\"valueName\":\"search_term_string\"}}],\"inLanguage\":\"es\"},{\"@type\":\"Person\",\"@id\":\"https:\\\/\\\/www.manabi.gob.ec\\\/#\\\/schema\\\/person\\\/c4f117989332ad723a6ced5994aa7d7a\",\"name\":\"Lui Ochoa\",\"image\":{\"@type\":\"ImageObject\",\"inLanguage\":\"es\",\"@id\":\"https:\\\/\\\/secure.gravatar.com\\\/avatar\\\/6e8017d0fe69dead8a95864d2eb6e1e1d8bf8e01194ba49cf7b897ff038126ba?s=96&d=mm&r=g\",\"url\":\"https:\\\/\\\/secure.gravatar.com\\\/avatar\\\/6e8017d0fe69dead8a95864d2eb6e1e1d8bf8e01194ba49cf7b897ff038126ba?s=96&d=mm&r=g\",\"contentUrl\":\"https:\\\/\\\/secure.gravatar.com\\\/avatar\\\/6e8017d0fe69dead8a95864d2eb6e1e1d8bf8e01194ba49cf7b897ff038126ba?s=96&d=mm&r=g\",\"caption\":\"Lui Ochoa\"},\"url\":\"https:\\\/\\\/www.manabi.gob.ec\\\/index.php\\\/author\\\/lochoa\\\/\"}]}<\/script>\n<!-- \/ Yoast SEO plugin. -->","yoast_head_json":{"title":"El festival El Avenidazo regresa para su d\u00e9cima tercera edici\u00f3n el 28 de octubre. - Prefectura de Manab\u00ed","robots":{"index":"index","follow":"follow","max-snippet":"max-snippet:-1","max-image-preview":"max-image-preview:large","max-video-preview":"max-video-preview:-1"},"canonical":"https:\/\/www.manabi.gob.ec\/index.php\/el-festival-el-avenidazo-regresa-para-su-decima-tercera-edicion-el-28-de-octubre\/","og_locale":"es_ES","og_type":"article","og_title":"El festival El Avenidazo regresa para su d\u00e9cima tercera edici\u00f3n el 28 de octubre. - Prefectura de Manab\u00ed","og_description":"La emoci\u00f3n est\u00e1 en el aire mientras nos preparamos para la d\u00e9cimo tercera edici\u00f3n del festival El Avenidazo, que tendr\u00e1 lugar el 28 de octubre en Portoviejo. El Prefecto de Manab\u00ed, Leonardo Orlando, junto con la directiva del Club La Esquina de P\u00e9rez y el alcalde de Portoviejo, Javier Pincay, fue parte de una reuni\u00f3n [&hellip;]","og_url":"https:\/\/www.manabi.gob.ec\/index.php\/el-festival-el-avenidazo-regresa-para-su-decima-tercera-edicion-el-28-de-octubre\/","og_site_name":"Prefectura de Manab\u00ed","article_published_time":"2023-09-17T02:41:17+00:00","article_modified_time":"2023-09-17T02:41:24+00:00","og_image":[{"width":1024,"height":683,"url":"https:\/\/www.manabi.gob.ec\/wp-content\/uploads\/2023\/09\/WhatsApp-Image-2023-09-13-at-08.44.22.jpeg","type":"image\/jpeg"}],"author":"Lui Ochoa","twitter_card":"summary_large_image","twitter_misc":{"Escrito por":"Lui Ochoa","Tiempo de lectura":"2 minutos"},"schema":{"@context":"https:\/\/schema.org","@graph":[{"@type":"Article","@id":"https:\/\/www.manabi.gob.ec\/index.php\/el-festival-el-avenidazo-regresa-para-su-decima-tercera-edicion-el-28-de-octubre\/#article","isPartOf":{"@id":"https:\/\/www.manabi.gob.ec\/index.php\/el-festival-el-avenidazo-regresa-para-su-decima-tercera-edicion-el-28-de-octubre\/"},"author":{"name":"Lui Ochoa","@id":"https:\/\/www.manabi.gob.ec\/#\/schema\/person\/c4f117989332ad723a6ced5994aa7d7a"},"headline":"El festival El Avenidazo regresa para su d\u00e9cima tercera edici\u00f3n el 28 de octubre.","datePublished":"2023-09-17T02:41:17+00:00","dateModified":"2023-09-17T02:41:24+00:00","mainEntityOfPage":{"@id":"https:\/\/www.manabi.gob.ec\/index.php\/el-festival-el-avenidazo-regresa-para-su-decima-tercera-edicion-el-28-de-octubre\/"},"wordCount":293,"image":{"@id":"https:\/\/www.manabi.gob.ec\/index.php\/el-festival-el-avenidazo-regresa-para-su-decima-tercera-edicion-el-28-de-octubre\/#primaryimage"},"thumbnailUrl":"https:\/\/www.manabi.gob.ec\/wp-content\/uploads\/2023\/09\/WhatsApp-Image-2023-09-13-at-08.44.22.jpeg","articleSection":["Desarrollo Social","Noticias","Portoviejo","Todas","Turismo"],"inLanguage":"es"},{"@type":"WebPage","@id":"https:\/\/www.manabi.gob.ec\/index.php\/el-festival-el-avenidazo-regresa-para-su-decima-tercera-edicion-el-28-de-octubre\/","url":"https:\/\/www.manabi.gob.ec\/index.php\/el-festival-el-avenidazo-regresa-para-su-decima-tercera-edicion-el-28-de-octubre\/","name":"El festival El Avenidazo regresa para su d\u00e9cima tercera edici\u00f3n el 28 de octubre. - Prefectura de Manab\u00ed","isPartOf":{"@id":"https:\/\/www.manabi.gob.ec\/#website"},"primaryImageOfPage":{"@id":"https:\/\/www.manabi.gob.ec\/index.php\/el-festival-el-avenidazo-regresa-para-su-decima-tercera-edicion-el-28-de-octubre\/#primaryimage"},"image":{"@id":"https:\/\/www.manabi.gob.ec\/index.php\/el-festival-el-avenidazo-regresa-para-su-decima-tercera-edicion-el-28-de-octubre\/#primaryimage"},"thumbnailUrl":"https:\/\/www.manabi.gob.ec\/wp-content\/uploads\/2023\/09\/WhatsApp-Image-2023-09-13-at-08.44.22.jpeg","datePublished":"2023-09-17T02:41:17+00:00","dateModified":"2023-09-17T02:41:24+00:00","author":{"@id":"https:\/\/www.manabi.gob.ec\/#\/schema\/person\/c4f117989332ad723a6ced5994aa7d7a"},"breadcrumb":{"@id":"https:\/\/www.manabi.gob.ec\/index.php\/el-festival-el-avenidazo-regresa-para-su-decima-tercera-edicion-el-28-de-octubre\/#breadcrumb"},"inLanguage":"es","potentialAction":[{"@type":"ReadAction","target":["https:\/\/www.manabi.gob.ec\/index.php\/el-festival-el-avenidazo-regresa-para-su-decima-tercera-edicion-el-28-de-octubre\/"]}]},{"@type":"ImageObject","inLanguage":"es","@id":"https:\/\/www.manabi.gob.ec\/index.php\/el-festival-el-avenidazo-regresa-para-su-decima-tercera-edicion-el-28-de-octubre\/#primaryimage","url":"https:\/\/www.manabi.gob.ec\/wp-content\/uploads\/2023\/09\/WhatsApp-Image-2023-09-13-at-08.44.22.jpeg","contentUrl":"https:\/\/www.manabi.gob.ec\/wp-content\/uploads\/2023\/09\/WhatsApp-Image-2023-09-13-at-08.44.22.jpeg","width":1024,"height":683},{"@type":"BreadcrumbList","@id":"https:\/\/www.manabi.gob.ec\/index.php\/el-festival-el-avenidazo-regresa-para-su-decima-tercera-edicion-el-28-de-octubre\/#breadcrumb","itemListElement":[{"@type":"ListItem","position":1,"name":"Portada","item":"https:\/\/www.manabi.gob.ec\/"},{"@type":"ListItem","position":2,"name":"El festival El Avenidazo regresa para su d\u00e9cima tercera edici\u00f3n el 28 de octubre."}]},{"@type":"WebSite","@id":"https:\/\/www.manabi.gob.ec\/#website","url":"https:\/\/www.manabi.gob.ec\/","name":"Prefectura de Manab\u00ed","description":"P\u00e1gina web de la prefectura","potentialAction":[{"@type":"SearchAction","target":{"@type":"EntryPoint","urlTemplate":"https:\/\/www.manabi.gob.ec\/?s={search_term_string}"},"query-input":{"@type":"PropertyValueSpecification","valueRequired":true,"valueName":"search_term_string"}}],"inLanguage":"es"},{"@type":"Person","@id":"https:\/\/www.manabi.gob.ec\/#\/schema\/person\/c4f117989332ad723a6ced5994aa7d7a","name":"Lui Ochoa","image":{"@type":"ImageObject","inLanguage":"es","@id":"https:\/\/secure.gravatar.com\/avatar\/6e8017d0fe69dead8a95864d2eb6e1e1d8bf8e01194ba49cf7b897ff038126ba?s=96&d=mm&r=g","url":"https:\/\/secure.gravatar.com\/avatar\/6e8017d0fe69dead8a95864d2eb6e1e1d8bf8e01194ba49cf7b897ff038126ba?s=96&d=mm&r=g","contentUrl":"https:\/\/secure.gravatar.com\/avatar\/6e8017d0fe69dead8a95864d2eb6e1e1d8bf8e01194ba49cf7b897ff038126ba?s=96&d=mm&r=g","caption":"Lui Ochoa"},"url":"https:\/\/www.manabi.gob.ec\/index.php\/author\/lochoa\/"}]}},"jetpack_featured_media_url":"https:\/\/www.manabi.gob.ec\/wp-content\/uploads\/2023\/09\/WhatsApp-Image-2023-09-13-at-08.44.22.jpeg","_links":{"self":[{"href":"https:\/\/www.manabi.gob.ec\/index.php\/wp-json\/wp\/v2\/posts\/25737","targetHints":{"allow":["GET"]}}],"collection":[{"href":"https:\/\/www.manabi.gob.ec\/index.php\/wp-json\/wp\/v2\/posts"}],"about":[{"href":"https:\/\/www.manabi.gob.ec\/index.php\/wp-json\/wp\/v2\/types\/post"}],"author":[{"embeddable":true,"href":"https:\/\/www.manabi.gob.ec\/index.php\/wp-json\/wp\/v2\/users\/10"}],"replies":[{"embeddable":true,"href":"https:\/\/www.manabi.gob.ec\/index.php\/wp-json\/wp\/v2\/comments?post=25737"}],"version-history":[{"count":0,"href":"https:\/\/www.manabi.gob.ec\/index.php\/wp-json\/wp\/v2\/posts\/25737\/revisions"}],"wp:featuredmedia":[{"embeddable":true,"href":"https:\/\/www.manabi.gob.ec\/index.php\/wp-json\/wp\/v2\/media\/25738"}],"wp:attachment":[{"href":"https:\/\/www.manabi.gob.ec\/index.php\/wp-json\/wp\/v2\/media?parent=25737"}],"wp:term":[{"taxonomy":"category","embeddable":true,"href":"https:\/\/www.manabi.gob.ec\/index.php\/wp-json\/wp\/v2\/categories?post=25737"},{"taxonomy":"post_tag","embeddable":true,"href":"https:\/\/www.manabi.gob.ec\/index.php\/wp-json\/wp\/v2\/tags?post=25737"}],"curies":[{"name":"wp","href":"https:\/\/api.w.org\/{rel}","templated":true}]}}