{"id":25818,"date":"2023-09-26T18:41:44","date_gmt":"2023-09-26T18:41:44","guid":{"rendered":"https:\/\/www.manabi.gob.ec\/?p=25818"},"modified":"2023-09-26T18:41:49","modified_gmt":"2023-09-26T18:41:49","slug":"brigada-medica-de-la-prefectura-de-manabi-atendio-en-santa-maria","status":"publish","type":"post","link":"https:\/\/www.manabi.gob.ec\/index.php\/brigada-medica-de-la-prefectura-de-manabi-atendio-en-santa-maria\/","title":{"rendered":"BRIGADA M\u00c9DICA DE LA PREFECTURA DE MANAB\u00cd ATENDI\u00d3 EN SANTA MARIA"},"content":{"rendered":"\n<p>La comunidad de la parroquia Santa Mar\u00eda de la Manga del Cura en el cant\u00f3n El Carmen, vivi\u00f3 un d\u00eda de esperanza y gratitud gracias a la brigada m\u00e9dica organizada por la Prefectura de Manab\u00ed a trav\u00e9s de la Direcci\u00f3n de Desarrollo Humano.<\/p>\n\n\n\n<p>\u00abEstamos muy contentos y agradecidos con la Prefectura, por enviarnos a los doctores de forma gratuita para que nos atiendan especialmente a las personas que somos de escasos recursos econ\u00f3micos, que no tenemos c\u00f3mo pagar una consulta particular y peor a\u00fan comprar los remedios\u00bb, indic\u00f3 Gil Manuel V\u00e9lez, habitante del sector.<\/p>\n\n\n\n<p>La jornada de salud que incluy\u00f3 entrega de f\u00e1rmacos y lentes gratis, se desarroll\u00f3 en el parque de la parroquia Santa Mar\u00eda desde las 9 de la ma\u00f1ana hasta pasado el mediod\u00eda, hasta donde llegaron ni\u00f1as, ni\u00f1os, mujeres embarazadas, adultos mayores y personas con discapacidad para recibir la atenci\u00f3n m\u00e9dica.<\/p>\n\n\n\n<p>M\u00e1s 129 atenciones realizaron los profesionales de la salud, dirigidos por la Bel\u00e9n Gines, profesional de la salud de la Prefectura de Manab\u00ed, quienes entregaron atenci\u00f3n en medicina general, nutrici\u00f3n, odontolog\u00eda y optometr\u00eda, entre los f\u00e1rmacos diagnosticados a los pacientes, constaban Analg\u00e9sicos, suplementos nutricionales, antibi\u00f3ticos y antihipertensivos.<\/p>\n","protected":false},"excerpt":{"rendered":"<p>La comunidad de la parroquia Santa Mar\u00eda de la Manga del Cura en el cant\u00f3n El Carmen, vivi\u00f3 un d\u00eda de esperanza y gratitud gracias a la brigada m\u00e9dica organizada por la Prefectura de Manab\u00ed a trav\u00e9s de la Direcci\u00f3n de Desarrollo Humano. \u00abEstamos muy contentos y agradecidos con la Prefectura, por enviarnos a los [&hellip;]<\/p>\n","protected":false},"author":10,"featured_media":25819,"comment_status":"closed","ping_status":"closed","sticky":false,"template":"","format":"standard","meta":{"_joinchat":[],"footnotes":""},"categories":[150,142,183,92,72,91],"tags":[],"class_list":["post-25818","post","type-post","status-publish","format-standard","has-post-thumbnail","hentry","category-ambiente","category-desarrollo-social","category-el-carmen","category-noticias-manabi","category-salud","category-todas"],"yoast_head":"<!-- This site is optimized with the Yoast SEO plugin v27.4 - https:\/\/yoast.com\/product\/yoast-seo-wordpress\/ -->\n<title>BRIGADA M\u00c9DICA DE LA PREFECTURA DE MANAB\u00cd ATENDI\u00d3 EN SANTA MARIA - Prefectura de Manab\u00ed<\/title>\n<meta name=\"robots\" content=\"index, follow, max-snippet:-1, max-image-preview:large, max-video-preview:-1\" \/>\n<link rel=\"canonical\" href=\"https:\/\/www.manabi.gob.ec\/index.php\/brigada-medica-de-la-prefectura-de-manabi-atendio-en-santa-maria\/\" \/>\n<meta property=\"og:locale\" content=\"es_ES\" \/>\n<meta property=\"og:type\" content=\"article\" \/>\n<meta property=\"og:title\" content=\"BRIGADA M\u00c9DICA DE LA PREFECTURA DE MANAB\u00cd ATENDI\u00d3 EN SANTA MARIA - Prefectura de Manab\u00ed\" \/>\n<meta property=\"og:description\" content=\"La comunidad de la parroquia Santa Mar\u00eda de la Manga del Cura en el cant\u00f3n El Carmen, vivi\u00f3 un d\u00eda de esperanza y gratitud gracias a la brigada m\u00e9dica organizada por la Prefectura de Manab\u00ed a trav\u00e9s de la Direcci\u00f3n de Desarrollo Humano. \u00abEstamos muy contentos y agradecidos con la Prefectura, por enviarnos a los [&hellip;]\" \/>\n<meta property=\"og:url\" content=\"https:\/\/www.manabi.gob.ec\/index.php\/brigada-medica-de-la-prefectura-de-manabi-atendio-en-santa-maria\/\" \/>\n<meta property=\"og:site_name\" content=\"Prefectura de Manab\u00ed\" \/>\n<meta property=\"article:published_time\" content=\"2023-09-26T18:41:44+00:00\" \/>\n<meta property=\"article:modified_time\" content=\"2023-09-26T18:41:49+00:00\" \/>\n<meta property=\"og:image\" content=\"https:\/\/www.manabi.gob.ec\/wp-content\/uploads\/2023\/09\/WhatsApp-Image-2023-09-21-at-11.59.42.jpg\" \/>\n\t<meta property=\"og:image:width\" content=\"1199\" \/>\n\t<meta property=\"og:image:height\" content=\"843\" \/>\n\t<meta property=\"og:image:type\" content=\"image\/jpeg\" \/>\n<meta name=\"author\" content=\"Lui Ochoa\" \/>\n<meta name=\"twitter:card\" content=\"summary_large_image\" \/>\n<meta name=\"twitter:label1\" content=\"Escrito por\" \/>\n\t<meta name=\"twitter:data1\" content=\"Lui Ochoa\" \/>\n\t<meta name=\"twitter:label2\" content=\"Tiempo de lectura\" \/>\n\t<meta name=\"twitter:data2\" content=\"1 minuto\" \/>\n<script type=\"application\/ld+json\" class=\"yoast-schema-graph\">{\"@context\":\"https:\\\/\\\/schema.org\",\"@graph\":[{\"@type\":\"Article\",\"@id\":\"https:\\\/\\\/www.manabi.gob.ec\\\/index.php\\\/brigada-medica-de-la-prefectura-de-manabi-atendio-en-santa-maria\\\/#article\",\"isPartOf\":{\"@id\":\"https:\\\/\\\/www.manabi.gob.ec\\\/index.php\\\/brigada-medica-de-la-prefectura-de-manabi-atendio-en-santa-maria\\\/\"},\"author\":{\"name\":\"Lui Ochoa\",\"@id\":\"https:\\\/\\\/www.manabi.gob.ec\\\/#\\\/schema\\\/person\\\/c4f117989332ad723a6ced5994aa7d7a\"},\"headline\":\"BRIGADA M\u00c9DICA DE LA PREFECTURA DE MANAB\u00cd ATENDI\u00d3 EN SANTA MARIA\",\"datePublished\":\"2023-09-26T18:41:44+00:00\",\"dateModified\":\"2023-09-26T18:41:49+00:00\",\"mainEntityOfPage\":{\"@id\":\"https:\\\/\\\/www.manabi.gob.ec\\\/index.php\\\/brigada-medica-de-la-prefectura-de-manabi-atendio-en-santa-maria\\\/\"},\"wordCount\":228,\"image\":{\"@id\":\"https:\\\/\\\/www.manabi.gob.ec\\\/index.php\\\/brigada-medica-de-la-prefectura-de-manabi-atendio-en-santa-maria\\\/#primaryimage\"},\"thumbnailUrl\":\"https:\\\/\\\/www.manabi.gob.ec\\\/wp-content\\\/uploads\\\/2023\\\/09\\\/WhatsApp-Image-2023-09-21-at-11.59.42.jpg\",\"articleSection\":[\"Ambiente\",\"Desarrollo Social\",\"El Carmen\",\"Noticias\",\"salud\",\"Todas\"],\"inLanguage\":\"es\"},{\"@type\":\"WebPage\",\"@id\":\"https:\\\/\\\/www.manabi.gob.ec\\\/index.php\\\/brigada-medica-de-la-prefectura-de-manabi-atendio-en-santa-maria\\\/\",\"url\":\"https:\\\/\\\/www.manabi.gob.ec\\\/index.php\\\/brigada-medica-de-la-prefectura-de-manabi-atendio-en-santa-maria\\\/\",\"name\":\"BRIGADA M\u00c9DICA DE LA PREFECTURA DE MANAB\u00cd ATENDI\u00d3 EN SANTA MARIA - Prefectura de Manab\u00ed\",\"isPartOf\":{\"@id\":\"https:\\\/\\\/www.manabi.gob.ec\\\/#website\"},\"primaryImageOfPage\":{\"@id\":\"https:\\\/\\\/www.manabi.gob.ec\\\/index.php\\\/brigada-medica-de-la-prefectura-de-manabi-atendio-en-santa-maria\\\/#primaryimage\"},\"image\":{\"@id\":\"https:\\\/\\\/www.manabi.gob.ec\\\/index.php\\\/brigada-medica-de-la-prefectura-de-manabi-atendio-en-santa-maria\\\/#primaryimage\"},\"thumbnailUrl\":\"https:\\\/\\\/www.manabi.gob.ec\\\/wp-content\\\/uploads\\\/2023\\\/09\\\/WhatsApp-Image-2023-09-21-at-11.59.42.jpg\",\"datePublished\":\"2023-09-26T18:41:44+00:00\",\"dateModified\":\"2023-09-26T18:41:49+00:00\",\"author\":{\"@id\":\"https:\\\/\\\/www.manabi.gob.ec\\\/#\\\/schema\\\/person\\\/c4f117989332ad723a6ced5994aa7d7a\"},\"breadcrumb\":{\"@id\":\"https:\\\/\\\/www.manabi.gob.ec\\\/index.php\\\/brigada-medica-de-la-prefectura-de-manabi-atendio-en-santa-maria\\\/#breadcrumb\"},\"inLanguage\":\"es\",\"potentialAction\":[{\"@type\":\"ReadAction\",\"target\":[\"https:\\\/\\\/www.manabi.gob.ec\\\/index.php\\\/brigada-medica-de-la-prefectura-de-manabi-atendio-en-santa-maria\\\/\"]}]},{\"@type\":\"ImageObject\",\"inLanguage\":\"es\",\"@id\":\"https:\\\/\\\/www.manabi.gob.ec\\\/index.php\\\/brigada-medica-de-la-prefectura-de-manabi-atendio-en-santa-maria\\\/#primaryimage\",\"url\":\"https:\\\/\\\/www.manabi.gob.ec\\\/wp-content\\\/uploads\\\/2023\\\/09\\\/WhatsApp-Image-2023-09-21-at-11.59.42.jpg\",\"contentUrl\":\"https:\\\/\\\/www.manabi.gob.ec\\\/wp-content\\\/uploads\\\/2023\\\/09\\\/WhatsApp-Image-2023-09-21-at-11.59.42.jpg\",\"width\":1199,\"height\":843},{\"@type\":\"BreadcrumbList\",\"@id\":\"https:\\\/\\\/www.manabi.gob.ec\\\/index.php\\\/brigada-medica-de-la-prefectura-de-manabi-atendio-en-santa-maria\\\/#breadcrumb\",\"itemListElement\":[{\"@type\":\"ListItem\",\"position\":1,\"name\":\"Portada\",\"item\":\"https:\\\/\\\/www.manabi.gob.ec\\\/\"},{\"@type\":\"ListItem\",\"position\":2,\"name\":\"BRIGADA M\u00c9DICA DE LA PREFECTURA DE MANAB\u00cd ATENDI\u00d3 EN SANTA MARIA\"}]},{\"@type\":\"WebSite\",\"@id\":\"https:\\\/\\\/www.manabi.gob.ec\\\/#website\",\"url\":\"https:\\\/\\\/www.manabi.gob.ec\\\/\",\"name\":\"Prefectura de Manab\u00ed\",\"description\":\"P\u00e1gina web de la prefectura\",\"potentialAction\":[{\"@type\":\"SearchAction\",\"target\":{\"@type\":\"EntryPoint\",\"urlTemplate\":\"https:\\\/\\\/www.manabi.gob.ec\\\/?s={search_term_string}\"},\"query-input\":{\"@type\":\"PropertyValueSpecification\",\"valueRequired\":true,\"valueName\":\"search_term_string\"}}],\"inLanguage\":\"es\"},{\"@type\":\"Person\",\"@id\":\"https:\\\/\\\/www.manabi.gob.ec\\\/#\\\/schema\\\/person\\\/c4f117989332ad723a6ced5994aa7d7a\",\"name\":\"Lui Ochoa\",\"image\":{\"@type\":\"ImageObject\",\"inLanguage\":\"es\",\"@id\":\"https:\\\/\\\/secure.gravatar.com\\\/avatar\\\/6e8017d0fe69dead8a95864d2eb6e1e1d8bf8e01194ba49cf7b897ff038126ba?s=96&d=mm&r=g\",\"url\":\"https:\\\/\\\/secure.gravatar.com\\\/avatar\\\/6e8017d0fe69dead8a95864d2eb6e1e1d8bf8e01194ba49cf7b897ff038126ba?s=96&d=mm&r=g\",\"contentUrl\":\"https:\\\/\\\/secure.gravatar.com\\\/avatar\\\/6e8017d0fe69dead8a95864d2eb6e1e1d8bf8e01194ba49cf7b897ff038126ba?s=96&d=mm&r=g\",\"caption\":\"Lui Ochoa\"},\"url\":\"https:\\\/\\\/www.manabi.gob.ec\\\/index.php\\\/author\\\/lochoa\\\/\"}]}<\/script>\n<!-- \/ Yoast SEO plugin. -->","yoast_head_json":{"title":"BRIGADA M\u00c9DICA DE LA PREFECTURA DE MANAB\u00cd ATENDI\u00d3 EN SANTA MARIA - Prefectura de Manab\u00ed","robots":{"index":"index","follow":"follow","max-snippet":"max-snippet:-1","max-image-preview":"max-image-preview:large","max-video-preview":"max-video-preview:-1"},"canonical":"https:\/\/www.manabi.gob.ec\/index.php\/brigada-medica-de-la-prefectura-de-manabi-atendio-en-santa-maria\/","og_locale":"es_ES","og_type":"article","og_title":"BRIGADA M\u00c9DICA DE LA PREFECTURA DE MANAB\u00cd ATENDI\u00d3 EN SANTA MARIA - Prefectura de Manab\u00ed","og_description":"La comunidad de la parroquia Santa Mar\u00eda de la Manga del Cura en el cant\u00f3n El Carmen, vivi\u00f3 un d\u00eda de esperanza y gratitud gracias a la brigada m\u00e9dica organizada por la Prefectura de Manab\u00ed a trav\u00e9s de la Direcci\u00f3n de Desarrollo Humano. \u00abEstamos muy contentos y agradecidos con la Prefectura, por enviarnos a los [&hellip;]","og_url":"https:\/\/www.manabi.gob.ec\/index.php\/brigada-medica-de-la-prefectura-de-manabi-atendio-en-santa-maria\/","og_site_name":"Prefectura de Manab\u00ed","article_published_time":"2023-09-26T18:41:44+00:00","article_modified_time":"2023-09-26T18:41:49+00:00","og_image":[{"width":1199,"height":843,"url":"https:\/\/www.manabi.gob.ec\/wp-content\/uploads\/2023\/09\/WhatsApp-Image-2023-09-21-at-11.59.42.jpg","type":"image\/jpeg"}],"author":"Lui Ochoa","twitter_card":"summary_large_image","twitter_misc":{"Escrito por":"Lui Ochoa","Tiempo de lectura":"1 minuto"},"schema":{"@context":"https:\/\/schema.org","@graph":[{"@type":"Article","@id":"https:\/\/www.manabi.gob.ec\/index.php\/brigada-medica-de-la-prefectura-de-manabi-atendio-en-santa-maria\/#article","isPartOf":{"@id":"https:\/\/www.manabi.gob.ec\/index.php\/brigada-medica-de-la-prefectura-de-manabi-atendio-en-santa-maria\/"},"author":{"name":"Lui Ochoa","@id":"https:\/\/www.manabi.gob.ec\/#\/schema\/person\/c4f117989332ad723a6ced5994aa7d7a"},"headline":"BRIGADA M\u00c9DICA DE LA PREFECTURA DE MANAB\u00cd ATENDI\u00d3 EN SANTA MARIA","datePublished":"2023-09-26T18:41:44+00:00","dateModified":"2023-09-26T18:41:49+00:00","mainEntityOfPage":{"@id":"https:\/\/www.manabi.gob.ec\/index.php\/brigada-medica-de-la-prefectura-de-manabi-atendio-en-santa-maria\/"},"wordCount":228,"image":{"@id":"https:\/\/www.manabi.gob.ec\/index.php\/brigada-medica-de-la-prefectura-de-manabi-atendio-en-santa-maria\/#primaryimage"},"thumbnailUrl":"https:\/\/www.manabi.gob.ec\/wp-content\/uploads\/2023\/09\/WhatsApp-Image-2023-09-21-at-11.59.42.jpg","articleSection":["Ambiente","Desarrollo Social","El Carmen","Noticias","salud","Todas"],"inLanguage":"es"},{"@type":"WebPage","@id":"https:\/\/www.manabi.gob.ec\/index.php\/brigada-medica-de-la-prefectura-de-manabi-atendio-en-santa-maria\/","url":"https:\/\/www.manabi.gob.ec\/index.php\/brigada-medica-de-la-prefectura-de-manabi-atendio-en-santa-maria\/","name":"BRIGADA M\u00c9DICA DE LA PREFECTURA DE MANAB\u00cd ATENDI\u00d3 EN SANTA MARIA - Prefectura de Manab\u00ed","isPartOf":{"@id":"https:\/\/www.manabi.gob.ec\/#website"},"primaryImageOfPage":{"@id":"https:\/\/www.manabi.gob.ec\/index.php\/brigada-medica-de-la-prefectura-de-manabi-atendio-en-santa-maria\/#primaryimage"},"image":{"@id":"https:\/\/www.manabi.gob.ec\/index.php\/brigada-medica-de-la-prefectura-de-manabi-atendio-en-santa-maria\/#primaryimage"},"thumbnailUrl":"https:\/\/www.manabi.gob.ec\/wp-content\/uploads\/2023\/09\/WhatsApp-Image-2023-09-21-at-11.59.42.jpg","datePublished":"2023-09-26T18:41:44+00:00","dateModified":"2023-09-26T18:41:49+00:00","author":{"@id":"https:\/\/www.manabi.gob.ec\/#\/schema\/person\/c4f117989332ad723a6ced5994aa7d7a"},"breadcrumb":{"@id":"https:\/\/www.manabi.gob.ec\/index.php\/brigada-medica-de-la-prefectura-de-manabi-atendio-en-santa-maria\/#breadcrumb"},"inLanguage":"es","potentialAction":[{"@type":"ReadAction","target":["https:\/\/www.manabi.gob.ec\/index.php\/brigada-medica-de-la-prefectura-de-manabi-atendio-en-santa-maria\/"]}]},{"@type":"ImageObject","inLanguage":"es","@id":"https:\/\/www.manabi.gob.ec\/index.php\/brigada-medica-de-la-prefectura-de-manabi-atendio-en-santa-maria\/#primaryimage","url":"https:\/\/www.manabi.gob.ec\/wp-content\/uploads\/2023\/09\/WhatsApp-Image-2023-09-21-at-11.59.42.jpg","contentUrl":"https:\/\/www.manabi.gob.ec\/wp-content\/uploads\/2023\/09\/WhatsApp-Image-2023-09-21-at-11.59.42.jpg","width":1199,"height":843},{"@type":"BreadcrumbList","@id":"https:\/\/www.manabi.gob.ec\/index.php\/brigada-medica-de-la-prefectura-de-manabi-atendio-en-santa-maria\/#breadcrumb","itemListElement":[{"@type":"ListItem","position":1,"name":"Portada","item":"https:\/\/www.manabi.gob.ec\/"},{"@type":"ListItem","position":2,"name":"BRIGADA M\u00c9DICA DE LA PREFECTURA DE MANAB\u00cd ATENDI\u00d3 EN SANTA MARIA"}]},{"@type":"WebSite","@id":"https:\/\/www.manabi.gob.ec\/#website","url":"https:\/\/www.manabi.gob.ec\/","name":"Prefectura de Manab\u00ed","description":"P\u00e1gina web de la prefectura","potentialAction":[{"@type":"SearchAction","target":{"@type":"EntryPoint","urlTemplate":"https:\/\/www.manabi.gob.ec\/?s={search_term_string}"},"query-input":{"@type":"PropertyValueSpecification","valueRequired":true,"valueName":"search_term_string"}}],"inLanguage":"es"},{"@type":"Person","@id":"https:\/\/www.manabi.gob.ec\/#\/schema\/person\/c4f117989332ad723a6ced5994aa7d7a","name":"Lui Ochoa","image":{"@type":"ImageObject","inLanguage":"es","@id":"https:\/\/secure.gravatar.com\/avatar\/6e8017d0fe69dead8a95864d2eb6e1e1d8bf8e01194ba49cf7b897ff038126ba?s=96&d=mm&r=g","url":"https:\/\/secure.gravatar.com\/avatar\/6e8017d0fe69dead8a95864d2eb6e1e1d8bf8e01194ba49cf7b897ff038126ba?s=96&d=mm&r=g","contentUrl":"https:\/\/secure.gravatar.com\/avatar\/6e8017d0fe69dead8a95864d2eb6e1e1d8bf8e01194ba49cf7b897ff038126ba?s=96&d=mm&r=g","caption":"Lui Ochoa"},"url":"https:\/\/www.manabi.gob.ec\/index.php\/author\/lochoa\/"}]}},"jetpack_featured_media_url":"https:\/\/www.manabi.gob.ec\/wp-content\/uploads\/2023\/09\/WhatsApp-Image-2023-09-21-at-11.59.42.jpg","_links":{"self":[{"href":"https:\/\/www.manabi.gob.ec\/index.php\/wp-json\/wp\/v2\/posts\/25818","targetHints":{"allow":["GET"]}}],"collection":[{"href":"https:\/\/www.manabi.gob.ec\/index.php\/wp-json\/wp\/v2\/posts"}],"about":[{"href":"https:\/\/www.manabi.gob.ec\/index.php\/wp-json\/wp\/v2\/types\/post"}],"author":[{"embeddable":true,"href":"https:\/\/www.manabi.gob.ec\/index.php\/wp-json\/wp\/v2\/users\/10"}],"replies":[{"embeddable":true,"href":"https:\/\/www.manabi.gob.ec\/index.php\/wp-json\/wp\/v2\/comments?post=25818"}],"version-history":[{"count":0,"href":"https:\/\/www.manabi.gob.ec\/index.php\/wp-json\/wp\/v2\/posts\/25818\/revisions"}],"wp:featuredmedia":[{"embeddable":true,"href":"https:\/\/www.manabi.gob.ec\/index.php\/wp-json\/wp\/v2\/media\/25819"}],"wp:attachment":[{"href":"https:\/\/www.manabi.gob.ec\/index.php\/wp-json\/wp\/v2\/media?parent=25818"}],"wp:term":[{"taxonomy":"category","embeddable":true,"href":"https:\/\/www.manabi.gob.ec\/index.php\/wp-json\/wp\/v2\/categories?post=25818"},{"taxonomy":"post_tag","embeddable":true,"href":"https:\/\/www.manabi.gob.ec\/index.php\/wp-json\/wp\/v2\/tags?post=25818"}],"curies":[{"name":"wp","href":"https:\/\/api.w.org\/{rel}","templated":true}]}}