{"id":25836,"date":"2023-09-26T18:57:06","date_gmt":"2023-09-26T18:57:06","guid":{"rendered":"https:\/\/www.manabi.gob.ec\/?p=25836"},"modified":"2023-09-26T18:57:10","modified_gmt":"2023-09-26T18:57:10","slug":"segundo-dia-de-la-feria-agroindustrial-y-de-emprendimiento-hecho-100-en-manabi","status":"publish","type":"post","link":"https:\/\/www.manabi.gob.ec\/index.php\/segundo-dia-de-la-feria-agroindustrial-y-de-emprendimiento-hecho-100-en-manabi\/","title":{"rendered":"Segundo d\u00eda de la Feria Agroindustrial y de Emprendimiento \u00abHecho 100% en Manab\u00ed\u00bb"},"content":{"rendered":"\n<p>Cerramos con broche de oro nuestro segundo d\u00eda de feria Agroindustrial y de emprendimiento \u00abHecho 100% en Manab\u00ed\u00bb, fue un d\u00eda emocionante lleno de actividades y visitantes entusiastas.<\/p>\n\n\n\n<p>Este s\u00e1bado alrededor de ocho mil personas visitaron la feria compartiendo su pasi\u00f3n por la m\u00fasica, la cocina en vivo y apreciando la creatividad e innovaci\u00f3n de nuestros emprendedores locales.<\/p>\n\n\n\n<p>\u00bfAdivinen qu\u00e9? \u00a1Todav\u00eda no ha terminado! Los esperamos con los brazos abiertos este domingo, el \u00faltimo d\u00eda de la feria. No se pierdan la oportunidad de descubrir todo lo que ofrecen los stands de nuestros emprendedores y vivir la aut\u00e9ntica experiencia de Manab\u00ed.<\/p>\n","protected":false},"excerpt":{"rendered":"<p>Cerramos con broche de oro nuestro segundo d\u00eda de feria Agroindustrial y de emprendimiento \u00abHecho 100% en Manab\u00ed\u00bb, fue un d\u00eda emocionante lleno de actividades y visitantes entusiastas. Este s\u00e1bado alrededor de ocho mil personas visitaron la feria compartiendo su pasi\u00f3n por la m\u00fasica, la cocina en vivo y apreciando la creatividad e innovaci\u00f3n de [&hellip;]<\/p>\n","protected":false},"author":10,"featured_media":25837,"comment_status":"closed","ping_status":"closed","sticky":false,"template":"","format":"standard","meta":{"_joinchat":[],"footnotes":""},"categories":[142,156,92,91,81],"tags":[],"class_list":["post-25836","post","type-post","status-publish","format-standard","has-post-thumbnail","hentry","category-desarrollo-social","category-manta","category-noticias-manabi","category-todas","category-turismo"],"yoast_head":"<!-- This site is optimized with the Yoast SEO plugin v27.4 - https:\/\/yoast.com\/product\/yoast-seo-wordpress\/ -->\n<title>Segundo d\u00eda de la Feria Agroindustrial y de Emprendimiento &quot;Hecho 100% en Manab\u00ed&quot; - Prefectura de Manab\u00ed<\/title>\n<meta name=\"robots\" content=\"index, follow, max-snippet:-1, max-image-preview:large, max-video-preview:-1\" \/>\n<link rel=\"canonical\" href=\"https:\/\/www.manabi.gob.ec\/index.php\/segundo-dia-de-la-feria-agroindustrial-y-de-emprendimiento-hecho-100-en-manabi\/\" \/>\n<meta property=\"og:locale\" content=\"es_ES\" \/>\n<meta property=\"og:type\" content=\"article\" \/>\n<meta property=\"og:title\" content=\"Segundo d\u00eda de la Feria Agroindustrial y de Emprendimiento &quot;Hecho 100% en Manab\u00ed&quot; - Prefectura de Manab\u00ed\" \/>\n<meta property=\"og:description\" content=\"Cerramos con broche de oro nuestro segundo d\u00eda de feria Agroindustrial y de emprendimiento \u00abHecho 100% en Manab\u00ed\u00bb, fue un d\u00eda emocionante lleno de actividades y visitantes entusiastas. Este s\u00e1bado alrededor de ocho mil personas visitaron la feria compartiendo su pasi\u00f3n por la m\u00fasica, la cocina en vivo y apreciando la creatividad e innovaci\u00f3n de [&hellip;]\" \/>\n<meta property=\"og:url\" content=\"https:\/\/www.manabi.gob.ec\/index.php\/segundo-dia-de-la-feria-agroindustrial-y-de-emprendimiento-hecho-100-en-manabi\/\" \/>\n<meta property=\"og:site_name\" content=\"Prefectura de Manab\u00ed\" \/>\n<meta property=\"article:published_time\" content=\"2023-09-26T18:57:06+00:00\" \/>\n<meta property=\"article:modified_time\" content=\"2023-09-26T18:57:10+00:00\" \/>\n<meta property=\"og:image\" content=\"https:\/\/www.manabi.gob.ec\/wp-content\/uploads\/2023\/09\/WhatsApp-Image-2023-09-24-at-09.03.22.jpeg\" \/>\n\t<meta property=\"og:image:width\" content=\"1024\" \/>\n\t<meta property=\"og:image:height\" content=\"683\" \/>\n\t<meta property=\"og:image:type\" content=\"image\/jpeg\" \/>\n<meta name=\"author\" content=\"Lui Ochoa\" \/>\n<meta name=\"twitter:card\" content=\"summary_large_image\" \/>\n<meta name=\"twitter:label1\" content=\"Escrito por\" \/>\n\t<meta name=\"twitter:data1\" content=\"Lui Ochoa\" \/>\n\t<meta name=\"twitter:label2\" content=\"Tiempo de lectura\" \/>\n\t<meta name=\"twitter:data2\" content=\"1 minuto\" \/>\n<script type=\"application\/ld+json\" class=\"yoast-schema-graph\">{\"@context\":\"https:\\\/\\\/schema.org\",\"@graph\":[{\"@type\":\"Article\",\"@id\":\"https:\\\/\\\/www.manabi.gob.ec\\\/index.php\\\/segundo-dia-de-la-feria-agroindustrial-y-de-emprendimiento-hecho-100-en-manabi\\\/#article\",\"isPartOf\":{\"@id\":\"https:\\\/\\\/www.manabi.gob.ec\\\/index.php\\\/segundo-dia-de-la-feria-agroindustrial-y-de-emprendimiento-hecho-100-en-manabi\\\/\"},\"author\":{\"name\":\"Lui Ochoa\",\"@id\":\"https:\\\/\\\/www.manabi.gob.ec\\\/#\\\/schema\\\/person\\\/c4f117989332ad723a6ced5994aa7d7a\"},\"headline\":\"Segundo d\u00eda de la Feria Agroindustrial y de Emprendimiento \u00abHecho 100% en Manab\u00ed\u00bb\",\"datePublished\":\"2023-09-26T18:57:06+00:00\",\"dateModified\":\"2023-09-26T18:57:10+00:00\",\"mainEntityOfPage\":{\"@id\":\"https:\\\/\\\/www.manabi.gob.ec\\\/index.php\\\/segundo-dia-de-la-feria-agroindustrial-y-de-emprendimiento-hecho-100-en-manabi\\\/\"},\"wordCount\":122,\"image\":{\"@id\":\"https:\\\/\\\/www.manabi.gob.ec\\\/index.php\\\/segundo-dia-de-la-feria-agroindustrial-y-de-emprendimiento-hecho-100-en-manabi\\\/#primaryimage\"},\"thumbnailUrl\":\"https:\\\/\\\/www.manabi.gob.ec\\\/wp-content\\\/uploads\\\/2023\\\/09\\\/WhatsApp-Image-2023-09-24-at-09.03.22.jpeg\",\"articleSection\":[\"Desarrollo Social\",\"Manta\",\"Noticias\",\"Todas\",\"Turismo\"],\"inLanguage\":\"es\"},{\"@type\":\"WebPage\",\"@id\":\"https:\\\/\\\/www.manabi.gob.ec\\\/index.php\\\/segundo-dia-de-la-feria-agroindustrial-y-de-emprendimiento-hecho-100-en-manabi\\\/\",\"url\":\"https:\\\/\\\/www.manabi.gob.ec\\\/index.php\\\/segundo-dia-de-la-feria-agroindustrial-y-de-emprendimiento-hecho-100-en-manabi\\\/\",\"name\":\"Segundo d\u00eda de la Feria Agroindustrial y de Emprendimiento \\\"Hecho 100% en Manab\u00ed\\\" - Prefectura de Manab\u00ed\",\"isPartOf\":{\"@id\":\"https:\\\/\\\/www.manabi.gob.ec\\\/#website\"},\"primaryImageOfPage\":{\"@id\":\"https:\\\/\\\/www.manabi.gob.ec\\\/index.php\\\/segundo-dia-de-la-feria-agroindustrial-y-de-emprendimiento-hecho-100-en-manabi\\\/#primaryimage\"},\"image\":{\"@id\":\"https:\\\/\\\/www.manabi.gob.ec\\\/index.php\\\/segundo-dia-de-la-feria-agroindustrial-y-de-emprendimiento-hecho-100-en-manabi\\\/#primaryimage\"},\"thumbnailUrl\":\"https:\\\/\\\/www.manabi.gob.ec\\\/wp-content\\\/uploads\\\/2023\\\/09\\\/WhatsApp-Image-2023-09-24-at-09.03.22.jpeg\",\"datePublished\":\"2023-09-26T18:57:06+00:00\",\"dateModified\":\"2023-09-26T18:57:10+00:00\",\"author\":{\"@id\":\"https:\\\/\\\/www.manabi.gob.ec\\\/#\\\/schema\\\/person\\\/c4f117989332ad723a6ced5994aa7d7a\"},\"breadcrumb\":{\"@id\":\"https:\\\/\\\/www.manabi.gob.ec\\\/index.php\\\/segundo-dia-de-la-feria-agroindustrial-y-de-emprendimiento-hecho-100-en-manabi\\\/#breadcrumb\"},\"inLanguage\":\"es\",\"potentialAction\":[{\"@type\":\"ReadAction\",\"target\":[\"https:\\\/\\\/www.manabi.gob.ec\\\/index.php\\\/segundo-dia-de-la-feria-agroindustrial-y-de-emprendimiento-hecho-100-en-manabi\\\/\"]}]},{\"@type\":\"ImageObject\",\"inLanguage\":\"es\",\"@id\":\"https:\\\/\\\/www.manabi.gob.ec\\\/index.php\\\/segundo-dia-de-la-feria-agroindustrial-y-de-emprendimiento-hecho-100-en-manabi\\\/#primaryimage\",\"url\":\"https:\\\/\\\/www.manabi.gob.ec\\\/wp-content\\\/uploads\\\/2023\\\/09\\\/WhatsApp-Image-2023-09-24-at-09.03.22.jpeg\",\"contentUrl\":\"https:\\\/\\\/www.manabi.gob.ec\\\/wp-content\\\/uploads\\\/2023\\\/09\\\/WhatsApp-Image-2023-09-24-at-09.03.22.jpeg\",\"width\":1024,\"height\":683},{\"@type\":\"BreadcrumbList\",\"@id\":\"https:\\\/\\\/www.manabi.gob.ec\\\/index.php\\\/segundo-dia-de-la-feria-agroindustrial-y-de-emprendimiento-hecho-100-en-manabi\\\/#breadcrumb\",\"itemListElement\":[{\"@type\":\"ListItem\",\"position\":1,\"name\":\"Portada\",\"item\":\"https:\\\/\\\/www.manabi.gob.ec\\\/\"},{\"@type\":\"ListItem\",\"position\":2,\"name\":\"Segundo d\u00eda de la Feria Agroindustrial y de Emprendimiento \u00abHecho 100% en Manab\u00ed\u00bb\"}]},{\"@type\":\"WebSite\",\"@id\":\"https:\\\/\\\/www.manabi.gob.ec\\\/#website\",\"url\":\"https:\\\/\\\/www.manabi.gob.ec\\\/\",\"name\":\"Prefectura de Manab\u00ed\",\"description\":\"P\u00e1gina web de la prefectura\",\"potentialAction\":[{\"@type\":\"SearchAction\",\"target\":{\"@type\":\"EntryPoint\",\"urlTemplate\":\"https:\\\/\\\/www.manabi.gob.ec\\\/?s={search_term_string}\"},\"query-input\":{\"@type\":\"PropertyValueSpecification\",\"valueRequired\":true,\"valueName\":\"search_term_string\"}}],\"inLanguage\":\"es\"},{\"@type\":\"Person\",\"@id\":\"https:\\\/\\\/www.manabi.gob.ec\\\/#\\\/schema\\\/person\\\/c4f117989332ad723a6ced5994aa7d7a\",\"name\":\"Lui Ochoa\",\"image\":{\"@type\":\"ImageObject\",\"inLanguage\":\"es\",\"@id\":\"https:\\\/\\\/secure.gravatar.com\\\/avatar\\\/6e8017d0fe69dead8a95864d2eb6e1e1d8bf8e01194ba49cf7b897ff038126ba?s=96&d=mm&r=g\",\"url\":\"https:\\\/\\\/secure.gravatar.com\\\/avatar\\\/6e8017d0fe69dead8a95864d2eb6e1e1d8bf8e01194ba49cf7b897ff038126ba?s=96&d=mm&r=g\",\"contentUrl\":\"https:\\\/\\\/secure.gravatar.com\\\/avatar\\\/6e8017d0fe69dead8a95864d2eb6e1e1d8bf8e01194ba49cf7b897ff038126ba?s=96&d=mm&r=g\",\"caption\":\"Lui Ochoa\"},\"url\":\"https:\\\/\\\/www.manabi.gob.ec\\\/index.php\\\/author\\\/lochoa\\\/\"}]}<\/script>\n<!-- \/ Yoast SEO plugin. -->","yoast_head_json":{"title":"Segundo d\u00eda de la Feria Agroindustrial y de Emprendimiento \"Hecho 100% en Manab\u00ed\" - Prefectura de Manab\u00ed","robots":{"index":"index","follow":"follow","max-snippet":"max-snippet:-1","max-image-preview":"max-image-preview:large","max-video-preview":"max-video-preview:-1"},"canonical":"https:\/\/www.manabi.gob.ec\/index.php\/segundo-dia-de-la-feria-agroindustrial-y-de-emprendimiento-hecho-100-en-manabi\/","og_locale":"es_ES","og_type":"article","og_title":"Segundo d\u00eda de la Feria Agroindustrial y de Emprendimiento \"Hecho 100% en Manab\u00ed\" - Prefectura de Manab\u00ed","og_description":"Cerramos con broche de oro nuestro segundo d\u00eda de feria Agroindustrial y de emprendimiento \u00abHecho 100% en Manab\u00ed\u00bb, fue un d\u00eda emocionante lleno de actividades y visitantes entusiastas. Este s\u00e1bado alrededor de ocho mil personas visitaron la feria compartiendo su pasi\u00f3n por la m\u00fasica, la cocina en vivo y apreciando la creatividad e innovaci\u00f3n de [&hellip;]","og_url":"https:\/\/www.manabi.gob.ec\/index.php\/segundo-dia-de-la-feria-agroindustrial-y-de-emprendimiento-hecho-100-en-manabi\/","og_site_name":"Prefectura de Manab\u00ed","article_published_time":"2023-09-26T18:57:06+00:00","article_modified_time":"2023-09-26T18:57:10+00:00","og_image":[{"width":1024,"height":683,"url":"https:\/\/www.manabi.gob.ec\/wp-content\/uploads\/2023\/09\/WhatsApp-Image-2023-09-24-at-09.03.22.jpeg","type":"image\/jpeg"}],"author":"Lui Ochoa","twitter_card":"summary_large_image","twitter_misc":{"Escrito por":"Lui Ochoa","Tiempo de lectura":"1 minuto"},"schema":{"@context":"https:\/\/schema.org","@graph":[{"@type":"Article","@id":"https:\/\/www.manabi.gob.ec\/index.php\/segundo-dia-de-la-feria-agroindustrial-y-de-emprendimiento-hecho-100-en-manabi\/#article","isPartOf":{"@id":"https:\/\/www.manabi.gob.ec\/index.php\/segundo-dia-de-la-feria-agroindustrial-y-de-emprendimiento-hecho-100-en-manabi\/"},"author":{"name":"Lui Ochoa","@id":"https:\/\/www.manabi.gob.ec\/#\/schema\/person\/c4f117989332ad723a6ced5994aa7d7a"},"headline":"Segundo d\u00eda de la Feria Agroindustrial y de Emprendimiento \u00abHecho 100% en Manab\u00ed\u00bb","datePublished":"2023-09-26T18:57:06+00:00","dateModified":"2023-09-26T18:57:10+00:00","mainEntityOfPage":{"@id":"https:\/\/www.manabi.gob.ec\/index.php\/segundo-dia-de-la-feria-agroindustrial-y-de-emprendimiento-hecho-100-en-manabi\/"},"wordCount":122,"image":{"@id":"https:\/\/www.manabi.gob.ec\/index.php\/segundo-dia-de-la-feria-agroindustrial-y-de-emprendimiento-hecho-100-en-manabi\/#primaryimage"},"thumbnailUrl":"https:\/\/www.manabi.gob.ec\/wp-content\/uploads\/2023\/09\/WhatsApp-Image-2023-09-24-at-09.03.22.jpeg","articleSection":["Desarrollo Social","Manta","Noticias","Todas","Turismo"],"inLanguage":"es"},{"@type":"WebPage","@id":"https:\/\/www.manabi.gob.ec\/index.php\/segundo-dia-de-la-feria-agroindustrial-y-de-emprendimiento-hecho-100-en-manabi\/","url":"https:\/\/www.manabi.gob.ec\/index.php\/segundo-dia-de-la-feria-agroindustrial-y-de-emprendimiento-hecho-100-en-manabi\/","name":"Segundo d\u00eda de la Feria Agroindustrial y de Emprendimiento \"Hecho 100% en Manab\u00ed\" - Prefectura de Manab\u00ed","isPartOf":{"@id":"https:\/\/www.manabi.gob.ec\/#website"},"primaryImageOfPage":{"@id":"https:\/\/www.manabi.gob.ec\/index.php\/segundo-dia-de-la-feria-agroindustrial-y-de-emprendimiento-hecho-100-en-manabi\/#primaryimage"},"image":{"@id":"https:\/\/www.manabi.gob.ec\/index.php\/segundo-dia-de-la-feria-agroindustrial-y-de-emprendimiento-hecho-100-en-manabi\/#primaryimage"},"thumbnailUrl":"https:\/\/www.manabi.gob.ec\/wp-content\/uploads\/2023\/09\/WhatsApp-Image-2023-09-24-at-09.03.22.jpeg","datePublished":"2023-09-26T18:57:06+00:00","dateModified":"2023-09-26T18:57:10+00:00","author":{"@id":"https:\/\/www.manabi.gob.ec\/#\/schema\/person\/c4f117989332ad723a6ced5994aa7d7a"},"breadcrumb":{"@id":"https:\/\/www.manabi.gob.ec\/index.php\/segundo-dia-de-la-feria-agroindustrial-y-de-emprendimiento-hecho-100-en-manabi\/#breadcrumb"},"inLanguage":"es","potentialAction":[{"@type":"ReadAction","target":["https:\/\/www.manabi.gob.ec\/index.php\/segundo-dia-de-la-feria-agroindustrial-y-de-emprendimiento-hecho-100-en-manabi\/"]}]},{"@type":"ImageObject","inLanguage":"es","@id":"https:\/\/www.manabi.gob.ec\/index.php\/segundo-dia-de-la-feria-agroindustrial-y-de-emprendimiento-hecho-100-en-manabi\/#primaryimage","url":"https:\/\/www.manabi.gob.ec\/wp-content\/uploads\/2023\/09\/WhatsApp-Image-2023-09-24-at-09.03.22.jpeg","contentUrl":"https:\/\/www.manabi.gob.ec\/wp-content\/uploads\/2023\/09\/WhatsApp-Image-2023-09-24-at-09.03.22.jpeg","width":1024,"height":683},{"@type":"BreadcrumbList","@id":"https:\/\/www.manabi.gob.ec\/index.php\/segundo-dia-de-la-feria-agroindustrial-y-de-emprendimiento-hecho-100-en-manabi\/#breadcrumb","itemListElement":[{"@type":"ListItem","position":1,"name":"Portada","item":"https:\/\/www.manabi.gob.ec\/"},{"@type":"ListItem","position":2,"name":"Segundo d\u00eda de la Feria Agroindustrial y de Emprendimiento \u00abHecho 100% en Manab\u00ed\u00bb"}]},{"@type":"WebSite","@id":"https:\/\/www.manabi.gob.ec\/#website","url":"https:\/\/www.manabi.gob.ec\/","name":"Prefectura de Manab\u00ed","description":"P\u00e1gina web de la prefectura","potentialAction":[{"@type":"SearchAction","target":{"@type":"EntryPoint","urlTemplate":"https:\/\/www.manabi.gob.ec\/?s={search_term_string}"},"query-input":{"@type":"PropertyValueSpecification","valueRequired":true,"valueName":"search_term_string"}}],"inLanguage":"es"},{"@type":"Person","@id":"https:\/\/www.manabi.gob.ec\/#\/schema\/person\/c4f117989332ad723a6ced5994aa7d7a","name":"Lui Ochoa","image":{"@type":"ImageObject","inLanguage":"es","@id":"https:\/\/secure.gravatar.com\/avatar\/6e8017d0fe69dead8a95864d2eb6e1e1d8bf8e01194ba49cf7b897ff038126ba?s=96&d=mm&r=g","url":"https:\/\/secure.gravatar.com\/avatar\/6e8017d0fe69dead8a95864d2eb6e1e1d8bf8e01194ba49cf7b897ff038126ba?s=96&d=mm&r=g","contentUrl":"https:\/\/secure.gravatar.com\/avatar\/6e8017d0fe69dead8a95864d2eb6e1e1d8bf8e01194ba49cf7b897ff038126ba?s=96&d=mm&r=g","caption":"Lui Ochoa"},"url":"https:\/\/www.manabi.gob.ec\/index.php\/author\/lochoa\/"}]}},"jetpack_featured_media_url":"https:\/\/www.manabi.gob.ec\/wp-content\/uploads\/2023\/09\/WhatsApp-Image-2023-09-24-at-09.03.22.jpeg","_links":{"self":[{"href":"https:\/\/www.manabi.gob.ec\/index.php\/wp-json\/wp\/v2\/posts\/25836","targetHints":{"allow":["GET"]}}],"collection":[{"href":"https:\/\/www.manabi.gob.ec\/index.php\/wp-json\/wp\/v2\/posts"}],"about":[{"href":"https:\/\/www.manabi.gob.ec\/index.php\/wp-json\/wp\/v2\/types\/post"}],"author":[{"embeddable":true,"href":"https:\/\/www.manabi.gob.ec\/index.php\/wp-json\/wp\/v2\/users\/10"}],"replies":[{"embeddable":true,"href":"https:\/\/www.manabi.gob.ec\/index.php\/wp-json\/wp\/v2\/comments?post=25836"}],"version-history":[{"count":0,"href":"https:\/\/www.manabi.gob.ec\/index.php\/wp-json\/wp\/v2\/posts\/25836\/revisions"}],"wp:featuredmedia":[{"embeddable":true,"href":"https:\/\/www.manabi.gob.ec\/index.php\/wp-json\/wp\/v2\/media\/25837"}],"wp:attachment":[{"href":"https:\/\/www.manabi.gob.ec\/index.php\/wp-json\/wp\/v2\/media?parent=25836"}],"wp:term":[{"taxonomy":"category","embeddable":true,"href":"https:\/\/www.manabi.gob.ec\/index.php\/wp-json\/wp\/v2\/categories?post=25836"},{"taxonomy":"post_tag","embeddable":true,"href":"https:\/\/www.manabi.gob.ec\/index.php\/wp-json\/wp\/v2\/tags?post=25836"}],"curies":[{"name":"wp","href":"https:\/\/api.w.org\/{rel}","templated":true}]}}