{"id":25895,"date":"2023-10-17T16:11:28","date_gmt":"2023-10-17T16:11:28","guid":{"rendered":"https:\/\/www.manabi.gob.ec\/?p=25895"},"modified":"2023-10-17T16:11:34","modified_gmt":"2023-10-17T16:11:34","slug":"prefecto-da-a-conocer-a-la-corporacion-el-plan-de-prevencion-frente-a-el-nino","status":"publish","type":"post","link":"https:\/\/www.manabi.gob.ec\/index.php\/prefecto-da-a-conocer-a-la-corporacion-el-plan-de-prevencion-frente-a-el-nino\/","title":{"rendered":"Prefecto da a conocer a la Corporaci\u00f3n el plan de prevenci\u00f3n frente a El Ni\u00f1o"},"content":{"rendered":"\n<p>La Corporaci\u00f3n Provincial, en sesi\u00f3n del 28 de septiembre, conoci\u00f3 el Plan Provincial que tiene la Prefectura frente al anuncio de la llegada del fen\u00f3meno El Ni\u00f1o, tema que fue expuesto por el Prefecto Leonardo Orlando, quien dio detalles de lo que cuenta la instituci\u00f3n para responder a la emergencia y pidi\u00f3 a los alcaldes y presidentes de los Gobiernos Parroquiales unir esfuerzos para lograr mayor y mejor respuesta.<\/p>\n\n\n\n<p>\u201cEl prop\u00f3sito es que conozcan las acciones que tenemos planificadas, la sistematizaci\u00f3n para cada cant\u00f3n y parroquia\u201d, manifest\u00f3 el Prefecto, quien dijo que entre el 2021 y 2023 la Prefectura de Manab\u00ed ha realizado 954 acciones de respuesta en la provincia, entre emergencias suscitadas, como trabajos de limpieza y desalojo de palizadas en cauces de r\u00edos, esteros y quebradas, retiro de sedimentos en v\u00edas, rehabilitaciones de v\u00edas, protecci\u00f3n de riberas y perfil costero de la provincia.<\/p>\n\n\n\n<p>Acciones preventivas<br>Una vez analizado los riesgos, el Prefecto present\u00f3 el plan de prevenci\u00f3n de Prefectura y pidi\u00f3 a los alcaldes sumar esfuerzos y dar a conocer el aporte de equipos materiales y humanos para estar preparados a las posibles emergencias.<\/p>\n\n\n\n<p>Dijo que la Prefectura cuenta con un recurso humano de 170 personas entre expertos en riesgo, drenaje, vialidad con sus equipos; maquinaria pesada y que se tiene identificado 144 albergues para capacidad para m\u00e1s de 3.900 familias.<\/p>\n\n\n\n<p>Para las acciones preventivas de respuesta se tiene proyectada una inversi\u00f3n de m\u00e1s de 37 millones, se\u00f1al\u00f3 el Prefecto, y otros 10 millones para contratar maquinaria en emergencia, sin embargo dijo que \u201cvamos a necesitar del respaldo del Gobierno Central\u201d que record\u00f3 adeuda a la instituci\u00f3n m\u00e1s de 30 millones de d\u00f3lares.<\/p>\n","protected":false},"excerpt":{"rendered":"<p>La Corporaci\u00f3n Provincial, en sesi\u00f3n del 28 de septiembre, conoci\u00f3 el Plan Provincial que tiene la Prefectura frente al anuncio de la llegada del fen\u00f3meno El Ni\u00f1o, tema que fue expuesto por el Prefecto Leonardo Orlando, quien dio detalles de lo que cuenta la instituci\u00f3n para responder a la emergencia y pidi\u00f3 a los alcaldes [&hellip;]<\/p>\n","protected":false},"author":10,"featured_media":25896,"comment_status":"closed","ping_status":"closed","sticky":false,"template":"","format":"standard","meta":{"_joinchat":[],"footnotes":""},"categories":[150,142,92,339,340,91],"tags":[],"class_list":["post-25895","post","type-post","status-publish","format-standard","has-post-thumbnail","hentry","category-ambiente","category-desarrollo-social","category-noticias-manabi","category-plan-invernal","category-plan-invernal-plan-invernal","category-todas"],"yoast_head":"<!-- This site is optimized with the Yoast SEO plugin v27.4 - https:\/\/yoast.com\/product\/yoast-seo-wordpress\/ -->\n<title>Prefecto da a conocer a la Corporaci\u00f3n el plan de prevenci\u00f3n frente a El Ni\u00f1o - Prefectura de Manab\u00ed<\/title>\n<meta name=\"robots\" content=\"index, follow, max-snippet:-1, max-image-preview:large, max-video-preview:-1\" \/>\n<link rel=\"canonical\" href=\"https:\/\/www.manabi.gob.ec\/index.php\/prefecto-da-a-conocer-a-la-corporacion-el-plan-de-prevencion-frente-a-el-nino\/\" \/>\n<meta property=\"og:locale\" content=\"es_ES\" \/>\n<meta property=\"og:type\" content=\"article\" \/>\n<meta property=\"og:title\" content=\"Prefecto da a conocer a la Corporaci\u00f3n el plan de prevenci\u00f3n frente a El Ni\u00f1o - Prefectura de Manab\u00ed\" \/>\n<meta property=\"og:description\" content=\"La Corporaci\u00f3n Provincial, en sesi\u00f3n del 28 de septiembre, conoci\u00f3 el Plan Provincial que tiene la Prefectura frente al anuncio de la llegada del fen\u00f3meno El Ni\u00f1o, tema que fue expuesto por el Prefecto Leonardo Orlando, quien dio detalles de lo que cuenta la instituci\u00f3n para responder a la emergencia y pidi\u00f3 a los alcaldes [&hellip;]\" \/>\n<meta property=\"og:url\" content=\"https:\/\/www.manabi.gob.ec\/index.php\/prefecto-da-a-conocer-a-la-corporacion-el-plan-de-prevencion-frente-a-el-nino\/\" \/>\n<meta property=\"og:site_name\" content=\"Prefectura de Manab\u00ed\" \/>\n<meta property=\"article:published_time\" content=\"2023-10-17T16:11:28+00:00\" \/>\n<meta property=\"article:modified_time\" content=\"2023-10-17T16:11:34+00:00\" \/>\n<meta property=\"og:image\" content=\"https:\/\/www.manabi.gob.ec\/wp-content\/uploads\/2023\/10\/WhatsApp-Image-2023-09-29-at-15.10.02.jpg\" \/>\n\t<meta property=\"og:image:width\" content=\"2048\" \/>\n\t<meta property=\"og:image:height\" content=\"1429\" \/>\n\t<meta property=\"og:image:type\" content=\"image\/jpeg\" \/>\n<meta name=\"author\" content=\"Lui Ochoa\" \/>\n<meta name=\"twitter:card\" content=\"summary_large_image\" \/>\n<meta name=\"twitter:label1\" content=\"Escrito por\" \/>\n\t<meta name=\"twitter:data1\" content=\"Lui Ochoa\" \/>\n\t<meta name=\"twitter:label2\" content=\"Tiempo de lectura\" \/>\n\t<meta name=\"twitter:data2\" content=\"2 minutos\" \/>\n<script type=\"application\/ld+json\" class=\"yoast-schema-graph\">{\"@context\":\"https:\\\/\\\/schema.org\",\"@graph\":[{\"@type\":\"Article\",\"@id\":\"https:\\\/\\\/www.manabi.gob.ec\\\/index.php\\\/prefecto-da-a-conocer-a-la-corporacion-el-plan-de-prevencion-frente-a-el-nino\\\/#article\",\"isPartOf\":{\"@id\":\"https:\\\/\\\/www.manabi.gob.ec\\\/index.php\\\/prefecto-da-a-conocer-a-la-corporacion-el-plan-de-prevencion-frente-a-el-nino\\\/\"},\"author\":{\"name\":\"Lui Ochoa\",\"@id\":\"https:\\\/\\\/www.manabi.gob.ec\\\/#\\\/schema\\\/person\\\/c4f117989332ad723a6ced5994aa7d7a\"},\"headline\":\"Prefecto da a conocer a la Corporaci\u00f3n el plan de prevenci\u00f3n frente a El Ni\u00f1o\",\"datePublished\":\"2023-10-17T16:11:28+00:00\",\"dateModified\":\"2023-10-17T16:11:34+00:00\",\"mainEntityOfPage\":{\"@id\":\"https:\\\/\\\/www.manabi.gob.ec\\\/index.php\\\/prefecto-da-a-conocer-a-la-corporacion-el-plan-de-prevencion-frente-a-el-nino\\\/\"},\"wordCount\":302,\"image\":{\"@id\":\"https:\\\/\\\/www.manabi.gob.ec\\\/index.php\\\/prefecto-da-a-conocer-a-la-corporacion-el-plan-de-prevencion-frente-a-el-nino\\\/#primaryimage\"},\"thumbnailUrl\":\"https:\\\/\\\/www.manabi.gob.ec\\\/wp-content\\\/uploads\\\/2023\\\/10\\\/WhatsApp-Image-2023-09-29-at-15.10.02.jpg\",\"articleSection\":[\"Ambiente\",\"Desarrollo Social\",\"Noticias\",\"Plan Invernal\",\"PLAN INVERNAL\",\"Todas\"],\"inLanguage\":\"es\"},{\"@type\":\"WebPage\",\"@id\":\"https:\\\/\\\/www.manabi.gob.ec\\\/index.php\\\/prefecto-da-a-conocer-a-la-corporacion-el-plan-de-prevencion-frente-a-el-nino\\\/\",\"url\":\"https:\\\/\\\/www.manabi.gob.ec\\\/index.php\\\/prefecto-da-a-conocer-a-la-corporacion-el-plan-de-prevencion-frente-a-el-nino\\\/\",\"name\":\"Prefecto da a conocer a la Corporaci\u00f3n el plan de prevenci\u00f3n frente a El Ni\u00f1o - Prefectura de Manab\u00ed\",\"isPartOf\":{\"@id\":\"https:\\\/\\\/www.manabi.gob.ec\\\/#website\"},\"primaryImageOfPage\":{\"@id\":\"https:\\\/\\\/www.manabi.gob.ec\\\/index.php\\\/prefecto-da-a-conocer-a-la-corporacion-el-plan-de-prevencion-frente-a-el-nino\\\/#primaryimage\"},\"image\":{\"@id\":\"https:\\\/\\\/www.manabi.gob.ec\\\/index.php\\\/prefecto-da-a-conocer-a-la-corporacion-el-plan-de-prevencion-frente-a-el-nino\\\/#primaryimage\"},\"thumbnailUrl\":\"https:\\\/\\\/www.manabi.gob.ec\\\/wp-content\\\/uploads\\\/2023\\\/10\\\/WhatsApp-Image-2023-09-29-at-15.10.02.jpg\",\"datePublished\":\"2023-10-17T16:11:28+00:00\",\"dateModified\":\"2023-10-17T16:11:34+00:00\",\"author\":{\"@id\":\"https:\\\/\\\/www.manabi.gob.ec\\\/#\\\/schema\\\/person\\\/c4f117989332ad723a6ced5994aa7d7a\"},\"breadcrumb\":{\"@id\":\"https:\\\/\\\/www.manabi.gob.ec\\\/index.php\\\/prefecto-da-a-conocer-a-la-corporacion-el-plan-de-prevencion-frente-a-el-nino\\\/#breadcrumb\"},\"inLanguage\":\"es\",\"potentialAction\":[{\"@type\":\"ReadAction\",\"target\":[\"https:\\\/\\\/www.manabi.gob.ec\\\/index.php\\\/prefecto-da-a-conocer-a-la-corporacion-el-plan-de-prevencion-frente-a-el-nino\\\/\"]}]},{\"@type\":\"ImageObject\",\"inLanguage\":\"es\",\"@id\":\"https:\\\/\\\/www.manabi.gob.ec\\\/index.php\\\/prefecto-da-a-conocer-a-la-corporacion-el-plan-de-prevencion-frente-a-el-nino\\\/#primaryimage\",\"url\":\"https:\\\/\\\/www.manabi.gob.ec\\\/wp-content\\\/uploads\\\/2023\\\/10\\\/WhatsApp-Image-2023-09-29-at-15.10.02.jpg\",\"contentUrl\":\"https:\\\/\\\/www.manabi.gob.ec\\\/wp-content\\\/uploads\\\/2023\\\/10\\\/WhatsApp-Image-2023-09-29-at-15.10.02.jpg\",\"width\":2048,\"height\":1429},{\"@type\":\"BreadcrumbList\",\"@id\":\"https:\\\/\\\/www.manabi.gob.ec\\\/index.php\\\/prefecto-da-a-conocer-a-la-corporacion-el-plan-de-prevencion-frente-a-el-nino\\\/#breadcrumb\",\"itemListElement\":[{\"@type\":\"ListItem\",\"position\":1,\"name\":\"Portada\",\"item\":\"https:\\\/\\\/www.manabi.gob.ec\\\/\"},{\"@type\":\"ListItem\",\"position\":2,\"name\":\"Prefecto da a conocer a la Corporaci\u00f3n el plan de prevenci\u00f3n frente a El Ni\u00f1o\"}]},{\"@type\":\"WebSite\",\"@id\":\"https:\\\/\\\/www.manabi.gob.ec\\\/#website\",\"url\":\"https:\\\/\\\/www.manabi.gob.ec\\\/\",\"name\":\"Prefectura de Manab\u00ed\",\"description\":\"P\u00e1gina web de la prefectura\",\"potentialAction\":[{\"@type\":\"SearchAction\",\"target\":{\"@type\":\"EntryPoint\",\"urlTemplate\":\"https:\\\/\\\/www.manabi.gob.ec\\\/?s={search_term_string}\"},\"query-input\":{\"@type\":\"PropertyValueSpecification\",\"valueRequired\":true,\"valueName\":\"search_term_string\"}}],\"inLanguage\":\"es\"},{\"@type\":\"Person\",\"@id\":\"https:\\\/\\\/www.manabi.gob.ec\\\/#\\\/schema\\\/person\\\/c4f117989332ad723a6ced5994aa7d7a\",\"name\":\"Lui Ochoa\",\"image\":{\"@type\":\"ImageObject\",\"inLanguage\":\"es\",\"@id\":\"https:\\\/\\\/secure.gravatar.com\\\/avatar\\\/6e8017d0fe69dead8a95864d2eb6e1e1d8bf8e01194ba49cf7b897ff038126ba?s=96&d=mm&r=g\",\"url\":\"https:\\\/\\\/secure.gravatar.com\\\/avatar\\\/6e8017d0fe69dead8a95864d2eb6e1e1d8bf8e01194ba49cf7b897ff038126ba?s=96&d=mm&r=g\",\"contentUrl\":\"https:\\\/\\\/secure.gravatar.com\\\/avatar\\\/6e8017d0fe69dead8a95864d2eb6e1e1d8bf8e01194ba49cf7b897ff038126ba?s=96&d=mm&r=g\",\"caption\":\"Lui Ochoa\"},\"url\":\"https:\\\/\\\/www.manabi.gob.ec\\\/index.php\\\/author\\\/lochoa\\\/\"}]}<\/script>\n<!-- \/ Yoast SEO plugin. -->","yoast_head_json":{"title":"Prefecto da a conocer a la Corporaci\u00f3n el plan de prevenci\u00f3n frente a El Ni\u00f1o - Prefectura de Manab\u00ed","robots":{"index":"index","follow":"follow","max-snippet":"max-snippet:-1","max-image-preview":"max-image-preview:large","max-video-preview":"max-video-preview:-1"},"canonical":"https:\/\/www.manabi.gob.ec\/index.php\/prefecto-da-a-conocer-a-la-corporacion-el-plan-de-prevencion-frente-a-el-nino\/","og_locale":"es_ES","og_type":"article","og_title":"Prefecto da a conocer a la Corporaci\u00f3n el plan de prevenci\u00f3n frente a El Ni\u00f1o - Prefectura de Manab\u00ed","og_description":"La Corporaci\u00f3n Provincial, en sesi\u00f3n del 28 de septiembre, conoci\u00f3 el Plan Provincial que tiene la Prefectura frente al anuncio de la llegada del fen\u00f3meno El Ni\u00f1o, tema que fue expuesto por el Prefecto Leonardo Orlando, quien dio detalles de lo que cuenta la instituci\u00f3n para responder a la emergencia y pidi\u00f3 a los alcaldes [&hellip;]","og_url":"https:\/\/www.manabi.gob.ec\/index.php\/prefecto-da-a-conocer-a-la-corporacion-el-plan-de-prevencion-frente-a-el-nino\/","og_site_name":"Prefectura de Manab\u00ed","article_published_time":"2023-10-17T16:11:28+00:00","article_modified_time":"2023-10-17T16:11:34+00:00","og_image":[{"width":2048,"height":1429,"url":"https:\/\/www.manabi.gob.ec\/wp-content\/uploads\/2023\/10\/WhatsApp-Image-2023-09-29-at-15.10.02.jpg","type":"image\/jpeg"}],"author":"Lui Ochoa","twitter_card":"summary_large_image","twitter_misc":{"Escrito por":"Lui Ochoa","Tiempo de lectura":"2 minutos"},"schema":{"@context":"https:\/\/schema.org","@graph":[{"@type":"Article","@id":"https:\/\/www.manabi.gob.ec\/index.php\/prefecto-da-a-conocer-a-la-corporacion-el-plan-de-prevencion-frente-a-el-nino\/#article","isPartOf":{"@id":"https:\/\/www.manabi.gob.ec\/index.php\/prefecto-da-a-conocer-a-la-corporacion-el-plan-de-prevencion-frente-a-el-nino\/"},"author":{"name":"Lui Ochoa","@id":"https:\/\/www.manabi.gob.ec\/#\/schema\/person\/c4f117989332ad723a6ced5994aa7d7a"},"headline":"Prefecto da a conocer a la Corporaci\u00f3n el plan de prevenci\u00f3n frente a El Ni\u00f1o","datePublished":"2023-10-17T16:11:28+00:00","dateModified":"2023-10-17T16:11:34+00:00","mainEntityOfPage":{"@id":"https:\/\/www.manabi.gob.ec\/index.php\/prefecto-da-a-conocer-a-la-corporacion-el-plan-de-prevencion-frente-a-el-nino\/"},"wordCount":302,"image":{"@id":"https:\/\/www.manabi.gob.ec\/index.php\/prefecto-da-a-conocer-a-la-corporacion-el-plan-de-prevencion-frente-a-el-nino\/#primaryimage"},"thumbnailUrl":"https:\/\/www.manabi.gob.ec\/wp-content\/uploads\/2023\/10\/WhatsApp-Image-2023-09-29-at-15.10.02.jpg","articleSection":["Ambiente","Desarrollo Social","Noticias","Plan Invernal","PLAN INVERNAL","Todas"],"inLanguage":"es"},{"@type":"WebPage","@id":"https:\/\/www.manabi.gob.ec\/index.php\/prefecto-da-a-conocer-a-la-corporacion-el-plan-de-prevencion-frente-a-el-nino\/","url":"https:\/\/www.manabi.gob.ec\/index.php\/prefecto-da-a-conocer-a-la-corporacion-el-plan-de-prevencion-frente-a-el-nino\/","name":"Prefecto da a conocer a la Corporaci\u00f3n el plan de prevenci\u00f3n frente a El Ni\u00f1o - Prefectura de Manab\u00ed","isPartOf":{"@id":"https:\/\/www.manabi.gob.ec\/#website"},"primaryImageOfPage":{"@id":"https:\/\/www.manabi.gob.ec\/index.php\/prefecto-da-a-conocer-a-la-corporacion-el-plan-de-prevencion-frente-a-el-nino\/#primaryimage"},"image":{"@id":"https:\/\/www.manabi.gob.ec\/index.php\/prefecto-da-a-conocer-a-la-corporacion-el-plan-de-prevencion-frente-a-el-nino\/#primaryimage"},"thumbnailUrl":"https:\/\/www.manabi.gob.ec\/wp-content\/uploads\/2023\/10\/WhatsApp-Image-2023-09-29-at-15.10.02.jpg","datePublished":"2023-10-17T16:11:28+00:00","dateModified":"2023-10-17T16:11:34+00:00","author":{"@id":"https:\/\/www.manabi.gob.ec\/#\/schema\/person\/c4f117989332ad723a6ced5994aa7d7a"},"breadcrumb":{"@id":"https:\/\/www.manabi.gob.ec\/index.php\/prefecto-da-a-conocer-a-la-corporacion-el-plan-de-prevencion-frente-a-el-nino\/#breadcrumb"},"inLanguage":"es","potentialAction":[{"@type":"ReadAction","target":["https:\/\/www.manabi.gob.ec\/index.php\/prefecto-da-a-conocer-a-la-corporacion-el-plan-de-prevencion-frente-a-el-nino\/"]}]},{"@type":"ImageObject","inLanguage":"es","@id":"https:\/\/www.manabi.gob.ec\/index.php\/prefecto-da-a-conocer-a-la-corporacion-el-plan-de-prevencion-frente-a-el-nino\/#primaryimage","url":"https:\/\/www.manabi.gob.ec\/wp-content\/uploads\/2023\/10\/WhatsApp-Image-2023-09-29-at-15.10.02.jpg","contentUrl":"https:\/\/www.manabi.gob.ec\/wp-content\/uploads\/2023\/10\/WhatsApp-Image-2023-09-29-at-15.10.02.jpg","width":2048,"height":1429},{"@type":"BreadcrumbList","@id":"https:\/\/www.manabi.gob.ec\/index.php\/prefecto-da-a-conocer-a-la-corporacion-el-plan-de-prevencion-frente-a-el-nino\/#breadcrumb","itemListElement":[{"@type":"ListItem","position":1,"name":"Portada","item":"https:\/\/www.manabi.gob.ec\/"},{"@type":"ListItem","position":2,"name":"Prefecto da a conocer a la Corporaci\u00f3n el plan de prevenci\u00f3n frente a El Ni\u00f1o"}]},{"@type":"WebSite","@id":"https:\/\/www.manabi.gob.ec\/#website","url":"https:\/\/www.manabi.gob.ec\/","name":"Prefectura de Manab\u00ed","description":"P\u00e1gina web de la prefectura","potentialAction":[{"@type":"SearchAction","target":{"@type":"EntryPoint","urlTemplate":"https:\/\/www.manabi.gob.ec\/?s={search_term_string}"},"query-input":{"@type":"PropertyValueSpecification","valueRequired":true,"valueName":"search_term_string"}}],"inLanguage":"es"},{"@type":"Person","@id":"https:\/\/www.manabi.gob.ec\/#\/schema\/person\/c4f117989332ad723a6ced5994aa7d7a","name":"Lui Ochoa","image":{"@type":"ImageObject","inLanguage":"es","@id":"https:\/\/secure.gravatar.com\/avatar\/6e8017d0fe69dead8a95864d2eb6e1e1d8bf8e01194ba49cf7b897ff038126ba?s=96&d=mm&r=g","url":"https:\/\/secure.gravatar.com\/avatar\/6e8017d0fe69dead8a95864d2eb6e1e1d8bf8e01194ba49cf7b897ff038126ba?s=96&d=mm&r=g","contentUrl":"https:\/\/secure.gravatar.com\/avatar\/6e8017d0fe69dead8a95864d2eb6e1e1d8bf8e01194ba49cf7b897ff038126ba?s=96&d=mm&r=g","caption":"Lui Ochoa"},"url":"https:\/\/www.manabi.gob.ec\/index.php\/author\/lochoa\/"}]}},"jetpack_featured_media_url":"https:\/\/www.manabi.gob.ec\/wp-content\/uploads\/2023\/10\/WhatsApp-Image-2023-09-29-at-15.10.02.jpg","_links":{"self":[{"href":"https:\/\/www.manabi.gob.ec\/index.php\/wp-json\/wp\/v2\/posts\/25895","targetHints":{"allow":["GET"]}}],"collection":[{"href":"https:\/\/www.manabi.gob.ec\/index.php\/wp-json\/wp\/v2\/posts"}],"about":[{"href":"https:\/\/www.manabi.gob.ec\/index.php\/wp-json\/wp\/v2\/types\/post"}],"author":[{"embeddable":true,"href":"https:\/\/www.manabi.gob.ec\/index.php\/wp-json\/wp\/v2\/users\/10"}],"replies":[{"embeddable":true,"href":"https:\/\/www.manabi.gob.ec\/index.php\/wp-json\/wp\/v2\/comments?post=25895"}],"version-history":[{"count":0,"href":"https:\/\/www.manabi.gob.ec\/index.php\/wp-json\/wp\/v2\/posts\/25895\/revisions"}],"wp:featuredmedia":[{"embeddable":true,"href":"https:\/\/www.manabi.gob.ec\/index.php\/wp-json\/wp\/v2\/media\/25896"}],"wp:attachment":[{"href":"https:\/\/www.manabi.gob.ec\/index.php\/wp-json\/wp\/v2\/media?parent=25895"}],"wp:term":[{"taxonomy":"category","embeddable":true,"href":"https:\/\/www.manabi.gob.ec\/index.php\/wp-json\/wp\/v2\/categories?post=25895"},{"taxonomy":"post_tag","embeddable":true,"href":"https:\/\/www.manabi.gob.ec\/index.php\/wp-json\/wp\/v2\/tags?post=25895"}],"curies":[{"name":"wp","href":"https:\/\/api.w.org\/{rel}","templated":true}]}}