{"id":25901,"date":"2023-10-17T16:20:59","date_gmt":"2023-10-17T16:20:59","guid":{"rendered":"https:\/\/www.manabi.gob.ec\/?p=25901"},"modified":"2023-10-17T16:21:05","modified_gmt":"2023-10-17T16:21:05","slug":"embajada-de-eeuu-apoya-trabajo-de-prefectura-en-la-prevencion-y-erradicacion-de-violencia-de-genero","status":"publish","type":"post","link":"https:\/\/www.manabi.gob.ec\/index.php\/embajada-de-eeuu-apoya-trabajo-de-prefectura-en-la-prevencion-y-erradicacion-de-violencia-de-genero\/","title":{"rendered":"EMBAJADA DE EEUU APOYA TRABAJO DE PREFECTURA EN LA PREVENCI\u00d3N Y ERRADICACI\u00d3N DE VIOLENCIA DE G\u00c9NERO"},"content":{"rendered":"\n<p>La Prefectura de Manab\u00ed y el Consulado Estadounidense desarrollaron un taller dirigido la prevenci\u00f3n y erradicaci\u00f3n de la violencia basada en g\u00e9nero, que estuvo dictado por la estadounidense Heidi Notorio, Jefa de Educaci\u00f3n y Acceso en Caminar Latino\/Latinos Unidos Por La Paz y La Equidad, ubicado en Atlanta, Georgia.<\/p>\n\n\n\n<p>El taller se dict\u00f3 el pasado 27 de septiembre en la ciudad de Manta, en el auditorio del instituto Luis Arboleda, en el que estuvo presente la agrega cultural de la embajada de Estados Unidos y se cont\u00f3 con la participaci\u00f3n de colectivos y fundaciones de Manab\u00ed como tambi\u00e9n estudiantes de la Universidad T\u00e9cnica de Manab\u00ed.<\/p>\n\n\n\n<p>El objetivo fue promover espacios de fortalecimiento, entre los colectivos, organizaciones, fundaciones y asociaciones que se dedican a la prevenci\u00f3n y erradicaci\u00f3n de la violencia basada en g\u00e9nero.<\/p>\n\n\n\n<p>Adem\u00e1s con talleres como este se busca fortalecer la conciencia, educaci\u00f3n comunitaria en la prevenci\u00f3n de violencia y proporcionar herramientas para apoyar a los sobrevivientes de violencia de g\u00e9nero dentro del colectivo y sus comunidades, como el rol de los hombres en la violencia de g\u00e9nero.<\/p>\n\n\n\n<p>Al taller asistieron 40 participantes, entre ellos funcionarias de la Prefectura de Manab\u00ed, as\u00ed como los colectivos Tejedora Manabita , Asociaci\u00f3n de Mujeres Santa Martha, Asociaci\u00f3n Montecristi Diverso, Corporaci\u00f3n KIMIRINA, Fundaci\u00f3n R\u00edo Manta, Consejo Nacional para la igualdad Foro Permanente de las Mujeres Manab\u00ed, Fundaci\u00f3n Nuevos Horizontes, Colectivo Hienas Del Valle, Colectivo Las Choneras, Asociaci\u00f3n Femenina Universitaria de la Universidad T\u00e9cnica de Manab\u00ed, Observatorio Ciudadano.<\/p>\n","protected":false},"excerpt":{"rendered":"<p>La Prefectura de Manab\u00ed y el Consulado Estadounidense desarrollaron un taller dirigido la prevenci\u00f3n y erradicaci\u00f3n de la violencia basada en g\u00e9nero, que estuvo dictado por la estadounidense Heidi Notorio, Jefa de Educaci\u00f3n y Acceso en Caminar Latino\/Latinos Unidos Por La Paz y La Equidad, ubicado en Atlanta, Georgia. El taller se dict\u00f3 el pasado [&hellip;]<\/p>\n","protected":false},"author":10,"featured_media":25902,"comment_status":"closed","ping_status":"closed","sticky":false,"template":"","format":"standard","meta":{"_joinchat":[],"footnotes":""},"categories":[142,224,92,193,91,223],"tags":[],"class_list":["post-25901","post","type-post","status-publish","format-standard","has-post-thumbnail","hentry","category-desarrollo-social","category-mujeres","category-noticias-manabi","category-participacion-ciudadana","category-todas","category-violencia-de-genero"],"yoast_head":"<!-- This site is optimized with the Yoast SEO plugin v27.4 - https:\/\/yoast.com\/product\/yoast-seo-wordpress\/ -->\n<title>EMBAJADA DE EEUU APOYA TRABAJO DE PREFECTURA EN LA PREVENCI\u00d3N Y ERRADICACI\u00d3N DE VIOLENCIA DE G\u00c9NERO - Prefectura de Manab\u00ed<\/title>\n<meta name=\"robots\" content=\"index, follow, max-snippet:-1, max-image-preview:large, max-video-preview:-1\" \/>\n<link rel=\"canonical\" href=\"https:\/\/www.manabi.gob.ec\/index.php\/embajada-de-eeuu-apoya-trabajo-de-prefectura-en-la-prevencion-y-erradicacion-de-violencia-de-genero\/\" \/>\n<meta property=\"og:locale\" content=\"es_ES\" \/>\n<meta property=\"og:type\" content=\"article\" \/>\n<meta property=\"og:title\" content=\"EMBAJADA DE EEUU APOYA TRABAJO DE PREFECTURA EN LA PREVENCI\u00d3N Y ERRADICACI\u00d3N DE VIOLENCIA DE G\u00c9NERO - Prefectura de Manab\u00ed\" \/>\n<meta property=\"og:description\" content=\"La Prefectura de Manab\u00ed y el Consulado Estadounidense desarrollaron un taller dirigido la prevenci\u00f3n y erradicaci\u00f3n de la violencia basada en g\u00e9nero, que estuvo dictado por la estadounidense Heidi Notorio, Jefa de Educaci\u00f3n y Acceso en Caminar Latino\/Latinos Unidos Por La Paz y La Equidad, ubicado en Atlanta, Georgia. El taller se dict\u00f3 el pasado [&hellip;]\" \/>\n<meta property=\"og:url\" content=\"https:\/\/www.manabi.gob.ec\/index.php\/embajada-de-eeuu-apoya-trabajo-de-prefectura-en-la-prevencion-y-erradicacion-de-violencia-de-genero\/\" \/>\n<meta property=\"og:site_name\" content=\"Prefectura de Manab\u00ed\" \/>\n<meta property=\"article:published_time\" content=\"2023-10-17T16:20:59+00:00\" \/>\n<meta property=\"article:modified_time\" content=\"2023-10-17T16:21:05+00:00\" \/>\n<meta property=\"og:image\" content=\"https:\/\/www.manabi.gob.ec\/wp-content\/uploads\/2023\/10\/WhatsApp-Image-2023-09-29-at-15.22.37-scaled.jpeg\" \/>\n\t<meta property=\"og:image:width\" content=\"2560\" \/>\n\t<meta property=\"og:image:height\" content=\"1920\" \/>\n\t<meta property=\"og:image:type\" content=\"image\/jpeg\" \/>\n<meta name=\"author\" content=\"Lui Ochoa\" \/>\n<meta name=\"twitter:card\" content=\"summary_large_image\" \/>\n<meta name=\"twitter:label1\" content=\"Escrito por\" \/>\n\t<meta name=\"twitter:data1\" content=\"Lui Ochoa\" \/>\n\t<meta name=\"twitter:label2\" content=\"Tiempo de lectura\" \/>\n\t<meta name=\"twitter:data2\" content=\"2 minutos\" \/>\n<script type=\"application\/ld+json\" class=\"yoast-schema-graph\">{\"@context\":\"https:\\\/\\\/schema.org\",\"@graph\":[{\"@type\":\"Article\",\"@id\":\"https:\\\/\\\/www.manabi.gob.ec\\\/index.php\\\/embajada-de-eeuu-apoya-trabajo-de-prefectura-en-la-prevencion-y-erradicacion-de-violencia-de-genero\\\/#article\",\"isPartOf\":{\"@id\":\"https:\\\/\\\/www.manabi.gob.ec\\\/index.php\\\/embajada-de-eeuu-apoya-trabajo-de-prefectura-en-la-prevencion-y-erradicacion-de-violencia-de-genero\\\/\"},\"author\":{\"name\":\"Lui Ochoa\",\"@id\":\"https:\\\/\\\/www.manabi.gob.ec\\\/#\\\/schema\\\/person\\\/c4f117989332ad723a6ced5994aa7d7a\"},\"headline\":\"EMBAJADA DE EEUU APOYA TRABAJO DE PREFECTURA EN LA PREVENCI\u00d3N Y ERRADICACI\u00d3N DE VIOLENCIA DE G\u00c9NERO\",\"datePublished\":\"2023-10-17T16:20:59+00:00\",\"dateModified\":\"2023-10-17T16:21:05+00:00\",\"mainEntityOfPage\":{\"@id\":\"https:\\\/\\\/www.manabi.gob.ec\\\/index.php\\\/embajada-de-eeuu-apoya-trabajo-de-prefectura-en-la-prevencion-y-erradicacion-de-violencia-de-genero\\\/\"},\"wordCount\":284,\"image\":{\"@id\":\"https:\\\/\\\/www.manabi.gob.ec\\\/index.php\\\/embajada-de-eeuu-apoya-trabajo-de-prefectura-en-la-prevencion-y-erradicacion-de-violencia-de-genero\\\/#primaryimage\"},\"thumbnailUrl\":\"https:\\\/\\\/www.manabi.gob.ec\\\/wp-content\\\/uploads\\\/2023\\\/10\\\/WhatsApp-Image-2023-09-29-at-15.22.37-scaled.jpeg\",\"articleSection\":[\"Desarrollo Social\",\"Mujeres\",\"Noticias\",\"Participaci\u00f3n ciudadana\",\"Todas\",\"Violencia de G\u00e9nero\"],\"inLanguage\":\"es\"},{\"@type\":\"WebPage\",\"@id\":\"https:\\\/\\\/www.manabi.gob.ec\\\/index.php\\\/embajada-de-eeuu-apoya-trabajo-de-prefectura-en-la-prevencion-y-erradicacion-de-violencia-de-genero\\\/\",\"url\":\"https:\\\/\\\/www.manabi.gob.ec\\\/index.php\\\/embajada-de-eeuu-apoya-trabajo-de-prefectura-en-la-prevencion-y-erradicacion-de-violencia-de-genero\\\/\",\"name\":\"EMBAJADA DE EEUU APOYA TRABAJO DE PREFECTURA EN LA PREVENCI\u00d3N Y ERRADICACI\u00d3N DE VIOLENCIA DE G\u00c9NERO - Prefectura de Manab\u00ed\",\"isPartOf\":{\"@id\":\"https:\\\/\\\/www.manabi.gob.ec\\\/#website\"},\"primaryImageOfPage\":{\"@id\":\"https:\\\/\\\/www.manabi.gob.ec\\\/index.php\\\/embajada-de-eeuu-apoya-trabajo-de-prefectura-en-la-prevencion-y-erradicacion-de-violencia-de-genero\\\/#primaryimage\"},\"image\":{\"@id\":\"https:\\\/\\\/www.manabi.gob.ec\\\/index.php\\\/embajada-de-eeuu-apoya-trabajo-de-prefectura-en-la-prevencion-y-erradicacion-de-violencia-de-genero\\\/#primaryimage\"},\"thumbnailUrl\":\"https:\\\/\\\/www.manabi.gob.ec\\\/wp-content\\\/uploads\\\/2023\\\/10\\\/WhatsApp-Image-2023-09-29-at-15.22.37-scaled.jpeg\",\"datePublished\":\"2023-10-17T16:20:59+00:00\",\"dateModified\":\"2023-10-17T16:21:05+00:00\",\"author\":{\"@id\":\"https:\\\/\\\/www.manabi.gob.ec\\\/#\\\/schema\\\/person\\\/c4f117989332ad723a6ced5994aa7d7a\"},\"breadcrumb\":{\"@id\":\"https:\\\/\\\/www.manabi.gob.ec\\\/index.php\\\/embajada-de-eeuu-apoya-trabajo-de-prefectura-en-la-prevencion-y-erradicacion-de-violencia-de-genero\\\/#breadcrumb\"},\"inLanguage\":\"es\",\"potentialAction\":[{\"@type\":\"ReadAction\",\"target\":[\"https:\\\/\\\/www.manabi.gob.ec\\\/index.php\\\/embajada-de-eeuu-apoya-trabajo-de-prefectura-en-la-prevencion-y-erradicacion-de-violencia-de-genero\\\/\"]}]},{\"@type\":\"ImageObject\",\"inLanguage\":\"es\",\"@id\":\"https:\\\/\\\/www.manabi.gob.ec\\\/index.php\\\/embajada-de-eeuu-apoya-trabajo-de-prefectura-en-la-prevencion-y-erradicacion-de-violencia-de-genero\\\/#primaryimage\",\"url\":\"https:\\\/\\\/www.manabi.gob.ec\\\/wp-content\\\/uploads\\\/2023\\\/10\\\/WhatsApp-Image-2023-09-29-at-15.22.37-scaled.jpeg\",\"contentUrl\":\"https:\\\/\\\/www.manabi.gob.ec\\\/wp-content\\\/uploads\\\/2023\\\/10\\\/WhatsApp-Image-2023-09-29-at-15.22.37-scaled.jpeg\",\"width\":2560,\"height\":1920},{\"@type\":\"BreadcrumbList\",\"@id\":\"https:\\\/\\\/www.manabi.gob.ec\\\/index.php\\\/embajada-de-eeuu-apoya-trabajo-de-prefectura-en-la-prevencion-y-erradicacion-de-violencia-de-genero\\\/#breadcrumb\",\"itemListElement\":[{\"@type\":\"ListItem\",\"position\":1,\"name\":\"Portada\",\"item\":\"https:\\\/\\\/www.manabi.gob.ec\\\/\"},{\"@type\":\"ListItem\",\"position\":2,\"name\":\"EMBAJADA DE EEUU APOYA TRABAJO DE PREFECTURA EN LA PREVENCI\u00d3N Y ERRADICACI\u00d3N DE VIOLENCIA DE G\u00c9NERO\"}]},{\"@type\":\"WebSite\",\"@id\":\"https:\\\/\\\/www.manabi.gob.ec\\\/#website\",\"url\":\"https:\\\/\\\/www.manabi.gob.ec\\\/\",\"name\":\"Prefectura de Manab\u00ed\",\"description\":\"P\u00e1gina web de la prefectura\",\"potentialAction\":[{\"@type\":\"SearchAction\",\"target\":{\"@type\":\"EntryPoint\",\"urlTemplate\":\"https:\\\/\\\/www.manabi.gob.ec\\\/?s={search_term_string}\"},\"query-input\":{\"@type\":\"PropertyValueSpecification\",\"valueRequired\":true,\"valueName\":\"search_term_string\"}}],\"inLanguage\":\"es\"},{\"@type\":\"Person\",\"@id\":\"https:\\\/\\\/www.manabi.gob.ec\\\/#\\\/schema\\\/person\\\/c4f117989332ad723a6ced5994aa7d7a\",\"name\":\"Lui Ochoa\",\"image\":{\"@type\":\"ImageObject\",\"inLanguage\":\"es\",\"@id\":\"https:\\\/\\\/secure.gravatar.com\\\/avatar\\\/6e8017d0fe69dead8a95864d2eb6e1e1d8bf8e01194ba49cf7b897ff038126ba?s=96&d=mm&r=g\",\"url\":\"https:\\\/\\\/secure.gravatar.com\\\/avatar\\\/6e8017d0fe69dead8a95864d2eb6e1e1d8bf8e01194ba49cf7b897ff038126ba?s=96&d=mm&r=g\",\"contentUrl\":\"https:\\\/\\\/secure.gravatar.com\\\/avatar\\\/6e8017d0fe69dead8a95864d2eb6e1e1d8bf8e01194ba49cf7b897ff038126ba?s=96&d=mm&r=g\",\"caption\":\"Lui Ochoa\"},\"url\":\"https:\\\/\\\/www.manabi.gob.ec\\\/index.php\\\/author\\\/lochoa\\\/\"}]}<\/script>\n<!-- \/ Yoast SEO plugin. -->","yoast_head_json":{"title":"EMBAJADA DE EEUU APOYA TRABAJO DE PREFECTURA EN LA PREVENCI\u00d3N Y ERRADICACI\u00d3N DE VIOLENCIA DE G\u00c9NERO - Prefectura de Manab\u00ed","robots":{"index":"index","follow":"follow","max-snippet":"max-snippet:-1","max-image-preview":"max-image-preview:large","max-video-preview":"max-video-preview:-1"},"canonical":"https:\/\/www.manabi.gob.ec\/index.php\/embajada-de-eeuu-apoya-trabajo-de-prefectura-en-la-prevencion-y-erradicacion-de-violencia-de-genero\/","og_locale":"es_ES","og_type":"article","og_title":"EMBAJADA DE EEUU APOYA TRABAJO DE PREFECTURA EN LA PREVENCI\u00d3N Y ERRADICACI\u00d3N DE VIOLENCIA DE G\u00c9NERO - Prefectura de Manab\u00ed","og_description":"La Prefectura de Manab\u00ed y el Consulado Estadounidense desarrollaron un taller dirigido la prevenci\u00f3n y erradicaci\u00f3n de la violencia basada en g\u00e9nero, que estuvo dictado por la estadounidense Heidi Notorio, Jefa de Educaci\u00f3n y Acceso en Caminar Latino\/Latinos Unidos Por La Paz y La Equidad, ubicado en Atlanta, Georgia. El taller se dict\u00f3 el pasado [&hellip;]","og_url":"https:\/\/www.manabi.gob.ec\/index.php\/embajada-de-eeuu-apoya-trabajo-de-prefectura-en-la-prevencion-y-erradicacion-de-violencia-de-genero\/","og_site_name":"Prefectura de Manab\u00ed","article_published_time":"2023-10-17T16:20:59+00:00","article_modified_time":"2023-10-17T16:21:05+00:00","og_image":[{"width":2560,"height":1920,"url":"https:\/\/www.manabi.gob.ec\/wp-content\/uploads\/2023\/10\/WhatsApp-Image-2023-09-29-at-15.22.37-scaled.jpeg","type":"image\/jpeg"}],"author":"Lui Ochoa","twitter_card":"summary_large_image","twitter_misc":{"Escrito por":"Lui Ochoa","Tiempo de lectura":"2 minutos"},"schema":{"@context":"https:\/\/schema.org","@graph":[{"@type":"Article","@id":"https:\/\/www.manabi.gob.ec\/index.php\/embajada-de-eeuu-apoya-trabajo-de-prefectura-en-la-prevencion-y-erradicacion-de-violencia-de-genero\/#article","isPartOf":{"@id":"https:\/\/www.manabi.gob.ec\/index.php\/embajada-de-eeuu-apoya-trabajo-de-prefectura-en-la-prevencion-y-erradicacion-de-violencia-de-genero\/"},"author":{"name":"Lui Ochoa","@id":"https:\/\/www.manabi.gob.ec\/#\/schema\/person\/c4f117989332ad723a6ced5994aa7d7a"},"headline":"EMBAJADA DE EEUU APOYA TRABAJO DE PREFECTURA EN LA PREVENCI\u00d3N Y ERRADICACI\u00d3N DE VIOLENCIA DE G\u00c9NERO","datePublished":"2023-10-17T16:20:59+00:00","dateModified":"2023-10-17T16:21:05+00:00","mainEntityOfPage":{"@id":"https:\/\/www.manabi.gob.ec\/index.php\/embajada-de-eeuu-apoya-trabajo-de-prefectura-en-la-prevencion-y-erradicacion-de-violencia-de-genero\/"},"wordCount":284,"image":{"@id":"https:\/\/www.manabi.gob.ec\/index.php\/embajada-de-eeuu-apoya-trabajo-de-prefectura-en-la-prevencion-y-erradicacion-de-violencia-de-genero\/#primaryimage"},"thumbnailUrl":"https:\/\/www.manabi.gob.ec\/wp-content\/uploads\/2023\/10\/WhatsApp-Image-2023-09-29-at-15.22.37-scaled.jpeg","articleSection":["Desarrollo Social","Mujeres","Noticias","Participaci\u00f3n ciudadana","Todas","Violencia de G\u00e9nero"],"inLanguage":"es"},{"@type":"WebPage","@id":"https:\/\/www.manabi.gob.ec\/index.php\/embajada-de-eeuu-apoya-trabajo-de-prefectura-en-la-prevencion-y-erradicacion-de-violencia-de-genero\/","url":"https:\/\/www.manabi.gob.ec\/index.php\/embajada-de-eeuu-apoya-trabajo-de-prefectura-en-la-prevencion-y-erradicacion-de-violencia-de-genero\/","name":"EMBAJADA DE EEUU APOYA TRABAJO DE PREFECTURA EN LA PREVENCI\u00d3N Y ERRADICACI\u00d3N DE VIOLENCIA DE G\u00c9NERO - Prefectura de Manab\u00ed","isPartOf":{"@id":"https:\/\/www.manabi.gob.ec\/#website"},"primaryImageOfPage":{"@id":"https:\/\/www.manabi.gob.ec\/index.php\/embajada-de-eeuu-apoya-trabajo-de-prefectura-en-la-prevencion-y-erradicacion-de-violencia-de-genero\/#primaryimage"},"image":{"@id":"https:\/\/www.manabi.gob.ec\/index.php\/embajada-de-eeuu-apoya-trabajo-de-prefectura-en-la-prevencion-y-erradicacion-de-violencia-de-genero\/#primaryimage"},"thumbnailUrl":"https:\/\/www.manabi.gob.ec\/wp-content\/uploads\/2023\/10\/WhatsApp-Image-2023-09-29-at-15.22.37-scaled.jpeg","datePublished":"2023-10-17T16:20:59+00:00","dateModified":"2023-10-17T16:21:05+00:00","author":{"@id":"https:\/\/www.manabi.gob.ec\/#\/schema\/person\/c4f117989332ad723a6ced5994aa7d7a"},"breadcrumb":{"@id":"https:\/\/www.manabi.gob.ec\/index.php\/embajada-de-eeuu-apoya-trabajo-de-prefectura-en-la-prevencion-y-erradicacion-de-violencia-de-genero\/#breadcrumb"},"inLanguage":"es","potentialAction":[{"@type":"ReadAction","target":["https:\/\/www.manabi.gob.ec\/index.php\/embajada-de-eeuu-apoya-trabajo-de-prefectura-en-la-prevencion-y-erradicacion-de-violencia-de-genero\/"]}]},{"@type":"ImageObject","inLanguage":"es","@id":"https:\/\/www.manabi.gob.ec\/index.php\/embajada-de-eeuu-apoya-trabajo-de-prefectura-en-la-prevencion-y-erradicacion-de-violencia-de-genero\/#primaryimage","url":"https:\/\/www.manabi.gob.ec\/wp-content\/uploads\/2023\/10\/WhatsApp-Image-2023-09-29-at-15.22.37-scaled.jpeg","contentUrl":"https:\/\/www.manabi.gob.ec\/wp-content\/uploads\/2023\/10\/WhatsApp-Image-2023-09-29-at-15.22.37-scaled.jpeg","width":2560,"height":1920},{"@type":"BreadcrumbList","@id":"https:\/\/www.manabi.gob.ec\/index.php\/embajada-de-eeuu-apoya-trabajo-de-prefectura-en-la-prevencion-y-erradicacion-de-violencia-de-genero\/#breadcrumb","itemListElement":[{"@type":"ListItem","position":1,"name":"Portada","item":"https:\/\/www.manabi.gob.ec\/"},{"@type":"ListItem","position":2,"name":"EMBAJADA DE EEUU APOYA TRABAJO DE PREFECTURA EN LA PREVENCI\u00d3N Y ERRADICACI\u00d3N DE VIOLENCIA DE G\u00c9NERO"}]},{"@type":"WebSite","@id":"https:\/\/www.manabi.gob.ec\/#website","url":"https:\/\/www.manabi.gob.ec\/","name":"Prefectura de Manab\u00ed","description":"P\u00e1gina web de la prefectura","potentialAction":[{"@type":"SearchAction","target":{"@type":"EntryPoint","urlTemplate":"https:\/\/www.manabi.gob.ec\/?s={search_term_string}"},"query-input":{"@type":"PropertyValueSpecification","valueRequired":true,"valueName":"search_term_string"}}],"inLanguage":"es"},{"@type":"Person","@id":"https:\/\/www.manabi.gob.ec\/#\/schema\/person\/c4f117989332ad723a6ced5994aa7d7a","name":"Lui Ochoa","image":{"@type":"ImageObject","inLanguage":"es","@id":"https:\/\/secure.gravatar.com\/avatar\/6e8017d0fe69dead8a95864d2eb6e1e1d8bf8e01194ba49cf7b897ff038126ba?s=96&d=mm&r=g","url":"https:\/\/secure.gravatar.com\/avatar\/6e8017d0fe69dead8a95864d2eb6e1e1d8bf8e01194ba49cf7b897ff038126ba?s=96&d=mm&r=g","contentUrl":"https:\/\/secure.gravatar.com\/avatar\/6e8017d0fe69dead8a95864d2eb6e1e1d8bf8e01194ba49cf7b897ff038126ba?s=96&d=mm&r=g","caption":"Lui Ochoa"},"url":"https:\/\/www.manabi.gob.ec\/index.php\/author\/lochoa\/"}]}},"jetpack_featured_media_url":"https:\/\/www.manabi.gob.ec\/wp-content\/uploads\/2023\/10\/WhatsApp-Image-2023-09-29-at-15.22.37-scaled.jpeg","_links":{"self":[{"href":"https:\/\/www.manabi.gob.ec\/index.php\/wp-json\/wp\/v2\/posts\/25901","targetHints":{"allow":["GET"]}}],"collection":[{"href":"https:\/\/www.manabi.gob.ec\/index.php\/wp-json\/wp\/v2\/posts"}],"about":[{"href":"https:\/\/www.manabi.gob.ec\/index.php\/wp-json\/wp\/v2\/types\/post"}],"author":[{"embeddable":true,"href":"https:\/\/www.manabi.gob.ec\/index.php\/wp-json\/wp\/v2\/users\/10"}],"replies":[{"embeddable":true,"href":"https:\/\/www.manabi.gob.ec\/index.php\/wp-json\/wp\/v2\/comments?post=25901"}],"version-history":[{"count":0,"href":"https:\/\/www.manabi.gob.ec\/index.php\/wp-json\/wp\/v2\/posts\/25901\/revisions"}],"wp:featuredmedia":[{"embeddable":true,"href":"https:\/\/www.manabi.gob.ec\/index.php\/wp-json\/wp\/v2\/media\/25902"}],"wp:attachment":[{"href":"https:\/\/www.manabi.gob.ec\/index.php\/wp-json\/wp\/v2\/media?parent=25901"}],"wp:term":[{"taxonomy":"category","embeddable":true,"href":"https:\/\/www.manabi.gob.ec\/index.php\/wp-json\/wp\/v2\/categories?post=25901"},{"taxonomy":"post_tag","embeddable":true,"href":"https:\/\/www.manabi.gob.ec\/index.php\/wp-json\/wp\/v2\/tags?post=25901"}],"curies":[{"name":"wp","href":"https:\/\/api.w.org\/{rel}","templated":true}]}}