{"id":25904,"date":"2023-10-17T16:51:51","date_gmt":"2023-10-17T16:51:51","guid":{"rendered":"https:\/\/www.manabi.gob.ec\/?p=25904"},"modified":"2023-10-17T16:51:55","modified_gmt":"2023-10-17T16:51:55","slug":"adultos-mayores-fueron-atendidos-en-la-feria-de-salud-en-chone","status":"publish","type":"post","link":"https:\/\/www.manabi.gob.ec\/index.php\/adultos-mayores-fueron-atendidos-en-la-feria-de-salud-en-chone\/","title":{"rendered":"ADULTOS MAYORES FUERON ATENDIDOS EN LA FERIA DE SALUD EN CHONE"},"content":{"rendered":"\n<p>En la plazoleta Elio Santos Macay del cant\u00f3n Chone con la presencia de la viceprefecta de Manab\u00ed, Kelly Buenaventura Moreira se realiz\u00f3 la feria de la salud donde 500 adultos mayores se beneficiaron de ayudas sociales que brindaron varias instituciones.<\/p>\n\n\n\n<p>Por su parte la brigada d\u00e9 atenci\u00f3n m\u00e9dica de la Prefectura de Manab\u00ed realiz\u00f3 300 atenciones en medicina general, odontologia, optometr\u00eda y nutrici\u00f3n.<\/p>\n\n\n\n<p>Las instituciones que participaron esta feria fueron: La alcald\u00eda de Chone, Solca, Fundaci\u00f3n Oswaldo Loor, UTM, Ministerio de Salud, Ratary Chone, Qu\u00edmica Ariston, Farmacia Santa Martha, Cooperativa Chone y la Prefectura de Manab\u00ed.<\/p>\n\n\n\n<p>\u201cEste primero de octubre se celebra el d\u00eda del adulto mayor y es juntando voluntades que estamos rindiendo ese homenaje con infinito amor en esta feria de salud donde se beneficia a las personas que a su edad que no ha podido en su mayor\u00eda a acceder a servicios de atenci\u00f3n medica, a quienes han dado mucho por sus famosas, por cant\u00f3n, por la provincia y el pa\u00eds\u201d enfatiz\u00f3 Kelly Buenaventura Moreira, viceprefecta de Manab\u00ed.<\/p>\n","protected":false},"excerpt":{"rendered":"<p>En la plazoleta Elio Santos Macay del cant\u00f3n Chone con la presencia de la viceprefecta de Manab\u00ed, Kelly Buenaventura Moreira se realiz\u00f3 la feria de la salud donde 500 adultos mayores se beneficiaron de ayudas sociales que brindaron varias instituciones. Por su parte la brigada d\u00e9 atenci\u00f3n m\u00e9dica de la Prefectura de Manab\u00ed realiz\u00f3 300 [&hellip;]<\/p>\n","protected":false},"author":10,"featured_media":25905,"comment_status":"closed","ping_status":"closed","sticky":false,"template":"","format":"standard","meta":{"_joinchat":[],"footnotes":""},"categories":[141,142,92,72,91],"tags":[],"class_list":["post-25904","post","type-post","status-publish","format-standard","has-post-thumbnail","hentry","category-chone","category-desarrollo-social","category-noticias-manabi","category-salud","category-todas"],"yoast_head":"<!-- This site is optimized with the Yoast SEO plugin v27.4 - https:\/\/yoast.com\/product\/yoast-seo-wordpress\/ -->\n<title>ADULTOS MAYORES FUERON ATENDIDOS EN LA FERIA DE SALUD EN CHONE - Prefectura de Manab\u00ed<\/title>\n<meta name=\"robots\" content=\"index, follow, max-snippet:-1, max-image-preview:large, max-video-preview:-1\" \/>\n<link rel=\"canonical\" href=\"https:\/\/www.manabi.gob.ec\/index.php\/adultos-mayores-fueron-atendidos-en-la-feria-de-salud-en-chone\/\" \/>\n<meta property=\"og:locale\" content=\"es_ES\" \/>\n<meta property=\"og:type\" content=\"article\" \/>\n<meta property=\"og:title\" content=\"ADULTOS MAYORES FUERON ATENDIDOS EN LA FERIA DE SALUD EN CHONE - Prefectura de Manab\u00ed\" \/>\n<meta property=\"og:description\" content=\"En la plazoleta Elio Santos Macay del cant\u00f3n Chone con la presencia de la viceprefecta de Manab\u00ed, Kelly Buenaventura Moreira se realiz\u00f3 la feria de la salud donde 500 adultos mayores se beneficiaron de ayudas sociales que brindaron varias instituciones. Por su parte la brigada d\u00e9 atenci\u00f3n m\u00e9dica de la Prefectura de Manab\u00ed realiz\u00f3 300 [&hellip;]\" \/>\n<meta property=\"og:url\" content=\"https:\/\/www.manabi.gob.ec\/index.php\/adultos-mayores-fueron-atendidos-en-la-feria-de-salud-en-chone\/\" \/>\n<meta property=\"og:site_name\" content=\"Prefectura de Manab\u00ed\" \/>\n<meta property=\"article:published_time\" content=\"2023-10-17T16:51:51+00:00\" \/>\n<meta property=\"article:modified_time\" content=\"2023-10-17T16:51:55+00:00\" \/>\n<meta property=\"og:image\" content=\"https:\/\/www.manabi.gob.ec\/wp-content\/uploads\/2023\/10\/WhatsApp-Image-2023-09-30-at-10.49.22.jpg\" \/>\n\t<meta property=\"og:image:width\" content=\"2048\" \/>\n\t<meta property=\"og:image:height\" content=\"1408\" \/>\n\t<meta property=\"og:image:type\" content=\"image\/jpeg\" \/>\n<meta name=\"author\" content=\"Lui Ochoa\" \/>\n<meta name=\"twitter:card\" content=\"summary_large_image\" \/>\n<meta name=\"twitter:label1\" content=\"Escrito por\" \/>\n\t<meta name=\"twitter:data1\" content=\"Lui Ochoa\" \/>\n\t<meta name=\"twitter:label2\" content=\"Tiempo de lectura\" \/>\n\t<meta name=\"twitter:data2\" content=\"1 minuto\" \/>\n<script type=\"application\/ld+json\" class=\"yoast-schema-graph\">{\"@context\":\"https:\\\/\\\/schema.org\",\"@graph\":[{\"@type\":\"Article\",\"@id\":\"https:\\\/\\\/www.manabi.gob.ec\\\/index.php\\\/adultos-mayores-fueron-atendidos-en-la-feria-de-salud-en-chone\\\/#article\",\"isPartOf\":{\"@id\":\"https:\\\/\\\/www.manabi.gob.ec\\\/index.php\\\/adultos-mayores-fueron-atendidos-en-la-feria-de-salud-en-chone\\\/\"},\"author\":{\"name\":\"Lui Ochoa\",\"@id\":\"https:\\\/\\\/www.manabi.gob.ec\\\/#\\\/schema\\\/person\\\/c4f117989332ad723a6ced5994aa7d7a\"},\"headline\":\"ADULTOS MAYORES FUERON ATENDIDOS EN LA FERIA DE SALUD EN CHONE\",\"datePublished\":\"2023-10-17T16:51:51+00:00\",\"dateModified\":\"2023-10-17T16:51:55+00:00\",\"mainEntityOfPage\":{\"@id\":\"https:\\\/\\\/www.manabi.gob.ec\\\/index.php\\\/adultos-mayores-fueron-atendidos-en-la-feria-de-salud-en-chone\\\/\"},\"wordCount\":193,\"image\":{\"@id\":\"https:\\\/\\\/www.manabi.gob.ec\\\/index.php\\\/adultos-mayores-fueron-atendidos-en-la-feria-de-salud-en-chone\\\/#primaryimage\"},\"thumbnailUrl\":\"https:\\\/\\\/www.manabi.gob.ec\\\/wp-content\\\/uploads\\\/2023\\\/10\\\/WhatsApp-Image-2023-09-30-at-10.49.22.jpg\",\"articleSection\":[\"Chone\",\"Desarrollo Social\",\"Noticias\",\"salud\",\"Todas\"],\"inLanguage\":\"es\"},{\"@type\":\"WebPage\",\"@id\":\"https:\\\/\\\/www.manabi.gob.ec\\\/index.php\\\/adultos-mayores-fueron-atendidos-en-la-feria-de-salud-en-chone\\\/\",\"url\":\"https:\\\/\\\/www.manabi.gob.ec\\\/index.php\\\/adultos-mayores-fueron-atendidos-en-la-feria-de-salud-en-chone\\\/\",\"name\":\"ADULTOS MAYORES FUERON ATENDIDOS EN LA FERIA DE SALUD EN CHONE - Prefectura de Manab\u00ed\",\"isPartOf\":{\"@id\":\"https:\\\/\\\/www.manabi.gob.ec\\\/#website\"},\"primaryImageOfPage\":{\"@id\":\"https:\\\/\\\/www.manabi.gob.ec\\\/index.php\\\/adultos-mayores-fueron-atendidos-en-la-feria-de-salud-en-chone\\\/#primaryimage\"},\"image\":{\"@id\":\"https:\\\/\\\/www.manabi.gob.ec\\\/index.php\\\/adultos-mayores-fueron-atendidos-en-la-feria-de-salud-en-chone\\\/#primaryimage\"},\"thumbnailUrl\":\"https:\\\/\\\/www.manabi.gob.ec\\\/wp-content\\\/uploads\\\/2023\\\/10\\\/WhatsApp-Image-2023-09-30-at-10.49.22.jpg\",\"datePublished\":\"2023-10-17T16:51:51+00:00\",\"dateModified\":\"2023-10-17T16:51:55+00:00\",\"author\":{\"@id\":\"https:\\\/\\\/www.manabi.gob.ec\\\/#\\\/schema\\\/person\\\/c4f117989332ad723a6ced5994aa7d7a\"},\"breadcrumb\":{\"@id\":\"https:\\\/\\\/www.manabi.gob.ec\\\/index.php\\\/adultos-mayores-fueron-atendidos-en-la-feria-de-salud-en-chone\\\/#breadcrumb\"},\"inLanguage\":\"es\",\"potentialAction\":[{\"@type\":\"ReadAction\",\"target\":[\"https:\\\/\\\/www.manabi.gob.ec\\\/index.php\\\/adultos-mayores-fueron-atendidos-en-la-feria-de-salud-en-chone\\\/\"]}]},{\"@type\":\"ImageObject\",\"inLanguage\":\"es\",\"@id\":\"https:\\\/\\\/www.manabi.gob.ec\\\/index.php\\\/adultos-mayores-fueron-atendidos-en-la-feria-de-salud-en-chone\\\/#primaryimage\",\"url\":\"https:\\\/\\\/www.manabi.gob.ec\\\/wp-content\\\/uploads\\\/2023\\\/10\\\/WhatsApp-Image-2023-09-30-at-10.49.22.jpg\",\"contentUrl\":\"https:\\\/\\\/www.manabi.gob.ec\\\/wp-content\\\/uploads\\\/2023\\\/10\\\/WhatsApp-Image-2023-09-30-at-10.49.22.jpg\",\"width\":2048,\"height\":1408},{\"@type\":\"BreadcrumbList\",\"@id\":\"https:\\\/\\\/www.manabi.gob.ec\\\/index.php\\\/adultos-mayores-fueron-atendidos-en-la-feria-de-salud-en-chone\\\/#breadcrumb\",\"itemListElement\":[{\"@type\":\"ListItem\",\"position\":1,\"name\":\"Portada\",\"item\":\"https:\\\/\\\/www.manabi.gob.ec\\\/\"},{\"@type\":\"ListItem\",\"position\":2,\"name\":\"ADULTOS MAYORES FUERON ATENDIDOS EN LA FERIA DE SALUD EN CHONE\"}]},{\"@type\":\"WebSite\",\"@id\":\"https:\\\/\\\/www.manabi.gob.ec\\\/#website\",\"url\":\"https:\\\/\\\/www.manabi.gob.ec\\\/\",\"name\":\"Prefectura de Manab\u00ed\",\"description\":\"P\u00e1gina web de la prefectura\",\"potentialAction\":[{\"@type\":\"SearchAction\",\"target\":{\"@type\":\"EntryPoint\",\"urlTemplate\":\"https:\\\/\\\/www.manabi.gob.ec\\\/?s={search_term_string}\"},\"query-input\":{\"@type\":\"PropertyValueSpecification\",\"valueRequired\":true,\"valueName\":\"search_term_string\"}}],\"inLanguage\":\"es\"},{\"@type\":\"Person\",\"@id\":\"https:\\\/\\\/www.manabi.gob.ec\\\/#\\\/schema\\\/person\\\/c4f117989332ad723a6ced5994aa7d7a\",\"name\":\"Lui Ochoa\",\"image\":{\"@type\":\"ImageObject\",\"inLanguage\":\"es\",\"@id\":\"https:\\\/\\\/secure.gravatar.com\\\/avatar\\\/6e8017d0fe69dead8a95864d2eb6e1e1d8bf8e01194ba49cf7b897ff038126ba?s=96&d=mm&r=g\",\"url\":\"https:\\\/\\\/secure.gravatar.com\\\/avatar\\\/6e8017d0fe69dead8a95864d2eb6e1e1d8bf8e01194ba49cf7b897ff038126ba?s=96&d=mm&r=g\",\"contentUrl\":\"https:\\\/\\\/secure.gravatar.com\\\/avatar\\\/6e8017d0fe69dead8a95864d2eb6e1e1d8bf8e01194ba49cf7b897ff038126ba?s=96&d=mm&r=g\",\"caption\":\"Lui Ochoa\"},\"url\":\"https:\\\/\\\/www.manabi.gob.ec\\\/index.php\\\/author\\\/lochoa\\\/\"}]}<\/script>\n<!-- \/ Yoast SEO plugin. -->","yoast_head_json":{"title":"ADULTOS MAYORES FUERON ATENDIDOS EN LA FERIA DE SALUD EN CHONE - Prefectura de Manab\u00ed","robots":{"index":"index","follow":"follow","max-snippet":"max-snippet:-1","max-image-preview":"max-image-preview:large","max-video-preview":"max-video-preview:-1"},"canonical":"https:\/\/www.manabi.gob.ec\/index.php\/adultos-mayores-fueron-atendidos-en-la-feria-de-salud-en-chone\/","og_locale":"es_ES","og_type":"article","og_title":"ADULTOS MAYORES FUERON ATENDIDOS EN LA FERIA DE SALUD EN CHONE - Prefectura de Manab\u00ed","og_description":"En la plazoleta Elio Santos Macay del cant\u00f3n Chone con la presencia de la viceprefecta de Manab\u00ed, Kelly Buenaventura Moreira se realiz\u00f3 la feria de la salud donde 500 adultos mayores se beneficiaron de ayudas sociales que brindaron varias instituciones. Por su parte la brigada d\u00e9 atenci\u00f3n m\u00e9dica de la Prefectura de Manab\u00ed realiz\u00f3 300 [&hellip;]","og_url":"https:\/\/www.manabi.gob.ec\/index.php\/adultos-mayores-fueron-atendidos-en-la-feria-de-salud-en-chone\/","og_site_name":"Prefectura de Manab\u00ed","article_published_time":"2023-10-17T16:51:51+00:00","article_modified_time":"2023-10-17T16:51:55+00:00","og_image":[{"width":2048,"height":1408,"url":"https:\/\/www.manabi.gob.ec\/wp-content\/uploads\/2023\/10\/WhatsApp-Image-2023-09-30-at-10.49.22.jpg","type":"image\/jpeg"}],"author":"Lui Ochoa","twitter_card":"summary_large_image","twitter_misc":{"Escrito por":"Lui Ochoa","Tiempo de lectura":"1 minuto"},"schema":{"@context":"https:\/\/schema.org","@graph":[{"@type":"Article","@id":"https:\/\/www.manabi.gob.ec\/index.php\/adultos-mayores-fueron-atendidos-en-la-feria-de-salud-en-chone\/#article","isPartOf":{"@id":"https:\/\/www.manabi.gob.ec\/index.php\/adultos-mayores-fueron-atendidos-en-la-feria-de-salud-en-chone\/"},"author":{"name":"Lui Ochoa","@id":"https:\/\/www.manabi.gob.ec\/#\/schema\/person\/c4f117989332ad723a6ced5994aa7d7a"},"headline":"ADULTOS MAYORES FUERON ATENDIDOS EN LA FERIA DE SALUD EN CHONE","datePublished":"2023-10-17T16:51:51+00:00","dateModified":"2023-10-17T16:51:55+00:00","mainEntityOfPage":{"@id":"https:\/\/www.manabi.gob.ec\/index.php\/adultos-mayores-fueron-atendidos-en-la-feria-de-salud-en-chone\/"},"wordCount":193,"image":{"@id":"https:\/\/www.manabi.gob.ec\/index.php\/adultos-mayores-fueron-atendidos-en-la-feria-de-salud-en-chone\/#primaryimage"},"thumbnailUrl":"https:\/\/www.manabi.gob.ec\/wp-content\/uploads\/2023\/10\/WhatsApp-Image-2023-09-30-at-10.49.22.jpg","articleSection":["Chone","Desarrollo Social","Noticias","salud","Todas"],"inLanguage":"es"},{"@type":"WebPage","@id":"https:\/\/www.manabi.gob.ec\/index.php\/adultos-mayores-fueron-atendidos-en-la-feria-de-salud-en-chone\/","url":"https:\/\/www.manabi.gob.ec\/index.php\/adultos-mayores-fueron-atendidos-en-la-feria-de-salud-en-chone\/","name":"ADULTOS MAYORES FUERON ATENDIDOS EN LA FERIA DE SALUD EN CHONE - Prefectura de Manab\u00ed","isPartOf":{"@id":"https:\/\/www.manabi.gob.ec\/#website"},"primaryImageOfPage":{"@id":"https:\/\/www.manabi.gob.ec\/index.php\/adultos-mayores-fueron-atendidos-en-la-feria-de-salud-en-chone\/#primaryimage"},"image":{"@id":"https:\/\/www.manabi.gob.ec\/index.php\/adultos-mayores-fueron-atendidos-en-la-feria-de-salud-en-chone\/#primaryimage"},"thumbnailUrl":"https:\/\/www.manabi.gob.ec\/wp-content\/uploads\/2023\/10\/WhatsApp-Image-2023-09-30-at-10.49.22.jpg","datePublished":"2023-10-17T16:51:51+00:00","dateModified":"2023-10-17T16:51:55+00:00","author":{"@id":"https:\/\/www.manabi.gob.ec\/#\/schema\/person\/c4f117989332ad723a6ced5994aa7d7a"},"breadcrumb":{"@id":"https:\/\/www.manabi.gob.ec\/index.php\/adultos-mayores-fueron-atendidos-en-la-feria-de-salud-en-chone\/#breadcrumb"},"inLanguage":"es","potentialAction":[{"@type":"ReadAction","target":["https:\/\/www.manabi.gob.ec\/index.php\/adultos-mayores-fueron-atendidos-en-la-feria-de-salud-en-chone\/"]}]},{"@type":"ImageObject","inLanguage":"es","@id":"https:\/\/www.manabi.gob.ec\/index.php\/adultos-mayores-fueron-atendidos-en-la-feria-de-salud-en-chone\/#primaryimage","url":"https:\/\/www.manabi.gob.ec\/wp-content\/uploads\/2023\/10\/WhatsApp-Image-2023-09-30-at-10.49.22.jpg","contentUrl":"https:\/\/www.manabi.gob.ec\/wp-content\/uploads\/2023\/10\/WhatsApp-Image-2023-09-30-at-10.49.22.jpg","width":2048,"height":1408},{"@type":"BreadcrumbList","@id":"https:\/\/www.manabi.gob.ec\/index.php\/adultos-mayores-fueron-atendidos-en-la-feria-de-salud-en-chone\/#breadcrumb","itemListElement":[{"@type":"ListItem","position":1,"name":"Portada","item":"https:\/\/www.manabi.gob.ec\/"},{"@type":"ListItem","position":2,"name":"ADULTOS MAYORES FUERON ATENDIDOS EN LA FERIA DE SALUD EN CHONE"}]},{"@type":"WebSite","@id":"https:\/\/www.manabi.gob.ec\/#website","url":"https:\/\/www.manabi.gob.ec\/","name":"Prefectura de Manab\u00ed","description":"P\u00e1gina web de la prefectura","potentialAction":[{"@type":"SearchAction","target":{"@type":"EntryPoint","urlTemplate":"https:\/\/www.manabi.gob.ec\/?s={search_term_string}"},"query-input":{"@type":"PropertyValueSpecification","valueRequired":true,"valueName":"search_term_string"}}],"inLanguage":"es"},{"@type":"Person","@id":"https:\/\/www.manabi.gob.ec\/#\/schema\/person\/c4f117989332ad723a6ced5994aa7d7a","name":"Lui Ochoa","image":{"@type":"ImageObject","inLanguage":"es","@id":"https:\/\/secure.gravatar.com\/avatar\/6e8017d0fe69dead8a95864d2eb6e1e1d8bf8e01194ba49cf7b897ff038126ba?s=96&d=mm&r=g","url":"https:\/\/secure.gravatar.com\/avatar\/6e8017d0fe69dead8a95864d2eb6e1e1d8bf8e01194ba49cf7b897ff038126ba?s=96&d=mm&r=g","contentUrl":"https:\/\/secure.gravatar.com\/avatar\/6e8017d0fe69dead8a95864d2eb6e1e1d8bf8e01194ba49cf7b897ff038126ba?s=96&d=mm&r=g","caption":"Lui Ochoa"},"url":"https:\/\/www.manabi.gob.ec\/index.php\/author\/lochoa\/"}]}},"jetpack_featured_media_url":"https:\/\/www.manabi.gob.ec\/wp-content\/uploads\/2023\/10\/WhatsApp-Image-2023-09-30-at-10.49.22.jpg","_links":{"self":[{"href":"https:\/\/www.manabi.gob.ec\/index.php\/wp-json\/wp\/v2\/posts\/25904","targetHints":{"allow":["GET"]}}],"collection":[{"href":"https:\/\/www.manabi.gob.ec\/index.php\/wp-json\/wp\/v2\/posts"}],"about":[{"href":"https:\/\/www.manabi.gob.ec\/index.php\/wp-json\/wp\/v2\/types\/post"}],"author":[{"embeddable":true,"href":"https:\/\/www.manabi.gob.ec\/index.php\/wp-json\/wp\/v2\/users\/10"}],"replies":[{"embeddable":true,"href":"https:\/\/www.manabi.gob.ec\/index.php\/wp-json\/wp\/v2\/comments?post=25904"}],"version-history":[{"count":0,"href":"https:\/\/www.manabi.gob.ec\/index.php\/wp-json\/wp\/v2\/posts\/25904\/revisions"}],"wp:featuredmedia":[{"embeddable":true,"href":"https:\/\/www.manabi.gob.ec\/index.php\/wp-json\/wp\/v2\/media\/25905"}],"wp:attachment":[{"href":"https:\/\/www.manabi.gob.ec\/index.php\/wp-json\/wp\/v2\/media?parent=25904"}],"wp:term":[{"taxonomy":"category","embeddable":true,"href":"https:\/\/www.manabi.gob.ec\/index.php\/wp-json\/wp\/v2\/categories?post=25904"},{"taxonomy":"post_tag","embeddable":true,"href":"https:\/\/www.manabi.gob.ec\/index.php\/wp-json\/wp\/v2\/tags?post=25904"}],"curies":[{"name":"wp","href":"https:\/\/api.w.org\/{rel}","templated":true}]}}