{"id":25910,"date":"2023-10-17T17:04:38","date_gmt":"2023-10-17T17:04:38","guid":{"rendered":"https:\/\/www.manabi.gob.ec\/?p=25910"},"modified":"2023-10-17T17:04:42","modified_gmt":"2023-10-17T17:04:42","slug":"iniciaron-las-actividades-por-la-inauguracion-de-la-via-manta-jaramijo","status":"publish","type":"post","link":"https:\/\/www.manabi.gob.ec\/index.php\/iniciaron-las-actividades-por-la-inauguracion-de-la-via-manta-jaramijo\/","title":{"rendered":"Iniciaron las actividades por la inauguraci\u00f3n de la v\u00eda Manta &#8211; Jaramij\u00f3"},"content":{"rendered":"\n<p>La gran fiesta que vivir\u00e1n los manabitas por la inauguraci\u00f3n de la v\u00eda de integraci\u00f3n intercantonal Manta Jaramij\u00f3, inici\u00f3 en horas de la ma\u00f1ana con un ciclopaseo que recorri\u00f3 los 4.8 kil\u00f3metros de esta emblem\u00e1tica obra.<\/p>\n\n\n\n<p>Alrededor de 200 personas de diferentes grupos de ciclismo de la provincia y ciudadan\u00eda participaron de esta actividad. Hubo puntos de hidrataci\u00f3n y frutas.<\/p>\n\n\n\n<p>Adem\u00e1s, el prefecto Leonardo Orlando junto al alcalde de Jaramij\u00f3, Simetrio Calder\u00f3n, realizaron la siembra del \u00e1rbol olivo negro a un costado de la v\u00eda. Se han sembrado inicialmente 30 \u00e1rboles de olivo negro y en d\u00edas posteriores se sembrar\u00e1n plantas de flor de Ni\u00f1o.<\/p>\n\n\n\n<p>Adema, se visit\u00f3 y disfrut\u00f3 de los beneficios naturales que ofrecen los milenarios pozos azufrados de Punta Blanca de Jaramijo, donde la prefectura de Manab\u00ed junto al GAD cantonal tienen planificado la ejecuci\u00f3n del proyecto de mejoramiento de este importante punto tur\u00edstico de Jaramij\u00f3.<\/p>\n\n\n\n<p>Finalmente, recorri\u00f3 los diferentes stands de la feria de emprendedores y artesanos de Jaramij\u00f3, previ\u00f3 a la inauguraci\u00f3n de la obra.<\/p>\n","protected":false},"excerpt":{"rendered":"<p>La gran fiesta que vivir\u00e1n los manabitas por la inauguraci\u00f3n de la v\u00eda de integraci\u00f3n intercantonal Manta Jaramij\u00f3, inici\u00f3 en horas de la ma\u00f1ana con un ciclopaseo que recorri\u00f3 los 4.8 kil\u00f3metros de esta emblem\u00e1tica obra. Alrededor de 200 personas de diferentes grupos de ciclismo de la provincia y ciudadan\u00eda participaron de esta actividad. Hubo [&hellip;]<\/p>\n","protected":false},"author":10,"featured_media":25911,"comment_status":"closed","ping_status":"closed","sticky":false,"template":"","format":"standard","meta":{"_joinchat":[],"footnotes":""},"categories":[142,211,170,156,92,181,91,127],"tags":[],"class_list":["post-25910","post","type-post","status-publish","format-standard","has-post-thumbnail","hentry","category-desarrollo-social","category-jaramijo","category-manabi-vial","category-manta","category-noticias-manabi","category-obra-publica","category-todas","category-vialidad"],"yoast_head":"<!-- This site is optimized with the Yoast SEO plugin v27.4 - https:\/\/yoast.com\/product\/yoast-seo-wordpress\/ -->\n<title>Iniciaron las actividades por la inauguraci\u00f3n de la v\u00eda Manta - Jaramij\u00f3 - Prefectura de Manab\u00ed<\/title>\n<meta name=\"robots\" content=\"index, follow, max-snippet:-1, max-image-preview:large, max-video-preview:-1\" \/>\n<link rel=\"canonical\" href=\"https:\/\/www.manabi.gob.ec\/index.php\/iniciaron-las-actividades-por-la-inauguracion-de-la-via-manta-jaramijo\/\" \/>\n<meta property=\"og:locale\" content=\"es_ES\" \/>\n<meta property=\"og:type\" content=\"article\" \/>\n<meta property=\"og:title\" content=\"Iniciaron las actividades por la inauguraci\u00f3n de la v\u00eda Manta - Jaramij\u00f3 - Prefectura de Manab\u00ed\" \/>\n<meta property=\"og:description\" content=\"La gran fiesta que vivir\u00e1n los manabitas por la inauguraci\u00f3n de la v\u00eda de integraci\u00f3n intercantonal Manta Jaramij\u00f3, inici\u00f3 en horas de la ma\u00f1ana con un ciclopaseo que recorri\u00f3 los 4.8 kil\u00f3metros de esta emblem\u00e1tica obra. Alrededor de 200 personas de diferentes grupos de ciclismo de la provincia y ciudadan\u00eda participaron de esta actividad. Hubo [&hellip;]\" \/>\n<meta property=\"og:url\" content=\"https:\/\/www.manabi.gob.ec\/index.php\/iniciaron-las-actividades-por-la-inauguracion-de-la-via-manta-jaramijo\/\" \/>\n<meta property=\"og:site_name\" content=\"Prefectura de Manab\u00ed\" \/>\n<meta property=\"article:published_time\" content=\"2023-10-17T17:04:38+00:00\" \/>\n<meta property=\"article:modified_time\" content=\"2023-10-17T17:04:42+00:00\" \/>\n<meta property=\"og:image\" content=\"https:\/\/www.manabi.gob.ec\/wp-content\/uploads\/2023\/10\/WhatsApp-Image-2023-09-30-at-12.10.52.jpeg\" \/>\n\t<meta property=\"og:image:width\" content=\"1280\" \/>\n\t<meta property=\"og:image:height\" content=\"853\" \/>\n\t<meta property=\"og:image:type\" content=\"image\/jpeg\" \/>\n<meta name=\"author\" content=\"Lui Ochoa\" \/>\n<meta name=\"twitter:card\" content=\"summary_large_image\" \/>\n<meta name=\"twitter:label1\" content=\"Escrito por\" \/>\n\t<meta name=\"twitter:data1\" content=\"Lui Ochoa\" \/>\n\t<meta name=\"twitter:label2\" content=\"Tiempo de lectura\" \/>\n\t<meta name=\"twitter:data2\" content=\"1 minuto\" \/>\n<script type=\"application\/ld+json\" class=\"yoast-schema-graph\">{\"@context\":\"https:\\\/\\\/schema.org\",\"@graph\":[{\"@type\":\"Article\",\"@id\":\"https:\\\/\\\/www.manabi.gob.ec\\\/index.php\\\/iniciaron-las-actividades-por-la-inauguracion-de-la-via-manta-jaramijo\\\/#article\",\"isPartOf\":{\"@id\":\"https:\\\/\\\/www.manabi.gob.ec\\\/index.php\\\/iniciaron-las-actividades-por-la-inauguracion-de-la-via-manta-jaramijo\\\/\"},\"author\":{\"name\":\"Lui Ochoa\",\"@id\":\"https:\\\/\\\/www.manabi.gob.ec\\\/#\\\/schema\\\/person\\\/c4f117989332ad723a6ced5994aa7d7a\"},\"headline\":\"Iniciaron las actividades por la inauguraci\u00f3n de la v\u00eda Manta &#8211; Jaramij\u00f3\",\"datePublished\":\"2023-10-17T17:04:38+00:00\",\"dateModified\":\"2023-10-17T17:04:42+00:00\",\"mainEntityOfPage\":{\"@id\":\"https:\\\/\\\/www.manabi.gob.ec\\\/index.php\\\/iniciaron-las-actividades-por-la-inauguracion-de-la-via-manta-jaramijo\\\/\"},\"wordCount\":199,\"image\":{\"@id\":\"https:\\\/\\\/www.manabi.gob.ec\\\/index.php\\\/iniciaron-las-actividades-por-la-inauguracion-de-la-via-manta-jaramijo\\\/#primaryimage\"},\"thumbnailUrl\":\"https:\\\/\\\/www.manabi.gob.ec\\\/wp-content\\\/uploads\\\/2023\\\/10\\\/WhatsApp-Image-2023-09-30-at-12.10.52.jpeg\",\"articleSection\":[\"Desarrollo Social\",\"Jaramij\u00f3\",\"Manab\u00ed Vial\",\"Manta\",\"Noticias\",\"Obra P\u00fablica\",\"Todas\",\"Vialidad\"],\"inLanguage\":\"es\"},{\"@type\":\"WebPage\",\"@id\":\"https:\\\/\\\/www.manabi.gob.ec\\\/index.php\\\/iniciaron-las-actividades-por-la-inauguracion-de-la-via-manta-jaramijo\\\/\",\"url\":\"https:\\\/\\\/www.manabi.gob.ec\\\/index.php\\\/iniciaron-las-actividades-por-la-inauguracion-de-la-via-manta-jaramijo\\\/\",\"name\":\"Iniciaron las actividades por la inauguraci\u00f3n de la v\u00eda Manta - Jaramij\u00f3 - Prefectura de Manab\u00ed\",\"isPartOf\":{\"@id\":\"https:\\\/\\\/www.manabi.gob.ec\\\/#website\"},\"primaryImageOfPage\":{\"@id\":\"https:\\\/\\\/www.manabi.gob.ec\\\/index.php\\\/iniciaron-las-actividades-por-la-inauguracion-de-la-via-manta-jaramijo\\\/#primaryimage\"},\"image\":{\"@id\":\"https:\\\/\\\/www.manabi.gob.ec\\\/index.php\\\/iniciaron-las-actividades-por-la-inauguracion-de-la-via-manta-jaramijo\\\/#primaryimage\"},\"thumbnailUrl\":\"https:\\\/\\\/www.manabi.gob.ec\\\/wp-content\\\/uploads\\\/2023\\\/10\\\/WhatsApp-Image-2023-09-30-at-12.10.52.jpeg\",\"datePublished\":\"2023-10-17T17:04:38+00:00\",\"dateModified\":\"2023-10-17T17:04:42+00:00\",\"author\":{\"@id\":\"https:\\\/\\\/www.manabi.gob.ec\\\/#\\\/schema\\\/person\\\/c4f117989332ad723a6ced5994aa7d7a\"},\"breadcrumb\":{\"@id\":\"https:\\\/\\\/www.manabi.gob.ec\\\/index.php\\\/iniciaron-las-actividades-por-la-inauguracion-de-la-via-manta-jaramijo\\\/#breadcrumb\"},\"inLanguage\":\"es\",\"potentialAction\":[{\"@type\":\"ReadAction\",\"target\":[\"https:\\\/\\\/www.manabi.gob.ec\\\/index.php\\\/iniciaron-las-actividades-por-la-inauguracion-de-la-via-manta-jaramijo\\\/\"]}]},{\"@type\":\"ImageObject\",\"inLanguage\":\"es\",\"@id\":\"https:\\\/\\\/www.manabi.gob.ec\\\/index.php\\\/iniciaron-las-actividades-por-la-inauguracion-de-la-via-manta-jaramijo\\\/#primaryimage\",\"url\":\"https:\\\/\\\/www.manabi.gob.ec\\\/wp-content\\\/uploads\\\/2023\\\/10\\\/WhatsApp-Image-2023-09-30-at-12.10.52.jpeg\",\"contentUrl\":\"https:\\\/\\\/www.manabi.gob.ec\\\/wp-content\\\/uploads\\\/2023\\\/10\\\/WhatsApp-Image-2023-09-30-at-12.10.52.jpeg\",\"width\":1280,\"height\":853},{\"@type\":\"BreadcrumbList\",\"@id\":\"https:\\\/\\\/www.manabi.gob.ec\\\/index.php\\\/iniciaron-las-actividades-por-la-inauguracion-de-la-via-manta-jaramijo\\\/#breadcrumb\",\"itemListElement\":[{\"@type\":\"ListItem\",\"position\":1,\"name\":\"Portada\",\"item\":\"https:\\\/\\\/www.manabi.gob.ec\\\/\"},{\"@type\":\"ListItem\",\"position\":2,\"name\":\"Iniciaron las actividades por la inauguraci\u00f3n de la v\u00eda Manta &#8211; Jaramij\u00f3\"}]},{\"@type\":\"WebSite\",\"@id\":\"https:\\\/\\\/www.manabi.gob.ec\\\/#website\",\"url\":\"https:\\\/\\\/www.manabi.gob.ec\\\/\",\"name\":\"Prefectura de Manab\u00ed\",\"description\":\"P\u00e1gina web de la prefectura\",\"potentialAction\":[{\"@type\":\"SearchAction\",\"target\":{\"@type\":\"EntryPoint\",\"urlTemplate\":\"https:\\\/\\\/www.manabi.gob.ec\\\/?s={search_term_string}\"},\"query-input\":{\"@type\":\"PropertyValueSpecification\",\"valueRequired\":true,\"valueName\":\"search_term_string\"}}],\"inLanguage\":\"es\"},{\"@type\":\"Person\",\"@id\":\"https:\\\/\\\/www.manabi.gob.ec\\\/#\\\/schema\\\/person\\\/c4f117989332ad723a6ced5994aa7d7a\",\"name\":\"Lui Ochoa\",\"image\":{\"@type\":\"ImageObject\",\"inLanguage\":\"es\",\"@id\":\"https:\\\/\\\/secure.gravatar.com\\\/avatar\\\/6e8017d0fe69dead8a95864d2eb6e1e1d8bf8e01194ba49cf7b897ff038126ba?s=96&d=mm&r=g\",\"url\":\"https:\\\/\\\/secure.gravatar.com\\\/avatar\\\/6e8017d0fe69dead8a95864d2eb6e1e1d8bf8e01194ba49cf7b897ff038126ba?s=96&d=mm&r=g\",\"contentUrl\":\"https:\\\/\\\/secure.gravatar.com\\\/avatar\\\/6e8017d0fe69dead8a95864d2eb6e1e1d8bf8e01194ba49cf7b897ff038126ba?s=96&d=mm&r=g\",\"caption\":\"Lui Ochoa\"},\"url\":\"https:\\\/\\\/www.manabi.gob.ec\\\/index.php\\\/author\\\/lochoa\\\/\"}]}<\/script>\n<!-- \/ Yoast SEO plugin. -->","yoast_head_json":{"title":"Iniciaron las actividades por la inauguraci\u00f3n de la v\u00eda Manta - Jaramij\u00f3 - Prefectura de Manab\u00ed","robots":{"index":"index","follow":"follow","max-snippet":"max-snippet:-1","max-image-preview":"max-image-preview:large","max-video-preview":"max-video-preview:-1"},"canonical":"https:\/\/www.manabi.gob.ec\/index.php\/iniciaron-las-actividades-por-la-inauguracion-de-la-via-manta-jaramijo\/","og_locale":"es_ES","og_type":"article","og_title":"Iniciaron las actividades por la inauguraci\u00f3n de la v\u00eda Manta - Jaramij\u00f3 - Prefectura de Manab\u00ed","og_description":"La gran fiesta que vivir\u00e1n los manabitas por la inauguraci\u00f3n de la v\u00eda de integraci\u00f3n intercantonal Manta Jaramij\u00f3, inici\u00f3 en horas de la ma\u00f1ana con un ciclopaseo que recorri\u00f3 los 4.8 kil\u00f3metros de esta emblem\u00e1tica obra. Alrededor de 200 personas de diferentes grupos de ciclismo de la provincia y ciudadan\u00eda participaron de esta actividad. Hubo [&hellip;]","og_url":"https:\/\/www.manabi.gob.ec\/index.php\/iniciaron-las-actividades-por-la-inauguracion-de-la-via-manta-jaramijo\/","og_site_name":"Prefectura de Manab\u00ed","article_published_time":"2023-10-17T17:04:38+00:00","article_modified_time":"2023-10-17T17:04:42+00:00","og_image":[{"width":1280,"height":853,"url":"https:\/\/www.manabi.gob.ec\/wp-content\/uploads\/2023\/10\/WhatsApp-Image-2023-09-30-at-12.10.52.jpeg","type":"image\/jpeg"}],"author":"Lui Ochoa","twitter_card":"summary_large_image","twitter_misc":{"Escrito por":"Lui Ochoa","Tiempo de lectura":"1 minuto"},"schema":{"@context":"https:\/\/schema.org","@graph":[{"@type":"Article","@id":"https:\/\/www.manabi.gob.ec\/index.php\/iniciaron-las-actividades-por-la-inauguracion-de-la-via-manta-jaramijo\/#article","isPartOf":{"@id":"https:\/\/www.manabi.gob.ec\/index.php\/iniciaron-las-actividades-por-la-inauguracion-de-la-via-manta-jaramijo\/"},"author":{"name":"Lui Ochoa","@id":"https:\/\/www.manabi.gob.ec\/#\/schema\/person\/c4f117989332ad723a6ced5994aa7d7a"},"headline":"Iniciaron las actividades por la inauguraci\u00f3n de la v\u00eda Manta &#8211; Jaramij\u00f3","datePublished":"2023-10-17T17:04:38+00:00","dateModified":"2023-10-17T17:04:42+00:00","mainEntityOfPage":{"@id":"https:\/\/www.manabi.gob.ec\/index.php\/iniciaron-las-actividades-por-la-inauguracion-de-la-via-manta-jaramijo\/"},"wordCount":199,"image":{"@id":"https:\/\/www.manabi.gob.ec\/index.php\/iniciaron-las-actividades-por-la-inauguracion-de-la-via-manta-jaramijo\/#primaryimage"},"thumbnailUrl":"https:\/\/www.manabi.gob.ec\/wp-content\/uploads\/2023\/10\/WhatsApp-Image-2023-09-30-at-12.10.52.jpeg","articleSection":["Desarrollo Social","Jaramij\u00f3","Manab\u00ed Vial","Manta","Noticias","Obra P\u00fablica","Todas","Vialidad"],"inLanguage":"es"},{"@type":"WebPage","@id":"https:\/\/www.manabi.gob.ec\/index.php\/iniciaron-las-actividades-por-la-inauguracion-de-la-via-manta-jaramijo\/","url":"https:\/\/www.manabi.gob.ec\/index.php\/iniciaron-las-actividades-por-la-inauguracion-de-la-via-manta-jaramijo\/","name":"Iniciaron las actividades por la inauguraci\u00f3n de la v\u00eda Manta - Jaramij\u00f3 - Prefectura de Manab\u00ed","isPartOf":{"@id":"https:\/\/www.manabi.gob.ec\/#website"},"primaryImageOfPage":{"@id":"https:\/\/www.manabi.gob.ec\/index.php\/iniciaron-las-actividades-por-la-inauguracion-de-la-via-manta-jaramijo\/#primaryimage"},"image":{"@id":"https:\/\/www.manabi.gob.ec\/index.php\/iniciaron-las-actividades-por-la-inauguracion-de-la-via-manta-jaramijo\/#primaryimage"},"thumbnailUrl":"https:\/\/www.manabi.gob.ec\/wp-content\/uploads\/2023\/10\/WhatsApp-Image-2023-09-30-at-12.10.52.jpeg","datePublished":"2023-10-17T17:04:38+00:00","dateModified":"2023-10-17T17:04:42+00:00","author":{"@id":"https:\/\/www.manabi.gob.ec\/#\/schema\/person\/c4f117989332ad723a6ced5994aa7d7a"},"breadcrumb":{"@id":"https:\/\/www.manabi.gob.ec\/index.php\/iniciaron-las-actividades-por-la-inauguracion-de-la-via-manta-jaramijo\/#breadcrumb"},"inLanguage":"es","potentialAction":[{"@type":"ReadAction","target":["https:\/\/www.manabi.gob.ec\/index.php\/iniciaron-las-actividades-por-la-inauguracion-de-la-via-manta-jaramijo\/"]}]},{"@type":"ImageObject","inLanguage":"es","@id":"https:\/\/www.manabi.gob.ec\/index.php\/iniciaron-las-actividades-por-la-inauguracion-de-la-via-manta-jaramijo\/#primaryimage","url":"https:\/\/www.manabi.gob.ec\/wp-content\/uploads\/2023\/10\/WhatsApp-Image-2023-09-30-at-12.10.52.jpeg","contentUrl":"https:\/\/www.manabi.gob.ec\/wp-content\/uploads\/2023\/10\/WhatsApp-Image-2023-09-30-at-12.10.52.jpeg","width":1280,"height":853},{"@type":"BreadcrumbList","@id":"https:\/\/www.manabi.gob.ec\/index.php\/iniciaron-las-actividades-por-la-inauguracion-de-la-via-manta-jaramijo\/#breadcrumb","itemListElement":[{"@type":"ListItem","position":1,"name":"Portada","item":"https:\/\/www.manabi.gob.ec\/"},{"@type":"ListItem","position":2,"name":"Iniciaron las actividades por la inauguraci\u00f3n de la v\u00eda Manta &#8211; Jaramij\u00f3"}]},{"@type":"WebSite","@id":"https:\/\/www.manabi.gob.ec\/#website","url":"https:\/\/www.manabi.gob.ec\/","name":"Prefectura de Manab\u00ed","description":"P\u00e1gina web de la prefectura","potentialAction":[{"@type":"SearchAction","target":{"@type":"EntryPoint","urlTemplate":"https:\/\/www.manabi.gob.ec\/?s={search_term_string}"},"query-input":{"@type":"PropertyValueSpecification","valueRequired":true,"valueName":"search_term_string"}}],"inLanguage":"es"},{"@type":"Person","@id":"https:\/\/www.manabi.gob.ec\/#\/schema\/person\/c4f117989332ad723a6ced5994aa7d7a","name":"Lui Ochoa","image":{"@type":"ImageObject","inLanguage":"es","@id":"https:\/\/secure.gravatar.com\/avatar\/6e8017d0fe69dead8a95864d2eb6e1e1d8bf8e01194ba49cf7b897ff038126ba?s=96&d=mm&r=g","url":"https:\/\/secure.gravatar.com\/avatar\/6e8017d0fe69dead8a95864d2eb6e1e1d8bf8e01194ba49cf7b897ff038126ba?s=96&d=mm&r=g","contentUrl":"https:\/\/secure.gravatar.com\/avatar\/6e8017d0fe69dead8a95864d2eb6e1e1d8bf8e01194ba49cf7b897ff038126ba?s=96&d=mm&r=g","caption":"Lui Ochoa"},"url":"https:\/\/www.manabi.gob.ec\/index.php\/author\/lochoa\/"}]}},"jetpack_featured_media_url":"https:\/\/www.manabi.gob.ec\/wp-content\/uploads\/2023\/10\/WhatsApp-Image-2023-09-30-at-12.10.52.jpeg","_links":{"self":[{"href":"https:\/\/www.manabi.gob.ec\/index.php\/wp-json\/wp\/v2\/posts\/25910","targetHints":{"allow":["GET"]}}],"collection":[{"href":"https:\/\/www.manabi.gob.ec\/index.php\/wp-json\/wp\/v2\/posts"}],"about":[{"href":"https:\/\/www.manabi.gob.ec\/index.php\/wp-json\/wp\/v2\/types\/post"}],"author":[{"embeddable":true,"href":"https:\/\/www.manabi.gob.ec\/index.php\/wp-json\/wp\/v2\/users\/10"}],"replies":[{"embeddable":true,"href":"https:\/\/www.manabi.gob.ec\/index.php\/wp-json\/wp\/v2\/comments?post=25910"}],"version-history":[{"count":0,"href":"https:\/\/www.manabi.gob.ec\/index.php\/wp-json\/wp\/v2\/posts\/25910\/revisions"}],"wp:featuredmedia":[{"embeddable":true,"href":"https:\/\/www.manabi.gob.ec\/index.php\/wp-json\/wp\/v2\/media\/25911"}],"wp:attachment":[{"href":"https:\/\/www.manabi.gob.ec\/index.php\/wp-json\/wp\/v2\/media?parent=25910"}],"wp:term":[{"taxonomy":"category","embeddable":true,"href":"https:\/\/www.manabi.gob.ec\/index.php\/wp-json\/wp\/v2\/categories?post=25910"},{"taxonomy":"post_tag","embeddable":true,"href":"https:\/\/www.manabi.gob.ec\/index.php\/wp-json\/wp\/v2\/tags?post=25910"}],"curies":[{"name":"wp","href":"https:\/\/api.w.org\/{rel}","templated":true}]}}