{"id":25946,"date":"2023-10-17T17:46:27","date_gmt":"2023-10-17T17:46:27","guid":{"rendered":"https:\/\/www.manabi.gob.ec\/?p=25946"},"modified":"2023-10-17T17:46:31","modified_gmt":"2023-10-17T17:46:31","slug":"prefecto-de-manabi-superviso-avance-de-obra-en-la-via-la-alborada-la-ruta-del-choclo","status":"publish","type":"post","link":"https:\/\/www.manabi.gob.ec\/index.php\/prefecto-de-manabi-superviso-avance-de-obra-en-la-via-la-alborada-la-ruta-del-choclo\/","title":{"rendered":"Prefecto de Manab\u00ed supervis\u00f3 avance de obra en la v\u00eda La Alborada &#8211; La Ruta del Choclo"},"content":{"rendered":"\n<p>El Prefecto de Manab\u00ed, Leonardo Orlando, realiz\u00f3 una visita de supervisi\u00f3n a los trabajos en la v\u00eda de 5,14 kil\u00f3metros ubicada en La Alborada &#8211; La Ruta del Choclo, en la parroquia Sim\u00f3n Bol\u00edvar del cant\u00f3n Portoviejo.<\/p>\n\n\n\n<p>Esta importante obra de infraestructura vial se encuentra actualmente con un avance del 67%. La inversi\u00f3n total destinada para este proyecto asciende a $660.537.<\/p>\n\n\n\n<p>La v\u00eda contar\u00e1 con 400 metros de carpeta asf\u00e1ltica, 4.740 metros de doble tratamiento superficial bituminoso, un ancho de 6 metros, as\u00ed como bordillos y cunetas de hormig\u00f3n en ambos lados con una resistencia de 210 kg\/cm2, adem\u00e1s, se incluyen 70 metros de muros de contenci\u00f3n y una completa se\u00f1alizaci\u00f3n vertical y horizontal.<\/p>\n\n\n\n<p>Esta obra no solo mejorar\u00e1 significativamente la conectividad en la zona, sino que tambi\u00e9n promover\u00e1 el desarrollo econ\u00f3mico y social de la comunidad local.<\/p>\n\n\n\n<p>El Prefecto Orlando manifest\u00f3 su satisfacci\u00f3n por el avance de la obra y destac\u00f3 la belleza del paisaje de Portoviejo que se aprecia desde esta zona, de la misma manera reafirm\u00f3 su firme compromiso con el desarrollo de la provincia de Manab\u00ed.<\/p>\n","protected":false},"excerpt":{"rendered":"<p>El Prefecto de Manab\u00ed, Leonardo Orlando, realiz\u00f3 una visita de supervisi\u00f3n a los trabajos en la v\u00eda de 5,14 kil\u00f3metros ubicada en La Alborada &#8211; La Ruta del Choclo, en la parroquia Sim\u00f3n Bol\u00edvar del cant\u00f3n Portoviejo. Esta importante obra de infraestructura vial se encuentra actualmente con un avance del 67%. La inversi\u00f3n total destinada [&hellip;]<\/p>\n","protected":false},"author":10,"featured_media":25947,"comment_status":"closed","ping_status":"closed","sticky":false,"template":"","format":"standard","meta":{"_joinchat":[],"footnotes":""},"categories":[142,92,181,91,127],"tags":[],"class_list":["post-25946","post","type-post","status-publish","format-standard","has-post-thumbnail","hentry","category-desarrollo-social","category-noticias-manabi","category-obra-publica","category-todas","category-vialidad"],"yoast_head":"<!-- This site is optimized with the Yoast SEO plugin v27.4 - https:\/\/yoast.com\/product\/yoast-seo-wordpress\/ -->\n<title>Prefecto de Manab\u00ed supervis\u00f3 avance de obra en la v\u00eda La Alborada - La Ruta del Choclo - Prefectura de Manab\u00ed<\/title>\n<meta name=\"robots\" content=\"index, follow, max-snippet:-1, max-image-preview:large, max-video-preview:-1\" \/>\n<link rel=\"canonical\" href=\"https:\/\/www.manabi.gob.ec\/index.php\/prefecto-de-manabi-superviso-avance-de-obra-en-la-via-la-alborada-la-ruta-del-choclo\/\" \/>\n<meta property=\"og:locale\" content=\"es_ES\" \/>\n<meta property=\"og:type\" content=\"article\" \/>\n<meta property=\"og:title\" content=\"Prefecto de Manab\u00ed supervis\u00f3 avance de obra en la v\u00eda La Alborada - La Ruta del Choclo - Prefectura de Manab\u00ed\" \/>\n<meta property=\"og:description\" content=\"El Prefecto de Manab\u00ed, Leonardo Orlando, realiz\u00f3 una visita de supervisi\u00f3n a los trabajos en la v\u00eda de 5,14 kil\u00f3metros ubicada en La Alborada &#8211; La Ruta del Choclo, en la parroquia Sim\u00f3n Bol\u00edvar del cant\u00f3n Portoviejo. Esta importante obra de infraestructura vial se encuentra actualmente con un avance del 67%. La inversi\u00f3n total destinada [&hellip;]\" \/>\n<meta property=\"og:url\" content=\"https:\/\/www.manabi.gob.ec\/index.php\/prefecto-de-manabi-superviso-avance-de-obra-en-la-via-la-alborada-la-ruta-del-choclo\/\" \/>\n<meta property=\"og:site_name\" content=\"Prefectura de Manab\u00ed\" \/>\n<meta property=\"article:published_time\" content=\"2023-10-17T17:46:27+00:00\" \/>\n<meta property=\"article:modified_time\" content=\"2023-10-17T17:46:31+00:00\" \/>\n<meta property=\"og:image\" content=\"https:\/\/www.manabi.gob.ec\/wp-content\/uploads\/2023\/10\/WhatsApp-Image-2023-10-04-at-11.52.41.jpeg\" \/>\n\t<meta property=\"og:image:width\" content=\"1024\" \/>\n\t<meta property=\"og:image:height\" content=\"683\" \/>\n\t<meta property=\"og:image:type\" content=\"image\/jpeg\" \/>\n<meta name=\"author\" content=\"Lui Ochoa\" \/>\n<meta name=\"twitter:card\" content=\"summary_large_image\" \/>\n<meta name=\"twitter:label1\" content=\"Escrito por\" \/>\n\t<meta name=\"twitter:data1\" content=\"Lui Ochoa\" \/>\n\t<meta name=\"twitter:label2\" content=\"Tiempo de lectura\" \/>\n\t<meta name=\"twitter:data2\" content=\"1 minuto\" \/>\n<script type=\"application\/ld+json\" class=\"yoast-schema-graph\">{\"@context\":\"https:\\\/\\\/schema.org\",\"@graph\":[{\"@type\":\"Article\",\"@id\":\"https:\\\/\\\/www.manabi.gob.ec\\\/index.php\\\/prefecto-de-manabi-superviso-avance-de-obra-en-la-via-la-alborada-la-ruta-del-choclo\\\/#article\",\"isPartOf\":{\"@id\":\"https:\\\/\\\/www.manabi.gob.ec\\\/index.php\\\/prefecto-de-manabi-superviso-avance-de-obra-en-la-via-la-alborada-la-ruta-del-choclo\\\/\"},\"author\":{\"name\":\"Lui Ochoa\",\"@id\":\"https:\\\/\\\/www.manabi.gob.ec\\\/#\\\/schema\\\/person\\\/c4f117989332ad723a6ced5994aa7d7a\"},\"headline\":\"Prefecto de Manab\u00ed supervis\u00f3 avance de obra en la v\u00eda La Alborada &#8211; La Ruta del Choclo\",\"datePublished\":\"2023-10-17T17:46:27+00:00\",\"dateModified\":\"2023-10-17T17:46:31+00:00\",\"mainEntityOfPage\":{\"@id\":\"https:\\\/\\\/www.manabi.gob.ec\\\/index.php\\\/prefecto-de-manabi-superviso-avance-de-obra-en-la-via-la-alborada-la-ruta-del-choclo\\\/\"},\"wordCount\":208,\"image\":{\"@id\":\"https:\\\/\\\/www.manabi.gob.ec\\\/index.php\\\/prefecto-de-manabi-superviso-avance-de-obra-en-la-via-la-alborada-la-ruta-del-choclo\\\/#primaryimage\"},\"thumbnailUrl\":\"https:\\\/\\\/www.manabi.gob.ec\\\/wp-content\\\/uploads\\\/2023\\\/10\\\/WhatsApp-Image-2023-10-04-at-11.52.41.jpeg\",\"articleSection\":[\"Desarrollo Social\",\"Noticias\",\"Obra P\u00fablica\",\"Todas\",\"Vialidad\"],\"inLanguage\":\"es\"},{\"@type\":\"WebPage\",\"@id\":\"https:\\\/\\\/www.manabi.gob.ec\\\/index.php\\\/prefecto-de-manabi-superviso-avance-de-obra-en-la-via-la-alborada-la-ruta-del-choclo\\\/\",\"url\":\"https:\\\/\\\/www.manabi.gob.ec\\\/index.php\\\/prefecto-de-manabi-superviso-avance-de-obra-en-la-via-la-alborada-la-ruta-del-choclo\\\/\",\"name\":\"Prefecto de Manab\u00ed supervis\u00f3 avance de obra en la v\u00eda La Alborada - La Ruta del Choclo - Prefectura de Manab\u00ed\",\"isPartOf\":{\"@id\":\"https:\\\/\\\/www.manabi.gob.ec\\\/#website\"},\"primaryImageOfPage\":{\"@id\":\"https:\\\/\\\/www.manabi.gob.ec\\\/index.php\\\/prefecto-de-manabi-superviso-avance-de-obra-en-la-via-la-alborada-la-ruta-del-choclo\\\/#primaryimage\"},\"image\":{\"@id\":\"https:\\\/\\\/www.manabi.gob.ec\\\/index.php\\\/prefecto-de-manabi-superviso-avance-de-obra-en-la-via-la-alborada-la-ruta-del-choclo\\\/#primaryimage\"},\"thumbnailUrl\":\"https:\\\/\\\/www.manabi.gob.ec\\\/wp-content\\\/uploads\\\/2023\\\/10\\\/WhatsApp-Image-2023-10-04-at-11.52.41.jpeg\",\"datePublished\":\"2023-10-17T17:46:27+00:00\",\"dateModified\":\"2023-10-17T17:46:31+00:00\",\"author\":{\"@id\":\"https:\\\/\\\/www.manabi.gob.ec\\\/#\\\/schema\\\/person\\\/c4f117989332ad723a6ced5994aa7d7a\"},\"breadcrumb\":{\"@id\":\"https:\\\/\\\/www.manabi.gob.ec\\\/index.php\\\/prefecto-de-manabi-superviso-avance-de-obra-en-la-via-la-alborada-la-ruta-del-choclo\\\/#breadcrumb\"},\"inLanguage\":\"es\",\"potentialAction\":[{\"@type\":\"ReadAction\",\"target\":[\"https:\\\/\\\/www.manabi.gob.ec\\\/index.php\\\/prefecto-de-manabi-superviso-avance-de-obra-en-la-via-la-alborada-la-ruta-del-choclo\\\/\"]}]},{\"@type\":\"ImageObject\",\"inLanguage\":\"es\",\"@id\":\"https:\\\/\\\/www.manabi.gob.ec\\\/index.php\\\/prefecto-de-manabi-superviso-avance-de-obra-en-la-via-la-alborada-la-ruta-del-choclo\\\/#primaryimage\",\"url\":\"https:\\\/\\\/www.manabi.gob.ec\\\/wp-content\\\/uploads\\\/2023\\\/10\\\/WhatsApp-Image-2023-10-04-at-11.52.41.jpeg\",\"contentUrl\":\"https:\\\/\\\/www.manabi.gob.ec\\\/wp-content\\\/uploads\\\/2023\\\/10\\\/WhatsApp-Image-2023-10-04-at-11.52.41.jpeg\",\"width\":1024,\"height\":683},{\"@type\":\"BreadcrumbList\",\"@id\":\"https:\\\/\\\/www.manabi.gob.ec\\\/index.php\\\/prefecto-de-manabi-superviso-avance-de-obra-en-la-via-la-alborada-la-ruta-del-choclo\\\/#breadcrumb\",\"itemListElement\":[{\"@type\":\"ListItem\",\"position\":1,\"name\":\"Portada\",\"item\":\"https:\\\/\\\/www.manabi.gob.ec\\\/\"},{\"@type\":\"ListItem\",\"position\":2,\"name\":\"Prefecto de Manab\u00ed supervis\u00f3 avance de obra en la v\u00eda La Alborada &#8211; La Ruta del Choclo\"}]},{\"@type\":\"WebSite\",\"@id\":\"https:\\\/\\\/www.manabi.gob.ec\\\/#website\",\"url\":\"https:\\\/\\\/www.manabi.gob.ec\\\/\",\"name\":\"Prefectura de Manab\u00ed\",\"description\":\"P\u00e1gina web de la prefectura\",\"potentialAction\":[{\"@type\":\"SearchAction\",\"target\":{\"@type\":\"EntryPoint\",\"urlTemplate\":\"https:\\\/\\\/www.manabi.gob.ec\\\/?s={search_term_string}\"},\"query-input\":{\"@type\":\"PropertyValueSpecification\",\"valueRequired\":true,\"valueName\":\"search_term_string\"}}],\"inLanguage\":\"es\"},{\"@type\":\"Person\",\"@id\":\"https:\\\/\\\/www.manabi.gob.ec\\\/#\\\/schema\\\/person\\\/c4f117989332ad723a6ced5994aa7d7a\",\"name\":\"Lui Ochoa\",\"image\":{\"@type\":\"ImageObject\",\"inLanguage\":\"es\",\"@id\":\"https:\\\/\\\/secure.gravatar.com\\\/avatar\\\/6e8017d0fe69dead8a95864d2eb6e1e1d8bf8e01194ba49cf7b897ff038126ba?s=96&d=mm&r=g\",\"url\":\"https:\\\/\\\/secure.gravatar.com\\\/avatar\\\/6e8017d0fe69dead8a95864d2eb6e1e1d8bf8e01194ba49cf7b897ff038126ba?s=96&d=mm&r=g\",\"contentUrl\":\"https:\\\/\\\/secure.gravatar.com\\\/avatar\\\/6e8017d0fe69dead8a95864d2eb6e1e1d8bf8e01194ba49cf7b897ff038126ba?s=96&d=mm&r=g\",\"caption\":\"Lui Ochoa\"},\"url\":\"https:\\\/\\\/www.manabi.gob.ec\\\/index.php\\\/author\\\/lochoa\\\/\"}]}<\/script>\n<!-- \/ Yoast SEO plugin. -->","yoast_head_json":{"title":"Prefecto de Manab\u00ed supervis\u00f3 avance de obra en la v\u00eda La Alborada - La Ruta del Choclo - Prefectura de Manab\u00ed","robots":{"index":"index","follow":"follow","max-snippet":"max-snippet:-1","max-image-preview":"max-image-preview:large","max-video-preview":"max-video-preview:-1"},"canonical":"https:\/\/www.manabi.gob.ec\/index.php\/prefecto-de-manabi-superviso-avance-de-obra-en-la-via-la-alborada-la-ruta-del-choclo\/","og_locale":"es_ES","og_type":"article","og_title":"Prefecto de Manab\u00ed supervis\u00f3 avance de obra en la v\u00eda La Alborada - La Ruta del Choclo - Prefectura de Manab\u00ed","og_description":"El Prefecto de Manab\u00ed, Leonardo Orlando, realiz\u00f3 una visita de supervisi\u00f3n a los trabajos en la v\u00eda de 5,14 kil\u00f3metros ubicada en La Alborada &#8211; La Ruta del Choclo, en la parroquia Sim\u00f3n Bol\u00edvar del cant\u00f3n Portoviejo. Esta importante obra de infraestructura vial se encuentra actualmente con un avance del 67%. La inversi\u00f3n total destinada [&hellip;]","og_url":"https:\/\/www.manabi.gob.ec\/index.php\/prefecto-de-manabi-superviso-avance-de-obra-en-la-via-la-alborada-la-ruta-del-choclo\/","og_site_name":"Prefectura de Manab\u00ed","article_published_time":"2023-10-17T17:46:27+00:00","article_modified_time":"2023-10-17T17:46:31+00:00","og_image":[{"width":1024,"height":683,"url":"https:\/\/www.manabi.gob.ec\/wp-content\/uploads\/2023\/10\/WhatsApp-Image-2023-10-04-at-11.52.41.jpeg","type":"image\/jpeg"}],"author":"Lui Ochoa","twitter_card":"summary_large_image","twitter_misc":{"Escrito por":"Lui Ochoa","Tiempo de lectura":"1 minuto"},"schema":{"@context":"https:\/\/schema.org","@graph":[{"@type":"Article","@id":"https:\/\/www.manabi.gob.ec\/index.php\/prefecto-de-manabi-superviso-avance-de-obra-en-la-via-la-alborada-la-ruta-del-choclo\/#article","isPartOf":{"@id":"https:\/\/www.manabi.gob.ec\/index.php\/prefecto-de-manabi-superviso-avance-de-obra-en-la-via-la-alborada-la-ruta-del-choclo\/"},"author":{"name":"Lui Ochoa","@id":"https:\/\/www.manabi.gob.ec\/#\/schema\/person\/c4f117989332ad723a6ced5994aa7d7a"},"headline":"Prefecto de Manab\u00ed supervis\u00f3 avance de obra en la v\u00eda La Alborada &#8211; La Ruta del Choclo","datePublished":"2023-10-17T17:46:27+00:00","dateModified":"2023-10-17T17:46:31+00:00","mainEntityOfPage":{"@id":"https:\/\/www.manabi.gob.ec\/index.php\/prefecto-de-manabi-superviso-avance-de-obra-en-la-via-la-alborada-la-ruta-del-choclo\/"},"wordCount":208,"image":{"@id":"https:\/\/www.manabi.gob.ec\/index.php\/prefecto-de-manabi-superviso-avance-de-obra-en-la-via-la-alborada-la-ruta-del-choclo\/#primaryimage"},"thumbnailUrl":"https:\/\/www.manabi.gob.ec\/wp-content\/uploads\/2023\/10\/WhatsApp-Image-2023-10-04-at-11.52.41.jpeg","articleSection":["Desarrollo Social","Noticias","Obra P\u00fablica","Todas","Vialidad"],"inLanguage":"es"},{"@type":"WebPage","@id":"https:\/\/www.manabi.gob.ec\/index.php\/prefecto-de-manabi-superviso-avance-de-obra-en-la-via-la-alborada-la-ruta-del-choclo\/","url":"https:\/\/www.manabi.gob.ec\/index.php\/prefecto-de-manabi-superviso-avance-de-obra-en-la-via-la-alborada-la-ruta-del-choclo\/","name":"Prefecto de Manab\u00ed supervis\u00f3 avance de obra en la v\u00eda La Alborada - La Ruta del Choclo - Prefectura de Manab\u00ed","isPartOf":{"@id":"https:\/\/www.manabi.gob.ec\/#website"},"primaryImageOfPage":{"@id":"https:\/\/www.manabi.gob.ec\/index.php\/prefecto-de-manabi-superviso-avance-de-obra-en-la-via-la-alborada-la-ruta-del-choclo\/#primaryimage"},"image":{"@id":"https:\/\/www.manabi.gob.ec\/index.php\/prefecto-de-manabi-superviso-avance-de-obra-en-la-via-la-alborada-la-ruta-del-choclo\/#primaryimage"},"thumbnailUrl":"https:\/\/www.manabi.gob.ec\/wp-content\/uploads\/2023\/10\/WhatsApp-Image-2023-10-04-at-11.52.41.jpeg","datePublished":"2023-10-17T17:46:27+00:00","dateModified":"2023-10-17T17:46:31+00:00","author":{"@id":"https:\/\/www.manabi.gob.ec\/#\/schema\/person\/c4f117989332ad723a6ced5994aa7d7a"},"breadcrumb":{"@id":"https:\/\/www.manabi.gob.ec\/index.php\/prefecto-de-manabi-superviso-avance-de-obra-en-la-via-la-alborada-la-ruta-del-choclo\/#breadcrumb"},"inLanguage":"es","potentialAction":[{"@type":"ReadAction","target":["https:\/\/www.manabi.gob.ec\/index.php\/prefecto-de-manabi-superviso-avance-de-obra-en-la-via-la-alborada-la-ruta-del-choclo\/"]}]},{"@type":"ImageObject","inLanguage":"es","@id":"https:\/\/www.manabi.gob.ec\/index.php\/prefecto-de-manabi-superviso-avance-de-obra-en-la-via-la-alborada-la-ruta-del-choclo\/#primaryimage","url":"https:\/\/www.manabi.gob.ec\/wp-content\/uploads\/2023\/10\/WhatsApp-Image-2023-10-04-at-11.52.41.jpeg","contentUrl":"https:\/\/www.manabi.gob.ec\/wp-content\/uploads\/2023\/10\/WhatsApp-Image-2023-10-04-at-11.52.41.jpeg","width":1024,"height":683},{"@type":"BreadcrumbList","@id":"https:\/\/www.manabi.gob.ec\/index.php\/prefecto-de-manabi-superviso-avance-de-obra-en-la-via-la-alborada-la-ruta-del-choclo\/#breadcrumb","itemListElement":[{"@type":"ListItem","position":1,"name":"Portada","item":"https:\/\/www.manabi.gob.ec\/"},{"@type":"ListItem","position":2,"name":"Prefecto de Manab\u00ed supervis\u00f3 avance de obra en la v\u00eda La Alborada &#8211; La Ruta del Choclo"}]},{"@type":"WebSite","@id":"https:\/\/www.manabi.gob.ec\/#website","url":"https:\/\/www.manabi.gob.ec\/","name":"Prefectura de Manab\u00ed","description":"P\u00e1gina web de la prefectura","potentialAction":[{"@type":"SearchAction","target":{"@type":"EntryPoint","urlTemplate":"https:\/\/www.manabi.gob.ec\/?s={search_term_string}"},"query-input":{"@type":"PropertyValueSpecification","valueRequired":true,"valueName":"search_term_string"}}],"inLanguage":"es"},{"@type":"Person","@id":"https:\/\/www.manabi.gob.ec\/#\/schema\/person\/c4f117989332ad723a6ced5994aa7d7a","name":"Lui Ochoa","image":{"@type":"ImageObject","inLanguage":"es","@id":"https:\/\/secure.gravatar.com\/avatar\/6e8017d0fe69dead8a95864d2eb6e1e1d8bf8e01194ba49cf7b897ff038126ba?s=96&d=mm&r=g","url":"https:\/\/secure.gravatar.com\/avatar\/6e8017d0fe69dead8a95864d2eb6e1e1d8bf8e01194ba49cf7b897ff038126ba?s=96&d=mm&r=g","contentUrl":"https:\/\/secure.gravatar.com\/avatar\/6e8017d0fe69dead8a95864d2eb6e1e1d8bf8e01194ba49cf7b897ff038126ba?s=96&d=mm&r=g","caption":"Lui Ochoa"},"url":"https:\/\/www.manabi.gob.ec\/index.php\/author\/lochoa\/"}]}},"jetpack_featured_media_url":"https:\/\/www.manabi.gob.ec\/wp-content\/uploads\/2023\/10\/WhatsApp-Image-2023-10-04-at-11.52.41.jpeg","_links":{"self":[{"href":"https:\/\/www.manabi.gob.ec\/index.php\/wp-json\/wp\/v2\/posts\/25946","targetHints":{"allow":["GET"]}}],"collection":[{"href":"https:\/\/www.manabi.gob.ec\/index.php\/wp-json\/wp\/v2\/posts"}],"about":[{"href":"https:\/\/www.manabi.gob.ec\/index.php\/wp-json\/wp\/v2\/types\/post"}],"author":[{"embeddable":true,"href":"https:\/\/www.manabi.gob.ec\/index.php\/wp-json\/wp\/v2\/users\/10"}],"replies":[{"embeddable":true,"href":"https:\/\/www.manabi.gob.ec\/index.php\/wp-json\/wp\/v2\/comments?post=25946"}],"version-history":[{"count":0,"href":"https:\/\/www.manabi.gob.ec\/index.php\/wp-json\/wp\/v2\/posts\/25946\/revisions"}],"wp:featuredmedia":[{"embeddable":true,"href":"https:\/\/www.manabi.gob.ec\/index.php\/wp-json\/wp\/v2\/media\/25947"}],"wp:attachment":[{"href":"https:\/\/www.manabi.gob.ec\/index.php\/wp-json\/wp\/v2\/media?parent=25946"}],"wp:term":[{"taxonomy":"category","embeddable":true,"href":"https:\/\/www.manabi.gob.ec\/index.php\/wp-json\/wp\/v2\/categories?post=25946"},{"taxonomy":"post_tag","embeddable":true,"href":"https:\/\/www.manabi.gob.ec\/index.php\/wp-json\/wp\/v2\/tags?post=25946"}],"curies":[{"name":"wp","href":"https:\/\/api.w.org\/{rel}","templated":true}]}}