{"id":25949,"date":"2023-10-17T17:49:00","date_gmt":"2023-10-17T17:49:00","guid":{"rendered":"https:\/\/www.manabi.gob.ec\/?p=25949"},"modified":"2023-10-17T17:49:05","modified_gmt":"2023-10-17T17:49:05","slug":"prefectura-firma-convenio-para-acceso-a-estadisticas-nacionales-con-el-inec","status":"publish","type":"post","link":"https:\/\/www.manabi.gob.ec\/index.php\/prefectura-firma-convenio-para-acceso-a-estadisticas-nacionales-con-el-inec\/","title":{"rendered":"Prefectura firma convenio para acceso a estad\u00edsticas nacionales con el INEC"},"content":{"rendered":"\n<p>\u00abDetr\u00e1s de cada cifra, estad\u00edstica hay un coraz\u00f3n, unas manos, hay un rostro y eso es lo que queremos tener un rostro de un Manab\u00ed y un Ecuador m\u00e1s humano e integrado\u00bb, sostuvo el prefecto Leonardo Orlando, durante la presentaci\u00f3n de los resultados oficiales del Censo de Poblaci\u00f3n y Vivienda, que se realiz\u00f3 este mi\u00e9rcoles 4 de octubre en Portoviejo.<\/p>\n\n\n\n<p>El Prefecto Orlando, manifest\u00f3 que en materia de planificaci\u00f3n y estad\u00edstica todas las instituciones deben estar fortalecidas. \u00abEl censo nos brinda una informaci\u00f3n actualizada que es \u00fatil para realizar los planes de desarrollo y ordenamiento territorial (PDOT)\u201d, precis\u00f3 la autoridad provincial.<\/p>\n\n\n\n<p>Roberto Castillo, director del INEC, expres\u00f3 que este censo fue el m\u00e1s desafiante que ha tenido la instituci\u00f3n las condiciones econ\u00f3micas y sociales.<\/p>\n\n\n\n<p>FIRMA DE CONVENIO<br>En el acto el prefecto Leonardo Orlando y Roberto Castillo, director del Instituto Nacional de Estad\u00edsticas y Censos (INEC), suscribieron un convenio de cooperaci\u00f3n interinstitucional para impulsar, coordinar, articular y fortalecer las capacidades institucionales, con acciones conjuntas en el \u00e1mbito de sus competencias.<\/p>\n\n\n\n<p>As\u00ed mismo el Prefecto, en su intervenci\u00f3n puso a disposici\u00f3n el Sistema de Informaci\u00f3n Local (SIL), herramienta, moderna e innovadora para la toma de decisiones y la transparencia de la gesti\u00f3n. La implementaci\u00f3n del SIL est\u00e1 liderado por el equipo T\u00e9cnico de la Subdirecci\u00f3n de Gesti\u00f3n de Informaci\u00f3n y Estad\u00edsticas de la Direcci\u00f3n de Planificaci\u00f3n para el Desarrollo, pero es importante destacar que se construir\u00e1 en conjunto con los miembros de la Red de Gestores de Informaci\u00f3n Interna de la Prefectura.<\/p>\n","protected":false},"excerpt":{"rendered":"<p>\u00abDetr\u00e1s de cada cifra, estad\u00edstica hay un coraz\u00f3n, unas manos, hay un rostro y eso es lo que queremos tener un rostro de un Manab\u00ed y un Ecuador m\u00e1s humano e integrado\u00bb, sostuvo el prefecto Leonardo Orlando, durante la presentaci\u00f3n de los resultados oficiales del Censo de Poblaci\u00f3n y Vivienda, que se realiz\u00f3 este mi\u00e9rcoles [&hellip;]<\/p>\n","protected":false},"author":10,"featured_media":25950,"comment_status":"closed","ping_status":"closed","sticky":false,"template":"","format":"standard","meta":{"_joinchat":[],"footnotes":""},"categories":[142,92,193,91],"tags":[],"class_list":["post-25949","post","type-post","status-publish","format-standard","has-post-thumbnail","hentry","category-desarrollo-social","category-noticias-manabi","category-participacion-ciudadana","category-todas"],"yoast_head":"<!-- This site is optimized with the Yoast SEO plugin v27.4 - https:\/\/yoast.com\/product\/yoast-seo-wordpress\/ -->\n<title>Prefectura firma convenio para acceso a estad\u00edsticas nacionales con el INEC - Prefectura de Manab\u00ed<\/title>\n<meta name=\"robots\" content=\"index, follow, max-snippet:-1, max-image-preview:large, max-video-preview:-1\" \/>\n<link rel=\"canonical\" href=\"https:\/\/www.manabi.gob.ec\/index.php\/prefectura-firma-convenio-para-acceso-a-estadisticas-nacionales-con-el-inec\/\" \/>\n<meta property=\"og:locale\" content=\"es_ES\" \/>\n<meta property=\"og:type\" content=\"article\" \/>\n<meta property=\"og:title\" content=\"Prefectura firma convenio para acceso a estad\u00edsticas nacionales con el INEC - Prefectura de Manab\u00ed\" \/>\n<meta property=\"og:description\" content=\"\u00abDetr\u00e1s de cada cifra, estad\u00edstica hay un coraz\u00f3n, unas manos, hay un rostro y eso es lo que queremos tener un rostro de un Manab\u00ed y un Ecuador m\u00e1s humano e integrado\u00bb, sostuvo el prefecto Leonardo Orlando, durante la presentaci\u00f3n de los resultados oficiales del Censo de Poblaci\u00f3n y Vivienda, que se realiz\u00f3 este mi\u00e9rcoles [&hellip;]\" \/>\n<meta property=\"og:url\" content=\"https:\/\/www.manabi.gob.ec\/index.php\/prefectura-firma-convenio-para-acceso-a-estadisticas-nacionales-con-el-inec\/\" \/>\n<meta property=\"og:site_name\" content=\"Prefectura de Manab\u00ed\" \/>\n<meta property=\"article:published_time\" content=\"2023-10-17T17:49:00+00:00\" \/>\n<meta property=\"article:modified_time\" content=\"2023-10-17T17:49:05+00:00\" \/>\n<meta property=\"og:image\" content=\"https:\/\/www.manabi.gob.ec\/wp-content\/uploads\/2023\/10\/WhatsApp-Image-2023-10-04-at-17.30.35.jpeg\" \/>\n\t<meta property=\"og:image:width\" content=\"1600\" \/>\n\t<meta property=\"og:image:height\" content=\"1066\" \/>\n\t<meta property=\"og:image:type\" content=\"image\/jpeg\" \/>\n<meta name=\"author\" content=\"Lui Ochoa\" \/>\n<meta name=\"twitter:card\" content=\"summary_large_image\" \/>\n<meta name=\"twitter:label1\" content=\"Escrito por\" \/>\n\t<meta name=\"twitter:data1\" content=\"Lui Ochoa\" \/>\n\t<meta name=\"twitter:label2\" content=\"Tiempo de lectura\" \/>\n\t<meta name=\"twitter:data2\" content=\"2 minutos\" \/>\n<script type=\"application\/ld+json\" class=\"yoast-schema-graph\">{\"@context\":\"https:\\\/\\\/schema.org\",\"@graph\":[{\"@type\":\"Article\",\"@id\":\"https:\\\/\\\/www.manabi.gob.ec\\\/index.php\\\/prefectura-firma-convenio-para-acceso-a-estadisticas-nacionales-con-el-inec\\\/#article\",\"isPartOf\":{\"@id\":\"https:\\\/\\\/www.manabi.gob.ec\\\/index.php\\\/prefectura-firma-convenio-para-acceso-a-estadisticas-nacionales-con-el-inec\\\/\"},\"author\":{\"name\":\"Lui Ochoa\",\"@id\":\"https:\\\/\\\/www.manabi.gob.ec\\\/#\\\/schema\\\/person\\\/c4f117989332ad723a6ced5994aa7d7a\"},\"headline\":\"Prefectura firma convenio para acceso a estad\u00edsticas nacionales con el INEC\",\"datePublished\":\"2023-10-17T17:49:00+00:00\",\"dateModified\":\"2023-10-17T17:49:05+00:00\",\"mainEntityOfPage\":{\"@id\":\"https:\\\/\\\/www.manabi.gob.ec\\\/index.php\\\/prefectura-firma-convenio-para-acceso-a-estadisticas-nacionales-con-el-inec\\\/\"},\"wordCount\":289,\"image\":{\"@id\":\"https:\\\/\\\/www.manabi.gob.ec\\\/index.php\\\/prefectura-firma-convenio-para-acceso-a-estadisticas-nacionales-con-el-inec\\\/#primaryimage\"},\"thumbnailUrl\":\"https:\\\/\\\/www.manabi.gob.ec\\\/wp-content\\\/uploads\\\/2023\\\/10\\\/WhatsApp-Image-2023-10-04-at-17.30.35.jpeg\",\"articleSection\":[\"Desarrollo Social\",\"Noticias\",\"Participaci\u00f3n ciudadana\",\"Todas\"],\"inLanguage\":\"es\"},{\"@type\":\"WebPage\",\"@id\":\"https:\\\/\\\/www.manabi.gob.ec\\\/index.php\\\/prefectura-firma-convenio-para-acceso-a-estadisticas-nacionales-con-el-inec\\\/\",\"url\":\"https:\\\/\\\/www.manabi.gob.ec\\\/index.php\\\/prefectura-firma-convenio-para-acceso-a-estadisticas-nacionales-con-el-inec\\\/\",\"name\":\"Prefectura firma convenio para acceso a estad\u00edsticas nacionales con el INEC - Prefectura de Manab\u00ed\",\"isPartOf\":{\"@id\":\"https:\\\/\\\/www.manabi.gob.ec\\\/#website\"},\"primaryImageOfPage\":{\"@id\":\"https:\\\/\\\/www.manabi.gob.ec\\\/index.php\\\/prefectura-firma-convenio-para-acceso-a-estadisticas-nacionales-con-el-inec\\\/#primaryimage\"},\"image\":{\"@id\":\"https:\\\/\\\/www.manabi.gob.ec\\\/index.php\\\/prefectura-firma-convenio-para-acceso-a-estadisticas-nacionales-con-el-inec\\\/#primaryimage\"},\"thumbnailUrl\":\"https:\\\/\\\/www.manabi.gob.ec\\\/wp-content\\\/uploads\\\/2023\\\/10\\\/WhatsApp-Image-2023-10-04-at-17.30.35.jpeg\",\"datePublished\":\"2023-10-17T17:49:00+00:00\",\"dateModified\":\"2023-10-17T17:49:05+00:00\",\"author\":{\"@id\":\"https:\\\/\\\/www.manabi.gob.ec\\\/#\\\/schema\\\/person\\\/c4f117989332ad723a6ced5994aa7d7a\"},\"breadcrumb\":{\"@id\":\"https:\\\/\\\/www.manabi.gob.ec\\\/index.php\\\/prefectura-firma-convenio-para-acceso-a-estadisticas-nacionales-con-el-inec\\\/#breadcrumb\"},\"inLanguage\":\"es\",\"potentialAction\":[{\"@type\":\"ReadAction\",\"target\":[\"https:\\\/\\\/www.manabi.gob.ec\\\/index.php\\\/prefectura-firma-convenio-para-acceso-a-estadisticas-nacionales-con-el-inec\\\/\"]}]},{\"@type\":\"ImageObject\",\"inLanguage\":\"es\",\"@id\":\"https:\\\/\\\/www.manabi.gob.ec\\\/index.php\\\/prefectura-firma-convenio-para-acceso-a-estadisticas-nacionales-con-el-inec\\\/#primaryimage\",\"url\":\"https:\\\/\\\/www.manabi.gob.ec\\\/wp-content\\\/uploads\\\/2023\\\/10\\\/WhatsApp-Image-2023-10-04-at-17.30.35.jpeg\",\"contentUrl\":\"https:\\\/\\\/www.manabi.gob.ec\\\/wp-content\\\/uploads\\\/2023\\\/10\\\/WhatsApp-Image-2023-10-04-at-17.30.35.jpeg\",\"width\":1600,\"height\":1066},{\"@type\":\"BreadcrumbList\",\"@id\":\"https:\\\/\\\/www.manabi.gob.ec\\\/index.php\\\/prefectura-firma-convenio-para-acceso-a-estadisticas-nacionales-con-el-inec\\\/#breadcrumb\",\"itemListElement\":[{\"@type\":\"ListItem\",\"position\":1,\"name\":\"Portada\",\"item\":\"https:\\\/\\\/www.manabi.gob.ec\\\/\"},{\"@type\":\"ListItem\",\"position\":2,\"name\":\"Prefectura firma convenio para acceso a estad\u00edsticas nacionales con el INEC\"}]},{\"@type\":\"WebSite\",\"@id\":\"https:\\\/\\\/www.manabi.gob.ec\\\/#website\",\"url\":\"https:\\\/\\\/www.manabi.gob.ec\\\/\",\"name\":\"Prefectura de Manab\u00ed\",\"description\":\"P\u00e1gina web de la prefectura\",\"potentialAction\":[{\"@type\":\"SearchAction\",\"target\":{\"@type\":\"EntryPoint\",\"urlTemplate\":\"https:\\\/\\\/www.manabi.gob.ec\\\/?s={search_term_string}\"},\"query-input\":{\"@type\":\"PropertyValueSpecification\",\"valueRequired\":true,\"valueName\":\"search_term_string\"}}],\"inLanguage\":\"es\"},{\"@type\":\"Person\",\"@id\":\"https:\\\/\\\/www.manabi.gob.ec\\\/#\\\/schema\\\/person\\\/c4f117989332ad723a6ced5994aa7d7a\",\"name\":\"Lui Ochoa\",\"image\":{\"@type\":\"ImageObject\",\"inLanguage\":\"es\",\"@id\":\"https:\\\/\\\/secure.gravatar.com\\\/avatar\\\/6e8017d0fe69dead8a95864d2eb6e1e1d8bf8e01194ba49cf7b897ff038126ba?s=96&d=mm&r=g\",\"url\":\"https:\\\/\\\/secure.gravatar.com\\\/avatar\\\/6e8017d0fe69dead8a95864d2eb6e1e1d8bf8e01194ba49cf7b897ff038126ba?s=96&d=mm&r=g\",\"contentUrl\":\"https:\\\/\\\/secure.gravatar.com\\\/avatar\\\/6e8017d0fe69dead8a95864d2eb6e1e1d8bf8e01194ba49cf7b897ff038126ba?s=96&d=mm&r=g\",\"caption\":\"Lui Ochoa\"},\"url\":\"https:\\\/\\\/www.manabi.gob.ec\\\/index.php\\\/author\\\/lochoa\\\/\"}]}<\/script>\n<!-- \/ Yoast SEO plugin. -->","yoast_head_json":{"title":"Prefectura firma convenio para acceso a estad\u00edsticas nacionales con el INEC - Prefectura de Manab\u00ed","robots":{"index":"index","follow":"follow","max-snippet":"max-snippet:-1","max-image-preview":"max-image-preview:large","max-video-preview":"max-video-preview:-1"},"canonical":"https:\/\/www.manabi.gob.ec\/index.php\/prefectura-firma-convenio-para-acceso-a-estadisticas-nacionales-con-el-inec\/","og_locale":"es_ES","og_type":"article","og_title":"Prefectura firma convenio para acceso a estad\u00edsticas nacionales con el INEC - Prefectura de Manab\u00ed","og_description":"\u00abDetr\u00e1s de cada cifra, estad\u00edstica hay un coraz\u00f3n, unas manos, hay un rostro y eso es lo que queremos tener un rostro de un Manab\u00ed y un Ecuador m\u00e1s humano e integrado\u00bb, sostuvo el prefecto Leonardo Orlando, durante la presentaci\u00f3n de los resultados oficiales del Censo de Poblaci\u00f3n y Vivienda, que se realiz\u00f3 este mi\u00e9rcoles [&hellip;]","og_url":"https:\/\/www.manabi.gob.ec\/index.php\/prefectura-firma-convenio-para-acceso-a-estadisticas-nacionales-con-el-inec\/","og_site_name":"Prefectura de Manab\u00ed","article_published_time":"2023-10-17T17:49:00+00:00","article_modified_time":"2023-10-17T17:49:05+00:00","og_image":[{"width":1600,"height":1066,"url":"https:\/\/www.manabi.gob.ec\/wp-content\/uploads\/2023\/10\/WhatsApp-Image-2023-10-04-at-17.30.35.jpeg","type":"image\/jpeg"}],"author":"Lui Ochoa","twitter_card":"summary_large_image","twitter_misc":{"Escrito por":"Lui Ochoa","Tiempo de lectura":"2 minutos"},"schema":{"@context":"https:\/\/schema.org","@graph":[{"@type":"Article","@id":"https:\/\/www.manabi.gob.ec\/index.php\/prefectura-firma-convenio-para-acceso-a-estadisticas-nacionales-con-el-inec\/#article","isPartOf":{"@id":"https:\/\/www.manabi.gob.ec\/index.php\/prefectura-firma-convenio-para-acceso-a-estadisticas-nacionales-con-el-inec\/"},"author":{"name":"Lui Ochoa","@id":"https:\/\/www.manabi.gob.ec\/#\/schema\/person\/c4f117989332ad723a6ced5994aa7d7a"},"headline":"Prefectura firma convenio para acceso a estad\u00edsticas nacionales con el INEC","datePublished":"2023-10-17T17:49:00+00:00","dateModified":"2023-10-17T17:49:05+00:00","mainEntityOfPage":{"@id":"https:\/\/www.manabi.gob.ec\/index.php\/prefectura-firma-convenio-para-acceso-a-estadisticas-nacionales-con-el-inec\/"},"wordCount":289,"image":{"@id":"https:\/\/www.manabi.gob.ec\/index.php\/prefectura-firma-convenio-para-acceso-a-estadisticas-nacionales-con-el-inec\/#primaryimage"},"thumbnailUrl":"https:\/\/www.manabi.gob.ec\/wp-content\/uploads\/2023\/10\/WhatsApp-Image-2023-10-04-at-17.30.35.jpeg","articleSection":["Desarrollo Social","Noticias","Participaci\u00f3n ciudadana","Todas"],"inLanguage":"es"},{"@type":"WebPage","@id":"https:\/\/www.manabi.gob.ec\/index.php\/prefectura-firma-convenio-para-acceso-a-estadisticas-nacionales-con-el-inec\/","url":"https:\/\/www.manabi.gob.ec\/index.php\/prefectura-firma-convenio-para-acceso-a-estadisticas-nacionales-con-el-inec\/","name":"Prefectura firma convenio para acceso a estad\u00edsticas nacionales con el INEC - Prefectura de Manab\u00ed","isPartOf":{"@id":"https:\/\/www.manabi.gob.ec\/#website"},"primaryImageOfPage":{"@id":"https:\/\/www.manabi.gob.ec\/index.php\/prefectura-firma-convenio-para-acceso-a-estadisticas-nacionales-con-el-inec\/#primaryimage"},"image":{"@id":"https:\/\/www.manabi.gob.ec\/index.php\/prefectura-firma-convenio-para-acceso-a-estadisticas-nacionales-con-el-inec\/#primaryimage"},"thumbnailUrl":"https:\/\/www.manabi.gob.ec\/wp-content\/uploads\/2023\/10\/WhatsApp-Image-2023-10-04-at-17.30.35.jpeg","datePublished":"2023-10-17T17:49:00+00:00","dateModified":"2023-10-17T17:49:05+00:00","author":{"@id":"https:\/\/www.manabi.gob.ec\/#\/schema\/person\/c4f117989332ad723a6ced5994aa7d7a"},"breadcrumb":{"@id":"https:\/\/www.manabi.gob.ec\/index.php\/prefectura-firma-convenio-para-acceso-a-estadisticas-nacionales-con-el-inec\/#breadcrumb"},"inLanguage":"es","potentialAction":[{"@type":"ReadAction","target":["https:\/\/www.manabi.gob.ec\/index.php\/prefectura-firma-convenio-para-acceso-a-estadisticas-nacionales-con-el-inec\/"]}]},{"@type":"ImageObject","inLanguage":"es","@id":"https:\/\/www.manabi.gob.ec\/index.php\/prefectura-firma-convenio-para-acceso-a-estadisticas-nacionales-con-el-inec\/#primaryimage","url":"https:\/\/www.manabi.gob.ec\/wp-content\/uploads\/2023\/10\/WhatsApp-Image-2023-10-04-at-17.30.35.jpeg","contentUrl":"https:\/\/www.manabi.gob.ec\/wp-content\/uploads\/2023\/10\/WhatsApp-Image-2023-10-04-at-17.30.35.jpeg","width":1600,"height":1066},{"@type":"BreadcrumbList","@id":"https:\/\/www.manabi.gob.ec\/index.php\/prefectura-firma-convenio-para-acceso-a-estadisticas-nacionales-con-el-inec\/#breadcrumb","itemListElement":[{"@type":"ListItem","position":1,"name":"Portada","item":"https:\/\/www.manabi.gob.ec\/"},{"@type":"ListItem","position":2,"name":"Prefectura firma convenio para acceso a estad\u00edsticas nacionales con el INEC"}]},{"@type":"WebSite","@id":"https:\/\/www.manabi.gob.ec\/#website","url":"https:\/\/www.manabi.gob.ec\/","name":"Prefectura de Manab\u00ed","description":"P\u00e1gina web de la prefectura","potentialAction":[{"@type":"SearchAction","target":{"@type":"EntryPoint","urlTemplate":"https:\/\/www.manabi.gob.ec\/?s={search_term_string}"},"query-input":{"@type":"PropertyValueSpecification","valueRequired":true,"valueName":"search_term_string"}}],"inLanguage":"es"},{"@type":"Person","@id":"https:\/\/www.manabi.gob.ec\/#\/schema\/person\/c4f117989332ad723a6ced5994aa7d7a","name":"Lui Ochoa","image":{"@type":"ImageObject","inLanguage":"es","@id":"https:\/\/secure.gravatar.com\/avatar\/6e8017d0fe69dead8a95864d2eb6e1e1d8bf8e01194ba49cf7b897ff038126ba?s=96&d=mm&r=g","url":"https:\/\/secure.gravatar.com\/avatar\/6e8017d0fe69dead8a95864d2eb6e1e1d8bf8e01194ba49cf7b897ff038126ba?s=96&d=mm&r=g","contentUrl":"https:\/\/secure.gravatar.com\/avatar\/6e8017d0fe69dead8a95864d2eb6e1e1d8bf8e01194ba49cf7b897ff038126ba?s=96&d=mm&r=g","caption":"Lui Ochoa"},"url":"https:\/\/www.manabi.gob.ec\/index.php\/author\/lochoa\/"}]}},"jetpack_featured_media_url":"https:\/\/www.manabi.gob.ec\/wp-content\/uploads\/2023\/10\/WhatsApp-Image-2023-10-04-at-17.30.35.jpeg","_links":{"self":[{"href":"https:\/\/www.manabi.gob.ec\/index.php\/wp-json\/wp\/v2\/posts\/25949","targetHints":{"allow":["GET"]}}],"collection":[{"href":"https:\/\/www.manabi.gob.ec\/index.php\/wp-json\/wp\/v2\/posts"}],"about":[{"href":"https:\/\/www.manabi.gob.ec\/index.php\/wp-json\/wp\/v2\/types\/post"}],"author":[{"embeddable":true,"href":"https:\/\/www.manabi.gob.ec\/index.php\/wp-json\/wp\/v2\/users\/10"}],"replies":[{"embeddable":true,"href":"https:\/\/www.manabi.gob.ec\/index.php\/wp-json\/wp\/v2\/comments?post=25949"}],"version-history":[{"count":0,"href":"https:\/\/www.manabi.gob.ec\/index.php\/wp-json\/wp\/v2\/posts\/25949\/revisions"}],"wp:featuredmedia":[{"embeddable":true,"href":"https:\/\/www.manabi.gob.ec\/index.php\/wp-json\/wp\/v2\/media\/25950"}],"wp:attachment":[{"href":"https:\/\/www.manabi.gob.ec\/index.php\/wp-json\/wp\/v2\/media?parent=25949"}],"wp:term":[{"taxonomy":"category","embeddable":true,"href":"https:\/\/www.manabi.gob.ec\/index.php\/wp-json\/wp\/v2\/categories?post=25949"},{"taxonomy":"post_tag","embeddable":true,"href":"https:\/\/www.manabi.gob.ec\/index.php\/wp-json\/wp\/v2\/tags?post=25949"}],"curies":[{"name":"wp","href":"https:\/\/api.w.org\/{rel}","templated":true}]}}