{"id":25955,"date":"2023-10-17T17:53:40","date_gmt":"2023-10-17T17:53:40","guid":{"rendered":"https:\/\/www.manabi.gob.ec\/?p=25955"},"modified":"2023-10-17T17:53:44","modified_gmt":"2023-10-17T17:53:44","slug":"la-rehabilitacion-de-la-via-manta-rocafuerte-tiene-un-avance-del-58","status":"publish","type":"post","link":"https:\/\/www.manabi.gob.ec\/index.php\/la-rehabilitacion-de-la-via-manta-rocafuerte-tiene-un-avance-del-58\/","title":{"rendered":"La rehabilitaci\u00f3n de la v\u00eda Manta &#8211; Rocafuerte tiene un avance del 58%"},"content":{"rendered":"\n<p>El prefecto de Manab\u00ed, Leonardo Orlando, supervis\u00f3 los trabajos de bacheo mayor, menor y recapeo de la v\u00eda Manta &#8211; Rocafuerte del corredor estatal E-15, tramo Y intersecci\u00f3n v\u00eda Crucita, intersecci\u00f3n v\u00eda Jaramij\u00f3 de 21,9 kil\u00f3metros de longitud.<\/p>\n\n\n\n<p>Los trabajos est\u00e1n siendo ejecutados por la empresa p\u00fablica Manab\u00ed Vial, de la Prefectura de Manab\u00ed, a trav\u00e9s de un contrato con el Ministerio de Transporte y Obras P\u00fablicas -MTOP- por un monto de 2.4 millones de d\u00f3lares.<\/p>\n\n\n\n<p>Hay dos frentes de trabajo uno en el kil\u00f3metro 14 y otro en el kil\u00f3metro 18, presentando un avance de obra del 58%.<\/p>\n","protected":false},"excerpt":{"rendered":"<p>El prefecto de Manab\u00ed, Leonardo Orlando, supervis\u00f3 los trabajos de bacheo mayor, menor y recapeo de la v\u00eda Manta &#8211; Rocafuerte del corredor estatal E-15, tramo Y intersecci\u00f3n v\u00eda Crucita, intersecci\u00f3n v\u00eda Jaramij\u00f3 de 21,9 kil\u00f3metros de longitud. Los trabajos est\u00e1n siendo ejecutados por la empresa p\u00fablica Manab\u00ed Vial, de la Prefectura de Manab\u00ed, a [&hellip;]<\/p>\n","protected":false},"author":10,"featured_media":25956,"comment_status":"closed","ping_status":"closed","sticky":false,"template":"","format":"standard","meta":{"_joinchat":[],"footnotes":""},"categories":[142,170,156,92,181,135,91,127],"tags":[],"class_list":["post-25955","post","type-post","status-publish","format-standard","has-post-thumbnail","hentry","category-desarrollo-social","category-manabi-vial","category-manta","category-noticias-manabi","category-obra-publica","category-rocafuerte","category-todas","category-vialidad"],"yoast_head":"<!-- This site is optimized with the Yoast SEO plugin v27.4 - https:\/\/yoast.com\/product\/yoast-seo-wordpress\/ -->\n<title>La rehabilitaci\u00f3n de la v\u00eda Manta - Rocafuerte tiene un avance del 58% - Prefectura de Manab\u00ed<\/title>\n<meta name=\"robots\" content=\"index, follow, max-snippet:-1, max-image-preview:large, max-video-preview:-1\" \/>\n<link rel=\"canonical\" href=\"https:\/\/www.manabi.gob.ec\/index.php\/la-rehabilitacion-de-la-via-manta-rocafuerte-tiene-un-avance-del-58\/\" \/>\n<meta property=\"og:locale\" content=\"es_ES\" \/>\n<meta property=\"og:type\" content=\"article\" \/>\n<meta property=\"og:title\" content=\"La rehabilitaci\u00f3n de la v\u00eda Manta - Rocafuerte tiene un avance del 58% - Prefectura de Manab\u00ed\" \/>\n<meta property=\"og:description\" content=\"El prefecto de Manab\u00ed, Leonardo Orlando, supervis\u00f3 los trabajos de bacheo mayor, menor y recapeo de la v\u00eda Manta &#8211; Rocafuerte del corredor estatal E-15, tramo Y intersecci\u00f3n v\u00eda Crucita, intersecci\u00f3n v\u00eda Jaramij\u00f3 de 21,9 kil\u00f3metros de longitud. Los trabajos est\u00e1n siendo ejecutados por la empresa p\u00fablica Manab\u00ed Vial, de la Prefectura de Manab\u00ed, a [&hellip;]\" \/>\n<meta property=\"og:url\" content=\"https:\/\/www.manabi.gob.ec\/index.php\/la-rehabilitacion-de-la-via-manta-rocafuerte-tiene-un-avance-del-58\/\" \/>\n<meta property=\"og:site_name\" content=\"Prefectura de Manab\u00ed\" \/>\n<meta property=\"article:published_time\" content=\"2023-10-17T17:53:40+00:00\" \/>\n<meta property=\"article:modified_time\" content=\"2023-10-17T17:53:44+00:00\" \/>\n<meta property=\"og:image\" content=\"https:\/\/www.manabi.gob.ec\/wp-content\/uploads\/2023\/10\/WhatsApp-Image-2023-10-05-at-19.54.20.jpeg\" \/>\n\t<meta property=\"og:image:width\" content=\"1600\" \/>\n\t<meta property=\"og:image:height\" content=\"1066\" \/>\n\t<meta property=\"og:image:type\" content=\"image\/jpeg\" \/>\n<meta name=\"author\" content=\"Lui Ochoa\" \/>\n<meta name=\"twitter:card\" content=\"summary_large_image\" \/>\n<meta name=\"twitter:label1\" content=\"Escrito por\" \/>\n\t<meta name=\"twitter:data1\" content=\"Lui Ochoa\" \/>\n\t<meta name=\"twitter:label2\" content=\"Tiempo de lectura\" \/>\n\t<meta name=\"twitter:data2\" content=\"1 minuto\" \/>\n<script type=\"application\/ld+json\" class=\"yoast-schema-graph\">{\"@context\":\"https:\\\/\\\/schema.org\",\"@graph\":[{\"@type\":\"Article\",\"@id\":\"https:\\\/\\\/www.manabi.gob.ec\\\/index.php\\\/la-rehabilitacion-de-la-via-manta-rocafuerte-tiene-un-avance-del-58\\\/#article\",\"isPartOf\":{\"@id\":\"https:\\\/\\\/www.manabi.gob.ec\\\/index.php\\\/la-rehabilitacion-de-la-via-manta-rocafuerte-tiene-un-avance-del-58\\\/\"},\"author\":{\"name\":\"Lui Ochoa\",\"@id\":\"https:\\\/\\\/www.manabi.gob.ec\\\/#\\\/schema\\\/person\\\/c4f117989332ad723a6ced5994aa7d7a\"},\"headline\":\"La rehabilitaci\u00f3n de la v\u00eda Manta &#8211; Rocafuerte tiene un avance del 58%\",\"datePublished\":\"2023-10-17T17:53:40+00:00\",\"dateModified\":\"2023-10-17T17:53:44+00:00\",\"mainEntityOfPage\":{\"@id\":\"https:\\\/\\\/www.manabi.gob.ec\\\/index.php\\\/la-rehabilitacion-de-la-via-manta-rocafuerte-tiene-un-avance-del-58\\\/\"},\"wordCount\":121,\"image\":{\"@id\":\"https:\\\/\\\/www.manabi.gob.ec\\\/index.php\\\/la-rehabilitacion-de-la-via-manta-rocafuerte-tiene-un-avance-del-58\\\/#primaryimage\"},\"thumbnailUrl\":\"https:\\\/\\\/www.manabi.gob.ec\\\/wp-content\\\/uploads\\\/2023\\\/10\\\/WhatsApp-Image-2023-10-05-at-19.54.20.jpeg\",\"articleSection\":[\"Desarrollo Social\",\"Manab\u00ed Vial\",\"Manta\",\"Noticias\",\"Obra P\u00fablica\",\"Rocafuerte\",\"Todas\",\"Vialidad\"],\"inLanguage\":\"es\"},{\"@type\":\"WebPage\",\"@id\":\"https:\\\/\\\/www.manabi.gob.ec\\\/index.php\\\/la-rehabilitacion-de-la-via-manta-rocafuerte-tiene-un-avance-del-58\\\/\",\"url\":\"https:\\\/\\\/www.manabi.gob.ec\\\/index.php\\\/la-rehabilitacion-de-la-via-manta-rocafuerte-tiene-un-avance-del-58\\\/\",\"name\":\"La rehabilitaci\u00f3n de la v\u00eda Manta - Rocafuerte tiene un avance del 58% - Prefectura de Manab\u00ed\",\"isPartOf\":{\"@id\":\"https:\\\/\\\/www.manabi.gob.ec\\\/#website\"},\"primaryImageOfPage\":{\"@id\":\"https:\\\/\\\/www.manabi.gob.ec\\\/index.php\\\/la-rehabilitacion-de-la-via-manta-rocafuerte-tiene-un-avance-del-58\\\/#primaryimage\"},\"image\":{\"@id\":\"https:\\\/\\\/www.manabi.gob.ec\\\/index.php\\\/la-rehabilitacion-de-la-via-manta-rocafuerte-tiene-un-avance-del-58\\\/#primaryimage\"},\"thumbnailUrl\":\"https:\\\/\\\/www.manabi.gob.ec\\\/wp-content\\\/uploads\\\/2023\\\/10\\\/WhatsApp-Image-2023-10-05-at-19.54.20.jpeg\",\"datePublished\":\"2023-10-17T17:53:40+00:00\",\"dateModified\":\"2023-10-17T17:53:44+00:00\",\"author\":{\"@id\":\"https:\\\/\\\/www.manabi.gob.ec\\\/#\\\/schema\\\/person\\\/c4f117989332ad723a6ced5994aa7d7a\"},\"breadcrumb\":{\"@id\":\"https:\\\/\\\/www.manabi.gob.ec\\\/index.php\\\/la-rehabilitacion-de-la-via-manta-rocafuerte-tiene-un-avance-del-58\\\/#breadcrumb\"},\"inLanguage\":\"es\",\"potentialAction\":[{\"@type\":\"ReadAction\",\"target\":[\"https:\\\/\\\/www.manabi.gob.ec\\\/index.php\\\/la-rehabilitacion-de-la-via-manta-rocafuerte-tiene-un-avance-del-58\\\/\"]}]},{\"@type\":\"ImageObject\",\"inLanguage\":\"es\",\"@id\":\"https:\\\/\\\/www.manabi.gob.ec\\\/index.php\\\/la-rehabilitacion-de-la-via-manta-rocafuerte-tiene-un-avance-del-58\\\/#primaryimage\",\"url\":\"https:\\\/\\\/www.manabi.gob.ec\\\/wp-content\\\/uploads\\\/2023\\\/10\\\/WhatsApp-Image-2023-10-05-at-19.54.20.jpeg\",\"contentUrl\":\"https:\\\/\\\/www.manabi.gob.ec\\\/wp-content\\\/uploads\\\/2023\\\/10\\\/WhatsApp-Image-2023-10-05-at-19.54.20.jpeg\",\"width\":1600,\"height\":1066},{\"@type\":\"BreadcrumbList\",\"@id\":\"https:\\\/\\\/www.manabi.gob.ec\\\/index.php\\\/la-rehabilitacion-de-la-via-manta-rocafuerte-tiene-un-avance-del-58\\\/#breadcrumb\",\"itemListElement\":[{\"@type\":\"ListItem\",\"position\":1,\"name\":\"Portada\",\"item\":\"https:\\\/\\\/www.manabi.gob.ec\\\/\"},{\"@type\":\"ListItem\",\"position\":2,\"name\":\"La rehabilitaci\u00f3n de la v\u00eda Manta &#8211; Rocafuerte tiene un avance del 58%\"}]},{\"@type\":\"WebSite\",\"@id\":\"https:\\\/\\\/www.manabi.gob.ec\\\/#website\",\"url\":\"https:\\\/\\\/www.manabi.gob.ec\\\/\",\"name\":\"Prefectura de Manab\u00ed\",\"description\":\"P\u00e1gina web de la prefectura\",\"potentialAction\":[{\"@type\":\"SearchAction\",\"target\":{\"@type\":\"EntryPoint\",\"urlTemplate\":\"https:\\\/\\\/www.manabi.gob.ec\\\/?s={search_term_string}\"},\"query-input\":{\"@type\":\"PropertyValueSpecification\",\"valueRequired\":true,\"valueName\":\"search_term_string\"}}],\"inLanguage\":\"es\"},{\"@type\":\"Person\",\"@id\":\"https:\\\/\\\/www.manabi.gob.ec\\\/#\\\/schema\\\/person\\\/c4f117989332ad723a6ced5994aa7d7a\",\"name\":\"Lui Ochoa\",\"image\":{\"@type\":\"ImageObject\",\"inLanguage\":\"es\",\"@id\":\"https:\\\/\\\/secure.gravatar.com\\\/avatar\\\/6e8017d0fe69dead8a95864d2eb6e1e1d8bf8e01194ba49cf7b897ff038126ba?s=96&d=mm&r=g\",\"url\":\"https:\\\/\\\/secure.gravatar.com\\\/avatar\\\/6e8017d0fe69dead8a95864d2eb6e1e1d8bf8e01194ba49cf7b897ff038126ba?s=96&d=mm&r=g\",\"contentUrl\":\"https:\\\/\\\/secure.gravatar.com\\\/avatar\\\/6e8017d0fe69dead8a95864d2eb6e1e1d8bf8e01194ba49cf7b897ff038126ba?s=96&d=mm&r=g\",\"caption\":\"Lui Ochoa\"},\"url\":\"https:\\\/\\\/www.manabi.gob.ec\\\/index.php\\\/author\\\/lochoa\\\/\"}]}<\/script>\n<!-- \/ Yoast SEO plugin. -->","yoast_head_json":{"title":"La rehabilitaci\u00f3n de la v\u00eda Manta - Rocafuerte tiene un avance del 58% - Prefectura de Manab\u00ed","robots":{"index":"index","follow":"follow","max-snippet":"max-snippet:-1","max-image-preview":"max-image-preview:large","max-video-preview":"max-video-preview:-1"},"canonical":"https:\/\/www.manabi.gob.ec\/index.php\/la-rehabilitacion-de-la-via-manta-rocafuerte-tiene-un-avance-del-58\/","og_locale":"es_ES","og_type":"article","og_title":"La rehabilitaci\u00f3n de la v\u00eda Manta - Rocafuerte tiene un avance del 58% - Prefectura de Manab\u00ed","og_description":"El prefecto de Manab\u00ed, Leonardo Orlando, supervis\u00f3 los trabajos de bacheo mayor, menor y recapeo de la v\u00eda Manta &#8211; Rocafuerte del corredor estatal E-15, tramo Y intersecci\u00f3n v\u00eda Crucita, intersecci\u00f3n v\u00eda Jaramij\u00f3 de 21,9 kil\u00f3metros de longitud. Los trabajos est\u00e1n siendo ejecutados por la empresa p\u00fablica Manab\u00ed Vial, de la Prefectura de Manab\u00ed, a [&hellip;]","og_url":"https:\/\/www.manabi.gob.ec\/index.php\/la-rehabilitacion-de-la-via-manta-rocafuerte-tiene-un-avance-del-58\/","og_site_name":"Prefectura de Manab\u00ed","article_published_time":"2023-10-17T17:53:40+00:00","article_modified_time":"2023-10-17T17:53:44+00:00","og_image":[{"width":1600,"height":1066,"url":"https:\/\/www.manabi.gob.ec\/wp-content\/uploads\/2023\/10\/WhatsApp-Image-2023-10-05-at-19.54.20.jpeg","type":"image\/jpeg"}],"author":"Lui Ochoa","twitter_card":"summary_large_image","twitter_misc":{"Escrito por":"Lui Ochoa","Tiempo de lectura":"1 minuto"},"schema":{"@context":"https:\/\/schema.org","@graph":[{"@type":"Article","@id":"https:\/\/www.manabi.gob.ec\/index.php\/la-rehabilitacion-de-la-via-manta-rocafuerte-tiene-un-avance-del-58\/#article","isPartOf":{"@id":"https:\/\/www.manabi.gob.ec\/index.php\/la-rehabilitacion-de-la-via-manta-rocafuerte-tiene-un-avance-del-58\/"},"author":{"name":"Lui Ochoa","@id":"https:\/\/www.manabi.gob.ec\/#\/schema\/person\/c4f117989332ad723a6ced5994aa7d7a"},"headline":"La rehabilitaci\u00f3n de la v\u00eda Manta &#8211; Rocafuerte tiene un avance del 58%","datePublished":"2023-10-17T17:53:40+00:00","dateModified":"2023-10-17T17:53:44+00:00","mainEntityOfPage":{"@id":"https:\/\/www.manabi.gob.ec\/index.php\/la-rehabilitacion-de-la-via-manta-rocafuerte-tiene-un-avance-del-58\/"},"wordCount":121,"image":{"@id":"https:\/\/www.manabi.gob.ec\/index.php\/la-rehabilitacion-de-la-via-manta-rocafuerte-tiene-un-avance-del-58\/#primaryimage"},"thumbnailUrl":"https:\/\/www.manabi.gob.ec\/wp-content\/uploads\/2023\/10\/WhatsApp-Image-2023-10-05-at-19.54.20.jpeg","articleSection":["Desarrollo Social","Manab\u00ed Vial","Manta","Noticias","Obra P\u00fablica","Rocafuerte","Todas","Vialidad"],"inLanguage":"es"},{"@type":"WebPage","@id":"https:\/\/www.manabi.gob.ec\/index.php\/la-rehabilitacion-de-la-via-manta-rocafuerte-tiene-un-avance-del-58\/","url":"https:\/\/www.manabi.gob.ec\/index.php\/la-rehabilitacion-de-la-via-manta-rocafuerte-tiene-un-avance-del-58\/","name":"La rehabilitaci\u00f3n de la v\u00eda Manta - Rocafuerte tiene un avance del 58% - Prefectura de Manab\u00ed","isPartOf":{"@id":"https:\/\/www.manabi.gob.ec\/#website"},"primaryImageOfPage":{"@id":"https:\/\/www.manabi.gob.ec\/index.php\/la-rehabilitacion-de-la-via-manta-rocafuerte-tiene-un-avance-del-58\/#primaryimage"},"image":{"@id":"https:\/\/www.manabi.gob.ec\/index.php\/la-rehabilitacion-de-la-via-manta-rocafuerte-tiene-un-avance-del-58\/#primaryimage"},"thumbnailUrl":"https:\/\/www.manabi.gob.ec\/wp-content\/uploads\/2023\/10\/WhatsApp-Image-2023-10-05-at-19.54.20.jpeg","datePublished":"2023-10-17T17:53:40+00:00","dateModified":"2023-10-17T17:53:44+00:00","author":{"@id":"https:\/\/www.manabi.gob.ec\/#\/schema\/person\/c4f117989332ad723a6ced5994aa7d7a"},"breadcrumb":{"@id":"https:\/\/www.manabi.gob.ec\/index.php\/la-rehabilitacion-de-la-via-manta-rocafuerte-tiene-un-avance-del-58\/#breadcrumb"},"inLanguage":"es","potentialAction":[{"@type":"ReadAction","target":["https:\/\/www.manabi.gob.ec\/index.php\/la-rehabilitacion-de-la-via-manta-rocafuerte-tiene-un-avance-del-58\/"]}]},{"@type":"ImageObject","inLanguage":"es","@id":"https:\/\/www.manabi.gob.ec\/index.php\/la-rehabilitacion-de-la-via-manta-rocafuerte-tiene-un-avance-del-58\/#primaryimage","url":"https:\/\/www.manabi.gob.ec\/wp-content\/uploads\/2023\/10\/WhatsApp-Image-2023-10-05-at-19.54.20.jpeg","contentUrl":"https:\/\/www.manabi.gob.ec\/wp-content\/uploads\/2023\/10\/WhatsApp-Image-2023-10-05-at-19.54.20.jpeg","width":1600,"height":1066},{"@type":"BreadcrumbList","@id":"https:\/\/www.manabi.gob.ec\/index.php\/la-rehabilitacion-de-la-via-manta-rocafuerte-tiene-un-avance-del-58\/#breadcrumb","itemListElement":[{"@type":"ListItem","position":1,"name":"Portada","item":"https:\/\/www.manabi.gob.ec\/"},{"@type":"ListItem","position":2,"name":"La rehabilitaci\u00f3n de la v\u00eda Manta &#8211; Rocafuerte tiene un avance del 58%"}]},{"@type":"WebSite","@id":"https:\/\/www.manabi.gob.ec\/#website","url":"https:\/\/www.manabi.gob.ec\/","name":"Prefectura de Manab\u00ed","description":"P\u00e1gina web de la prefectura","potentialAction":[{"@type":"SearchAction","target":{"@type":"EntryPoint","urlTemplate":"https:\/\/www.manabi.gob.ec\/?s={search_term_string}"},"query-input":{"@type":"PropertyValueSpecification","valueRequired":true,"valueName":"search_term_string"}}],"inLanguage":"es"},{"@type":"Person","@id":"https:\/\/www.manabi.gob.ec\/#\/schema\/person\/c4f117989332ad723a6ced5994aa7d7a","name":"Lui Ochoa","image":{"@type":"ImageObject","inLanguage":"es","@id":"https:\/\/secure.gravatar.com\/avatar\/6e8017d0fe69dead8a95864d2eb6e1e1d8bf8e01194ba49cf7b897ff038126ba?s=96&d=mm&r=g","url":"https:\/\/secure.gravatar.com\/avatar\/6e8017d0fe69dead8a95864d2eb6e1e1d8bf8e01194ba49cf7b897ff038126ba?s=96&d=mm&r=g","contentUrl":"https:\/\/secure.gravatar.com\/avatar\/6e8017d0fe69dead8a95864d2eb6e1e1d8bf8e01194ba49cf7b897ff038126ba?s=96&d=mm&r=g","caption":"Lui Ochoa"},"url":"https:\/\/www.manabi.gob.ec\/index.php\/author\/lochoa\/"}]}},"jetpack_featured_media_url":"https:\/\/www.manabi.gob.ec\/wp-content\/uploads\/2023\/10\/WhatsApp-Image-2023-10-05-at-19.54.20.jpeg","_links":{"self":[{"href":"https:\/\/www.manabi.gob.ec\/index.php\/wp-json\/wp\/v2\/posts\/25955","targetHints":{"allow":["GET"]}}],"collection":[{"href":"https:\/\/www.manabi.gob.ec\/index.php\/wp-json\/wp\/v2\/posts"}],"about":[{"href":"https:\/\/www.manabi.gob.ec\/index.php\/wp-json\/wp\/v2\/types\/post"}],"author":[{"embeddable":true,"href":"https:\/\/www.manabi.gob.ec\/index.php\/wp-json\/wp\/v2\/users\/10"}],"replies":[{"embeddable":true,"href":"https:\/\/www.manabi.gob.ec\/index.php\/wp-json\/wp\/v2\/comments?post=25955"}],"version-history":[{"count":0,"href":"https:\/\/www.manabi.gob.ec\/index.php\/wp-json\/wp\/v2\/posts\/25955\/revisions"}],"wp:featuredmedia":[{"embeddable":true,"href":"https:\/\/www.manabi.gob.ec\/index.php\/wp-json\/wp\/v2\/media\/25956"}],"wp:attachment":[{"href":"https:\/\/www.manabi.gob.ec\/index.php\/wp-json\/wp\/v2\/media?parent=25955"}],"wp:term":[{"taxonomy":"category","embeddable":true,"href":"https:\/\/www.manabi.gob.ec\/index.php\/wp-json\/wp\/v2\/categories?post=25955"},{"taxonomy":"post_tag","embeddable":true,"href":"https:\/\/www.manabi.gob.ec\/index.php\/wp-json\/wp\/v2\/tags?post=25955"}],"curies":[{"name":"wp","href":"https:\/\/api.w.org\/{rel}","templated":true}]}}