{"id":26004,"date":"2023-10-17T19:09:45","date_gmt":"2023-10-17T19:09:45","guid":{"rendered":"https:\/\/www.manabi.gob.ec\/?p=26004"},"modified":"2023-10-17T19:09:50","modified_gmt":"2023-10-17T19:09:50","slug":"suena-como-una-nina-un-evento-para-conmemorar-su-dia-internacional","status":"publish","type":"post","link":"https:\/\/www.manabi.gob.ec\/index.php\/suena-como-una-nina-un-evento-para-conmemorar-su-dia-internacional\/","title":{"rendered":"\u201cSUE\u00d1A COMO UNA NI\u00d1A\u201d UN EVENTO PARA CONMEMORAR SU DIA INTERNACIONAL"},"content":{"rendered":"\n<p>Con emotivo acto que se desarroll\u00f3 la tarde de este mi\u00e9rcoles 11 de octubre en las instalaciones de Club Rotary de Portoviejo ubicado en la Avenida 5 de junio denominado \u00abSue\u00f1a Como Una Ni\u00f1a\u00bb, la Prefectura de Manab\u00ed record\u00f3 el d\u00eda Internacional de la Ni\u00f1a.<\/p>\n\n\n\n<p>El acto que estuvo coordinado por la Direcci\u00f3n de Desarrollo Humano de la Prefectura Provincial, cont\u00f3 con la Presencia de Kelly Buenaventura viceprefecta de Manab\u00ed, quien en su intervenci\u00f3n dio un mensaje de esperanza a los presentes y en especial a las ni\u00f1as que llegaron de todas partes de la provincia al el evento. Mismo que cont\u00f3 con panelistas de reconocida trayectoria en la provincia.<\/p>\n\n\n\n<p>C\u00f3mo es de conocimiento p\u00fablico el 11 de octubre de 2011, la Asamblea General de las Naciones Unidas design\u00f3 est\u00e1 fecha como el d\u00eda internacional de la Ni\u00f1a, para que a partir del a\u00f1o 2012 el 11 de octubre se conmemora para fomentar el reconocimiento de los derechos de las ni\u00f1as y se den a conocer los problemas que enfrentan en todo el mundo, principalmente en pa\u00edses no desarrollados.<\/p>\n\n\n\n<p>Estad\u00edstica<br>La mitad de las ni\u00f1as de entre 10 y 14 a\u00f1os dedican el doble de tiempo a las tareas dom\u00e9sticas que los chicos de su misma edad; tan solo 2 de cada 5 ni\u00f1as completa la educaci\u00f3n secundaria.<\/p>\n","protected":false},"excerpt":{"rendered":"<p>Con emotivo acto que se desarroll\u00f3 la tarde de este mi\u00e9rcoles 11 de octubre en las instalaciones de Club Rotary de Portoviejo ubicado en la Avenida 5 de junio denominado \u00abSue\u00f1a Como Una Ni\u00f1a\u00bb, la Prefectura de Manab\u00ed record\u00f3 el d\u00eda Internacional de la Ni\u00f1a. El acto que estuvo coordinado por la Direcci\u00f3n de Desarrollo [&hellip;]<\/p>\n","protected":false},"author":10,"featured_media":26005,"comment_status":"closed","ping_status":"closed","sticky":false,"template":"","format":"standard","meta":{"_joinchat":[],"footnotes":""},"categories":[142,224,92,91],"tags":[],"class_list":["post-26004","post","type-post","status-publish","format-standard","has-post-thumbnail","hentry","category-desarrollo-social","category-mujeres","category-noticias-manabi","category-todas"],"yoast_head":"<!-- This site is optimized with the Yoast SEO plugin v27.4 - https:\/\/yoast.com\/product\/yoast-seo-wordpress\/ -->\n<title>\u201cSUE\u00d1A COMO UNA NI\u00d1A\u201d UN EVENTO PARA CONMEMORAR SU DIA INTERNACIONAL - Prefectura de Manab\u00ed<\/title>\n<meta name=\"robots\" content=\"index, follow, max-snippet:-1, max-image-preview:large, max-video-preview:-1\" \/>\n<link rel=\"canonical\" href=\"https:\/\/www.manabi.gob.ec\/index.php\/suena-como-una-nina-un-evento-para-conmemorar-su-dia-internacional\/\" \/>\n<meta property=\"og:locale\" content=\"es_ES\" \/>\n<meta property=\"og:type\" content=\"article\" \/>\n<meta property=\"og:title\" content=\"\u201cSUE\u00d1A COMO UNA NI\u00d1A\u201d UN EVENTO PARA CONMEMORAR SU DIA INTERNACIONAL - Prefectura de Manab\u00ed\" \/>\n<meta property=\"og:description\" content=\"Con emotivo acto que se desarroll\u00f3 la tarde de este mi\u00e9rcoles 11 de octubre en las instalaciones de Club Rotary de Portoviejo ubicado en la Avenida 5 de junio denominado \u00abSue\u00f1a Como Una Ni\u00f1a\u00bb, la Prefectura de Manab\u00ed record\u00f3 el d\u00eda Internacional de la Ni\u00f1a. El acto que estuvo coordinado por la Direcci\u00f3n de Desarrollo [&hellip;]\" \/>\n<meta property=\"og:url\" content=\"https:\/\/www.manabi.gob.ec\/index.php\/suena-como-una-nina-un-evento-para-conmemorar-su-dia-internacional\/\" \/>\n<meta property=\"og:site_name\" content=\"Prefectura de Manab\u00ed\" \/>\n<meta property=\"article:published_time\" content=\"2023-10-17T19:09:45+00:00\" \/>\n<meta property=\"article:modified_time\" content=\"2023-10-17T19:09:50+00:00\" \/>\n<meta property=\"og:image\" content=\"https:\/\/www.manabi.gob.ec\/wp-content\/uploads\/2023\/10\/WhatsApp-Image-2023-10-12-at-20.45.41.jpeg\" \/>\n\t<meta property=\"og:image:width\" content=\"1024\" \/>\n\t<meta property=\"og:image:height\" content=\"682\" \/>\n\t<meta property=\"og:image:type\" content=\"image\/jpeg\" \/>\n<meta name=\"author\" content=\"Lui Ochoa\" \/>\n<meta name=\"twitter:card\" content=\"summary_large_image\" \/>\n<meta name=\"twitter:label1\" content=\"Escrito por\" \/>\n\t<meta name=\"twitter:data1\" content=\"Lui Ochoa\" \/>\n\t<meta name=\"twitter:label2\" content=\"Tiempo de lectura\" \/>\n\t<meta name=\"twitter:data2\" content=\"1 minuto\" \/>\n<script type=\"application\/ld+json\" class=\"yoast-schema-graph\">{\"@context\":\"https:\\\/\\\/schema.org\",\"@graph\":[{\"@type\":\"Article\",\"@id\":\"https:\\\/\\\/www.manabi.gob.ec\\\/index.php\\\/suena-como-una-nina-un-evento-para-conmemorar-su-dia-internacional\\\/#article\",\"isPartOf\":{\"@id\":\"https:\\\/\\\/www.manabi.gob.ec\\\/index.php\\\/suena-como-una-nina-un-evento-para-conmemorar-su-dia-internacional\\\/\"},\"author\":{\"name\":\"Lui Ochoa\",\"@id\":\"https:\\\/\\\/www.manabi.gob.ec\\\/#\\\/schema\\\/person\\\/c4f117989332ad723a6ced5994aa7d7a\"},\"headline\":\"\u201cSUE\u00d1A COMO UNA NI\u00d1A\u201d UN EVENTO PARA CONMEMORAR SU DIA INTERNACIONAL\",\"datePublished\":\"2023-10-17T19:09:45+00:00\",\"dateModified\":\"2023-10-17T19:09:50+00:00\",\"mainEntityOfPage\":{\"@id\":\"https:\\\/\\\/www.manabi.gob.ec\\\/index.php\\\/suena-como-una-nina-un-evento-para-conmemorar-su-dia-internacional\\\/\"},\"wordCount\":241,\"image\":{\"@id\":\"https:\\\/\\\/www.manabi.gob.ec\\\/index.php\\\/suena-como-una-nina-un-evento-para-conmemorar-su-dia-internacional\\\/#primaryimage\"},\"thumbnailUrl\":\"https:\\\/\\\/www.manabi.gob.ec\\\/wp-content\\\/uploads\\\/2023\\\/10\\\/WhatsApp-Image-2023-10-12-at-20.45.41.jpeg\",\"articleSection\":[\"Desarrollo Social\",\"Mujeres\",\"Noticias\",\"Todas\"],\"inLanguage\":\"es\"},{\"@type\":\"WebPage\",\"@id\":\"https:\\\/\\\/www.manabi.gob.ec\\\/index.php\\\/suena-como-una-nina-un-evento-para-conmemorar-su-dia-internacional\\\/\",\"url\":\"https:\\\/\\\/www.manabi.gob.ec\\\/index.php\\\/suena-como-una-nina-un-evento-para-conmemorar-su-dia-internacional\\\/\",\"name\":\"\u201cSUE\u00d1A COMO UNA NI\u00d1A\u201d UN EVENTO PARA CONMEMORAR SU DIA INTERNACIONAL - Prefectura de Manab\u00ed\",\"isPartOf\":{\"@id\":\"https:\\\/\\\/www.manabi.gob.ec\\\/#website\"},\"primaryImageOfPage\":{\"@id\":\"https:\\\/\\\/www.manabi.gob.ec\\\/index.php\\\/suena-como-una-nina-un-evento-para-conmemorar-su-dia-internacional\\\/#primaryimage\"},\"image\":{\"@id\":\"https:\\\/\\\/www.manabi.gob.ec\\\/index.php\\\/suena-como-una-nina-un-evento-para-conmemorar-su-dia-internacional\\\/#primaryimage\"},\"thumbnailUrl\":\"https:\\\/\\\/www.manabi.gob.ec\\\/wp-content\\\/uploads\\\/2023\\\/10\\\/WhatsApp-Image-2023-10-12-at-20.45.41.jpeg\",\"datePublished\":\"2023-10-17T19:09:45+00:00\",\"dateModified\":\"2023-10-17T19:09:50+00:00\",\"author\":{\"@id\":\"https:\\\/\\\/www.manabi.gob.ec\\\/#\\\/schema\\\/person\\\/c4f117989332ad723a6ced5994aa7d7a\"},\"breadcrumb\":{\"@id\":\"https:\\\/\\\/www.manabi.gob.ec\\\/index.php\\\/suena-como-una-nina-un-evento-para-conmemorar-su-dia-internacional\\\/#breadcrumb\"},\"inLanguage\":\"es\",\"potentialAction\":[{\"@type\":\"ReadAction\",\"target\":[\"https:\\\/\\\/www.manabi.gob.ec\\\/index.php\\\/suena-como-una-nina-un-evento-para-conmemorar-su-dia-internacional\\\/\"]}]},{\"@type\":\"ImageObject\",\"inLanguage\":\"es\",\"@id\":\"https:\\\/\\\/www.manabi.gob.ec\\\/index.php\\\/suena-como-una-nina-un-evento-para-conmemorar-su-dia-internacional\\\/#primaryimage\",\"url\":\"https:\\\/\\\/www.manabi.gob.ec\\\/wp-content\\\/uploads\\\/2023\\\/10\\\/WhatsApp-Image-2023-10-12-at-20.45.41.jpeg\",\"contentUrl\":\"https:\\\/\\\/www.manabi.gob.ec\\\/wp-content\\\/uploads\\\/2023\\\/10\\\/WhatsApp-Image-2023-10-12-at-20.45.41.jpeg\",\"width\":1024,\"height\":682},{\"@type\":\"BreadcrumbList\",\"@id\":\"https:\\\/\\\/www.manabi.gob.ec\\\/index.php\\\/suena-como-una-nina-un-evento-para-conmemorar-su-dia-internacional\\\/#breadcrumb\",\"itemListElement\":[{\"@type\":\"ListItem\",\"position\":1,\"name\":\"Portada\",\"item\":\"https:\\\/\\\/www.manabi.gob.ec\\\/\"},{\"@type\":\"ListItem\",\"position\":2,\"name\":\"\u201cSUE\u00d1A COMO UNA NI\u00d1A\u201d UN EVENTO PARA CONMEMORAR SU DIA INTERNACIONAL\"}]},{\"@type\":\"WebSite\",\"@id\":\"https:\\\/\\\/www.manabi.gob.ec\\\/#website\",\"url\":\"https:\\\/\\\/www.manabi.gob.ec\\\/\",\"name\":\"Prefectura de Manab\u00ed\",\"description\":\"P\u00e1gina web de la prefectura\",\"potentialAction\":[{\"@type\":\"SearchAction\",\"target\":{\"@type\":\"EntryPoint\",\"urlTemplate\":\"https:\\\/\\\/www.manabi.gob.ec\\\/?s={search_term_string}\"},\"query-input\":{\"@type\":\"PropertyValueSpecification\",\"valueRequired\":true,\"valueName\":\"search_term_string\"}}],\"inLanguage\":\"es\"},{\"@type\":\"Person\",\"@id\":\"https:\\\/\\\/www.manabi.gob.ec\\\/#\\\/schema\\\/person\\\/c4f117989332ad723a6ced5994aa7d7a\",\"name\":\"Lui Ochoa\",\"image\":{\"@type\":\"ImageObject\",\"inLanguage\":\"es\",\"@id\":\"https:\\\/\\\/secure.gravatar.com\\\/avatar\\\/6e8017d0fe69dead8a95864d2eb6e1e1d8bf8e01194ba49cf7b897ff038126ba?s=96&d=mm&r=g\",\"url\":\"https:\\\/\\\/secure.gravatar.com\\\/avatar\\\/6e8017d0fe69dead8a95864d2eb6e1e1d8bf8e01194ba49cf7b897ff038126ba?s=96&d=mm&r=g\",\"contentUrl\":\"https:\\\/\\\/secure.gravatar.com\\\/avatar\\\/6e8017d0fe69dead8a95864d2eb6e1e1d8bf8e01194ba49cf7b897ff038126ba?s=96&d=mm&r=g\",\"caption\":\"Lui Ochoa\"},\"url\":\"https:\\\/\\\/www.manabi.gob.ec\\\/index.php\\\/author\\\/lochoa\\\/\"}]}<\/script>\n<!-- \/ Yoast SEO plugin. -->","yoast_head_json":{"title":"\u201cSUE\u00d1A COMO UNA NI\u00d1A\u201d UN EVENTO PARA CONMEMORAR SU DIA INTERNACIONAL - Prefectura de Manab\u00ed","robots":{"index":"index","follow":"follow","max-snippet":"max-snippet:-1","max-image-preview":"max-image-preview:large","max-video-preview":"max-video-preview:-1"},"canonical":"https:\/\/www.manabi.gob.ec\/index.php\/suena-como-una-nina-un-evento-para-conmemorar-su-dia-internacional\/","og_locale":"es_ES","og_type":"article","og_title":"\u201cSUE\u00d1A COMO UNA NI\u00d1A\u201d UN EVENTO PARA CONMEMORAR SU DIA INTERNACIONAL - Prefectura de Manab\u00ed","og_description":"Con emotivo acto que se desarroll\u00f3 la tarde de este mi\u00e9rcoles 11 de octubre en las instalaciones de Club Rotary de Portoviejo ubicado en la Avenida 5 de junio denominado \u00abSue\u00f1a Como Una Ni\u00f1a\u00bb, la Prefectura de Manab\u00ed record\u00f3 el d\u00eda Internacional de la Ni\u00f1a. El acto que estuvo coordinado por la Direcci\u00f3n de Desarrollo [&hellip;]","og_url":"https:\/\/www.manabi.gob.ec\/index.php\/suena-como-una-nina-un-evento-para-conmemorar-su-dia-internacional\/","og_site_name":"Prefectura de Manab\u00ed","article_published_time":"2023-10-17T19:09:45+00:00","article_modified_time":"2023-10-17T19:09:50+00:00","og_image":[{"width":1024,"height":682,"url":"https:\/\/www.manabi.gob.ec\/wp-content\/uploads\/2023\/10\/WhatsApp-Image-2023-10-12-at-20.45.41.jpeg","type":"image\/jpeg"}],"author":"Lui Ochoa","twitter_card":"summary_large_image","twitter_misc":{"Escrito por":"Lui Ochoa","Tiempo de lectura":"1 minuto"},"schema":{"@context":"https:\/\/schema.org","@graph":[{"@type":"Article","@id":"https:\/\/www.manabi.gob.ec\/index.php\/suena-como-una-nina-un-evento-para-conmemorar-su-dia-internacional\/#article","isPartOf":{"@id":"https:\/\/www.manabi.gob.ec\/index.php\/suena-como-una-nina-un-evento-para-conmemorar-su-dia-internacional\/"},"author":{"name":"Lui Ochoa","@id":"https:\/\/www.manabi.gob.ec\/#\/schema\/person\/c4f117989332ad723a6ced5994aa7d7a"},"headline":"\u201cSUE\u00d1A COMO UNA NI\u00d1A\u201d UN EVENTO PARA CONMEMORAR SU DIA INTERNACIONAL","datePublished":"2023-10-17T19:09:45+00:00","dateModified":"2023-10-17T19:09:50+00:00","mainEntityOfPage":{"@id":"https:\/\/www.manabi.gob.ec\/index.php\/suena-como-una-nina-un-evento-para-conmemorar-su-dia-internacional\/"},"wordCount":241,"image":{"@id":"https:\/\/www.manabi.gob.ec\/index.php\/suena-como-una-nina-un-evento-para-conmemorar-su-dia-internacional\/#primaryimage"},"thumbnailUrl":"https:\/\/www.manabi.gob.ec\/wp-content\/uploads\/2023\/10\/WhatsApp-Image-2023-10-12-at-20.45.41.jpeg","articleSection":["Desarrollo Social","Mujeres","Noticias","Todas"],"inLanguage":"es"},{"@type":"WebPage","@id":"https:\/\/www.manabi.gob.ec\/index.php\/suena-como-una-nina-un-evento-para-conmemorar-su-dia-internacional\/","url":"https:\/\/www.manabi.gob.ec\/index.php\/suena-como-una-nina-un-evento-para-conmemorar-su-dia-internacional\/","name":"\u201cSUE\u00d1A COMO UNA NI\u00d1A\u201d UN EVENTO PARA CONMEMORAR SU DIA INTERNACIONAL - Prefectura de Manab\u00ed","isPartOf":{"@id":"https:\/\/www.manabi.gob.ec\/#website"},"primaryImageOfPage":{"@id":"https:\/\/www.manabi.gob.ec\/index.php\/suena-como-una-nina-un-evento-para-conmemorar-su-dia-internacional\/#primaryimage"},"image":{"@id":"https:\/\/www.manabi.gob.ec\/index.php\/suena-como-una-nina-un-evento-para-conmemorar-su-dia-internacional\/#primaryimage"},"thumbnailUrl":"https:\/\/www.manabi.gob.ec\/wp-content\/uploads\/2023\/10\/WhatsApp-Image-2023-10-12-at-20.45.41.jpeg","datePublished":"2023-10-17T19:09:45+00:00","dateModified":"2023-10-17T19:09:50+00:00","author":{"@id":"https:\/\/www.manabi.gob.ec\/#\/schema\/person\/c4f117989332ad723a6ced5994aa7d7a"},"breadcrumb":{"@id":"https:\/\/www.manabi.gob.ec\/index.php\/suena-como-una-nina-un-evento-para-conmemorar-su-dia-internacional\/#breadcrumb"},"inLanguage":"es","potentialAction":[{"@type":"ReadAction","target":["https:\/\/www.manabi.gob.ec\/index.php\/suena-como-una-nina-un-evento-para-conmemorar-su-dia-internacional\/"]}]},{"@type":"ImageObject","inLanguage":"es","@id":"https:\/\/www.manabi.gob.ec\/index.php\/suena-como-una-nina-un-evento-para-conmemorar-su-dia-internacional\/#primaryimage","url":"https:\/\/www.manabi.gob.ec\/wp-content\/uploads\/2023\/10\/WhatsApp-Image-2023-10-12-at-20.45.41.jpeg","contentUrl":"https:\/\/www.manabi.gob.ec\/wp-content\/uploads\/2023\/10\/WhatsApp-Image-2023-10-12-at-20.45.41.jpeg","width":1024,"height":682},{"@type":"BreadcrumbList","@id":"https:\/\/www.manabi.gob.ec\/index.php\/suena-como-una-nina-un-evento-para-conmemorar-su-dia-internacional\/#breadcrumb","itemListElement":[{"@type":"ListItem","position":1,"name":"Portada","item":"https:\/\/www.manabi.gob.ec\/"},{"@type":"ListItem","position":2,"name":"\u201cSUE\u00d1A COMO UNA NI\u00d1A\u201d UN EVENTO PARA CONMEMORAR SU DIA INTERNACIONAL"}]},{"@type":"WebSite","@id":"https:\/\/www.manabi.gob.ec\/#website","url":"https:\/\/www.manabi.gob.ec\/","name":"Prefectura de Manab\u00ed","description":"P\u00e1gina web de la prefectura","potentialAction":[{"@type":"SearchAction","target":{"@type":"EntryPoint","urlTemplate":"https:\/\/www.manabi.gob.ec\/?s={search_term_string}"},"query-input":{"@type":"PropertyValueSpecification","valueRequired":true,"valueName":"search_term_string"}}],"inLanguage":"es"},{"@type":"Person","@id":"https:\/\/www.manabi.gob.ec\/#\/schema\/person\/c4f117989332ad723a6ced5994aa7d7a","name":"Lui Ochoa","image":{"@type":"ImageObject","inLanguage":"es","@id":"https:\/\/secure.gravatar.com\/avatar\/6e8017d0fe69dead8a95864d2eb6e1e1d8bf8e01194ba49cf7b897ff038126ba?s=96&d=mm&r=g","url":"https:\/\/secure.gravatar.com\/avatar\/6e8017d0fe69dead8a95864d2eb6e1e1d8bf8e01194ba49cf7b897ff038126ba?s=96&d=mm&r=g","contentUrl":"https:\/\/secure.gravatar.com\/avatar\/6e8017d0fe69dead8a95864d2eb6e1e1d8bf8e01194ba49cf7b897ff038126ba?s=96&d=mm&r=g","caption":"Lui Ochoa"},"url":"https:\/\/www.manabi.gob.ec\/index.php\/author\/lochoa\/"}]}},"jetpack_featured_media_url":"https:\/\/www.manabi.gob.ec\/wp-content\/uploads\/2023\/10\/WhatsApp-Image-2023-10-12-at-20.45.41.jpeg","_links":{"self":[{"href":"https:\/\/www.manabi.gob.ec\/index.php\/wp-json\/wp\/v2\/posts\/26004","targetHints":{"allow":["GET"]}}],"collection":[{"href":"https:\/\/www.manabi.gob.ec\/index.php\/wp-json\/wp\/v2\/posts"}],"about":[{"href":"https:\/\/www.manabi.gob.ec\/index.php\/wp-json\/wp\/v2\/types\/post"}],"author":[{"embeddable":true,"href":"https:\/\/www.manabi.gob.ec\/index.php\/wp-json\/wp\/v2\/users\/10"}],"replies":[{"embeddable":true,"href":"https:\/\/www.manabi.gob.ec\/index.php\/wp-json\/wp\/v2\/comments?post=26004"}],"version-history":[{"count":0,"href":"https:\/\/www.manabi.gob.ec\/index.php\/wp-json\/wp\/v2\/posts\/26004\/revisions"}],"wp:featuredmedia":[{"embeddable":true,"href":"https:\/\/www.manabi.gob.ec\/index.php\/wp-json\/wp\/v2\/media\/26005"}],"wp:attachment":[{"href":"https:\/\/www.manabi.gob.ec\/index.php\/wp-json\/wp\/v2\/media?parent=26004"}],"wp:term":[{"taxonomy":"category","embeddable":true,"href":"https:\/\/www.manabi.gob.ec\/index.php\/wp-json\/wp\/v2\/categories?post=26004"},{"taxonomy":"post_tag","embeddable":true,"href":"https:\/\/www.manabi.gob.ec\/index.php\/wp-json\/wp\/v2\/tags?post=26004"}],"curies":[{"name":"wp","href":"https:\/\/api.w.org\/{rel}","templated":true}]}}