{"id":26010,"date":"2023-10-17T19:13:51","date_gmt":"2023-10-17T19:13:51","guid":{"rendered":"https:\/\/www.manabi.gob.ec\/?p=26010"},"modified":"2023-10-17T19:13:55","modified_gmt":"2023-10-17T19:13:55","slug":"prefectura-trabaja-en-planes-de-desarrollo-2023-2027","status":"publish","type":"post","link":"https:\/\/www.manabi.gob.ec\/index.php\/prefectura-trabaja-en-planes-de-desarrollo-2023-2027\/","title":{"rendered":"PREFECTURA TRABAJA EN PLANES DE DESARROLLO 2023-2027"},"content":{"rendered":"\n<p>La Prefectura de Manab\u00ed, a trav\u00e9s de la Direcci\u00f3n de Planificaci\u00f3n, socializ\u00f3 con los gobiernos cantonales la mesa de planificaci\u00f3n provincial y recibi\u00f3 propuestas para la planificaci\u00f3n multimedia del Plan de Desarrollo de Ordenamiento Territorial de Manab\u00ed.<\/p>\n\n\n\n<p>De este acto-taller, desarrollado el 12 de octubre, participaron t\u00e9cnicos de las \u00e1reas de planificaci\u00f3n de los municipios manabitas, quienes hicieron sus aportes desde la realidad de sus territorios y destacaron la decisi\u00f3n de la Prefectura de vincular a los Gobiernos locales en este proceso de construcci\u00f3n.<\/p>\n\n\n\n<p>El director de Planificaci\u00f3n, Armando Sosa, explic\u00f3 que el objetivo de este taller es lograr implementar una alianza multinivel para la formulaci\u00f3n del Plan de Desarrollo de Ordenamiento Territorial (PODT) de Manab\u00ed 2023-2027.<\/p>\n\n\n\n<p>\u201cNo estamos en un tema pol\u00edtico, sino en un plan de desarrollo para nuestra provincia\u201c, dijo el Director de Planificaci\u00f3n y que se busca articular acciones con los municipios y los gobiernos parroquiales porque todos est\u00e1n en la misma visi\u00f3n de desarrollo de sus territorios, expres\u00f3.<\/p>\n\n\n\n<p>Como acuerdos se logr\u00f3 establecer una hoja de ruta para continuar en este proceso de construcci\u00f3n participativa, como parte de la restructuraci\u00f3n de la planificaci\u00f3n multinivel con los diferentes actores del territorio.<\/p>\n\n\n\n<p>Que los avances de actualizaci\u00f3n del PDOT sean socializados por zonas: norte, centro y sur de la provincia.<\/p>\n\n\n\n<p>Tambi\u00e9n se plante\u00f3 la necesidad de crear una mesa de planificaci\u00f3n provincial provisional, que ser\u00e1 estructurada de manera definitiva con la participaci\u00f3n de todos.<\/p>\n\n\n\n<p>Este trabajo se hace luego de la promulgaci\u00f3n de la Constituci\u00f3n de 2008 y la implementaci\u00f3n del C\u00f3digo Org\u00e1nico de Organizaci\u00f3n Territorial Autonom\u00eda y Descentralizaci\u00f3n (COOTAD) en 2010. Desde entonces la planificaci\u00f3n a nivel nacional ha experimentado mejoras significativas, y llevado a los Gobiernos locales a iniciar procesos de planificaci\u00f3n en sus respectivos territorios, conocidos como Planes de Desarrollo y Ordenamiento Territorial, que se articulan con la participaci\u00f3n de la ciudadan\u00eda.<\/p>\n","protected":false},"excerpt":{"rendered":"<p>La Prefectura de Manab\u00ed, a trav\u00e9s de la Direcci\u00f3n de Planificaci\u00f3n, socializ\u00f3 con los gobiernos cantonales la mesa de planificaci\u00f3n provincial y recibi\u00f3 propuestas para la planificaci\u00f3n multimedia del Plan de Desarrollo de Ordenamiento Territorial de Manab\u00ed. De este acto-taller, desarrollado el 12 de octubre, participaron t\u00e9cnicos de las \u00e1reas de planificaci\u00f3n de los municipios [&hellip;]<\/p>\n","protected":false},"author":10,"featured_media":26012,"comment_status":"closed","ping_status":"closed","sticky":false,"template":"","format":"standard","meta":{"_joinchat":[],"footnotes":""},"categories":[142,92,91,127],"tags":[],"class_list":["post-26010","post","type-post","status-publish","format-standard","has-post-thumbnail","hentry","category-desarrollo-social","category-noticias-manabi","category-todas","category-vialidad"],"yoast_head":"<!-- This site is optimized with the Yoast SEO plugin v27.4 - https:\/\/yoast.com\/product\/yoast-seo-wordpress\/ -->\n<title>PREFECTURA TRABAJA EN PLANES DE DESARROLLO 2023-2027 - Prefectura de Manab\u00ed<\/title>\n<meta name=\"robots\" content=\"index, follow, max-snippet:-1, max-image-preview:large, max-video-preview:-1\" \/>\n<link rel=\"canonical\" href=\"https:\/\/www.manabi.gob.ec\/index.php\/prefectura-trabaja-en-planes-de-desarrollo-2023-2027\/\" \/>\n<meta property=\"og:locale\" content=\"es_ES\" \/>\n<meta property=\"og:type\" content=\"article\" \/>\n<meta property=\"og:title\" content=\"PREFECTURA TRABAJA EN PLANES DE DESARROLLO 2023-2027 - Prefectura de Manab\u00ed\" \/>\n<meta property=\"og:description\" content=\"La Prefectura de Manab\u00ed, a trav\u00e9s de la Direcci\u00f3n de Planificaci\u00f3n, socializ\u00f3 con los gobiernos cantonales la mesa de planificaci\u00f3n provincial y recibi\u00f3 propuestas para la planificaci\u00f3n multimedia del Plan de Desarrollo de Ordenamiento Territorial de Manab\u00ed. De este acto-taller, desarrollado el 12 de octubre, participaron t\u00e9cnicos de las \u00e1reas de planificaci\u00f3n de los municipios [&hellip;]\" \/>\n<meta property=\"og:url\" content=\"https:\/\/www.manabi.gob.ec\/index.php\/prefectura-trabaja-en-planes-de-desarrollo-2023-2027\/\" \/>\n<meta property=\"og:site_name\" content=\"Prefectura de Manab\u00ed\" \/>\n<meta property=\"article:published_time\" content=\"2023-10-17T19:13:51+00:00\" \/>\n<meta property=\"article:modified_time\" content=\"2023-10-17T19:13:55+00:00\" \/>\n<meta property=\"og:image\" content=\"https:\/\/www.manabi.gob.ec\/wp-content\/uploads\/2023\/10\/WhatsApp-Image-2023-10-13-at-11.27.25.jpeg\" \/>\n\t<meta property=\"og:image:width\" content=\"1024\" \/>\n\t<meta property=\"og:image:height\" content=\"682\" \/>\n\t<meta property=\"og:image:type\" content=\"image\/jpeg\" \/>\n<meta name=\"author\" content=\"Lui Ochoa\" \/>\n<meta name=\"twitter:card\" content=\"summary_large_image\" \/>\n<meta name=\"twitter:label1\" content=\"Escrito por\" \/>\n\t<meta name=\"twitter:data1\" content=\"Lui Ochoa\" \/>\n\t<meta name=\"twitter:label2\" content=\"Tiempo de lectura\" \/>\n\t<meta name=\"twitter:data2\" content=\"2 minutos\" \/>\n<script type=\"application\/ld+json\" class=\"yoast-schema-graph\">{\"@context\":\"https:\\\/\\\/schema.org\",\"@graph\":[{\"@type\":\"Article\",\"@id\":\"https:\\\/\\\/www.manabi.gob.ec\\\/index.php\\\/prefectura-trabaja-en-planes-de-desarrollo-2023-2027\\\/#article\",\"isPartOf\":{\"@id\":\"https:\\\/\\\/www.manabi.gob.ec\\\/index.php\\\/prefectura-trabaja-en-planes-de-desarrollo-2023-2027\\\/\"},\"author\":{\"name\":\"Lui Ochoa\",\"@id\":\"https:\\\/\\\/www.manabi.gob.ec\\\/#\\\/schema\\\/person\\\/c4f117989332ad723a6ced5994aa7d7a\"},\"headline\":\"PREFECTURA TRABAJA EN PLANES DE DESARROLLO 2023-2027\",\"datePublished\":\"2023-10-17T19:13:51+00:00\",\"dateModified\":\"2023-10-17T19:13:55+00:00\",\"mainEntityOfPage\":{\"@id\":\"https:\\\/\\\/www.manabi.gob.ec\\\/index.php\\\/prefectura-trabaja-en-planes-de-desarrollo-2023-2027\\\/\"},\"wordCount\":346,\"image\":{\"@id\":\"https:\\\/\\\/www.manabi.gob.ec\\\/index.php\\\/prefectura-trabaja-en-planes-de-desarrollo-2023-2027\\\/#primaryimage\"},\"thumbnailUrl\":\"https:\\\/\\\/www.manabi.gob.ec\\\/wp-content\\\/uploads\\\/2023\\\/10\\\/WhatsApp-Image-2023-10-13-at-11.27.25.jpeg\",\"articleSection\":[\"Desarrollo Social\",\"Noticias\",\"Todas\",\"Vialidad\"],\"inLanguage\":\"es\"},{\"@type\":\"WebPage\",\"@id\":\"https:\\\/\\\/www.manabi.gob.ec\\\/index.php\\\/prefectura-trabaja-en-planes-de-desarrollo-2023-2027\\\/\",\"url\":\"https:\\\/\\\/www.manabi.gob.ec\\\/index.php\\\/prefectura-trabaja-en-planes-de-desarrollo-2023-2027\\\/\",\"name\":\"PREFECTURA TRABAJA EN PLANES DE DESARROLLO 2023-2027 - Prefectura de Manab\u00ed\",\"isPartOf\":{\"@id\":\"https:\\\/\\\/www.manabi.gob.ec\\\/#website\"},\"primaryImageOfPage\":{\"@id\":\"https:\\\/\\\/www.manabi.gob.ec\\\/index.php\\\/prefectura-trabaja-en-planes-de-desarrollo-2023-2027\\\/#primaryimage\"},\"image\":{\"@id\":\"https:\\\/\\\/www.manabi.gob.ec\\\/index.php\\\/prefectura-trabaja-en-planes-de-desarrollo-2023-2027\\\/#primaryimage\"},\"thumbnailUrl\":\"https:\\\/\\\/www.manabi.gob.ec\\\/wp-content\\\/uploads\\\/2023\\\/10\\\/WhatsApp-Image-2023-10-13-at-11.27.25.jpeg\",\"datePublished\":\"2023-10-17T19:13:51+00:00\",\"dateModified\":\"2023-10-17T19:13:55+00:00\",\"author\":{\"@id\":\"https:\\\/\\\/www.manabi.gob.ec\\\/#\\\/schema\\\/person\\\/c4f117989332ad723a6ced5994aa7d7a\"},\"breadcrumb\":{\"@id\":\"https:\\\/\\\/www.manabi.gob.ec\\\/index.php\\\/prefectura-trabaja-en-planes-de-desarrollo-2023-2027\\\/#breadcrumb\"},\"inLanguage\":\"es\",\"potentialAction\":[{\"@type\":\"ReadAction\",\"target\":[\"https:\\\/\\\/www.manabi.gob.ec\\\/index.php\\\/prefectura-trabaja-en-planes-de-desarrollo-2023-2027\\\/\"]}]},{\"@type\":\"ImageObject\",\"inLanguage\":\"es\",\"@id\":\"https:\\\/\\\/www.manabi.gob.ec\\\/index.php\\\/prefectura-trabaja-en-planes-de-desarrollo-2023-2027\\\/#primaryimage\",\"url\":\"https:\\\/\\\/www.manabi.gob.ec\\\/wp-content\\\/uploads\\\/2023\\\/10\\\/WhatsApp-Image-2023-10-13-at-11.27.25.jpeg\",\"contentUrl\":\"https:\\\/\\\/www.manabi.gob.ec\\\/wp-content\\\/uploads\\\/2023\\\/10\\\/WhatsApp-Image-2023-10-13-at-11.27.25.jpeg\",\"width\":1024,\"height\":682},{\"@type\":\"BreadcrumbList\",\"@id\":\"https:\\\/\\\/www.manabi.gob.ec\\\/index.php\\\/prefectura-trabaja-en-planes-de-desarrollo-2023-2027\\\/#breadcrumb\",\"itemListElement\":[{\"@type\":\"ListItem\",\"position\":1,\"name\":\"Portada\",\"item\":\"https:\\\/\\\/www.manabi.gob.ec\\\/\"},{\"@type\":\"ListItem\",\"position\":2,\"name\":\"PREFECTURA TRABAJA EN PLANES DE DESARROLLO 2023-2027\"}]},{\"@type\":\"WebSite\",\"@id\":\"https:\\\/\\\/www.manabi.gob.ec\\\/#website\",\"url\":\"https:\\\/\\\/www.manabi.gob.ec\\\/\",\"name\":\"Prefectura de Manab\u00ed\",\"description\":\"P\u00e1gina web de la prefectura\",\"potentialAction\":[{\"@type\":\"SearchAction\",\"target\":{\"@type\":\"EntryPoint\",\"urlTemplate\":\"https:\\\/\\\/www.manabi.gob.ec\\\/?s={search_term_string}\"},\"query-input\":{\"@type\":\"PropertyValueSpecification\",\"valueRequired\":true,\"valueName\":\"search_term_string\"}}],\"inLanguage\":\"es\"},{\"@type\":\"Person\",\"@id\":\"https:\\\/\\\/www.manabi.gob.ec\\\/#\\\/schema\\\/person\\\/c4f117989332ad723a6ced5994aa7d7a\",\"name\":\"Lui Ochoa\",\"image\":{\"@type\":\"ImageObject\",\"inLanguage\":\"es\",\"@id\":\"https:\\\/\\\/secure.gravatar.com\\\/avatar\\\/6e8017d0fe69dead8a95864d2eb6e1e1d8bf8e01194ba49cf7b897ff038126ba?s=96&d=mm&r=g\",\"url\":\"https:\\\/\\\/secure.gravatar.com\\\/avatar\\\/6e8017d0fe69dead8a95864d2eb6e1e1d8bf8e01194ba49cf7b897ff038126ba?s=96&d=mm&r=g\",\"contentUrl\":\"https:\\\/\\\/secure.gravatar.com\\\/avatar\\\/6e8017d0fe69dead8a95864d2eb6e1e1d8bf8e01194ba49cf7b897ff038126ba?s=96&d=mm&r=g\",\"caption\":\"Lui Ochoa\"},\"url\":\"https:\\\/\\\/www.manabi.gob.ec\\\/index.php\\\/author\\\/lochoa\\\/\"}]}<\/script>\n<!-- \/ Yoast SEO plugin. -->","yoast_head_json":{"title":"PREFECTURA TRABAJA EN PLANES DE DESARROLLO 2023-2027 - Prefectura de Manab\u00ed","robots":{"index":"index","follow":"follow","max-snippet":"max-snippet:-1","max-image-preview":"max-image-preview:large","max-video-preview":"max-video-preview:-1"},"canonical":"https:\/\/www.manabi.gob.ec\/index.php\/prefectura-trabaja-en-planes-de-desarrollo-2023-2027\/","og_locale":"es_ES","og_type":"article","og_title":"PREFECTURA TRABAJA EN PLANES DE DESARROLLO 2023-2027 - Prefectura de Manab\u00ed","og_description":"La Prefectura de Manab\u00ed, a trav\u00e9s de la Direcci\u00f3n de Planificaci\u00f3n, socializ\u00f3 con los gobiernos cantonales la mesa de planificaci\u00f3n provincial y recibi\u00f3 propuestas para la planificaci\u00f3n multimedia del Plan de Desarrollo de Ordenamiento Territorial de Manab\u00ed. De este acto-taller, desarrollado el 12 de octubre, participaron t\u00e9cnicos de las \u00e1reas de planificaci\u00f3n de los municipios [&hellip;]","og_url":"https:\/\/www.manabi.gob.ec\/index.php\/prefectura-trabaja-en-planes-de-desarrollo-2023-2027\/","og_site_name":"Prefectura de Manab\u00ed","article_published_time":"2023-10-17T19:13:51+00:00","article_modified_time":"2023-10-17T19:13:55+00:00","og_image":[{"width":1024,"height":682,"url":"https:\/\/www.manabi.gob.ec\/wp-content\/uploads\/2023\/10\/WhatsApp-Image-2023-10-13-at-11.27.25.jpeg","type":"image\/jpeg"}],"author":"Lui Ochoa","twitter_card":"summary_large_image","twitter_misc":{"Escrito por":"Lui Ochoa","Tiempo de lectura":"2 minutos"},"schema":{"@context":"https:\/\/schema.org","@graph":[{"@type":"Article","@id":"https:\/\/www.manabi.gob.ec\/index.php\/prefectura-trabaja-en-planes-de-desarrollo-2023-2027\/#article","isPartOf":{"@id":"https:\/\/www.manabi.gob.ec\/index.php\/prefectura-trabaja-en-planes-de-desarrollo-2023-2027\/"},"author":{"name":"Lui Ochoa","@id":"https:\/\/www.manabi.gob.ec\/#\/schema\/person\/c4f117989332ad723a6ced5994aa7d7a"},"headline":"PREFECTURA TRABAJA EN PLANES DE DESARROLLO 2023-2027","datePublished":"2023-10-17T19:13:51+00:00","dateModified":"2023-10-17T19:13:55+00:00","mainEntityOfPage":{"@id":"https:\/\/www.manabi.gob.ec\/index.php\/prefectura-trabaja-en-planes-de-desarrollo-2023-2027\/"},"wordCount":346,"image":{"@id":"https:\/\/www.manabi.gob.ec\/index.php\/prefectura-trabaja-en-planes-de-desarrollo-2023-2027\/#primaryimage"},"thumbnailUrl":"https:\/\/www.manabi.gob.ec\/wp-content\/uploads\/2023\/10\/WhatsApp-Image-2023-10-13-at-11.27.25.jpeg","articleSection":["Desarrollo Social","Noticias","Todas","Vialidad"],"inLanguage":"es"},{"@type":"WebPage","@id":"https:\/\/www.manabi.gob.ec\/index.php\/prefectura-trabaja-en-planes-de-desarrollo-2023-2027\/","url":"https:\/\/www.manabi.gob.ec\/index.php\/prefectura-trabaja-en-planes-de-desarrollo-2023-2027\/","name":"PREFECTURA TRABAJA EN PLANES DE DESARROLLO 2023-2027 - Prefectura de Manab\u00ed","isPartOf":{"@id":"https:\/\/www.manabi.gob.ec\/#website"},"primaryImageOfPage":{"@id":"https:\/\/www.manabi.gob.ec\/index.php\/prefectura-trabaja-en-planes-de-desarrollo-2023-2027\/#primaryimage"},"image":{"@id":"https:\/\/www.manabi.gob.ec\/index.php\/prefectura-trabaja-en-planes-de-desarrollo-2023-2027\/#primaryimage"},"thumbnailUrl":"https:\/\/www.manabi.gob.ec\/wp-content\/uploads\/2023\/10\/WhatsApp-Image-2023-10-13-at-11.27.25.jpeg","datePublished":"2023-10-17T19:13:51+00:00","dateModified":"2023-10-17T19:13:55+00:00","author":{"@id":"https:\/\/www.manabi.gob.ec\/#\/schema\/person\/c4f117989332ad723a6ced5994aa7d7a"},"breadcrumb":{"@id":"https:\/\/www.manabi.gob.ec\/index.php\/prefectura-trabaja-en-planes-de-desarrollo-2023-2027\/#breadcrumb"},"inLanguage":"es","potentialAction":[{"@type":"ReadAction","target":["https:\/\/www.manabi.gob.ec\/index.php\/prefectura-trabaja-en-planes-de-desarrollo-2023-2027\/"]}]},{"@type":"ImageObject","inLanguage":"es","@id":"https:\/\/www.manabi.gob.ec\/index.php\/prefectura-trabaja-en-planes-de-desarrollo-2023-2027\/#primaryimage","url":"https:\/\/www.manabi.gob.ec\/wp-content\/uploads\/2023\/10\/WhatsApp-Image-2023-10-13-at-11.27.25.jpeg","contentUrl":"https:\/\/www.manabi.gob.ec\/wp-content\/uploads\/2023\/10\/WhatsApp-Image-2023-10-13-at-11.27.25.jpeg","width":1024,"height":682},{"@type":"BreadcrumbList","@id":"https:\/\/www.manabi.gob.ec\/index.php\/prefectura-trabaja-en-planes-de-desarrollo-2023-2027\/#breadcrumb","itemListElement":[{"@type":"ListItem","position":1,"name":"Portada","item":"https:\/\/www.manabi.gob.ec\/"},{"@type":"ListItem","position":2,"name":"PREFECTURA TRABAJA EN PLANES DE DESARROLLO 2023-2027"}]},{"@type":"WebSite","@id":"https:\/\/www.manabi.gob.ec\/#website","url":"https:\/\/www.manabi.gob.ec\/","name":"Prefectura de Manab\u00ed","description":"P\u00e1gina web de la prefectura","potentialAction":[{"@type":"SearchAction","target":{"@type":"EntryPoint","urlTemplate":"https:\/\/www.manabi.gob.ec\/?s={search_term_string}"},"query-input":{"@type":"PropertyValueSpecification","valueRequired":true,"valueName":"search_term_string"}}],"inLanguage":"es"},{"@type":"Person","@id":"https:\/\/www.manabi.gob.ec\/#\/schema\/person\/c4f117989332ad723a6ced5994aa7d7a","name":"Lui Ochoa","image":{"@type":"ImageObject","inLanguage":"es","@id":"https:\/\/secure.gravatar.com\/avatar\/6e8017d0fe69dead8a95864d2eb6e1e1d8bf8e01194ba49cf7b897ff038126ba?s=96&d=mm&r=g","url":"https:\/\/secure.gravatar.com\/avatar\/6e8017d0fe69dead8a95864d2eb6e1e1d8bf8e01194ba49cf7b897ff038126ba?s=96&d=mm&r=g","contentUrl":"https:\/\/secure.gravatar.com\/avatar\/6e8017d0fe69dead8a95864d2eb6e1e1d8bf8e01194ba49cf7b897ff038126ba?s=96&d=mm&r=g","caption":"Lui Ochoa"},"url":"https:\/\/www.manabi.gob.ec\/index.php\/author\/lochoa\/"}]}},"jetpack_featured_media_url":"https:\/\/www.manabi.gob.ec\/wp-content\/uploads\/2023\/10\/WhatsApp-Image-2023-10-13-at-11.27.25.jpeg","_links":{"self":[{"href":"https:\/\/www.manabi.gob.ec\/index.php\/wp-json\/wp\/v2\/posts\/26010","targetHints":{"allow":["GET"]}}],"collection":[{"href":"https:\/\/www.manabi.gob.ec\/index.php\/wp-json\/wp\/v2\/posts"}],"about":[{"href":"https:\/\/www.manabi.gob.ec\/index.php\/wp-json\/wp\/v2\/types\/post"}],"author":[{"embeddable":true,"href":"https:\/\/www.manabi.gob.ec\/index.php\/wp-json\/wp\/v2\/users\/10"}],"replies":[{"embeddable":true,"href":"https:\/\/www.manabi.gob.ec\/index.php\/wp-json\/wp\/v2\/comments?post=26010"}],"version-history":[{"count":0,"href":"https:\/\/www.manabi.gob.ec\/index.php\/wp-json\/wp\/v2\/posts\/26010\/revisions"}],"wp:featuredmedia":[{"embeddable":true,"href":"https:\/\/www.manabi.gob.ec\/index.php\/wp-json\/wp\/v2\/media\/26012"}],"wp:attachment":[{"href":"https:\/\/www.manabi.gob.ec\/index.php\/wp-json\/wp\/v2\/media?parent=26010"}],"wp:term":[{"taxonomy":"category","embeddable":true,"href":"https:\/\/www.manabi.gob.ec\/index.php\/wp-json\/wp\/v2\/categories?post=26010"},{"taxonomy":"post_tag","embeddable":true,"href":"https:\/\/www.manabi.gob.ec\/index.php\/wp-json\/wp\/v2\/tags?post=26010"}],"curies":[{"name":"wp","href":"https:\/\/api.w.org\/{rel}","templated":true}]}}