{"id":26020,"date":"2023-10-17T19:24:09","date_gmt":"2023-10-17T19:24:09","guid":{"rendered":"https:\/\/www.manabi.gob.ec\/?p=26020"},"modified":"2023-10-17T19:24:14","modified_gmt":"2023-10-17T19:24:14","slug":"23-puntos-de-videovigilancia-refuerzan-la-seguridad-ciudadana-en-manabi","status":"publish","type":"post","link":"https:\/\/www.manabi.gob.ec\/index.php\/23-puntos-de-videovigilancia-refuerzan-la-seguridad-ciudadana-en-manabi\/","title":{"rendered":"23 PUNTOS DE VIDEOVIGILANCIA REFUERZAN LA SEGURIDAD CIUDADANA EN MANAB\u00cd"},"content":{"rendered":"\n<p>Este 13 de octubre, el prefecto Leonardo Orlando, inspeccion\u00f3 dos nuevos puntos de videovigilancia en Rocafuerte, en un esfuerzo continuo por fortalecer la seguridad y reducir riesgos en el territorio manabita.<\/p>\n\n\n\n<p>Estos dispositivos de videovigilancia est\u00e1n ubicados estrat\u00e9gicamente, uno en el sitio Los Pocitos y el otro en el Redondel de la v\u00eda Rocafuerte \u2013 Manta, que forman parte de un conjunto de siete nuevos puntos de videovigilancia, todos ellos integrados en un sistema dise\u00f1ado para reforzar la seguridad ciudadana en las \u00e1reas rurales de Manab\u00ed, el proyecto incluye la repotenciaci\u00f3n de 16 c\u00e1maras ya operativas y la creaci\u00f3n de una Sala Espejo para el monitoreo permanente.<\/p>\n\n\n\n<p>Previo al recorrido la primera autoridad visit\u00f3 la Sala de Crisis o Sala Espejo de la Prefectura, la cual tiene como principal objetivo el monitoreo y vigilancia, especialmente en las zonas rurales de la provincia, adem\u00e1s de monitorear los eventos que se puedan presentar por el Fen\u00f3meno de El Ni\u00f1o, tambi\u00e9n se recorri\u00f3 la sala de Video World en el ECU 911 en compa\u00f1\u00eda del Coordinador Zonal de esta instituci\u00f3n Fernando Nolivos.<\/p>\n\n\n\n<p>Este proyecto fue posible gracias a la firma de un Convenio Marco y Espec\u00edfico de Cooperaci\u00f3n Interinstitucional entre la Prefectura de Manab\u00ed y el Servicio Integrado de Seguridad ECU 911, que beneficia 15 parroquias rurales en 11 cantones de la provincia<\/p>\n\n\n\n<p>\u201cPor primera vez en la historia de la prefectura de Manab\u00ed que contamos con un servicio completo de videovigilancia; esta es una primera fase, vamos a seguir trabajando en conjunto para mejorar el monitoreo y la vigilancia, especialmente en las zonas rurales de la provincia\u201d, expres\u00f3 el prefecto Orlando.<\/p>\n","protected":false},"excerpt":{"rendered":"<p>Este 13 de octubre, el prefecto Leonardo Orlando, inspeccion\u00f3 dos nuevos puntos de videovigilancia en Rocafuerte, en un esfuerzo continuo por fortalecer la seguridad y reducir riesgos en el territorio manabita. Estos dispositivos de videovigilancia est\u00e1n ubicados estrat\u00e9gicamente, uno en el sitio Los Pocitos y el otro en el Redondel de la v\u00eda Rocafuerte \u2013 [&hellip;]<\/p>\n","protected":false},"author":10,"featured_media":26021,"comment_status":"closed","ping_status":"closed","sticky":false,"template":"","format":"standard","meta":{"_joinchat":[],"footnotes":""},"categories":[142,92,217,91],"tags":[],"class_list":["post-26020","post","type-post","status-publish","format-standard","has-post-thumbnail","hentry","category-desarrollo-social","category-noticias-manabi","category-seguridad","category-todas"],"yoast_head":"<!-- This site is optimized with the Yoast SEO plugin v27.4 - https:\/\/yoast.com\/product\/yoast-seo-wordpress\/ -->\n<title>23 PUNTOS DE VIDEOVIGILANCIA REFUERZAN LA SEGURIDAD CIUDADANA EN MANAB\u00cd - Prefectura de Manab\u00ed<\/title>\n<meta name=\"robots\" content=\"index, follow, max-snippet:-1, max-image-preview:large, max-video-preview:-1\" \/>\n<link rel=\"canonical\" href=\"https:\/\/www.manabi.gob.ec\/index.php\/23-puntos-de-videovigilancia-refuerzan-la-seguridad-ciudadana-en-manabi\/\" \/>\n<meta property=\"og:locale\" content=\"es_ES\" \/>\n<meta property=\"og:type\" content=\"article\" \/>\n<meta property=\"og:title\" content=\"23 PUNTOS DE VIDEOVIGILANCIA REFUERZAN LA SEGURIDAD CIUDADANA EN MANAB\u00cd - Prefectura de Manab\u00ed\" \/>\n<meta property=\"og:description\" content=\"Este 13 de octubre, el prefecto Leonardo Orlando, inspeccion\u00f3 dos nuevos puntos de videovigilancia en Rocafuerte, en un esfuerzo continuo por fortalecer la seguridad y reducir riesgos en el territorio manabita. Estos dispositivos de videovigilancia est\u00e1n ubicados estrat\u00e9gicamente, uno en el sitio Los Pocitos y el otro en el Redondel de la v\u00eda Rocafuerte \u2013 [&hellip;]\" \/>\n<meta property=\"og:url\" content=\"https:\/\/www.manabi.gob.ec\/index.php\/23-puntos-de-videovigilancia-refuerzan-la-seguridad-ciudadana-en-manabi\/\" \/>\n<meta property=\"og:site_name\" content=\"Prefectura de Manab\u00ed\" \/>\n<meta property=\"article:published_time\" content=\"2023-10-17T19:24:09+00:00\" \/>\n<meta property=\"article:modified_time\" content=\"2023-10-17T19:24:14+00:00\" \/>\n<meta property=\"og:image\" content=\"https:\/\/www.manabi.gob.ec\/wp-content\/uploads\/2023\/10\/WhatsApp-Image-2023-10-14-at-10.24.49.jpeg\" \/>\n\t<meta property=\"og:image:width\" content=\"1600\" \/>\n\t<meta property=\"og:image:height\" content=\"1066\" \/>\n\t<meta property=\"og:image:type\" content=\"image\/jpeg\" \/>\n<meta name=\"author\" content=\"Lui Ochoa\" \/>\n<meta name=\"twitter:card\" content=\"summary_large_image\" \/>\n<meta name=\"twitter:label1\" content=\"Escrito por\" \/>\n\t<meta name=\"twitter:data1\" content=\"Lui Ochoa\" \/>\n\t<meta name=\"twitter:label2\" content=\"Tiempo de lectura\" \/>\n\t<meta name=\"twitter:data2\" content=\"2 minutos\" \/>\n<script type=\"application\/ld+json\" class=\"yoast-schema-graph\">{\"@context\":\"https:\\\/\\\/schema.org\",\"@graph\":[{\"@type\":\"Article\",\"@id\":\"https:\\\/\\\/www.manabi.gob.ec\\\/index.php\\\/23-puntos-de-videovigilancia-refuerzan-la-seguridad-ciudadana-en-manabi\\\/#article\",\"isPartOf\":{\"@id\":\"https:\\\/\\\/www.manabi.gob.ec\\\/index.php\\\/23-puntos-de-videovigilancia-refuerzan-la-seguridad-ciudadana-en-manabi\\\/\"},\"author\":{\"name\":\"Lui Ochoa\",\"@id\":\"https:\\\/\\\/www.manabi.gob.ec\\\/#\\\/schema\\\/person\\\/c4f117989332ad723a6ced5994aa7d7a\"},\"headline\":\"23 PUNTOS DE VIDEOVIGILANCIA REFUERZAN LA SEGURIDAD CIUDADANA EN MANAB\u00cd\",\"datePublished\":\"2023-10-17T19:24:09+00:00\",\"dateModified\":\"2023-10-17T19:24:14+00:00\",\"mainEntityOfPage\":{\"@id\":\"https:\\\/\\\/www.manabi.gob.ec\\\/index.php\\\/23-puntos-de-videovigilancia-refuerzan-la-seguridad-ciudadana-en-manabi\\\/\"},\"wordCount\":286,\"image\":{\"@id\":\"https:\\\/\\\/www.manabi.gob.ec\\\/index.php\\\/23-puntos-de-videovigilancia-refuerzan-la-seguridad-ciudadana-en-manabi\\\/#primaryimage\"},\"thumbnailUrl\":\"https:\\\/\\\/www.manabi.gob.ec\\\/wp-content\\\/uploads\\\/2023\\\/10\\\/WhatsApp-Image-2023-10-14-at-10.24.49.jpeg\",\"articleSection\":[\"Desarrollo Social\",\"Noticias\",\"Seguridad\",\"Todas\"],\"inLanguage\":\"es\"},{\"@type\":\"WebPage\",\"@id\":\"https:\\\/\\\/www.manabi.gob.ec\\\/index.php\\\/23-puntos-de-videovigilancia-refuerzan-la-seguridad-ciudadana-en-manabi\\\/\",\"url\":\"https:\\\/\\\/www.manabi.gob.ec\\\/index.php\\\/23-puntos-de-videovigilancia-refuerzan-la-seguridad-ciudadana-en-manabi\\\/\",\"name\":\"23 PUNTOS DE VIDEOVIGILANCIA REFUERZAN LA SEGURIDAD CIUDADANA EN MANAB\u00cd - Prefectura de Manab\u00ed\",\"isPartOf\":{\"@id\":\"https:\\\/\\\/www.manabi.gob.ec\\\/#website\"},\"primaryImageOfPage\":{\"@id\":\"https:\\\/\\\/www.manabi.gob.ec\\\/index.php\\\/23-puntos-de-videovigilancia-refuerzan-la-seguridad-ciudadana-en-manabi\\\/#primaryimage\"},\"image\":{\"@id\":\"https:\\\/\\\/www.manabi.gob.ec\\\/index.php\\\/23-puntos-de-videovigilancia-refuerzan-la-seguridad-ciudadana-en-manabi\\\/#primaryimage\"},\"thumbnailUrl\":\"https:\\\/\\\/www.manabi.gob.ec\\\/wp-content\\\/uploads\\\/2023\\\/10\\\/WhatsApp-Image-2023-10-14-at-10.24.49.jpeg\",\"datePublished\":\"2023-10-17T19:24:09+00:00\",\"dateModified\":\"2023-10-17T19:24:14+00:00\",\"author\":{\"@id\":\"https:\\\/\\\/www.manabi.gob.ec\\\/#\\\/schema\\\/person\\\/c4f117989332ad723a6ced5994aa7d7a\"},\"breadcrumb\":{\"@id\":\"https:\\\/\\\/www.manabi.gob.ec\\\/index.php\\\/23-puntos-de-videovigilancia-refuerzan-la-seguridad-ciudadana-en-manabi\\\/#breadcrumb\"},\"inLanguage\":\"es\",\"potentialAction\":[{\"@type\":\"ReadAction\",\"target\":[\"https:\\\/\\\/www.manabi.gob.ec\\\/index.php\\\/23-puntos-de-videovigilancia-refuerzan-la-seguridad-ciudadana-en-manabi\\\/\"]}]},{\"@type\":\"ImageObject\",\"inLanguage\":\"es\",\"@id\":\"https:\\\/\\\/www.manabi.gob.ec\\\/index.php\\\/23-puntos-de-videovigilancia-refuerzan-la-seguridad-ciudadana-en-manabi\\\/#primaryimage\",\"url\":\"https:\\\/\\\/www.manabi.gob.ec\\\/wp-content\\\/uploads\\\/2023\\\/10\\\/WhatsApp-Image-2023-10-14-at-10.24.49.jpeg\",\"contentUrl\":\"https:\\\/\\\/www.manabi.gob.ec\\\/wp-content\\\/uploads\\\/2023\\\/10\\\/WhatsApp-Image-2023-10-14-at-10.24.49.jpeg\",\"width\":1600,\"height\":1066},{\"@type\":\"BreadcrumbList\",\"@id\":\"https:\\\/\\\/www.manabi.gob.ec\\\/index.php\\\/23-puntos-de-videovigilancia-refuerzan-la-seguridad-ciudadana-en-manabi\\\/#breadcrumb\",\"itemListElement\":[{\"@type\":\"ListItem\",\"position\":1,\"name\":\"Portada\",\"item\":\"https:\\\/\\\/www.manabi.gob.ec\\\/\"},{\"@type\":\"ListItem\",\"position\":2,\"name\":\"23 PUNTOS DE VIDEOVIGILANCIA REFUERZAN LA SEGURIDAD CIUDADANA EN MANAB\u00cd\"}]},{\"@type\":\"WebSite\",\"@id\":\"https:\\\/\\\/www.manabi.gob.ec\\\/#website\",\"url\":\"https:\\\/\\\/www.manabi.gob.ec\\\/\",\"name\":\"Prefectura de Manab\u00ed\",\"description\":\"P\u00e1gina web de la prefectura\",\"potentialAction\":[{\"@type\":\"SearchAction\",\"target\":{\"@type\":\"EntryPoint\",\"urlTemplate\":\"https:\\\/\\\/www.manabi.gob.ec\\\/?s={search_term_string}\"},\"query-input\":{\"@type\":\"PropertyValueSpecification\",\"valueRequired\":true,\"valueName\":\"search_term_string\"}}],\"inLanguage\":\"es\"},{\"@type\":\"Person\",\"@id\":\"https:\\\/\\\/www.manabi.gob.ec\\\/#\\\/schema\\\/person\\\/c4f117989332ad723a6ced5994aa7d7a\",\"name\":\"Lui Ochoa\",\"image\":{\"@type\":\"ImageObject\",\"inLanguage\":\"es\",\"@id\":\"https:\\\/\\\/secure.gravatar.com\\\/avatar\\\/6e8017d0fe69dead8a95864d2eb6e1e1d8bf8e01194ba49cf7b897ff038126ba?s=96&d=mm&r=g\",\"url\":\"https:\\\/\\\/secure.gravatar.com\\\/avatar\\\/6e8017d0fe69dead8a95864d2eb6e1e1d8bf8e01194ba49cf7b897ff038126ba?s=96&d=mm&r=g\",\"contentUrl\":\"https:\\\/\\\/secure.gravatar.com\\\/avatar\\\/6e8017d0fe69dead8a95864d2eb6e1e1d8bf8e01194ba49cf7b897ff038126ba?s=96&d=mm&r=g\",\"caption\":\"Lui Ochoa\"},\"url\":\"https:\\\/\\\/www.manabi.gob.ec\\\/index.php\\\/author\\\/lochoa\\\/\"}]}<\/script>\n<!-- \/ Yoast SEO plugin. -->","yoast_head_json":{"title":"23 PUNTOS DE VIDEOVIGILANCIA REFUERZAN LA SEGURIDAD CIUDADANA EN MANAB\u00cd - Prefectura de Manab\u00ed","robots":{"index":"index","follow":"follow","max-snippet":"max-snippet:-1","max-image-preview":"max-image-preview:large","max-video-preview":"max-video-preview:-1"},"canonical":"https:\/\/www.manabi.gob.ec\/index.php\/23-puntos-de-videovigilancia-refuerzan-la-seguridad-ciudadana-en-manabi\/","og_locale":"es_ES","og_type":"article","og_title":"23 PUNTOS DE VIDEOVIGILANCIA REFUERZAN LA SEGURIDAD CIUDADANA EN MANAB\u00cd - Prefectura de Manab\u00ed","og_description":"Este 13 de octubre, el prefecto Leonardo Orlando, inspeccion\u00f3 dos nuevos puntos de videovigilancia en Rocafuerte, en un esfuerzo continuo por fortalecer la seguridad y reducir riesgos en el territorio manabita. Estos dispositivos de videovigilancia est\u00e1n ubicados estrat\u00e9gicamente, uno en el sitio Los Pocitos y el otro en el Redondel de la v\u00eda Rocafuerte \u2013 [&hellip;]","og_url":"https:\/\/www.manabi.gob.ec\/index.php\/23-puntos-de-videovigilancia-refuerzan-la-seguridad-ciudadana-en-manabi\/","og_site_name":"Prefectura de Manab\u00ed","article_published_time":"2023-10-17T19:24:09+00:00","article_modified_time":"2023-10-17T19:24:14+00:00","og_image":[{"width":1600,"height":1066,"url":"https:\/\/www.manabi.gob.ec\/wp-content\/uploads\/2023\/10\/WhatsApp-Image-2023-10-14-at-10.24.49.jpeg","type":"image\/jpeg"}],"author":"Lui Ochoa","twitter_card":"summary_large_image","twitter_misc":{"Escrito por":"Lui Ochoa","Tiempo de lectura":"2 minutos"},"schema":{"@context":"https:\/\/schema.org","@graph":[{"@type":"Article","@id":"https:\/\/www.manabi.gob.ec\/index.php\/23-puntos-de-videovigilancia-refuerzan-la-seguridad-ciudadana-en-manabi\/#article","isPartOf":{"@id":"https:\/\/www.manabi.gob.ec\/index.php\/23-puntos-de-videovigilancia-refuerzan-la-seguridad-ciudadana-en-manabi\/"},"author":{"name":"Lui Ochoa","@id":"https:\/\/www.manabi.gob.ec\/#\/schema\/person\/c4f117989332ad723a6ced5994aa7d7a"},"headline":"23 PUNTOS DE VIDEOVIGILANCIA REFUERZAN LA SEGURIDAD CIUDADANA EN MANAB\u00cd","datePublished":"2023-10-17T19:24:09+00:00","dateModified":"2023-10-17T19:24:14+00:00","mainEntityOfPage":{"@id":"https:\/\/www.manabi.gob.ec\/index.php\/23-puntos-de-videovigilancia-refuerzan-la-seguridad-ciudadana-en-manabi\/"},"wordCount":286,"image":{"@id":"https:\/\/www.manabi.gob.ec\/index.php\/23-puntos-de-videovigilancia-refuerzan-la-seguridad-ciudadana-en-manabi\/#primaryimage"},"thumbnailUrl":"https:\/\/www.manabi.gob.ec\/wp-content\/uploads\/2023\/10\/WhatsApp-Image-2023-10-14-at-10.24.49.jpeg","articleSection":["Desarrollo Social","Noticias","Seguridad","Todas"],"inLanguage":"es"},{"@type":"WebPage","@id":"https:\/\/www.manabi.gob.ec\/index.php\/23-puntos-de-videovigilancia-refuerzan-la-seguridad-ciudadana-en-manabi\/","url":"https:\/\/www.manabi.gob.ec\/index.php\/23-puntos-de-videovigilancia-refuerzan-la-seguridad-ciudadana-en-manabi\/","name":"23 PUNTOS DE VIDEOVIGILANCIA REFUERZAN LA SEGURIDAD CIUDADANA EN MANAB\u00cd - Prefectura de Manab\u00ed","isPartOf":{"@id":"https:\/\/www.manabi.gob.ec\/#website"},"primaryImageOfPage":{"@id":"https:\/\/www.manabi.gob.ec\/index.php\/23-puntos-de-videovigilancia-refuerzan-la-seguridad-ciudadana-en-manabi\/#primaryimage"},"image":{"@id":"https:\/\/www.manabi.gob.ec\/index.php\/23-puntos-de-videovigilancia-refuerzan-la-seguridad-ciudadana-en-manabi\/#primaryimage"},"thumbnailUrl":"https:\/\/www.manabi.gob.ec\/wp-content\/uploads\/2023\/10\/WhatsApp-Image-2023-10-14-at-10.24.49.jpeg","datePublished":"2023-10-17T19:24:09+00:00","dateModified":"2023-10-17T19:24:14+00:00","author":{"@id":"https:\/\/www.manabi.gob.ec\/#\/schema\/person\/c4f117989332ad723a6ced5994aa7d7a"},"breadcrumb":{"@id":"https:\/\/www.manabi.gob.ec\/index.php\/23-puntos-de-videovigilancia-refuerzan-la-seguridad-ciudadana-en-manabi\/#breadcrumb"},"inLanguage":"es","potentialAction":[{"@type":"ReadAction","target":["https:\/\/www.manabi.gob.ec\/index.php\/23-puntos-de-videovigilancia-refuerzan-la-seguridad-ciudadana-en-manabi\/"]}]},{"@type":"ImageObject","inLanguage":"es","@id":"https:\/\/www.manabi.gob.ec\/index.php\/23-puntos-de-videovigilancia-refuerzan-la-seguridad-ciudadana-en-manabi\/#primaryimage","url":"https:\/\/www.manabi.gob.ec\/wp-content\/uploads\/2023\/10\/WhatsApp-Image-2023-10-14-at-10.24.49.jpeg","contentUrl":"https:\/\/www.manabi.gob.ec\/wp-content\/uploads\/2023\/10\/WhatsApp-Image-2023-10-14-at-10.24.49.jpeg","width":1600,"height":1066},{"@type":"BreadcrumbList","@id":"https:\/\/www.manabi.gob.ec\/index.php\/23-puntos-de-videovigilancia-refuerzan-la-seguridad-ciudadana-en-manabi\/#breadcrumb","itemListElement":[{"@type":"ListItem","position":1,"name":"Portada","item":"https:\/\/www.manabi.gob.ec\/"},{"@type":"ListItem","position":2,"name":"23 PUNTOS DE VIDEOVIGILANCIA REFUERZAN LA SEGURIDAD CIUDADANA EN MANAB\u00cd"}]},{"@type":"WebSite","@id":"https:\/\/www.manabi.gob.ec\/#website","url":"https:\/\/www.manabi.gob.ec\/","name":"Prefectura de Manab\u00ed","description":"P\u00e1gina web de la prefectura","potentialAction":[{"@type":"SearchAction","target":{"@type":"EntryPoint","urlTemplate":"https:\/\/www.manabi.gob.ec\/?s={search_term_string}"},"query-input":{"@type":"PropertyValueSpecification","valueRequired":true,"valueName":"search_term_string"}}],"inLanguage":"es"},{"@type":"Person","@id":"https:\/\/www.manabi.gob.ec\/#\/schema\/person\/c4f117989332ad723a6ced5994aa7d7a","name":"Lui Ochoa","image":{"@type":"ImageObject","inLanguage":"es","@id":"https:\/\/secure.gravatar.com\/avatar\/6e8017d0fe69dead8a95864d2eb6e1e1d8bf8e01194ba49cf7b897ff038126ba?s=96&d=mm&r=g","url":"https:\/\/secure.gravatar.com\/avatar\/6e8017d0fe69dead8a95864d2eb6e1e1d8bf8e01194ba49cf7b897ff038126ba?s=96&d=mm&r=g","contentUrl":"https:\/\/secure.gravatar.com\/avatar\/6e8017d0fe69dead8a95864d2eb6e1e1d8bf8e01194ba49cf7b897ff038126ba?s=96&d=mm&r=g","caption":"Lui Ochoa"},"url":"https:\/\/www.manabi.gob.ec\/index.php\/author\/lochoa\/"}]}},"jetpack_featured_media_url":"https:\/\/www.manabi.gob.ec\/wp-content\/uploads\/2023\/10\/WhatsApp-Image-2023-10-14-at-10.24.49.jpeg","_links":{"self":[{"href":"https:\/\/www.manabi.gob.ec\/index.php\/wp-json\/wp\/v2\/posts\/26020","targetHints":{"allow":["GET"]}}],"collection":[{"href":"https:\/\/www.manabi.gob.ec\/index.php\/wp-json\/wp\/v2\/posts"}],"about":[{"href":"https:\/\/www.manabi.gob.ec\/index.php\/wp-json\/wp\/v2\/types\/post"}],"author":[{"embeddable":true,"href":"https:\/\/www.manabi.gob.ec\/index.php\/wp-json\/wp\/v2\/users\/10"}],"replies":[{"embeddable":true,"href":"https:\/\/www.manabi.gob.ec\/index.php\/wp-json\/wp\/v2\/comments?post=26020"}],"version-history":[{"count":0,"href":"https:\/\/www.manabi.gob.ec\/index.php\/wp-json\/wp\/v2\/posts\/26020\/revisions"}],"wp:featuredmedia":[{"embeddable":true,"href":"https:\/\/www.manabi.gob.ec\/index.php\/wp-json\/wp\/v2\/media\/26021"}],"wp:attachment":[{"href":"https:\/\/www.manabi.gob.ec\/index.php\/wp-json\/wp\/v2\/media?parent=26020"}],"wp:term":[{"taxonomy":"category","embeddable":true,"href":"https:\/\/www.manabi.gob.ec\/index.php\/wp-json\/wp\/v2\/categories?post=26020"},{"taxonomy":"post_tag","embeddable":true,"href":"https:\/\/www.manabi.gob.ec\/index.php\/wp-json\/wp\/v2\/tags?post=26020"}],"curies":[{"name":"wp","href":"https:\/\/api.w.org\/{rel}","templated":true}]}}