{"id":26026,"date":"2023-10-17T19:27:49","date_gmt":"2023-10-17T19:27:49","guid":{"rendered":"https:\/\/www.manabi.gob.ec\/?p=26026"},"modified":"2023-10-17T19:27:55","modified_gmt":"2023-10-17T19:27:55","slug":"con-obras-de-dignidad-y-esperanza-celebramos-a-pichincha","status":"publish","type":"post","link":"https:\/\/www.manabi.gob.ec\/index.php\/con-obras-de-dignidad-y-esperanza-celebramos-a-pichincha\/","title":{"rendered":"\u00a1Con obras de dignidad y esperanza celebramos a Pichincha!"},"content":{"rendered":"\n<p>Se anuncian solicitud de financiamiento a la CAF para la ejecuci\u00f3n de 3 proyectos viales<\/p>\n\n\n\n<p>El prefecto de Manab\u00ed, Leonardo Orlando, se uni\u00f3 este 16 de octubre, a la celebraci\u00f3n de los 79 a\u00f1os de fundaci\u00f3n del cant\u00f3n Pichincha, en una emotiva sesi\u00f3n solemne que congreg\u00f3 a autoridades locales y ciudadan\u00eda.<br>Durante su discurso, el prefecto reafirm\u00f3 su compromiso con el progreso y el bienestar de Pichincha, destacando las obras ya realizadas, las que est\u00e1n en ejecuci\u00f3n, donde la prefectura en el periodo 2019 &#8211; 2023 ha destinado una inversi\u00f3n de $28,306,839.05 de d\u00f3lares.<\/p>\n\n\n\n<p>En un anuncio cargado de buenas noticias, Leonardo Orlando inform\u00f3 que recientemente present\u00f3 una solicitud de financiamiento a la CAF para la ejecuci\u00f3n de tres importantes proyectos viales.<\/p>\n\n\n\n<p>Uno de estos proyectos incluye la construcci\u00f3n y rehabilitaci\u00f3n de la v\u00eda Quiroga &#8211; El Desv\u00edo, con una longitud de 38,7 kil\u00f3metros con una inversi\u00f3n de m\u00e1s de 14 millones de d\u00f3lares.<\/p>\n\n\n\n<p>Esta obra no solo mejorar\u00e1 la conectividad entre Pichincha y Bol\u00edvar, sino que tambi\u00e9n fortalecer\u00e1 los lazos con las provincias de Guayas y Los R\u00edos.<\/p>\n\n\n\n<p>El prefecto tambi\u00e9n anunci\u00f3 que en las pr\u00f3ximas semanas se llevar\u00e1 a cabo el mantenimiento de la v\u00eda San Pl\u00e1cido &#8211; Pichincha, gracias a una articulaci\u00f3n con el Ministerio de Transporte y Obras P\u00fablicas.<\/p>\n\n\n\n<p>Durante la sesi\u00f3n solemne, el prefecto de Manab\u00ed y el alcalde de Pichincha suscribieron un acta de compromiso para fortalecer las capacidades en pr\u00e1cticas deportivas, espec\u00edficamente el programa \u00abEntrenando Valores,\u00bb en un esfuerzo conjunto por promover la educaci\u00f3n y los valores a trav\u00e9s del deporte.<\/p>\n\n\n\n<p>Esta celebraci\u00f3n marc\u00f3 un hito en el compromiso de las autoridades locales con el bienestar y desarrollo de Pichincha en su 79 aniversario de fundaci\u00f3n.<\/p>\n","protected":false},"excerpt":{"rendered":"<p>Se anuncian solicitud de financiamiento a la CAF para la ejecuci\u00f3n de 3 proyectos viales El prefecto de Manab\u00ed, Leonardo Orlando, se uni\u00f3 este 16 de octubre, a la celebraci\u00f3n de los 79 a\u00f1os de fundaci\u00f3n del cant\u00f3n Pichincha, en una emotiva sesi\u00f3n solemne que congreg\u00f3 a autoridades locales y ciudadan\u00eda.Durante su discurso, el prefecto [&hellip;]<\/p>\n","protected":false},"author":10,"featured_media":26027,"comment_status":"closed","ping_status":"closed","sticky":false,"template":"","format":"standard","meta":{"_joinchat":[],"footnotes":""},"categories":[92,181,200,91],"tags":[],"class_list":["post-26026","post","type-post","status-publish","format-standard","has-post-thumbnail","hentry","category-noticias-manabi","category-obra-publica","category-pichincha","category-todas"],"yoast_head":"<!-- This site is optimized with the Yoast SEO plugin v27.4 - https:\/\/yoast.com\/product\/yoast-seo-wordpress\/ -->\n<title>\u00a1Con obras de dignidad y esperanza celebramos a Pichincha! - Prefectura de Manab\u00ed<\/title>\n<meta name=\"robots\" content=\"index, follow, max-snippet:-1, max-image-preview:large, max-video-preview:-1\" \/>\n<link rel=\"canonical\" href=\"https:\/\/www.manabi.gob.ec\/index.php\/con-obras-de-dignidad-y-esperanza-celebramos-a-pichincha\/\" \/>\n<meta property=\"og:locale\" content=\"es_ES\" \/>\n<meta property=\"og:type\" content=\"article\" \/>\n<meta property=\"og:title\" content=\"\u00a1Con obras de dignidad y esperanza celebramos a Pichincha! - Prefectura de Manab\u00ed\" \/>\n<meta property=\"og:description\" content=\"Se anuncian solicitud de financiamiento a la CAF para la ejecuci\u00f3n de 3 proyectos viales El prefecto de Manab\u00ed, Leonardo Orlando, se uni\u00f3 este 16 de octubre, a la celebraci\u00f3n de los 79 a\u00f1os de fundaci\u00f3n del cant\u00f3n Pichincha, en una emotiva sesi\u00f3n solemne que congreg\u00f3 a autoridades locales y ciudadan\u00eda.Durante su discurso, el prefecto [&hellip;]\" \/>\n<meta property=\"og:url\" content=\"https:\/\/www.manabi.gob.ec\/index.php\/con-obras-de-dignidad-y-esperanza-celebramos-a-pichincha\/\" \/>\n<meta property=\"og:site_name\" content=\"Prefectura de Manab\u00ed\" \/>\n<meta property=\"article:published_time\" content=\"2023-10-17T19:27:49+00:00\" \/>\n<meta property=\"article:modified_time\" content=\"2023-10-17T19:27:55+00:00\" \/>\n<meta property=\"og:image\" content=\"https:\/\/www.manabi.gob.ec\/wp-content\/uploads\/2023\/10\/aec48767-98f7-42ba-9061-1b06e98c101f.jpg\" \/>\n\t<meta property=\"og:image:width\" content=\"1600\" \/>\n\t<meta property=\"og:image:height\" content=\"1066\" \/>\n\t<meta property=\"og:image:type\" content=\"image\/jpeg\" \/>\n<meta name=\"author\" content=\"Lui Ochoa\" \/>\n<meta name=\"twitter:card\" content=\"summary_large_image\" \/>\n<meta name=\"twitter:label1\" content=\"Escrito por\" \/>\n\t<meta name=\"twitter:data1\" content=\"Lui Ochoa\" \/>\n\t<meta name=\"twitter:label2\" content=\"Tiempo de lectura\" \/>\n\t<meta name=\"twitter:data2\" content=\"2 minutos\" \/>\n<script type=\"application\/ld+json\" class=\"yoast-schema-graph\">{\"@context\":\"https:\\\/\\\/schema.org\",\"@graph\":[{\"@type\":\"Article\",\"@id\":\"https:\\\/\\\/www.manabi.gob.ec\\\/index.php\\\/con-obras-de-dignidad-y-esperanza-celebramos-a-pichincha\\\/#article\",\"isPartOf\":{\"@id\":\"https:\\\/\\\/www.manabi.gob.ec\\\/index.php\\\/con-obras-de-dignidad-y-esperanza-celebramos-a-pichincha\\\/\"},\"author\":{\"name\":\"Lui Ochoa\",\"@id\":\"https:\\\/\\\/www.manabi.gob.ec\\\/#\\\/schema\\\/person\\\/c4f117989332ad723a6ced5994aa7d7a\"},\"headline\":\"\u00a1Con obras de dignidad y esperanza celebramos a Pichincha!\",\"datePublished\":\"2023-10-17T19:27:49+00:00\",\"dateModified\":\"2023-10-17T19:27:55+00:00\",\"mainEntityOfPage\":{\"@id\":\"https:\\\/\\\/www.manabi.gob.ec\\\/index.php\\\/con-obras-de-dignidad-y-esperanza-celebramos-a-pichincha\\\/\"},\"wordCount\":319,\"image\":{\"@id\":\"https:\\\/\\\/www.manabi.gob.ec\\\/index.php\\\/con-obras-de-dignidad-y-esperanza-celebramos-a-pichincha\\\/#primaryimage\"},\"thumbnailUrl\":\"https:\\\/\\\/www.manabi.gob.ec\\\/wp-content\\\/uploads\\\/2023\\\/10\\\/aec48767-98f7-42ba-9061-1b06e98c101f.jpg\",\"articleSection\":[\"Noticias\",\"Obra P\u00fablica\",\"Pichincha\",\"Todas\"],\"inLanguage\":\"es\"},{\"@type\":\"WebPage\",\"@id\":\"https:\\\/\\\/www.manabi.gob.ec\\\/index.php\\\/con-obras-de-dignidad-y-esperanza-celebramos-a-pichincha\\\/\",\"url\":\"https:\\\/\\\/www.manabi.gob.ec\\\/index.php\\\/con-obras-de-dignidad-y-esperanza-celebramos-a-pichincha\\\/\",\"name\":\"\u00a1Con obras de dignidad y esperanza celebramos a Pichincha! - Prefectura de Manab\u00ed\",\"isPartOf\":{\"@id\":\"https:\\\/\\\/www.manabi.gob.ec\\\/#website\"},\"primaryImageOfPage\":{\"@id\":\"https:\\\/\\\/www.manabi.gob.ec\\\/index.php\\\/con-obras-de-dignidad-y-esperanza-celebramos-a-pichincha\\\/#primaryimage\"},\"image\":{\"@id\":\"https:\\\/\\\/www.manabi.gob.ec\\\/index.php\\\/con-obras-de-dignidad-y-esperanza-celebramos-a-pichincha\\\/#primaryimage\"},\"thumbnailUrl\":\"https:\\\/\\\/www.manabi.gob.ec\\\/wp-content\\\/uploads\\\/2023\\\/10\\\/aec48767-98f7-42ba-9061-1b06e98c101f.jpg\",\"datePublished\":\"2023-10-17T19:27:49+00:00\",\"dateModified\":\"2023-10-17T19:27:55+00:00\",\"author\":{\"@id\":\"https:\\\/\\\/www.manabi.gob.ec\\\/#\\\/schema\\\/person\\\/c4f117989332ad723a6ced5994aa7d7a\"},\"breadcrumb\":{\"@id\":\"https:\\\/\\\/www.manabi.gob.ec\\\/index.php\\\/con-obras-de-dignidad-y-esperanza-celebramos-a-pichincha\\\/#breadcrumb\"},\"inLanguage\":\"es\",\"potentialAction\":[{\"@type\":\"ReadAction\",\"target\":[\"https:\\\/\\\/www.manabi.gob.ec\\\/index.php\\\/con-obras-de-dignidad-y-esperanza-celebramos-a-pichincha\\\/\"]}]},{\"@type\":\"ImageObject\",\"inLanguage\":\"es\",\"@id\":\"https:\\\/\\\/www.manabi.gob.ec\\\/index.php\\\/con-obras-de-dignidad-y-esperanza-celebramos-a-pichincha\\\/#primaryimage\",\"url\":\"https:\\\/\\\/www.manabi.gob.ec\\\/wp-content\\\/uploads\\\/2023\\\/10\\\/aec48767-98f7-42ba-9061-1b06e98c101f.jpg\",\"contentUrl\":\"https:\\\/\\\/www.manabi.gob.ec\\\/wp-content\\\/uploads\\\/2023\\\/10\\\/aec48767-98f7-42ba-9061-1b06e98c101f.jpg\",\"width\":1600,\"height\":1066},{\"@type\":\"BreadcrumbList\",\"@id\":\"https:\\\/\\\/www.manabi.gob.ec\\\/index.php\\\/con-obras-de-dignidad-y-esperanza-celebramos-a-pichincha\\\/#breadcrumb\",\"itemListElement\":[{\"@type\":\"ListItem\",\"position\":1,\"name\":\"Portada\",\"item\":\"https:\\\/\\\/www.manabi.gob.ec\\\/\"},{\"@type\":\"ListItem\",\"position\":2,\"name\":\"\u00a1Con obras de dignidad y esperanza celebramos a Pichincha!\"}]},{\"@type\":\"WebSite\",\"@id\":\"https:\\\/\\\/www.manabi.gob.ec\\\/#website\",\"url\":\"https:\\\/\\\/www.manabi.gob.ec\\\/\",\"name\":\"Prefectura de Manab\u00ed\",\"description\":\"P\u00e1gina web de la prefectura\",\"potentialAction\":[{\"@type\":\"SearchAction\",\"target\":{\"@type\":\"EntryPoint\",\"urlTemplate\":\"https:\\\/\\\/www.manabi.gob.ec\\\/?s={search_term_string}\"},\"query-input\":{\"@type\":\"PropertyValueSpecification\",\"valueRequired\":true,\"valueName\":\"search_term_string\"}}],\"inLanguage\":\"es\"},{\"@type\":\"Person\",\"@id\":\"https:\\\/\\\/www.manabi.gob.ec\\\/#\\\/schema\\\/person\\\/c4f117989332ad723a6ced5994aa7d7a\",\"name\":\"Lui Ochoa\",\"image\":{\"@type\":\"ImageObject\",\"inLanguage\":\"es\",\"@id\":\"https:\\\/\\\/secure.gravatar.com\\\/avatar\\\/6e8017d0fe69dead8a95864d2eb6e1e1d8bf8e01194ba49cf7b897ff038126ba?s=96&d=mm&r=g\",\"url\":\"https:\\\/\\\/secure.gravatar.com\\\/avatar\\\/6e8017d0fe69dead8a95864d2eb6e1e1d8bf8e01194ba49cf7b897ff038126ba?s=96&d=mm&r=g\",\"contentUrl\":\"https:\\\/\\\/secure.gravatar.com\\\/avatar\\\/6e8017d0fe69dead8a95864d2eb6e1e1d8bf8e01194ba49cf7b897ff038126ba?s=96&d=mm&r=g\",\"caption\":\"Lui Ochoa\"},\"url\":\"https:\\\/\\\/www.manabi.gob.ec\\\/index.php\\\/author\\\/lochoa\\\/\"}]}<\/script>\n<!-- \/ Yoast SEO plugin. -->","yoast_head_json":{"title":"\u00a1Con obras de dignidad y esperanza celebramos a Pichincha! - Prefectura de Manab\u00ed","robots":{"index":"index","follow":"follow","max-snippet":"max-snippet:-1","max-image-preview":"max-image-preview:large","max-video-preview":"max-video-preview:-1"},"canonical":"https:\/\/www.manabi.gob.ec\/index.php\/con-obras-de-dignidad-y-esperanza-celebramos-a-pichincha\/","og_locale":"es_ES","og_type":"article","og_title":"\u00a1Con obras de dignidad y esperanza celebramos a Pichincha! - Prefectura de Manab\u00ed","og_description":"Se anuncian solicitud de financiamiento a la CAF para la ejecuci\u00f3n de 3 proyectos viales El prefecto de Manab\u00ed, Leonardo Orlando, se uni\u00f3 este 16 de octubre, a la celebraci\u00f3n de los 79 a\u00f1os de fundaci\u00f3n del cant\u00f3n Pichincha, en una emotiva sesi\u00f3n solemne que congreg\u00f3 a autoridades locales y ciudadan\u00eda.Durante su discurso, el prefecto [&hellip;]","og_url":"https:\/\/www.manabi.gob.ec\/index.php\/con-obras-de-dignidad-y-esperanza-celebramos-a-pichincha\/","og_site_name":"Prefectura de Manab\u00ed","article_published_time":"2023-10-17T19:27:49+00:00","article_modified_time":"2023-10-17T19:27:55+00:00","og_image":[{"width":1600,"height":1066,"url":"https:\/\/www.manabi.gob.ec\/wp-content\/uploads\/2023\/10\/aec48767-98f7-42ba-9061-1b06e98c101f.jpg","type":"image\/jpeg"}],"author":"Lui Ochoa","twitter_card":"summary_large_image","twitter_misc":{"Escrito por":"Lui Ochoa","Tiempo de lectura":"2 minutos"},"schema":{"@context":"https:\/\/schema.org","@graph":[{"@type":"Article","@id":"https:\/\/www.manabi.gob.ec\/index.php\/con-obras-de-dignidad-y-esperanza-celebramos-a-pichincha\/#article","isPartOf":{"@id":"https:\/\/www.manabi.gob.ec\/index.php\/con-obras-de-dignidad-y-esperanza-celebramos-a-pichincha\/"},"author":{"name":"Lui Ochoa","@id":"https:\/\/www.manabi.gob.ec\/#\/schema\/person\/c4f117989332ad723a6ced5994aa7d7a"},"headline":"\u00a1Con obras de dignidad y esperanza celebramos a Pichincha!","datePublished":"2023-10-17T19:27:49+00:00","dateModified":"2023-10-17T19:27:55+00:00","mainEntityOfPage":{"@id":"https:\/\/www.manabi.gob.ec\/index.php\/con-obras-de-dignidad-y-esperanza-celebramos-a-pichincha\/"},"wordCount":319,"image":{"@id":"https:\/\/www.manabi.gob.ec\/index.php\/con-obras-de-dignidad-y-esperanza-celebramos-a-pichincha\/#primaryimage"},"thumbnailUrl":"https:\/\/www.manabi.gob.ec\/wp-content\/uploads\/2023\/10\/aec48767-98f7-42ba-9061-1b06e98c101f.jpg","articleSection":["Noticias","Obra P\u00fablica","Pichincha","Todas"],"inLanguage":"es"},{"@type":"WebPage","@id":"https:\/\/www.manabi.gob.ec\/index.php\/con-obras-de-dignidad-y-esperanza-celebramos-a-pichincha\/","url":"https:\/\/www.manabi.gob.ec\/index.php\/con-obras-de-dignidad-y-esperanza-celebramos-a-pichincha\/","name":"\u00a1Con obras de dignidad y esperanza celebramos a Pichincha! - Prefectura de Manab\u00ed","isPartOf":{"@id":"https:\/\/www.manabi.gob.ec\/#website"},"primaryImageOfPage":{"@id":"https:\/\/www.manabi.gob.ec\/index.php\/con-obras-de-dignidad-y-esperanza-celebramos-a-pichincha\/#primaryimage"},"image":{"@id":"https:\/\/www.manabi.gob.ec\/index.php\/con-obras-de-dignidad-y-esperanza-celebramos-a-pichincha\/#primaryimage"},"thumbnailUrl":"https:\/\/www.manabi.gob.ec\/wp-content\/uploads\/2023\/10\/aec48767-98f7-42ba-9061-1b06e98c101f.jpg","datePublished":"2023-10-17T19:27:49+00:00","dateModified":"2023-10-17T19:27:55+00:00","author":{"@id":"https:\/\/www.manabi.gob.ec\/#\/schema\/person\/c4f117989332ad723a6ced5994aa7d7a"},"breadcrumb":{"@id":"https:\/\/www.manabi.gob.ec\/index.php\/con-obras-de-dignidad-y-esperanza-celebramos-a-pichincha\/#breadcrumb"},"inLanguage":"es","potentialAction":[{"@type":"ReadAction","target":["https:\/\/www.manabi.gob.ec\/index.php\/con-obras-de-dignidad-y-esperanza-celebramos-a-pichincha\/"]}]},{"@type":"ImageObject","inLanguage":"es","@id":"https:\/\/www.manabi.gob.ec\/index.php\/con-obras-de-dignidad-y-esperanza-celebramos-a-pichincha\/#primaryimage","url":"https:\/\/www.manabi.gob.ec\/wp-content\/uploads\/2023\/10\/aec48767-98f7-42ba-9061-1b06e98c101f.jpg","contentUrl":"https:\/\/www.manabi.gob.ec\/wp-content\/uploads\/2023\/10\/aec48767-98f7-42ba-9061-1b06e98c101f.jpg","width":1600,"height":1066},{"@type":"BreadcrumbList","@id":"https:\/\/www.manabi.gob.ec\/index.php\/con-obras-de-dignidad-y-esperanza-celebramos-a-pichincha\/#breadcrumb","itemListElement":[{"@type":"ListItem","position":1,"name":"Portada","item":"https:\/\/www.manabi.gob.ec\/"},{"@type":"ListItem","position":2,"name":"\u00a1Con obras de dignidad y esperanza celebramos a Pichincha!"}]},{"@type":"WebSite","@id":"https:\/\/www.manabi.gob.ec\/#website","url":"https:\/\/www.manabi.gob.ec\/","name":"Prefectura de Manab\u00ed","description":"P\u00e1gina web de la prefectura","potentialAction":[{"@type":"SearchAction","target":{"@type":"EntryPoint","urlTemplate":"https:\/\/www.manabi.gob.ec\/?s={search_term_string}"},"query-input":{"@type":"PropertyValueSpecification","valueRequired":true,"valueName":"search_term_string"}}],"inLanguage":"es"},{"@type":"Person","@id":"https:\/\/www.manabi.gob.ec\/#\/schema\/person\/c4f117989332ad723a6ced5994aa7d7a","name":"Lui Ochoa","image":{"@type":"ImageObject","inLanguage":"es","@id":"https:\/\/secure.gravatar.com\/avatar\/6e8017d0fe69dead8a95864d2eb6e1e1d8bf8e01194ba49cf7b897ff038126ba?s=96&d=mm&r=g","url":"https:\/\/secure.gravatar.com\/avatar\/6e8017d0fe69dead8a95864d2eb6e1e1d8bf8e01194ba49cf7b897ff038126ba?s=96&d=mm&r=g","contentUrl":"https:\/\/secure.gravatar.com\/avatar\/6e8017d0fe69dead8a95864d2eb6e1e1d8bf8e01194ba49cf7b897ff038126ba?s=96&d=mm&r=g","caption":"Lui Ochoa"},"url":"https:\/\/www.manabi.gob.ec\/index.php\/author\/lochoa\/"}]}},"jetpack_featured_media_url":"https:\/\/www.manabi.gob.ec\/wp-content\/uploads\/2023\/10\/aec48767-98f7-42ba-9061-1b06e98c101f.jpg","_links":{"self":[{"href":"https:\/\/www.manabi.gob.ec\/index.php\/wp-json\/wp\/v2\/posts\/26026","targetHints":{"allow":["GET"]}}],"collection":[{"href":"https:\/\/www.manabi.gob.ec\/index.php\/wp-json\/wp\/v2\/posts"}],"about":[{"href":"https:\/\/www.manabi.gob.ec\/index.php\/wp-json\/wp\/v2\/types\/post"}],"author":[{"embeddable":true,"href":"https:\/\/www.manabi.gob.ec\/index.php\/wp-json\/wp\/v2\/users\/10"}],"replies":[{"embeddable":true,"href":"https:\/\/www.manabi.gob.ec\/index.php\/wp-json\/wp\/v2\/comments?post=26026"}],"version-history":[{"count":0,"href":"https:\/\/www.manabi.gob.ec\/index.php\/wp-json\/wp\/v2\/posts\/26026\/revisions"}],"wp:featuredmedia":[{"embeddable":true,"href":"https:\/\/www.manabi.gob.ec\/index.php\/wp-json\/wp\/v2\/media\/26027"}],"wp:attachment":[{"href":"https:\/\/www.manabi.gob.ec\/index.php\/wp-json\/wp\/v2\/media?parent=26026"}],"wp:term":[{"taxonomy":"category","embeddable":true,"href":"https:\/\/www.manabi.gob.ec\/index.php\/wp-json\/wp\/v2\/categories?post=26026"},{"taxonomy":"post_tag","embeddable":true,"href":"https:\/\/www.manabi.gob.ec\/index.php\/wp-json\/wp\/v2\/tags?post=26026"}],"curies":[{"name":"wp","href":"https:\/\/api.w.org\/{rel}","templated":true}]}}