{"id":26127,"date":"2023-11-06T13:21:31","date_gmt":"2023-11-06T13:21:31","guid":{"rendered":"https:\/\/www.manabi.gob.ec\/?p=26127"},"modified":"2023-11-06T13:21:35","modified_gmt":"2023-11-06T13:21:35","slug":"prefectura-continua-con-la-implementacion-tecnologica-para-convertir-a-manabi-en-un-territorio-inteligente","status":"publish","type":"post","link":"https:\/\/www.manabi.gob.ec\/index.php\/prefectura-continua-con-la-implementacion-tecnologica-para-convertir-a-manabi-en-un-territorio-inteligente\/","title":{"rendered":"Prefectura contin\u00faa con la\u00a0 implementaci\u00f3n tecnol\u00f3gica para convertir a Manab\u00ed en un territorio inteligente."},"content":{"rendered":"\n<p><\/p>\n\n\n\n<p>La Prefectura de Manab\u00ed trabaja en la implementaci\u00f3n institucional del Sistema de Informaci\u00f3n Local (SIL), el cual tambi\u00e9n beneficiar\u00e1 directamente a los habitantes de la provincia. Este esfuerzo forma parte de un objetivo m\u00e1s amplio: convertir la provincia en un territorio inteligente que contribuya a la reducci\u00f3n de la brecha tecnol\u00f3gica, con especial \u00e9nfasis en las comunidades rurales.<br>&nbsp;<br>Como parte de este proceso, los directores y subdirectores de la Prefectura asistieron a un taller de capacitaci\u00f3n relacionado con este proyecto. Este entrenamiento tambi\u00e9n se extendi\u00f3 a otros funcionarios de la instituci\u00f3n que pertenecen a la Red de Gestores de Informaci\u00f3n Interna (RGII). El objetivo es realzar la labor del talento humano en todas las \u00e1reas institucionales. Cabe destacar que, una vez que el SIL est\u00e9 operativo, la informaci\u00f3n deber\u00e1 actualizarse de manera continua.<br>&nbsp;<br>El director de Planificaci\u00f3n de la Prefectura, Armando Sosa, afirm\u00f3 que el SIL robustecer\u00e1 el sistema integral de la Prefectura y se constituir\u00e1 en una herramienta crucial en el proceso de toma de decisiones por parte de las autoridades. Subray\u00f3 que el Prefecto respalda decididamente su implementaci\u00f3n, dada la relevancia que tendr\u00e1 para la provincia.<br>&nbsp;<br>El t\u00e9cnico Moreira se\u00f1al\u00f3 que el SIL constituye una herramienta valiosa no solamente para la Prefectura, sino tambi\u00e9n para usuarios externos. Este sistema integrar\u00e1 informaci\u00f3n estad\u00edstica y territorial georreferenciada de la provincia, abarcando no solo las obras gestionadas por la Prefectura, sino tambi\u00e9n datos relevantes de la realidad provincial. Dicha informaci\u00f3n puede resultar \u00fatil para diversos sectores y asistir en la elaboraci\u00f3n de proyectos.<br>&nbsp;<br>La implementaci\u00f3n del SIL se viene trabajando desde el 2022, este proceso est\u00e1 respaldado por una Ordenanza Provincial, aprobada por la Corporaci\u00f3n, que estipula las directrices para su implementaci\u00f3n. Adicionalmente, se dispone de una serie de documentos orientativos y reglamentarios, que incluyen un manual de operaci\u00f3n, un modelo de gesti\u00f3n, un reglamento, as\u00ed como un marco normativo y metodol\u00f3gico.<br>&nbsp;<br>Esta administraci\u00f3n provincial, en el marco del Plan de Desarrollo y Ordenamiento Territorial (PDOT) y en alineaci\u00f3n con la Agenda 2030, aspira a transformar Manab\u00ed en un \u00abTerritorio 5i\u00bb. Este concepto engloba un territorio que sea inteligente, innovador, inclusivo, integrado al mundo y con una fuerte identidad cultural.<\/p>\n","protected":false},"excerpt":{"rendered":"<p>La Prefectura de Manab\u00ed trabaja en la implementaci\u00f3n institucional del Sistema de Informaci\u00f3n Local (SIL), el cual tambi\u00e9n beneficiar\u00e1 directamente a los habitantes de la provincia. Este esfuerzo forma parte de un objetivo m\u00e1s amplio: convertir la provincia en un territorio inteligente que contribuya a la reducci\u00f3n de la brecha tecnol\u00f3gica, con especial \u00e9nfasis en [&hellip;]<\/p>\n","protected":false},"author":10,"featured_media":26128,"comment_status":"closed","ping_status":"closed","sticky":false,"template":"","format":"standard","meta":{"_joinchat":[],"footnotes":""},"categories":[142,92,91],"tags":[],"class_list":["post-26127","post","type-post","status-publish","format-standard","has-post-thumbnail","hentry","category-desarrollo-social","category-noticias-manabi","category-todas"],"yoast_head":"<!-- This site is optimized with the Yoast SEO plugin v27.4 - https:\/\/yoast.com\/product\/yoast-seo-wordpress\/ -->\n<title>Prefectura contin\u00faa con la\u00a0 implementaci\u00f3n tecnol\u00f3gica para convertir a Manab\u00ed en un territorio inteligente. - Prefectura de Manab\u00ed<\/title>\n<meta name=\"robots\" content=\"index, follow, max-snippet:-1, max-image-preview:large, max-video-preview:-1\" \/>\n<link rel=\"canonical\" href=\"https:\/\/www.manabi.gob.ec\/index.php\/prefectura-continua-con-la-implementacion-tecnologica-para-convertir-a-manabi-en-un-territorio-inteligente\/\" \/>\n<meta property=\"og:locale\" content=\"es_ES\" \/>\n<meta property=\"og:type\" content=\"article\" \/>\n<meta property=\"og:title\" content=\"Prefectura contin\u00faa con la\u00a0 implementaci\u00f3n tecnol\u00f3gica para convertir a Manab\u00ed en un territorio inteligente. - Prefectura de Manab\u00ed\" \/>\n<meta property=\"og:description\" content=\"La Prefectura de Manab\u00ed trabaja en la implementaci\u00f3n institucional del Sistema de Informaci\u00f3n Local (SIL), el cual tambi\u00e9n beneficiar\u00e1 directamente a los habitantes de la provincia. Este esfuerzo forma parte de un objetivo m\u00e1s amplio: convertir la provincia en un territorio inteligente que contribuya a la reducci\u00f3n de la brecha tecnol\u00f3gica, con especial \u00e9nfasis en [&hellip;]\" \/>\n<meta property=\"og:url\" content=\"https:\/\/www.manabi.gob.ec\/index.php\/prefectura-continua-con-la-implementacion-tecnologica-para-convertir-a-manabi-en-un-territorio-inteligente\/\" \/>\n<meta property=\"og:site_name\" content=\"Prefectura de Manab\u00ed\" \/>\n<meta property=\"article:published_time\" content=\"2023-11-06T13:21:31+00:00\" \/>\n<meta property=\"article:modified_time\" content=\"2023-11-06T13:21:35+00:00\" \/>\n<meta property=\"og:image\" content=\"https:\/\/www.manabi.gob.ec\/wp-content\/uploads\/2023\/11\/WhatsApp-Image-2023-10-24-at-15.06.22.jpeg\" \/>\n\t<meta property=\"og:image:width\" content=\"1599\" \/>\n\t<meta property=\"og:image:height\" content=\"1066\" \/>\n\t<meta property=\"og:image:type\" content=\"image\/jpeg\" \/>\n<meta name=\"author\" content=\"Lui Ochoa\" \/>\n<meta name=\"twitter:card\" content=\"summary_large_image\" \/>\n<meta name=\"twitter:label1\" content=\"Escrito por\" \/>\n\t<meta name=\"twitter:data1\" content=\"Lui Ochoa\" \/>\n\t<meta name=\"twitter:label2\" content=\"Tiempo de lectura\" \/>\n\t<meta name=\"twitter:data2\" content=\"2 minutos\" \/>\n<script type=\"application\/ld+json\" class=\"yoast-schema-graph\">{\"@context\":\"https:\\\/\\\/schema.org\",\"@graph\":[{\"@type\":\"Article\",\"@id\":\"https:\\\/\\\/www.manabi.gob.ec\\\/index.php\\\/prefectura-continua-con-la-implementacion-tecnologica-para-convertir-a-manabi-en-un-territorio-inteligente\\\/#article\",\"isPartOf\":{\"@id\":\"https:\\\/\\\/www.manabi.gob.ec\\\/index.php\\\/prefectura-continua-con-la-implementacion-tecnologica-para-convertir-a-manabi-en-un-territorio-inteligente\\\/\"},\"author\":{\"name\":\"Lui Ochoa\",\"@id\":\"https:\\\/\\\/www.manabi.gob.ec\\\/#\\\/schema\\\/person\\\/c4f117989332ad723a6ced5994aa7d7a\"},\"headline\":\"Prefectura contin\u00faa con la\u00a0 implementaci\u00f3n tecnol\u00f3gica para convertir a Manab\u00ed en un territorio inteligente.\",\"datePublished\":\"2023-11-06T13:21:31+00:00\",\"dateModified\":\"2023-11-06T13:21:35+00:00\",\"mainEntityOfPage\":{\"@id\":\"https:\\\/\\\/www.manabi.gob.ec\\\/index.php\\\/prefectura-continua-con-la-implementacion-tecnologica-para-convertir-a-manabi-en-un-territorio-inteligente\\\/\"},\"wordCount\":408,\"image\":{\"@id\":\"https:\\\/\\\/www.manabi.gob.ec\\\/index.php\\\/prefectura-continua-con-la-implementacion-tecnologica-para-convertir-a-manabi-en-un-territorio-inteligente\\\/#primaryimage\"},\"thumbnailUrl\":\"https:\\\/\\\/www.manabi.gob.ec\\\/wp-content\\\/uploads\\\/2023\\\/11\\\/WhatsApp-Image-2023-10-24-at-15.06.22.jpeg\",\"articleSection\":[\"Desarrollo Social\",\"Noticias\",\"Todas\"],\"inLanguage\":\"es\"},{\"@type\":\"WebPage\",\"@id\":\"https:\\\/\\\/www.manabi.gob.ec\\\/index.php\\\/prefectura-continua-con-la-implementacion-tecnologica-para-convertir-a-manabi-en-un-territorio-inteligente\\\/\",\"url\":\"https:\\\/\\\/www.manabi.gob.ec\\\/index.php\\\/prefectura-continua-con-la-implementacion-tecnologica-para-convertir-a-manabi-en-un-territorio-inteligente\\\/\",\"name\":\"Prefectura contin\u00faa con la\u00a0 implementaci\u00f3n tecnol\u00f3gica para convertir a Manab\u00ed en un territorio inteligente. - Prefectura de Manab\u00ed\",\"isPartOf\":{\"@id\":\"https:\\\/\\\/www.manabi.gob.ec\\\/#website\"},\"primaryImageOfPage\":{\"@id\":\"https:\\\/\\\/www.manabi.gob.ec\\\/index.php\\\/prefectura-continua-con-la-implementacion-tecnologica-para-convertir-a-manabi-en-un-territorio-inteligente\\\/#primaryimage\"},\"image\":{\"@id\":\"https:\\\/\\\/www.manabi.gob.ec\\\/index.php\\\/prefectura-continua-con-la-implementacion-tecnologica-para-convertir-a-manabi-en-un-territorio-inteligente\\\/#primaryimage\"},\"thumbnailUrl\":\"https:\\\/\\\/www.manabi.gob.ec\\\/wp-content\\\/uploads\\\/2023\\\/11\\\/WhatsApp-Image-2023-10-24-at-15.06.22.jpeg\",\"datePublished\":\"2023-11-06T13:21:31+00:00\",\"dateModified\":\"2023-11-06T13:21:35+00:00\",\"author\":{\"@id\":\"https:\\\/\\\/www.manabi.gob.ec\\\/#\\\/schema\\\/person\\\/c4f117989332ad723a6ced5994aa7d7a\"},\"breadcrumb\":{\"@id\":\"https:\\\/\\\/www.manabi.gob.ec\\\/index.php\\\/prefectura-continua-con-la-implementacion-tecnologica-para-convertir-a-manabi-en-un-territorio-inteligente\\\/#breadcrumb\"},\"inLanguage\":\"es\",\"potentialAction\":[{\"@type\":\"ReadAction\",\"target\":[\"https:\\\/\\\/www.manabi.gob.ec\\\/index.php\\\/prefectura-continua-con-la-implementacion-tecnologica-para-convertir-a-manabi-en-un-territorio-inteligente\\\/\"]}]},{\"@type\":\"ImageObject\",\"inLanguage\":\"es\",\"@id\":\"https:\\\/\\\/www.manabi.gob.ec\\\/index.php\\\/prefectura-continua-con-la-implementacion-tecnologica-para-convertir-a-manabi-en-un-territorio-inteligente\\\/#primaryimage\",\"url\":\"https:\\\/\\\/www.manabi.gob.ec\\\/wp-content\\\/uploads\\\/2023\\\/11\\\/WhatsApp-Image-2023-10-24-at-15.06.22.jpeg\",\"contentUrl\":\"https:\\\/\\\/www.manabi.gob.ec\\\/wp-content\\\/uploads\\\/2023\\\/11\\\/WhatsApp-Image-2023-10-24-at-15.06.22.jpeg\",\"width\":1599,\"height\":1066},{\"@type\":\"BreadcrumbList\",\"@id\":\"https:\\\/\\\/www.manabi.gob.ec\\\/index.php\\\/prefectura-continua-con-la-implementacion-tecnologica-para-convertir-a-manabi-en-un-territorio-inteligente\\\/#breadcrumb\",\"itemListElement\":[{\"@type\":\"ListItem\",\"position\":1,\"name\":\"Portada\",\"item\":\"https:\\\/\\\/www.manabi.gob.ec\\\/\"},{\"@type\":\"ListItem\",\"position\":2,\"name\":\"Prefectura contin\u00faa con la\u00a0 implementaci\u00f3n tecnol\u00f3gica para convertir a Manab\u00ed en un territorio inteligente.\"}]},{\"@type\":\"WebSite\",\"@id\":\"https:\\\/\\\/www.manabi.gob.ec\\\/#website\",\"url\":\"https:\\\/\\\/www.manabi.gob.ec\\\/\",\"name\":\"Prefectura de Manab\u00ed\",\"description\":\"P\u00e1gina web de la prefectura\",\"potentialAction\":[{\"@type\":\"SearchAction\",\"target\":{\"@type\":\"EntryPoint\",\"urlTemplate\":\"https:\\\/\\\/www.manabi.gob.ec\\\/?s={search_term_string}\"},\"query-input\":{\"@type\":\"PropertyValueSpecification\",\"valueRequired\":true,\"valueName\":\"search_term_string\"}}],\"inLanguage\":\"es\"},{\"@type\":\"Person\",\"@id\":\"https:\\\/\\\/www.manabi.gob.ec\\\/#\\\/schema\\\/person\\\/c4f117989332ad723a6ced5994aa7d7a\",\"name\":\"Lui Ochoa\",\"image\":{\"@type\":\"ImageObject\",\"inLanguage\":\"es\",\"@id\":\"https:\\\/\\\/secure.gravatar.com\\\/avatar\\\/6e8017d0fe69dead8a95864d2eb6e1e1d8bf8e01194ba49cf7b897ff038126ba?s=96&d=mm&r=g\",\"url\":\"https:\\\/\\\/secure.gravatar.com\\\/avatar\\\/6e8017d0fe69dead8a95864d2eb6e1e1d8bf8e01194ba49cf7b897ff038126ba?s=96&d=mm&r=g\",\"contentUrl\":\"https:\\\/\\\/secure.gravatar.com\\\/avatar\\\/6e8017d0fe69dead8a95864d2eb6e1e1d8bf8e01194ba49cf7b897ff038126ba?s=96&d=mm&r=g\",\"caption\":\"Lui Ochoa\"},\"url\":\"https:\\\/\\\/www.manabi.gob.ec\\\/index.php\\\/author\\\/lochoa\\\/\"}]}<\/script>\n<!-- \/ Yoast SEO plugin. -->","yoast_head_json":{"title":"Prefectura contin\u00faa con la\u00a0 implementaci\u00f3n tecnol\u00f3gica para convertir a Manab\u00ed en un territorio inteligente. - Prefectura de Manab\u00ed","robots":{"index":"index","follow":"follow","max-snippet":"max-snippet:-1","max-image-preview":"max-image-preview:large","max-video-preview":"max-video-preview:-1"},"canonical":"https:\/\/www.manabi.gob.ec\/index.php\/prefectura-continua-con-la-implementacion-tecnologica-para-convertir-a-manabi-en-un-territorio-inteligente\/","og_locale":"es_ES","og_type":"article","og_title":"Prefectura contin\u00faa con la\u00a0 implementaci\u00f3n tecnol\u00f3gica para convertir a Manab\u00ed en un territorio inteligente. - Prefectura de Manab\u00ed","og_description":"La Prefectura de Manab\u00ed trabaja en la implementaci\u00f3n institucional del Sistema de Informaci\u00f3n Local (SIL), el cual tambi\u00e9n beneficiar\u00e1 directamente a los habitantes de la provincia. Este esfuerzo forma parte de un objetivo m\u00e1s amplio: convertir la provincia en un territorio inteligente que contribuya a la reducci\u00f3n de la brecha tecnol\u00f3gica, con especial \u00e9nfasis en [&hellip;]","og_url":"https:\/\/www.manabi.gob.ec\/index.php\/prefectura-continua-con-la-implementacion-tecnologica-para-convertir-a-manabi-en-un-territorio-inteligente\/","og_site_name":"Prefectura de Manab\u00ed","article_published_time":"2023-11-06T13:21:31+00:00","article_modified_time":"2023-11-06T13:21:35+00:00","og_image":[{"width":1599,"height":1066,"url":"https:\/\/www.manabi.gob.ec\/wp-content\/uploads\/2023\/11\/WhatsApp-Image-2023-10-24-at-15.06.22.jpeg","type":"image\/jpeg"}],"author":"Lui Ochoa","twitter_card":"summary_large_image","twitter_misc":{"Escrito por":"Lui Ochoa","Tiempo de lectura":"2 minutos"},"schema":{"@context":"https:\/\/schema.org","@graph":[{"@type":"Article","@id":"https:\/\/www.manabi.gob.ec\/index.php\/prefectura-continua-con-la-implementacion-tecnologica-para-convertir-a-manabi-en-un-territorio-inteligente\/#article","isPartOf":{"@id":"https:\/\/www.manabi.gob.ec\/index.php\/prefectura-continua-con-la-implementacion-tecnologica-para-convertir-a-manabi-en-un-territorio-inteligente\/"},"author":{"name":"Lui Ochoa","@id":"https:\/\/www.manabi.gob.ec\/#\/schema\/person\/c4f117989332ad723a6ced5994aa7d7a"},"headline":"Prefectura contin\u00faa con la\u00a0 implementaci\u00f3n tecnol\u00f3gica para convertir a Manab\u00ed en un territorio inteligente.","datePublished":"2023-11-06T13:21:31+00:00","dateModified":"2023-11-06T13:21:35+00:00","mainEntityOfPage":{"@id":"https:\/\/www.manabi.gob.ec\/index.php\/prefectura-continua-con-la-implementacion-tecnologica-para-convertir-a-manabi-en-un-territorio-inteligente\/"},"wordCount":408,"image":{"@id":"https:\/\/www.manabi.gob.ec\/index.php\/prefectura-continua-con-la-implementacion-tecnologica-para-convertir-a-manabi-en-un-territorio-inteligente\/#primaryimage"},"thumbnailUrl":"https:\/\/www.manabi.gob.ec\/wp-content\/uploads\/2023\/11\/WhatsApp-Image-2023-10-24-at-15.06.22.jpeg","articleSection":["Desarrollo Social","Noticias","Todas"],"inLanguage":"es"},{"@type":"WebPage","@id":"https:\/\/www.manabi.gob.ec\/index.php\/prefectura-continua-con-la-implementacion-tecnologica-para-convertir-a-manabi-en-un-territorio-inteligente\/","url":"https:\/\/www.manabi.gob.ec\/index.php\/prefectura-continua-con-la-implementacion-tecnologica-para-convertir-a-manabi-en-un-territorio-inteligente\/","name":"Prefectura contin\u00faa con la\u00a0 implementaci\u00f3n tecnol\u00f3gica para convertir a Manab\u00ed en un territorio inteligente. - Prefectura de Manab\u00ed","isPartOf":{"@id":"https:\/\/www.manabi.gob.ec\/#website"},"primaryImageOfPage":{"@id":"https:\/\/www.manabi.gob.ec\/index.php\/prefectura-continua-con-la-implementacion-tecnologica-para-convertir-a-manabi-en-un-territorio-inteligente\/#primaryimage"},"image":{"@id":"https:\/\/www.manabi.gob.ec\/index.php\/prefectura-continua-con-la-implementacion-tecnologica-para-convertir-a-manabi-en-un-territorio-inteligente\/#primaryimage"},"thumbnailUrl":"https:\/\/www.manabi.gob.ec\/wp-content\/uploads\/2023\/11\/WhatsApp-Image-2023-10-24-at-15.06.22.jpeg","datePublished":"2023-11-06T13:21:31+00:00","dateModified":"2023-11-06T13:21:35+00:00","author":{"@id":"https:\/\/www.manabi.gob.ec\/#\/schema\/person\/c4f117989332ad723a6ced5994aa7d7a"},"breadcrumb":{"@id":"https:\/\/www.manabi.gob.ec\/index.php\/prefectura-continua-con-la-implementacion-tecnologica-para-convertir-a-manabi-en-un-territorio-inteligente\/#breadcrumb"},"inLanguage":"es","potentialAction":[{"@type":"ReadAction","target":["https:\/\/www.manabi.gob.ec\/index.php\/prefectura-continua-con-la-implementacion-tecnologica-para-convertir-a-manabi-en-un-territorio-inteligente\/"]}]},{"@type":"ImageObject","inLanguage":"es","@id":"https:\/\/www.manabi.gob.ec\/index.php\/prefectura-continua-con-la-implementacion-tecnologica-para-convertir-a-manabi-en-un-territorio-inteligente\/#primaryimage","url":"https:\/\/www.manabi.gob.ec\/wp-content\/uploads\/2023\/11\/WhatsApp-Image-2023-10-24-at-15.06.22.jpeg","contentUrl":"https:\/\/www.manabi.gob.ec\/wp-content\/uploads\/2023\/11\/WhatsApp-Image-2023-10-24-at-15.06.22.jpeg","width":1599,"height":1066},{"@type":"BreadcrumbList","@id":"https:\/\/www.manabi.gob.ec\/index.php\/prefectura-continua-con-la-implementacion-tecnologica-para-convertir-a-manabi-en-un-territorio-inteligente\/#breadcrumb","itemListElement":[{"@type":"ListItem","position":1,"name":"Portada","item":"https:\/\/www.manabi.gob.ec\/"},{"@type":"ListItem","position":2,"name":"Prefectura contin\u00faa con la\u00a0 implementaci\u00f3n tecnol\u00f3gica para convertir a Manab\u00ed en un territorio inteligente."}]},{"@type":"WebSite","@id":"https:\/\/www.manabi.gob.ec\/#website","url":"https:\/\/www.manabi.gob.ec\/","name":"Prefectura de Manab\u00ed","description":"P\u00e1gina web de la prefectura","potentialAction":[{"@type":"SearchAction","target":{"@type":"EntryPoint","urlTemplate":"https:\/\/www.manabi.gob.ec\/?s={search_term_string}"},"query-input":{"@type":"PropertyValueSpecification","valueRequired":true,"valueName":"search_term_string"}}],"inLanguage":"es"},{"@type":"Person","@id":"https:\/\/www.manabi.gob.ec\/#\/schema\/person\/c4f117989332ad723a6ced5994aa7d7a","name":"Lui Ochoa","image":{"@type":"ImageObject","inLanguage":"es","@id":"https:\/\/secure.gravatar.com\/avatar\/6e8017d0fe69dead8a95864d2eb6e1e1d8bf8e01194ba49cf7b897ff038126ba?s=96&d=mm&r=g","url":"https:\/\/secure.gravatar.com\/avatar\/6e8017d0fe69dead8a95864d2eb6e1e1d8bf8e01194ba49cf7b897ff038126ba?s=96&d=mm&r=g","contentUrl":"https:\/\/secure.gravatar.com\/avatar\/6e8017d0fe69dead8a95864d2eb6e1e1d8bf8e01194ba49cf7b897ff038126ba?s=96&d=mm&r=g","caption":"Lui Ochoa"},"url":"https:\/\/www.manabi.gob.ec\/index.php\/author\/lochoa\/"}]}},"jetpack_featured_media_url":"https:\/\/www.manabi.gob.ec\/wp-content\/uploads\/2023\/11\/WhatsApp-Image-2023-10-24-at-15.06.22.jpeg","_links":{"self":[{"href":"https:\/\/www.manabi.gob.ec\/index.php\/wp-json\/wp\/v2\/posts\/26127","targetHints":{"allow":["GET"]}}],"collection":[{"href":"https:\/\/www.manabi.gob.ec\/index.php\/wp-json\/wp\/v2\/posts"}],"about":[{"href":"https:\/\/www.manabi.gob.ec\/index.php\/wp-json\/wp\/v2\/types\/post"}],"author":[{"embeddable":true,"href":"https:\/\/www.manabi.gob.ec\/index.php\/wp-json\/wp\/v2\/users\/10"}],"replies":[{"embeddable":true,"href":"https:\/\/www.manabi.gob.ec\/index.php\/wp-json\/wp\/v2\/comments?post=26127"}],"version-history":[{"count":1,"href":"https:\/\/www.manabi.gob.ec\/index.php\/wp-json\/wp\/v2\/posts\/26127\/revisions"}],"predecessor-version":[{"id":26129,"href":"https:\/\/www.manabi.gob.ec\/index.php\/wp-json\/wp\/v2\/posts\/26127\/revisions\/26129"}],"wp:featuredmedia":[{"embeddable":true,"href":"https:\/\/www.manabi.gob.ec\/index.php\/wp-json\/wp\/v2\/media\/26128"}],"wp:attachment":[{"href":"https:\/\/www.manabi.gob.ec\/index.php\/wp-json\/wp\/v2\/media?parent=26127"}],"wp:term":[{"taxonomy":"category","embeddable":true,"href":"https:\/\/www.manabi.gob.ec\/index.php\/wp-json\/wp\/v2\/categories?post=26127"},{"taxonomy":"post_tag","embeddable":true,"href":"https:\/\/www.manabi.gob.ec\/index.php\/wp-json\/wp\/v2\/tags?post=26127"}],"curies":[{"name":"wp","href":"https:\/\/api.w.org\/{rel}","templated":true}]}}