{"id":26133,"date":"2023-11-06T13:29:21","date_gmt":"2023-11-06T13:29:21","guid":{"rendered":"https:\/\/www.manabi.gob.ec\/?p=26133"},"modified":"2023-11-06T13:29:27","modified_gmt":"2023-11-06T13:29:27","slug":"activos-en-el-carmenviceprefecta-supervisa-varios-frentes-de-trabajo","status":"publish","type":"post","link":"https:\/\/www.manabi.gob.ec\/index.php\/activos-en-el-carmenviceprefecta-supervisa-varios-frentes-de-trabajo\/","title":{"rendered":"\u00a1Activos en El Carmen!<br>Viceprefecta supervisa varios frentes de trabajo"},"content":{"rendered":"\n<p>La Viceprefecta Kelly Buenaventura Moreira, junto a dirigentes comunitarios y t\u00e9cnicos, realiz\u00f3 un recorrido en varios frentes de trabajo en el sector El Carmen Rural de dicho cant\u00f3n.<\/p>\n\n\n\n<p>\u201cEstamos junto mi compa\u00f1ero Leonardo Orlando el prefecto de Manab\u00ed muy pendientes del avance de las obras que estamos realizando en el cant\u00f3n El Carmen y en toda la provincia, ratificando nuestro compromiso de trabajar en beneficio de los ciudadanos\u201d, se\u00f1al\u00f3 la segunda autoridad provincial.<\/p>\n\n\n\n<p>La Prefectura interviene en la reconformaci\u00f3n con material de zona en la v\u00eda Las Caba\u00f1as-Las Piedras de 5.6 Km cuyo avance hasta el momento es de 2.1 Km.<br>\u201cEstas visitas siempre ser\u00e1n beneficiosas\u201d, dijo Mois\u00e9s Briones presidente de las comunidades San Pablo, La 25, Y de San Pablo entre otras, quien indic\u00f3 adem\u00e1s que conf\u00edan en los trabajos que se realizan.<\/p>\n\n\n\n<p>Posteriormente la Viceprefecta se traslad\u00f3 hasta la v\u00eda \u201cLa Y de los Ocampos-Las Palmas-Pupus\u00e1\u201d, de 600 metros, donde supervis\u00f3 el trabajo del tendido del material de base, para mejorar la estructura de la v\u00eda que contar\u00e1 con carpeta asf\u00e1ltica de una pulgada.<\/p>\n\n\n\n<p>Otro de los frentes visitados fue el de la v\u00eda \u201cVenado-La Ra\u00edz-Tigrillo-Puente de Chisparo\u201d, trabajo que se realiza en 18.30 Km de lo cual existe un avance del 5.3 Kms<\/p>\n","protected":false},"excerpt":{"rendered":"<p>La Viceprefecta Kelly Buenaventura Moreira, junto a dirigentes comunitarios y t\u00e9cnicos, realiz\u00f3 un recorrido en varios frentes de trabajo en el sector El Carmen Rural de dicho cant\u00f3n. \u201cEstamos junto mi compa\u00f1ero Leonardo Orlando el prefecto de Manab\u00ed muy pendientes del avance de las obras que estamos realizando en el cant\u00f3n El Carmen y en [&hellip;]<\/p>\n","protected":false},"author":10,"featured_media":26134,"comment_status":"closed","ping_status":"closed","sticky":false,"template":"","format":"standard","meta":{"_joinchat":[],"footnotes":""},"categories":[142,183,170,92,181,91,127],"tags":[],"class_list":["post-26133","post","type-post","status-publish","format-standard","has-post-thumbnail","hentry","category-desarrollo-social","category-el-carmen","category-manabi-vial","category-noticias-manabi","category-obra-publica","category-todas","category-vialidad"],"yoast_head":"<!-- This site is optimized with the Yoast SEO plugin v27.4 - https:\/\/yoast.com\/product\/yoast-seo-wordpress\/ -->\n<title>\u00a1Activos en El Carmen!Viceprefecta supervisa varios frentes de trabajo - Prefectura de Manab\u00ed<\/title>\n<meta name=\"robots\" content=\"index, follow, max-snippet:-1, max-image-preview:large, max-video-preview:-1\" \/>\n<link rel=\"canonical\" href=\"https:\/\/www.manabi.gob.ec\/index.php\/activos-en-el-carmenviceprefecta-supervisa-varios-frentes-de-trabajo\/\" \/>\n<meta property=\"og:locale\" content=\"es_ES\" \/>\n<meta property=\"og:type\" content=\"article\" \/>\n<meta property=\"og:title\" content=\"\u00a1Activos en El Carmen!Viceprefecta supervisa varios frentes de trabajo - Prefectura de Manab\u00ed\" \/>\n<meta property=\"og:description\" content=\"La Viceprefecta Kelly Buenaventura Moreira, junto a dirigentes comunitarios y t\u00e9cnicos, realiz\u00f3 un recorrido en varios frentes de trabajo en el sector El Carmen Rural de dicho cant\u00f3n. \u201cEstamos junto mi compa\u00f1ero Leonardo Orlando el prefecto de Manab\u00ed muy pendientes del avance de las obras que estamos realizando en el cant\u00f3n El Carmen y en [&hellip;]\" \/>\n<meta property=\"og:url\" content=\"https:\/\/www.manabi.gob.ec\/index.php\/activos-en-el-carmenviceprefecta-supervisa-varios-frentes-de-trabajo\/\" \/>\n<meta property=\"og:site_name\" content=\"Prefectura de Manab\u00ed\" \/>\n<meta property=\"article:published_time\" content=\"2023-11-06T13:29:21+00:00\" \/>\n<meta property=\"article:modified_time\" content=\"2023-11-06T13:29:27+00:00\" \/>\n<meta property=\"og:image\" content=\"https:\/\/www.manabi.gob.ec\/wp-content\/uploads\/2023\/11\/WhatsApp-Image-2023-10-25-at-09.17.02.jpeg\" \/>\n\t<meta property=\"og:image:width\" content=\"1024\" \/>\n\t<meta property=\"og:image:height\" content=\"683\" \/>\n\t<meta property=\"og:image:type\" content=\"image\/jpeg\" \/>\n<meta name=\"author\" content=\"Lui Ochoa\" \/>\n<meta name=\"twitter:card\" content=\"summary_large_image\" \/>\n<meta name=\"twitter:label1\" content=\"Escrito por\" \/>\n\t<meta name=\"twitter:data1\" content=\"Lui Ochoa\" \/>\n\t<meta name=\"twitter:label2\" content=\"Tiempo de lectura\" \/>\n\t<meta name=\"twitter:data2\" content=\"1 minuto\" \/>\n<script type=\"application\/ld+json\" class=\"yoast-schema-graph\">{\"@context\":\"https:\\\/\\\/schema.org\",\"@graph\":[{\"@type\":\"Article\",\"@id\":\"https:\\\/\\\/www.manabi.gob.ec\\\/index.php\\\/activos-en-el-carmenviceprefecta-supervisa-varios-frentes-de-trabajo\\\/#article\",\"isPartOf\":{\"@id\":\"https:\\\/\\\/www.manabi.gob.ec\\\/index.php\\\/activos-en-el-carmenviceprefecta-supervisa-varios-frentes-de-trabajo\\\/\"},\"author\":{\"name\":\"Lui Ochoa\",\"@id\":\"https:\\\/\\\/www.manabi.gob.ec\\\/#\\\/schema\\\/person\\\/c4f117989332ad723a6ced5994aa7d7a\"},\"headline\":\"\u00a1Activos en El Carmen! Viceprefecta supervisa varios frentes de trabajo\",\"datePublished\":\"2023-11-06T13:29:21+00:00\",\"dateModified\":\"2023-11-06T13:29:27+00:00\",\"mainEntityOfPage\":{\"@id\":\"https:\\\/\\\/www.manabi.gob.ec\\\/index.php\\\/activos-en-el-carmenviceprefecta-supervisa-varios-frentes-de-trabajo\\\/\"},\"wordCount\":227,\"image\":{\"@id\":\"https:\\\/\\\/www.manabi.gob.ec\\\/index.php\\\/activos-en-el-carmenviceprefecta-supervisa-varios-frentes-de-trabajo\\\/#primaryimage\"},\"thumbnailUrl\":\"https:\\\/\\\/www.manabi.gob.ec\\\/wp-content\\\/uploads\\\/2023\\\/11\\\/WhatsApp-Image-2023-10-25-at-09.17.02.jpeg\",\"articleSection\":[\"Desarrollo Social\",\"El Carmen\",\"Manab\u00ed Vial\",\"Noticias\",\"Obra P\u00fablica\",\"Todas\",\"Vialidad\"],\"inLanguage\":\"es\"},{\"@type\":\"WebPage\",\"@id\":\"https:\\\/\\\/www.manabi.gob.ec\\\/index.php\\\/activos-en-el-carmenviceprefecta-supervisa-varios-frentes-de-trabajo\\\/\",\"url\":\"https:\\\/\\\/www.manabi.gob.ec\\\/index.php\\\/activos-en-el-carmenviceprefecta-supervisa-varios-frentes-de-trabajo\\\/\",\"name\":\"\u00a1Activos en El Carmen! Viceprefecta supervisa varios frentes de trabajo - Prefectura de Manab\u00ed\",\"isPartOf\":{\"@id\":\"https:\\\/\\\/www.manabi.gob.ec\\\/#website\"},\"primaryImageOfPage\":{\"@id\":\"https:\\\/\\\/www.manabi.gob.ec\\\/index.php\\\/activos-en-el-carmenviceprefecta-supervisa-varios-frentes-de-trabajo\\\/#primaryimage\"},\"image\":{\"@id\":\"https:\\\/\\\/www.manabi.gob.ec\\\/index.php\\\/activos-en-el-carmenviceprefecta-supervisa-varios-frentes-de-trabajo\\\/#primaryimage\"},\"thumbnailUrl\":\"https:\\\/\\\/www.manabi.gob.ec\\\/wp-content\\\/uploads\\\/2023\\\/11\\\/WhatsApp-Image-2023-10-25-at-09.17.02.jpeg\",\"datePublished\":\"2023-11-06T13:29:21+00:00\",\"dateModified\":\"2023-11-06T13:29:27+00:00\",\"author\":{\"@id\":\"https:\\\/\\\/www.manabi.gob.ec\\\/#\\\/schema\\\/person\\\/c4f117989332ad723a6ced5994aa7d7a\"},\"breadcrumb\":{\"@id\":\"https:\\\/\\\/www.manabi.gob.ec\\\/index.php\\\/activos-en-el-carmenviceprefecta-supervisa-varios-frentes-de-trabajo\\\/#breadcrumb\"},\"inLanguage\":\"es\",\"potentialAction\":[{\"@type\":\"ReadAction\",\"target\":[\"https:\\\/\\\/www.manabi.gob.ec\\\/index.php\\\/activos-en-el-carmenviceprefecta-supervisa-varios-frentes-de-trabajo\\\/\"]}]},{\"@type\":\"ImageObject\",\"inLanguage\":\"es\",\"@id\":\"https:\\\/\\\/www.manabi.gob.ec\\\/index.php\\\/activos-en-el-carmenviceprefecta-supervisa-varios-frentes-de-trabajo\\\/#primaryimage\",\"url\":\"https:\\\/\\\/www.manabi.gob.ec\\\/wp-content\\\/uploads\\\/2023\\\/11\\\/WhatsApp-Image-2023-10-25-at-09.17.02.jpeg\",\"contentUrl\":\"https:\\\/\\\/www.manabi.gob.ec\\\/wp-content\\\/uploads\\\/2023\\\/11\\\/WhatsApp-Image-2023-10-25-at-09.17.02.jpeg\",\"width\":1024,\"height\":683},{\"@type\":\"BreadcrumbList\",\"@id\":\"https:\\\/\\\/www.manabi.gob.ec\\\/index.php\\\/activos-en-el-carmenviceprefecta-supervisa-varios-frentes-de-trabajo\\\/#breadcrumb\",\"itemListElement\":[{\"@type\":\"ListItem\",\"position\":1,\"name\":\"Portada\",\"item\":\"https:\\\/\\\/www.manabi.gob.ec\\\/\"},{\"@type\":\"ListItem\",\"position\":2,\"name\":\"\u00a1Activos en El Carmen!Viceprefecta supervisa varios frentes de trabajo\"}]},{\"@type\":\"WebSite\",\"@id\":\"https:\\\/\\\/www.manabi.gob.ec\\\/#website\",\"url\":\"https:\\\/\\\/www.manabi.gob.ec\\\/\",\"name\":\"Prefectura de Manab\u00ed\",\"description\":\"P\u00e1gina web de la prefectura\",\"potentialAction\":[{\"@type\":\"SearchAction\",\"target\":{\"@type\":\"EntryPoint\",\"urlTemplate\":\"https:\\\/\\\/www.manabi.gob.ec\\\/?s={search_term_string}\"},\"query-input\":{\"@type\":\"PropertyValueSpecification\",\"valueRequired\":true,\"valueName\":\"search_term_string\"}}],\"inLanguage\":\"es\"},{\"@type\":\"Person\",\"@id\":\"https:\\\/\\\/www.manabi.gob.ec\\\/#\\\/schema\\\/person\\\/c4f117989332ad723a6ced5994aa7d7a\",\"name\":\"Lui Ochoa\",\"image\":{\"@type\":\"ImageObject\",\"inLanguage\":\"es\",\"@id\":\"https:\\\/\\\/secure.gravatar.com\\\/avatar\\\/6e8017d0fe69dead8a95864d2eb6e1e1d8bf8e01194ba49cf7b897ff038126ba?s=96&d=mm&r=g\",\"url\":\"https:\\\/\\\/secure.gravatar.com\\\/avatar\\\/6e8017d0fe69dead8a95864d2eb6e1e1d8bf8e01194ba49cf7b897ff038126ba?s=96&d=mm&r=g\",\"contentUrl\":\"https:\\\/\\\/secure.gravatar.com\\\/avatar\\\/6e8017d0fe69dead8a95864d2eb6e1e1d8bf8e01194ba49cf7b897ff038126ba?s=96&d=mm&r=g\",\"caption\":\"Lui Ochoa\"},\"url\":\"https:\\\/\\\/www.manabi.gob.ec\\\/index.php\\\/author\\\/lochoa\\\/\"}]}<\/script>\n<!-- \/ Yoast SEO plugin. -->","yoast_head_json":{"title":"\u00a1Activos en El Carmen!Viceprefecta supervisa varios frentes de trabajo - Prefectura de Manab\u00ed","robots":{"index":"index","follow":"follow","max-snippet":"max-snippet:-1","max-image-preview":"max-image-preview:large","max-video-preview":"max-video-preview:-1"},"canonical":"https:\/\/www.manabi.gob.ec\/index.php\/activos-en-el-carmenviceprefecta-supervisa-varios-frentes-de-trabajo\/","og_locale":"es_ES","og_type":"article","og_title":"\u00a1Activos en El Carmen!Viceprefecta supervisa varios frentes de trabajo - Prefectura de Manab\u00ed","og_description":"La Viceprefecta Kelly Buenaventura Moreira, junto a dirigentes comunitarios y t\u00e9cnicos, realiz\u00f3 un recorrido en varios frentes de trabajo en el sector El Carmen Rural de dicho cant\u00f3n. \u201cEstamos junto mi compa\u00f1ero Leonardo Orlando el prefecto de Manab\u00ed muy pendientes del avance de las obras que estamos realizando en el cant\u00f3n El Carmen y en [&hellip;]","og_url":"https:\/\/www.manabi.gob.ec\/index.php\/activos-en-el-carmenviceprefecta-supervisa-varios-frentes-de-trabajo\/","og_site_name":"Prefectura de Manab\u00ed","article_published_time":"2023-11-06T13:29:21+00:00","article_modified_time":"2023-11-06T13:29:27+00:00","og_image":[{"width":1024,"height":683,"url":"https:\/\/www.manabi.gob.ec\/wp-content\/uploads\/2023\/11\/WhatsApp-Image-2023-10-25-at-09.17.02.jpeg","type":"image\/jpeg"}],"author":"Lui Ochoa","twitter_card":"summary_large_image","twitter_misc":{"Escrito por":"Lui Ochoa","Tiempo de lectura":"1 minuto"},"schema":{"@context":"https:\/\/schema.org","@graph":[{"@type":"Article","@id":"https:\/\/www.manabi.gob.ec\/index.php\/activos-en-el-carmenviceprefecta-supervisa-varios-frentes-de-trabajo\/#article","isPartOf":{"@id":"https:\/\/www.manabi.gob.ec\/index.php\/activos-en-el-carmenviceprefecta-supervisa-varios-frentes-de-trabajo\/"},"author":{"name":"Lui Ochoa","@id":"https:\/\/www.manabi.gob.ec\/#\/schema\/person\/c4f117989332ad723a6ced5994aa7d7a"},"headline":"\u00a1Activos en El Carmen! Viceprefecta supervisa varios frentes de trabajo","datePublished":"2023-11-06T13:29:21+00:00","dateModified":"2023-11-06T13:29:27+00:00","mainEntityOfPage":{"@id":"https:\/\/www.manabi.gob.ec\/index.php\/activos-en-el-carmenviceprefecta-supervisa-varios-frentes-de-trabajo\/"},"wordCount":227,"image":{"@id":"https:\/\/www.manabi.gob.ec\/index.php\/activos-en-el-carmenviceprefecta-supervisa-varios-frentes-de-trabajo\/#primaryimage"},"thumbnailUrl":"https:\/\/www.manabi.gob.ec\/wp-content\/uploads\/2023\/11\/WhatsApp-Image-2023-10-25-at-09.17.02.jpeg","articleSection":["Desarrollo Social","El Carmen","Manab\u00ed Vial","Noticias","Obra P\u00fablica","Todas","Vialidad"],"inLanguage":"es"},{"@type":"WebPage","@id":"https:\/\/www.manabi.gob.ec\/index.php\/activos-en-el-carmenviceprefecta-supervisa-varios-frentes-de-trabajo\/","url":"https:\/\/www.manabi.gob.ec\/index.php\/activos-en-el-carmenviceprefecta-supervisa-varios-frentes-de-trabajo\/","name":"\u00a1Activos en El Carmen! Viceprefecta supervisa varios frentes de trabajo - Prefectura de Manab\u00ed","isPartOf":{"@id":"https:\/\/www.manabi.gob.ec\/#website"},"primaryImageOfPage":{"@id":"https:\/\/www.manabi.gob.ec\/index.php\/activos-en-el-carmenviceprefecta-supervisa-varios-frentes-de-trabajo\/#primaryimage"},"image":{"@id":"https:\/\/www.manabi.gob.ec\/index.php\/activos-en-el-carmenviceprefecta-supervisa-varios-frentes-de-trabajo\/#primaryimage"},"thumbnailUrl":"https:\/\/www.manabi.gob.ec\/wp-content\/uploads\/2023\/11\/WhatsApp-Image-2023-10-25-at-09.17.02.jpeg","datePublished":"2023-11-06T13:29:21+00:00","dateModified":"2023-11-06T13:29:27+00:00","author":{"@id":"https:\/\/www.manabi.gob.ec\/#\/schema\/person\/c4f117989332ad723a6ced5994aa7d7a"},"breadcrumb":{"@id":"https:\/\/www.manabi.gob.ec\/index.php\/activos-en-el-carmenviceprefecta-supervisa-varios-frentes-de-trabajo\/#breadcrumb"},"inLanguage":"es","potentialAction":[{"@type":"ReadAction","target":["https:\/\/www.manabi.gob.ec\/index.php\/activos-en-el-carmenviceprefecta-supervisa-varios-frentes-de-trabajo\/"]}]},{"@type":"ImageObject","inLanguage":"es","@id":"https:\/\/www.manabi.gob.ec\/index.php\/activos-en-el-carmenviceprefecta-supervisa-varios-frentes-de-trabajo\/#primaryimage","url":"https:\/\/www.manabi.gob.ec\/wp-content\/uploads\/2023\/11\/WhatsApp-Image-2023-10-25-at-09.17.02.jpeg","contentUrl":"https:\/\/www.manabi.gob.ec\/wp-content\/uploads\/2023\/11\/WhatsApp-Image-2023-10-25-at-09.17.02.jpeg","width":1024,"height":683},{"@type":"BreadcrumbList","@id":"https:\/\/www.manabi.gob.ec\/index.php\/activos-en-el-carmenviceprefecta-supervisa-varios-frentes-de-trabajo\/#breadcrumb","itemListElement":[{"@type":"ListItem","position":1,"name":"Portada","item":"https:\/\/www.manabi.gob.ec\/"},{"@type":"ListItem","position":2,"name":"\u00a1Activos en El Carmen!Viceprefecta supervisa varios frentes de trabajo"}]},{"@type":"WebSite","@id":"https:\/\/www.manabi.gob.ec\/#website","url":"https:\/\/www.manabi.gob.ec\/","name":"Prefectura de Manab\u00ed","description":"P\u00e1gina web de la prefectura","potentialAction":[{"@type":"SearchAction","target":{"@type":"EntryPoint","urlTemplate":"https:\/\/www.manabi.gob.ec\/?s={search_term_string}"},"query-input":{"@type":"PropertyValueSpecification","valueRequired":true,"valueName":"search_term_string"}}],"inLanguage":"es"},{"@type":"Person","@id":"https:\/\/www.manabi.gob.ec\/#\/schema\/person\/c4f117989332ad723a6ced5994aa7d7a","name":"Lui Ochoa","image":{"@type":"ImageObject","inLanguage":"es","@id":"https:\/\/secure.gravatar.com\/avatar\/6e8017d0fe69dead8a95864d2eb6e1e1d8bf8e01194ba49cf7b897ff038126ba?s=96&d=mm&r=g","url":"https:\/\/secure.gravatar.com\/avatar\/6e8017d0fe69dead8a95864d2eb6e1e1d8bf8e01194ba49cf7b897ff038126ba?s=96&d=mm&r=g","contentUrl":"https:\/\/secure.gravatar.com\/avatar\/6e8017d0fe69dead8a95864d2eb6e1e1d8bf8e01194ba49cf7b897ff038126ba?s=96&d=mm&r=g","caption":"Lui Ochoa"},"url":"https:\/\/www.manabi.gob.ec\/index.php\/author\/lochoa\/"}]}},"jetpack_featured_media_url":"https:\/\/www.manabi.gob.ec\/wp-content\/uploads\/2023\/11\/WhatsApp-Image-2023-10-25-at-09.17.02.jpeg","_links":{"self":[{"href":"https:\/\/www.manabi.gob.ec\/index.php\/wp-json\/wp\/v2\/posts\/26133","targetHints":{"allow":["GET"]}}],"collection":[{"href":"https:\/\/www.manabi.gob.ec\/index.php\/wp-json\/wp\/v2\/posts"}],"about":[{"href":"https:\/\/www.manabi.gob.ec\/index.php\/wp-json\/wp\/v2\/types\/post"}],"author":[{"embeddable":true,"href":"https:\/\/www.manabi.gob.ec\/index.php\/wp-json\/wp\/v2\/users\/10"}],"replies":[{"embeddable":true,"href":"https:\/\/www.manabi.gob.ec\/index.php\/wp-json\/wp\/v2\/comments?post=26133"}],"version-history":[{"count":1,"href":"https:\/\/www.manabi.gob.ec\/index.php\/wp-json\/wp\/v2\/posts\/26133\/revisions"}],"predecessor-version":[{"id":26135,"href":"https:\/\/www.manabi.gob.ec\/index.php\/wp-json\/wp\/v2\/posts\/26133\/revisions\/26135"}],"wp:featuredmedia":[{"embeddable":true,"href":"https:\/\/www.manabi.gob.ec\/index.php\/wp-json\/wp\/v2\/media\/26134"}],"wp:attachment":[{"href":"https:\/\/www.manabi.gob.ec\/index.php\/wp-json\/wp\/v2\/media?parent=26133"}],"wp:term":[{"taxonomy":"category","embeddable":true,"href":"https:\/\/www.manabi.gob.ec\/index.php\/wp-json\/wp\/v2\/categories?post=26133"},{"taxonomy":"post_tag","embeddable":true,"href":"https:\/\/www.manabi.gob.ec\/index.php\/wp-json\/wp\/v2\/tags?post=26133"}],"curies":[{"name":"wp","href":"https:\/\/api.w.org\/{rel}","templated":true}]}}