{"id":26145,"date":"2023-11-06T14:07:04","date_gmt":"2023-11-06T14:07:04","guid":{"rendered":"https:\/\/www.manabi.gob.ec\/?p=26145"},"modified":"2023-11-06T14:07:10","modified_gmt":"2023-11-06T14:07:10","slug":"3-arterias-viales-que-unen-el-norte-centro-y-sur-de-manabi-buscan-financiamiento-de-la-caf","status":"publish","type":"post","link":"https:\/\/www.manabi.gob.ec\/index.php\/3-arterias-viales-que-unen-el-norte-centro-y-sur-de-manabi-buscan-financiamiento-de-la-caf\/","title":{"rendered":"3 arterias viales que unen el norte, centro y sur de Manab\u00ed, buscan financiamiento de la CAF"},"content":{"rendered":"\n<p>El Banco de Desarrollo de Am\u00e9rica Latina y el Caribe (CAF) concluy\u00f3 la evaluaci\u00f3n de v\u00edas manabitas, que fueron postuladas para financiamiento por parte de la Prefectura de Manab\u00ed y que unen el norte, centro y sur de la provincia.<\/p>\n\n\n\n<p>Los resultados de esta evaluaci\u00f3n realizada mediante recorridos en territorio los d\u00edas 22, 23 y 24 de octubre, ha sido un paso fundamental en este proceso de calificaci\u00f3n de cr\u00e9dito. Los tres proyectos viales son:<br>\u2022 Rehabilitaci\u00f3n, mejoramiento y ampliaci\u00f3n de 38.7km de la v\u00eda Quiroga \u2013 El Desv\u00edo, que une los cantones Bol\u00edvar y Pichincha.<br>\u2022 Construcci\u00f3n de 31km de la v\u00eda Ayacucho (desde el km 10) \u2013 La Uni\u00f3n \u2013 San Pablo de Pueblo Nuevo del cant\u00f3n Santa Ana<br>\u2022 Construcci\u00f3n de 22.2 km de la v\u00eda Col\u00f3n \u2013 Quimis, que integra los cantones Portoviejo y Jipijapa.<\/p>\n\n\n\n<p>Estos tres proyectos viales unen a cantones del norte, centro y sur de la provincia. Cabe mencionar, que la misi\u00f3n CAF se mostr\u00f3 su inter\u00e9s en complementar en dos de los tres proyectos presentados, que son:<\/p>\n\n\n\n<p>\u2022 Tramo de la v\u00eda Calceta-Quiroga, adem\u00e1s del acceso al nuevo campus que tendr\u00e1 la ULEAM en el cant\u00f3n Pichincha, incrementando el proyecto vial a 51 km<\/p>\n\n\n\n<p>\u2022 Tramo Ayacucho \u2013 La Uni\u00f3n \u2013 San Pablo de Pueblo Nuevo \u2013 San Juan de las Cucarachas \u2013 Agua Fr\u00eda L\u00edmite provincial con el cant\u00f3n, incrementando a 41 km<\/p>\n\n\n\n<p>Durante la reuni\u00f3n final con la misi\u00f3n del Banco de Desarrollo de Am\u00e9rica Latina y el Caribe (CAF), el Prefecto de Manab\u00ed, Leonardo Orlando, resalt\u00f3 la importancia de este logro quien dijo, \u00abTenemos la prioridad de seguir dando conectividad a nuestros ciudadanos. Nos hemos esforzado en construir v\u00edas y puentes que mejoren la calidad de vida de nuestra poblaci\u00f3n. Estamos dando un paso muy importante, y confiamos en que esta primera acci\u00f3n con la CAF sea el inicio de muchas m\u00e1s\u00bb.<\/p>\n\n\n\n<p>La evaluaci\u00f3n t\u00e9cnica realizada por la CAF representa un proceso minucioso que examina a profundidad las especificaciones t\u00e9cnicas, los costos y la viabilidad de estos proyectos viales cruciales para el desarrollo econ\u00f3mico, social y productivo de la provincia.<\/p>\n","protected":false},"excerpt":{"rendered":"<p>El Banco de Desarrollo de Am\u00e9rica Latina y el Caribe (CAF) concluy\u00f3 la evaluaci\u00f3n de v\u00edas manabitas, que fueron postuladas para financiamiento por parte de la Prefectura de Manab\u00ed y que unen el norte, centro y sur de la provincia. Los resultados de esta evaluaci\u00f3n realizada mediante recorridos en territorio los d\u00edas 22, 23 y [&hellip;]<\/p>\n","protected":false},"author":10,"featured_media":26146,"comment_status":"closed","ping_status":"closed","sticky":false,"template":"","format":"standard","meta":{"_joinchat":[],"footnotes":""},"categories":[142,92,91],"tags":[],"class_list":["post-26145","post","type-post","status-publish","format-standard","has-post-thumbnail","hentry","category-desarrollo-social","category-noticias-manabi","category-todas"],"yoast_head":"<!-- This site is optimized with the Yoast SEO plugin v27.4 - https:\/\/yoast.com\/product\/yoast-seo-wordpress\/ -->\n<title>3 arterias viales que unen el norte, centro y sur de Manab\u00ed, buscan financiamiento de la CAF - Prefectura de Manab\u00ed<\/title>\n<meta name=\"robots\" content=\"index, follow, max-snippet:-1, max-image-preview:large, max-video-preview:-1\" \/>\n<link rel=\"canonical\" href=\"https:\/\/www.manabi.gob.ec\/index.php\/3-arterias-viales-que-unen-el-norte-centro-y-sur-de-manabi-buscan-financiamiento-de-la-caf\/\" \/>\n<meta property=\"og:locale\" content=\"es_ES\" \/>\n<meta property=\"og:type\" content=\"article\" \/>\n<meta property=\"og:title\" content=\"3 arterias viales que unen el norte, centro y sur de Manab\u00ed, buscan financiamiento de la CAF - Prefectura de Manab\u00ed\" \/>\n<meta property=\"og:description\" content=\"El Banco de Desarrollo de Am\u00e9rica Latina y el Caribe (CAF) concluy\u00f3 la evaluaci\u00f3n de v\u00edas manabitas, que fueron postuladas para financiamiento por parte de la Prefectura de Manab\u00ed y que unen el norte, centro y sur de la provincia. Los resultados de esta evaluaci\u00f3n realizada mediante recorridos en territorio los d\u00edas 22, 23 y [&hellip;]\" \/>\n<meta property=\"og:url\" content=\"https:\/\/www.manabi.gob.ec\/index.php\/3-arterias-viales-que-unen-el-norte-centro-y-sur-de-manabi-buscan-financiamiento-de-la-caf\/\" \/>\n<meta property=\"og:site_name\" content=\"Prefectura de Manab\u00ed\" \/>\n<meta property=\"article:published_time\" content=\"2023-11-06T14:07:04+00:00\" \/>\n<meta property=\"article:modified_time\" content=\"2023-11-06T14:07:10+00:00\" \/>\n<meta property=\"og:image\" content=\"https:\/\/www.manabi.gob.ec\/wp-content\/uploads\/2023\/11\/WhatsApp-Image-2023-10-26-at-14.28.08.jpeg\" \/>\n\t<meta property=\"og:image:width\" content=\"1280\" \/>\n\t<meta property=\"og:image:height\" content=\"854\" \/>\n\t<meta property=\"og:image:type\" content=\"image\/jpeg\" \/>\n<meta name=\"author\" content=\"Lui Ochoa\" \/>\n<meta name=\"twitter:card\" content=\"summary_large_image\" \/>\n<meta name=\"twitter:label1\" content=\"Escrito por\" \/>\n\t<meta name=\"twitter:data1\" content=\"Lui Ochoa\" \/>\n\t<meta name=\"twitter:label2\" content=\"Tiempo de lectura\" \/>\n\t<meta name=\"twitter:data2\" content=\"2 minutos\" \/>\n<script type=\"application\/ld+json\" class=\"yoast-schema-graph\">{\"@context\":\"https:\\\/\\\/schema.org\",\"@graph\":[{\"@type\":\"Article\",\"@id\":\"https:\\\/\\\/www.manabi.gob.ec\\\/index.php\\\/3-arterias-viales-que-unen-el-norte-centro-y-sur-de-manabi-buscan-financiamiento-de-la-caf\\\/#article\",\"isPartOf\":{\"@id\":\"https:\\\/\\\/www.manabi.gob.ec\\\/index.php\\\/3-arterias-viales-que-unen-el-norte-centro-y-sur-de-manabi-buscan-financiamiento-de-la-caf\\\/\"},\"author\":{\"name\":\"Lui Ochoa\",\"@id\":\"https:\\\/\\\/www.manabi.gob.ec\\\/#\\\/schema\\\/person\\\/c4f117989332ad723a6ced5994aa7d7a\"},\"headline\":\"3 arterias viales que unen el norte, centro y sur de Manab\u00ed, buscan financiamiento de la CAF\",\"datePublished\":\"2023-11-06T14:07:04+00:00\",\"dateModified\":\"2023-11-06T14:07:10+00:00\",\"mainEntityOfPage\":{\"@id\":\"https:\\\/\\\/www.manabi.gob.ec\\\/index.php\\\/3-arterias-viales-que-unen-el-norte-centro-y-sur-de-manabi-buscan-financiamiento-de-la-caf\\\/\"},\"wordCount\":386,\"image\":{\"@id\":\"https:\\\/\\\/www.manabi.gob.ec\\\/index.php\\\/3-arterias-viales-que-unen-el-norte-centro-y-sur-de-manabi-buscan-financiamiento-de-la-caf\\\/#primaryimage\"},\"thumbnailUrl\":\"https:\\\/\\\/www.manabi.gob.ec\\\/wp-content\\\/uploads\\\/2023\\\/11\\\/WhatsApp-Image-2023-10-26-at-14.28.08.jpeg\",\"articleSection\":[\"Desarrollo Social\",\"Noticias\",\"Todas\"],\"inLanguage\":\"es\"},{\"@type\":\"WebPage\",\"@id\":\"https:\\\/\\\/www.manabi.gob.ec\\\/index.php\\\/3-arterias-viales-que-unen-el-norte-centro-y-sur-de-manabi-buscan-financiamiento-de-la-caf\\\/\",\"url\":\"https:\\\/\\\/www.manabi.gob.ec\\\/index.php\\\/3-arterias-viales-que-unen-el-norte-centro-y-sur-de-manabi-buscan-financiamiento-de-la-caf\\\/\",\"name\":\"3 arterias viales que unen el norte, centro y sur de Manab\u00ed, buscan financiamiento de la CAF - Prefectura de Manab\u00ed\",\"isPartOf\":{\"@id\":\"https:\\\/\\\/www.manabi.gob.ec\\\/#website\"},\"primaryImageOfPage\":{\"@id\":\"https:\\\/\\\/www.manabi.gob.ec\\\/index.php\\\/3-arterias-viales-que-unen-el-norte-centro-y-sur-de-manabi-buscan-financiamiento-de-la-caf\\\/#primaryimage\"},\"image\":{\"@id\":\"https:\\\/\\\/www.manabi.gob.ec\\\/index.php\\\/3-arterias-viales-que-unen-el-norte-centro-y-sur-de-manabi-buscan-financiamiento-de-la-caf\\\/#primaryimage\"},\"thumbnailUrl\":\"https:\\\/\\\/www.manabi.gob.ec\\\/wp-content\\\/uploads\\\/2023\\\/11\\\/WhatsApp-Image-2023-10-26-at-14.28.08.jpeg\",\"datePublished\":\"2023-11-06T14:07:04+00:00\",\"dateModified\":\"2023-11-06T14:07:10+00:00\",\"author\":{\"@id\":\"https:\\\/\\\/www.manabi.gob.ec\\\/#\\\/schema\\\/person\\\/c4f117989332ad723a6ced5994aa7d7a\"},\"breadcrumb\":{\"@id\":\"https:\\\/\\\/www.manabi.gob.ec\\\/index.php\\\/3-arterias-viales-que-unen-el-norte-centro-y-sur-de-manabi-buscan-financiamiento-de-la-caf\\\/#breadcrumb\"},\"inLanguage\":\"es\",\"potentialAction\":[{\"@type\":\"ReadAction\",\"target\":[\"https:\\\/\\\/www.manabi.gob.ec\\\/index.php\\\/3-arterias-viales-que-unen-el-norte-centro-y-sur-de-manabi-buscan-financiamiento-de-la-caf\\\/\"]}]},{\"@type\":\"ImageObject\",\"inLanguage\":\"es\",\"@id\":\"https:\\\/\\\/www.manabi.gob.ec\\\/index.php\\\/3-arterias-viales-que-unen-el-norte-centro-y-sur-de-manabi-buscan-financiamiento-de-la-caf\\\/#primaryimage\",\"url\":\"https:\\\/\\\/www.manabi.gob.ec\\\/wp-content\\\/uploads\\\/2023\\\/11\\\/WhatsApp-Image-2023-10-26-at-14.28.08.jpeg\",\"contentUrl\":\"https:\\\/\\\/www.manabi.gob.ec\\\/wp-content\\\/uploads\\\/2023\\\/11\\\/WhatsApp-Image-2023-10-26-at-14.28.08.jpeg\",\"width\":1280,\"height\":854},{\"@type\":\"BreadcrumbList\",\"@id\":\"https:\\\/\\\/www.manabi.gob.ec\\\/index.php\\\/3-arterias-viales-que-unen-el-norte-centro-y-sur-de-manabi-buscan-financiamiento-de-la-caf\\\/#breadcrumb\",\"itemListElement\":[{\"@type\":\"ListItem\",\"position\":1,\"name\":\"Portada\",\"item\":\"https:\\\/\\\/www.manabi.gob.ec\\\/\"},{\"@type\":\"ListItem\",\"position\":2,\"name\":\"3 arterias viales que unen el norte, centro y sur de Manab\u00ed, buscan financiamiento de la CAF\"}]},{\"@type\":\"WebSite\",\"@id\":\"https:\\\/\\\/www.manabi.gob.ec\\\/#website\",\"url\":\"https:\\\/\\\/www.manabi.gob.ec\\\/\",\"name\":\"Prefectura de Manab\u00ed\",\"description\":\"P\u00e1gina web de la prefectura\",\"potentialAction\":[{\"@type\":\"SearchAction\",\"target\":{\"@type\":\"EntryPoint\",\"urlTemplate\":\"https:\\\/\\\/www.manabi.gob.ec\\\/?s={search_term_string}\"},\"query-input\":{\"@type\":\"PropertyValueSpecification\",\"valueRequired\":true,\"valueName\":\"search_term_string\"}}],\"inLanguage\":\"es\"},{\"@type\":\"Person\",\"@id\":\"https:\\\/\\\/www.manabi.gob.ec\\\/#\\\/schema\\\/person\\\/c4f117989332ad723a6ced5994aa7d7a\",\"name\":\"Lui Ochoa\",\"image\":{\"@type\":\"ImageObject\",\"inLanguage\":\"es\",\"@id\":\"https:\\\/\\\/secure.gravatar.com\\\/avatar\\\/6e8017d0fe69dead8a95864d2eb6e1e1d8bf8e01194ba49cf7b897ff038126ba?s=96&d=mm&r=g\",\"url\":\"https:\\\/\\\/secure.gravatar.com\\\/avatar\\\/6e8017d0fe69dead8a95864d2eb6e1e1d8bf8e01194ba49cf7b897ff038126ba?s=96&d=mm&r=g\",\"contentUrl\":\"https:\\\/\\\/secure.gravatar.com\\\/avatar\\\/6e8017d0fe69dead8a95864d2eb6e1e1d8bf8e01194ba49cf7b897ff038126ba?s=96&d=mm&r=g\",\"caption\":\"Lui Ochoa\"},\"url\":\"https:\\\/\\\/www.manabi.gob.ec\\\/index.php\\\/author\\\/lochoa\\\/\"}]}<\/script>\n<!-- \/ Yoast SEO plugin. -->","yoast_head_json":{"title":"3 arterias viales que unen el norte, centro y sur de Manab\u00ed, buscan financiamiento de la CAF - Prefectura de Manab\u00ed","robots":{"index":"index","follow":"follow","max-snippet":"max-snippet:-1","max-image-preview":"max-image-preview:large","max-video-preview":"max-video-preview:-1"},"canonical":"https:\/\/www.manabi.gob.ec\/index.php\/3-arterias-viales-que-unen-el-norte-centro-y-sur-de-manabi-buscan-financiamiento-de-la-caf\/","og_locale":"es_ES","og_type":"article","og_title":"3 arterias viales que unen el norte, centro y sur de Manab\u00ed, buscan financiamiento de la CAF - Prefectura de Manab\u00ed","og_description":"El Banco de Desarrollo de Am\u00e9rica Latina y el Caribe (CAF) concluy\u00f3 la evaluaci\u00f3n de v\u00edas manabitas, que fueron postuladas para financiamiento por parte de la Prefectura de Manab\u00ed y que unen el norte, centro y sur de la provincia. Los resultados de esta evaluaci\u00f3n realizada mediante recorridos en territorio los d\u00edas 22, 23 y [&hellip;]","og_url":"https:\/\/www.manabi.gob.ec\/index.php\/3-arterias-viales-que-unen-el-norte-centro-y-sur-de-manabi-buscan-financiamiento-de-la-caf\/","og_site_name":"Prefectura de Manab\u00ed","article_published_time":"2023-11-06T14:07:04+00:00","article_modified_time":"2023-11-06T14:07:10+00:00","og_image":[{"width":1280,"height":854,"url":"https:\/\/www.manabi.gob.ec\/wp-content\/uploads\/2023\/11\/WhatsApp-Image-2023-10-26-at-14.28.08.jpeg","type":"image\/jpeg"}],"author":"Lui Ochoa","twitter_card":"summary_large_image","twitter_misc":{"Escrito por":"Lui Ochoa","Tiempo de lectura":"2 minutos"},"schema":{"@context":"https:\/\/schema.org","@graph":[{"@type":"Article","@id":"https:\/\/www.manabi.gob.ec\/index.php\/3-arterias-viales-que-unen-el-norte-centro-y-sur-de-manabi-buscan-financiamiento-de-la-caf\/#article","isPartOf":{"@id":"https:\/\/www.manabi.gob.ec\/index.php\/3-arterias-viales-que-unen-el-norte-centro-y-sur-de-manabi-buscan-financiamiento-de-la-caf\/"},"author":{"name":"Lui Ochoa","@id":"https:\/\/www.manabi.gob.ec\/#\/schema\/person\/c4f117989332ad723a6ced5994aa7d7a"},"headline":"3 arterias viales que unen el norte, centro y sur de Manab\u00ed, buscan financiamiento de la CAF","datePublished":"2023-11-06T14:07:04+00:00","dateModified":"2023-11-06T14:07:10+00:00","mainEntityOfPage":{"@id":"https:\/\/www.manabi.gob.ec\/index.php\/3-arterias-viales-que-unen-el-norte-centro-y-sur-de-manabi-buscan-financiamiento-de-la-caf\/"},"wordCount":386,"image":{"@id":"https:\/\/www.manabi.gob.ec\/index.php\/3-arterias-viales-que-unen-el-norte-centro-y-sur-de-manabi-buscan-financiamiento-de-la-caf\/#primaryimage"},"thumbnailUrl":"https:\/\/www.manabi.gob.ec\/wp-content\/uploads\/2023\/11\/WhatsApp-Image-2023-10-26-at-14.28.08.jpeg","articleSection":["Desarrollo Social","Noticias","Todas"],"inLanguage":"es"},{"@type":"WebPage","@id":"https:\/\/www.manabi.gob.ec\/index.php\/3-arterias-viales-que-unen-el-norte-centro-y-sur-de-manabi-buscan-financiamiento-de-la-caf\/","url":"https:\/\/www.manabi.gob.ec\/index.php\/3-arterias-viales-que-unen-el-norte-centro-y-sur-de-manabi-buscan-financiamiento-de-la-caf\/","name":"3 arterias viales que unen el norte, centro y sur de Manab\u00ed, buscan financiamiento de la CAF - Prefectura de Manab\u00ed","isPartOf":{"@id":"https:\/\/www.manabi.gob.ec\/#website"},"primaryImageOfPage":{"@id":"https:\/\/www.manabi.gob.ec\/index.php\/3-arterias-viales-que-unen-el-norte-centro-y-sur-de-manabi-buscan-financiamiento-de-la-caf\/#primaryimage"},"image":{"@id":"https:\/\/www.manabi.gob.ec\/index.php\/3-arterias-viales-que-unen-el-norte-centro-y-sur-de-manabi-buscan-financiamiento-de-la-caf\/#primaryimage"},"thumbnailUrl":"https:\/\/www.manabi.gob.ec\/wp-content\/uploads\/2023\/11\/WhatsApp-Image-2023-10-26-at-14.28.08.jpeg","datePublished":"2023-11-06T14:07:04+00:00","dateModified":"2023-11-06T14:07:10+00:00","author":{"@id":"https:\/\/www.manabi.gob.ec\/#\/schema\/person\/c4f117989332ad723a6ced5994aa7d7a"},"breadcrumb":{"@id":"https:\/\/www.manabi.gob.ec\/index.php\/3-arterias-viales-que-unen-el-norte-centro-y-sur-de-manabi-buscan-financiamiento-de-la-caf\/#breadcrumb"},"inLanguage":"es","potentialAction":[{"@type":"ReadAction","target":["https:\/\/www.manabi.gob.ec\/index.php\/3-arterias-viales-que-unen-el-norte-centro-y-sur-de-manabi-buscan-financiamiento-de-la-caf\/"]}]},{"@type":"ImageObject","inLanguage":"es","@id":"https:\/\/www.manabi.gob.ec\/index.php\/3-arterias-viales-que-unen-el-norte-centro-y-sur-de-manabi-buscan-financiamiento-de-la-caf\/#primaryimage","url":"https:\/\/www.manabi.gob.ec\/wp-content\/uploads\/2023\/11\/WhatsApp-Image-2023-10-26-at-14.28.08.jpeg","contentUrl":"https:\/\/www.manabi.gob.ec\/wp-content\/uploads\/2023\/11\/WhatsApp-Image-2023-10-26-at-14.28.08.jpeg","width":1280,"height":854},{"@type":"BreadcrumbList","@id":"https:\/\/www.manabi.gob.ec\/index.php\/3-arterias-viales-que-unen-el-norte-centro-y-sur-de-manabi-buscan-financiamiento-de-la-caf\/#breadcrumb","itemListElement":[{"@type":"ListItem","position":1,"name":"Portada","item":"https:\/\/www.manabi.gob.ec\/"},{"@type":"ListItem","position":2,"name":"3 arterias viales que unen el norte, centro y sur de Manab\u00ed, buscan financiamiento de la CAF"}]},{"@type":"WebSite","@id":"https:\/\/www.manabi.gob.ec\/#website","url":"https:\/\/www.manabi.gob.ec\/","name":"Prefectura de Manab\u00ed","description":"P\u00e1gina web de la prefectura","potentialAction":[{"@type":"SearchAction","target":{"@type":"EntryPoint","urlTemplate":"https:\/\/www.manabi.gob.ec\/?s={search_term_string}"},"query-input":{"@type":"PropertyValueSpecification","valueRequired":true,"valueName":"search_term_string"}}],"inLanguage":"es"},{"@type":"Person","@id":"https:\/\/www.manabi.gob.ec\/#\/schema\/person\/c4f117989332ad723a6ced5994aa7d7a","name":"Lui Ochoa","image":{"@type":"ImageObject","inLanguage":"es","@id":"https:\/\/secure.gravatar.com\/avatar\/6e8017d0fe69dead8a95864d2eb6e1e1d8bf8e01194ba49cf7b897ff038126ba?s=96&d=mm&r=g","url":"https:\/\/secure.gravatar.com\/avatar\/6e8017d0fe69dead8a95864d2eb6e1e1d8bf8e01194ba49cf7b897ff038126ba?s=96&d=mm&r=g","contentUrl":"https:\/\/secure.gravatar.com\/avatar\/6e8017d0fe69dead8a95864d2eb6e1e1d8bf8e01194ba49cf7b897ff038126ba?s=96&d=mm&r=g","caption":"Lui Ochoa"},"url":"https:\/\/www.manabi.gob.ec\/index.php\/author\/lochoa\/"}]}},"jetpack_featured_media_url":"https:\/\/www.manabi.gob.ec\/wp-content\/uploads\/2023\/11\/WhatsApp-Image-2023-10-26-at-14.28.08.jpeg","_links":{"self":[{"href":"https:\/\/www.manabi.gob.ec\/index.php\/wp-json\/wp\/v2\/posts\/26145","targetHints":{"allow":["GET"]}}],"collection":[{"href":"https:\/\/www.manabi.gob.ec\/index.php\/wp-json\/wp\/v2\/posts"}],"about":[{"href":"https:\/\/www.manabi.gob.ec\/index.php\/wp-json\/wp\/v2\/types\/post"}],"author":[{"embeddable":true,"href":"https:\/\/www.manabi.gob.ec\/index.php\/wp-json\/wp\/v2\/users\/10"}],"replies":[{"embeddable":true,"href":"https:\/\/www.manabi.gob.ec\/index.php\/wp-json\/wp\/v2\/comments?post=26145"}],"version-history":[{"count":1,"href":"https:\/\/www.manabi.gob.ec\/index.php\/wp-json\/wp\/v2\/posts\/26145\/revisions"}],"predecessor-version":[{"id":26147,"href":"https:\/\/www.manabi.gob.ec\/index.php\/wp-json\/wp\/v2\/posts\/26145\/revisions\/26147"}],"wp:featuredmedia":[{"embeddable":true,"href":"https:\/\/www.manabi.gob.ec\/index.php\/wp-json\/wp\/v2\/media\/26146"}],"wp:attachment":[{"href":"https:\/\/www.manabi.gob.ec\/index.php\/wp-json\/wp\/v2\/media?parent=26145"}],"wp:term":[{"taxonomy":"category","embeddable":true,"href":"https:\/\/www.manabi.gob.ec\/index.php\/wp-json\/wp\/v2\/categories?post=26145"},{"taxonomy":"post_tag","embeddable":true,"href":"https:\/\/www.manabi.gob.ec\/index.php\/wp-json\/wp\/v2\/tags?post=26145"}],"curies":[{"name":"wp","href":"https:\/\/api.w.org\/{rel}","templated":true}]}}