{"id":26160,"date":"2023-11-06T14:57:58","date_gmt":"2023-11-06T14:57:58","guid":{"rendered":"https:\/\/www.manabi.gob.ec\/?p=26160"},"modified":"2023-11-06T14:58:04","modified_gmt":"2023-11-06T14:58:04","slug":"firmamos-alianzas-estrategicas-para-el-desarrollo-de-las-parroquias-boyaca-y-bellavista","status":"publish","type":"post","link":"https:\/\/www.manabi.gob.ec\/index.php\/firmamos-alianzas-estrategicas-para-el-desarrollo-de-las-parroquias-boyaca-y-bellavista\/","title":{"rendered":"Firmamos alianzas estrat\u00e9gicas para el desarrollo de las parroquias Boyac\u00e1 y Bellavista."},"content":{"rendered":"\n<p>El prefecto de Manab\u00ed, Leonardo Orlando, contin\u00faa impulsando el desarrollo de la provincia mediante la firma de dos importantes convenios de gesti\u00f3n concurrentes, uno con el GAD de la parroquia Boyac\u00e1 del cant\u00f3n Chone y el otro con el GAD parroquial de Bellavista del cant\u00f3n 24 de Mayo.<\/p>\n\n\n\n<p>El primer acuerdo, firmado por el presidente Sandy G\u00f3mez, presidente del GAD parroquial de Boyac\u00e1, y el prefecto Leonardo Orlando, se centra en el mantenimiento de las v\u00edas, como Chichanda, Chirimoya &#8211; Platanales, San Miguel, Daca Dos, Danda Uno y Estero Seco &#8211; El Retiro, estas inversiones en infraestructura vial contribuir\u00e1n significativamente a mejorar la conectividad y movilidad en la la zona.<\/p>\n\n\n\n<p>Por otro lado, el segundo convenio fue firmado con el presidente de la parroquia Bellavista del cant\u00f3n 24 de Mayo, Eddy Toala, y se enfoca en la intervenci\u00f3n de 1.18 kil\u00f3metros de v\u00edas como: Jaboncillo-Las Losas-La Guinea; El Esfuerzo &#8211; Camino Viejo; y San Pablo &#8211; La Mocorita.<\/p>\n\n\n\n<p>Estos acuerdos demuestran el compromiso conjunto de la Prefectura de Manab\u00ed y los GADs parroquiales para trabajar en armon\u00eda y mejorar la calidad de vida de los habitantes de la provincia.<\/p>\n","protected":false},"excerpt":{"rendered":"<p>El prefecto de Manab\u00ed, Leonardo Orlando, contin\u00faa impulsando el desarrollo de la provincia mediante la firma de dos importantes convenios de gesti\u00f3n concurrentes, uno con el GAD de la parroquia Boyac\u00e1 del cant\u00f3n Chone y el otro con el GAD parroquial de Bellavista del cant\u00f3n 24 de Mayo. El primer acuerdo, firmado por el presidente [&hellip;]<\/p>\n","protected":false},"author":10,"featured_media":26161,"comment_status":"closed","ping_status":"closed","sticky":false,"template":"","format":"standard","meta":{"_joinchat":[],"footnotes":""},"categories":[138,142,92,91],"tags":[],"class_list":["post-26160","post","type-post","status-publish","format-standard","has-post-thumbnail","hentry","category-24-de-mayo","category-desarrollo-social","category-noticias-manabi","category-todas"],"yoast_head":"<!-- This site is optimized with the Yoast SEO plugin v27.4 - https:\/\/yoast.com\/product\/yoast-seo-wordpress\/ -->\n<title>Firmamos alianzas estrat\u00e9gicas para el desarrollo de las parroquias Boyac\u00e1 y Bellavista. - Prefectura de Manab\u00ed<\/title>\n<meta name=\"robots\" content=\"index, follow, max-snippet:-1, max-image-preview:large, max-video-preview:-1\" \/>\n<link rel=\"canonical\" href=\"https:\/\/www.manabi.gob.ec\/index.php\/firmamos-alianzas-estrategicas-para-el-desarrollo-de-las-parroquias-boyaca-y-bellavista\/\" \/>\n<meta property=\"og:locale\" content=\"es_ES\" \/>\n<meta property=\"og:type\" content=\"article\" \/>\n<meta property=\"og:title\" content=\"Firmamos alianzas estrat\u00e9gicas para el desarrollo de las parroquias Boyac\u00e1 y Bellavista. - Prefectura de Manab\u00ed\" \/>\n<meta property=\"og:description\" content=\"El prefecto de Manab\u00ed, Leonardo Orlando, contin\u00faa impulsando el desarrollo de la provincia mediante la firma de dos importantes convenios de gesti\u00f3n concurrentes, uno con el GAD de la parroquia Boyac\u00e1 del cant\u00f3n Chone y el otro con el GAD parroquial de Bellavista del cant\u00f3n 24 de Mayo. El primer acuerdo, firmado por el presidente [&hellip;]\" \/>\n<meta property=\"og:url\" content=\"https:\/\/www.manabi.gob.ec\/index.php\/firmamos-alianzas-estrategicas-para-el-desarrollo-de-las-parroquias-boyaca-y-bellavista\/\" \/>\n<meta property=\"og:site_name\" content=\"Prefectura de Manab\u00ed\" \/>\n<meta property=\"article:published_time\" content=\"2023-11-06T14:57:58+00:00\" \/>\n<meta property=\"article:modified_time\" content=\"2023-11-06T14:58:04+00:00\" \/>\n<meta property=\"og:image\" content=\"https:\/\/www.manabi.gob.ec\/wp-content\/uploads\/2023\/11\/WhatsApp-Image-2023-10-27-at-14.53.34.jpeg\" \/>\n\t<meta property=\"og:image:width\" content=\"1024\" \/>\n\t<meta property=\"og:image:height\" content=\"767\" \/>\n\t<meta property=\"og:image:type\" content=\"image\/jpeg\" \/>\n<meta name=\"author\" content=\"Lui Ochoa\" \/>\n<meta name=\"twitter:card\" content=\"summary_large_image\" \/>\n<meta name=\"twitter:label1\" content=\"Escrito por\" \/>\n\t<meta name=\"twitter:data1\" content=\"Lui Ochoa\" \/>\n\t<meta name=\"twitter:label2\" content=\"Tiempo de lectura\" \/>\n\t<meta name=\"twitter:data2\" content=\"1 minuto\" \/>\n<script type=\"application\/ld+json\" class=\"yoast-schema-graph\">{\"@context\":\"https:\\\/\\\/schema.org\",\"@graph\":[{\"@type\":\"Article\",\"@id\":\"https:\\\/\\\/www.manabi.gob.ec\\\/index.php\\\/firmamos-alianzas-estrategicas-para-el-desarrollo-de-las-parroquias-boyaca-y-bellavista\\\/#article\",\"isPartOf\":{\"@id\":\"https:\\\/\\\/www.manabi.gob.ec\\\/index.php\\\/firmamos-alianzas-estrategicas-para-el-desarrollo-de-las-parroquias-boyaca-y-bellavista\\\/\"},\"author\":{\"name\":\"Lui Ochoa\",\"@id\":\"https:\\\/\\\/www.manabi.gob.ec\\\/#\\\/schema\\\/person\\\/c4f117989332ad723a6ced5994aa7d7a\"},\"headline\":\"Firmamos alianzas estrat\u00e9gicas para el desarrollo de las parroquias Boyac\u00e1 y Bellavista.\",\"datePublished\":\"2023-11-06T14:57:58+00:00\",\"dateModified\":\"2023-11-06T14:58:04+00:00\",\"mainEntityOfPage\":{\"@id\":\"https:\\\/\\\/www.manabi.gob.ec\\\/index.php\\\/firmamos-alianzas-estrategicas-para-el-desarrollo-de-las-parroquias-boyaca-y-bellavista\\\/\"},\"wordCount\":211,\"image\":{\"@id\":\"https:\\\/\\\/www.manabi.gob.ec\\\/index.php\\\/firmamos-alianzas-estrategicas-para-el-desarrollo-de-las-parroquias-boyaca-y-bellavista\\\/#primaryimage\"},\"thumbnailUrl\":\"https:\\\/\\\/www.manabi.gob.ec\\\/wp-content\\\/uploads\\\/2023\\\/11\\\/WhatsApp-Image-2023-10-27-at-14.53.34.jpeg\",\"articleSection\":[\"24 de Mayo\",\"Desarrollo Social\",\"Noticias\",\"Todas\"],\"inLanguage\":\"es\"},{\"@type\":\"WebPage\",\"@id\":\"https:\\\/\\\/www.manabi.gob.ec\\\/index.php\\\/firmamos-alianzas-estrategicas-para-el-desarrollo-de-las-parroquias-boyaca-y-bellavista\\\/\",\"url\":\"https:\\\/\\\/www.manabi.gob.ec\\\/index.php\\\/firmamos-alianzas-estrategicas-para-el-desarrollo-de-las-parroquias-boyaca-y-bellavista\\\/\",\"name\":\"Firmamos alianzas estrat\u00e9gicas para el desarrollo de las parroquias Boyac\u00e1 y Bellavista. - Prefectura de Manab\u00ed\",\"isPartOf\":{\"@id\":\"https:\\\/\\\/www.manabi.gob.ec\\\/#website\"},\"primaryImageOfPage\":{\"@id\":\"https:\\\/\\\/www.manabi.gob.ec\\\/index.php\\\/firmamos-alianzas-estrategicas-para-el-desarrollo-de-las-parroquias-boyaca-y-bellavista\\\/#primaryimage\"},\"image\":{\"@id\":\"https:\\\/\\\/www.manabi.gob.ec\\\/index.php\\\/firmamos-alianzas-estrategicas-para-el-desarrollo-de-las-parroquias-boyaca-y-bellavista\\\/#primaryimage\"},\"thumbnailUrl\":\"https:\\\/\\\/www.manabi.gob.ec\\\/wp-content\\\/uploads\\\/2023\\\/11\\\/WhatsApp-Image-2023-10-27-at-14.53.34.jpeg\",\"datePublished\":\"2023-11-06T14:57:58+00:00\",\"dateModified\":\"2023-11-06T14:58:04+00:00\",\"author\":{\"@id\":\"https:\\\/\\\/www.manabi.gob.ec\\\/#\\\/schema\\\/person\\\/c4f117989332ad723a6ced5994aa7d7a\"},\"breadcrumb\":{\"@id\":\"https:\\\/\\\/www.manabi.gob.ec\\\/index.php\\\/firmamos-alianzas-estrategicas-para-el-desarrollo-de-las-parroquias-boyaca-y-bellavista\\\/#breadcrumb\"},\"inLanguage\":\"es\",\"potentialAction\":[{\"@type\":\"ReadAction\",\"target\":[\"https:\\\/\\\/www.manabi.gob.ec\\\/index.php\\\/firmamos-alianzas-estrategicas-para-el-desarrollo-de-las-parroquias-boyaca-y-bellavista\\\/\"]}]},{\"@type\":\"ImageObject\",\"inLanguage\":\"es\",\"@id\":\"https:\\\/\\\/www.manabi.gob.ec\\\/index.php\\\/firmamos-alianzas-estrategicas-para-el-desarrollo-de-las-parroquias-boyaca-y-bellavista\\\/#primaryimage\",\"url\":\"https:\\\/\\\/www.manabi.gob.ec\\\/wp-content\\\/uploads\\\/2023\\\/11\\\/WhatsApp-Image-2023-10-27-at-14.53.34.jpeg\",\"contentUrl\":\"https:\\\/\\\/www.manabi.gob.ec\\\/wp-content\\\/uploads\\\/2023\\\/11\\\/WhatsApp-Image-2023-10-27-at-14.53.34.jpeg\",\"width\":1024,\"height\":767},{\"@type\":\"BreadcrumbList\",\"@id\":\"https:\\\/\\\/www.manabi.gob.ec\\\/index.php\\\/firmamos-alianzas-estrategicas-para-el-desarrollo-de-las-parroquias-boyaca-y-bellavista\\\/#breadcrumb\",\"itemListElement\":[{\"@type\":\"ListItem\",\"position\":1,\"name\":\"Portada\",\"item\":\"https:\\\/\\\/www.manabi.gob.ec\\\/\"},{\"@type\":\"ListItem\",\"position\":2,\"name\":\"Firmamos alianzas estrat\u00e9gicas para el desarrollo de las parroquias Boyac\u00e1 y Bellavista.\"}]},{\"@type\":\"WebSite\",\"@id\":\"https:\\\/\\\/www.manabi.gob.ec\\\/#website\",\"url\":\"https:\\\/\\\/www.manabi.gob.ec\\\/\",\"name\":\"Prefectura de Manab\u00ed\",\"description\":\"P\u00e1gina web de la prefectura\",\"potentialAction\":[{\"@type\":\"SearchAction\",\"target\":{\"@type\":\"EntryPoint\",\"urlTemplate\":\"https:\\\/\\\/www.manabi.gob.ec\\\/?s={search_term_string}\"},\"query-input\":{\"@type\":\"PropertyValueSpecification\",\"valueRequired\":true,\"valueName\":\"search_term_string\"}}],\"inLanguage\":\"es\"},{\"@type\":\"Person\",\"@id\":\"https:\\\/\\\/www.manabi.gob.ec\\\/#\\\/schema\\\/person\\\/c4f117989332ad723a6ced5994aa7d7a\",\"name\":\"Lui Ochoa\",\"image\":{\"@type\":\"ImageObject\",\"inLanguage\":\"es\",\"@id\":\"https:\\\/\\\/secure.gravatar.com\\\/avatar\\\/6e8017d0fe69dead8a95864d2eb6e1e1d8bf8e01194ba49cf7b897ff038126ba?s=96&d=mm&r=g\",\"url\":\"https:\\\/\\\/secure.gravatar.com\\\/avatar\\\/6e8017d0fe69dead8a95864d2eb6e1e1d8bf8e01194ba49cf7b897ff038126ba?s=96&d=mm&r=g\",\"contentUrl\":\"https:\\\/\\\/secure.gravatar.com\\\/avatar\\\/6e8017d0fe69dead8a95864d2eb6e1e1d8bf8e01194ba49cf7b897ff038126ba?s=96&d=mm&r=g\",\"caption\":\"Lui Ochoa\"},\"url\":\"https:\\\/\\\/www.manabi.gob.ec\\\/index.php\\\/author\\\/lochoa\\\/\"}]}<\/script>\n<!-- \/ Yoast SEO plugin. -->","yoast_head_json":{"title":"Firmamos alianzas estrat\u00e9gicas para el desarrollo de las parroquias Boyac\u00e1 y Bellavista. - Prefectura de Manab\u00ed","robots":{"index":"index","follow":"follow","max-snippet":"max-snippet:-1","max-image-preview":"max-image-preview:large","max-video-preview":"max-video-preview:-1"},"canonical":"https:\/\/www.manabi.gob.ec\/index.php\/firmamos-alianzas-estrategicas-para-el-desarrollo-de-las-parroquias-boyaca-y-bellavista\/","og_locale":"es_ES","og_type":"article","og_title":"Firmamos alianzas estrat\u00e9gicas para el desarrollo de las parroquias Boyac\u00e1 y Bellavista. - Prefectura de Manab\u00ed","og_description":"El prefecto de Manab\u00ed, Leonardo Orlando, contin\u00faa impulsando el desarrollo de la provincia mediante la firma de dos importantes convenios de gesti\u00f3n concurrentes, uno con el GAD de la parroquia Boyac\u00e1 del cant\u00f3n Chone y el otro con el GAD parroquial de Bellavista del cant\u00f3n 24 de Mayo. El primer acuerdo, firmado por el presidente [&hellip;]","og_url":"https:\/\/www.manabi.gob.ec\/index.php\/firmamos-alianzas-estrategicas-para-el-desarrollo-de-las-parroquias-boyaca-y-bellavista\/","og_site_name":"Prefectura de Manab\u00ed","article_published_time":"2023-11-06T14:57:58+00:00","article_modified_time":"2023-11-06T14:58:04+00:00","og_image":[{"width":1024,"height":767,"url":"https:\/\/www.manabi.gob.ec\/wp-content\/uploads\/2023\/11\/WhatsApp-Image-2023-10-27-at-14.53.34.jpeg","type":"image\/jpeg"}],"author":"Lui Ochoa","twitter_card":"summary_large_image","twitter_misc":{"Escrito por":"Lui Ochoa","Tiempo de lectura":"1 minuto"},"schema":{"@context":"https:\/\/schema.org","@graph":[{"@type":"Article","@id":"https:\/\/www.manabi.gob.ec\/index.php\/firmamos-alianzas-estrategicas-para-el-desarrollo-de-las-parroquias-boyaca-y-bellavista\/#article","isPartOf":{"@id":"https:\/\/www.manabi.gob.ec\/index.php\/firmamos-alianzas-estrategicas-para-el-desarrollo-de-las-parroquias-boyaca-y-bellavista\/"},"author":{"name":"Lui Ochoa","@id":"https:\/\/www.manabi.gob.ec\/#\/schema\/person\/c4f117989332ad723a6ced5994aa7d7a"},"headline":"Firmamos alianzas estrat\u00e9gicas para el desarrollo de las parroquias Boyac\u00e1 y Bellavista.","datePublished":"2023-11-06T14:57:58+00:00","dateModified":"2023-11-06T14:58:04+00:00","mainEntityOfPage":{"@id":"https:\/\/www.manabi.gob.ec\/index.php\/firmamos-alianzas-estrategicas-para-el-desarrollo-de-las-parroquias-boyaca-y-bellavista\/"},"wordCount":211,"image":{"@id":"https:\/\/www.manabi.gob.ec\/index.php\/firmamos-alianzas-estrategicas-para-el-desarrollo-de-las-parroquias-boyaca-y-bellavista\/#primaryimage"},"thumbnailUrl":"https:\/\/www.manabi.gob.ec\/wp-content\/uploads\/2023\/11\/WhatsApp-Image-2023-10-27-at-14.53.34.jpeg","articleSection":["24 de Mayo","Desarrollo Social","Noticias","Todas"],"inLanguage":"es"},{"@type":"WebPage","@id":"https:\/\/www.manabi.gob.ec\/index.php\/firmamos-alianzas-estrategicas-para-el-desarrollo-de-las-parroquias-boyaca-y-bellavista\/","url":"https:\/\/www.manabi.gob.ec\/index.php\/firmamos-alianzas-estrategicas-para-el-desarrollo-de-las-parroquias-boyaca-y-bellavista\/","name":"Firmamos alianzas estrat\u00e9gicas para el desarrollo de las parroquias Boyac\u00e1 y Bellavista. - Prefectura de Manab\u00ed","isPartOf":{"@id":"https:\/\/www.manabi.gob.ec\/#website"},"primaryImageOfPage":{"@id":"https:\/\/www.manabi.gob.ec\/index.php\/firmamos-alianzas-estrategicas-para-el-desarrollo-de-las-parroquias-boyaca-y-bellavista\/#primaryimage"},"image":{"@id":"https:\/\/www.manabi.gob.ec\/index.php\/firmamos-alianzas-estrategicas-para-el-desarrollo-de-las-parroquias-boyaca-y-bellavista\/#primaryimage"},"thumbnailUrl":"https:\/\/www.manabi.gob.ec\/wp-content\/uploads\/2023\/11\/WhatsApp-Image-2023-10-27-at-14.53.34.jpeg","datePublished":"2023-11-06T14:57:58+00:00","dateModified":"2023-11-06T14:58:04+00:00","author":{"@id":"https:\/\/www.manabi.gob.ec\/#\/schema\/person\/c4f117989332ad723a6ced5994aa7d7a"},"breadcrumb":{"@id":"https:\/\/www.manabi.gob.ec\/index.php\/firmamos-alianzas-estrategicas-para-el-desarrollo-de-las-parroquias-boyaca-y-bellavista\/#breadcrumb"},"inLanguage":"es","potentialAction":[{"@type":"ReadAction","target":["https:\/\/www.manabi.gob.ec\/index.php\/firmamos-alianzas-estrategicas-para-el-desarrollo-de-las-parroquias-boyaca-y-bellavista\/"]}]},{"@type":"ImageObject","inLanguage":"es","@id":"https:\/\/www.manabi.gob.ec\/index.php\/firmamos-alianzas-estrategicas-para-el-desarrollo-de-las-parroquias-boyaca-y-bellavista\/#primaryimage","url":"https:\/\/www.manabi.gob.ec\/wp-content\/uploads\/2023\/11\/WhatsApp-Image-2023-10-27-at-14.53.34.jpeg","contentUrl":"https:\/\/www.manabi.gob.ec\/wp-content\/uploads\/2023\/11\/WhatsApp-Image-2023-10-27-at-14.53.34.jpeg","width":1024,"height":767},{"@type":"BreadcrumbList","@id":"https:\/\/www.manabi.gob.ec\/index.php\/firmamos-alianzas-estrategicas-para-el-desarrollo-de-las-parroquias-boyaca-y-bellavista\/#breadcrumb","itemListElement":[{"@type":"ListItem","position":1,"name":"Portada","item":"https:\/\/www.manabi.gob.ec\/"},{"@type":"ListItem","position":2,"name":"Firmamos alianzas estrat\u00e9gicas para el desarrollo de las parroquias Boyac\u00e1 y Bellavista."}]},{"@type":"WebSite","@id":"https:\/\/www.manabi.gob.ec\/#website","url":"https:\/\/www.manabi.gob.ec\/","name":"Prefectura de Manab\u00ed","description":"P\u00e1gina web de la prefectura","potentialAction":[{"@type":"SearchAction","target":{"@type":"EntryPoint","urlTemplate":"https:\/\/www.manabi.gob.ec\/?s={search_term_string}"},"query-input":{"@type":"PropertyValueSpecification","valueRequired":true,"valueName":"search_term_string"}}],"inLanguage":"es"},{"@type":"Person","@id":"https:\/\/www.manabi.gob.ec\/#\/schema\/person\/c4f117989332ad723a6ced5994aa7d7a","name":"Lui Ochoa","image":{"@type":"ImageObject","inLanguage":"es","@id":"https:\/\/secure.gravatar.com\/avatar\/6e8017d0fe69dead8a95864d2eb6e1e1d8bf8e01194ba49cf7b897ff038126ba?s=96&d=mm&r=g","url":"https:\/\/secure.gravatar.com\/avatar\/6e8017d0fe69dead8a95864d2eb6e1e1d8bf8e01194ba49cf7b897ff038126ba?s=96&d=mm&r=g","contentUrl":"https:\/\/secure.gravatar.com\/avatar\/6e8017d0fe69dead8a95864d2eb6e1e1d8bf8e01194ba49cf7b897ff038126ba?s=96&d=mm&r=g","caption":"Lui Ochoa"},"url":"https:\/\/www.manabi.gob.ec\/index.php\/author\/lochoa\/"}]}},"jetpack_featured_media_url":"https:\/\/www.manabi.gob.ec\/wp-content\/uploads\/2023\/11\/WhatsApp-Image-2023-10-27-at-14.53.34.jpeg","_links":{"self":[{"href":"https:\/\/www.manabi.gob.ec\/index.php\/wp-json\/wp\/v2\/posts\/26160","targetHints":{"allow":["GET"]}}],"collection":[{"href":"https:\/\/www.manabi.gob.ec\/index.php\/wp-json\/wp\/v2\/posts"}],"about":[{"href":"https:\/\/www.manabi.gob.ec\/index.php\/wp-json\/wp\/v2\/types\/post"}],"author":[{"embeddable":true,"href":"https:\/\/www.manabi.gob.ec\/index.php\/wp-json\/wp\/v2\/users\/10"}],"replies":[{"embeddable":true,"href":"https:\/\/www.manabi.gob.ec\/index.php\/wp-json\/wp\/v2\/comments?post=26160"}],"version-history":[{"count":1,"href":"https:\/\/www.manabi.gob.ec\/index.php\/wp-json\/wp\/v2\/posts\/26160\/revisions"}],"predecessor-version":[{"id":26162,"href":"https:\/\/www.manabi.gob.ec\/index.php\/wp-json\/wp\/v2\/posts\/26160\/revisions\/26162"}],"wp:featuredmedia":[{"embeddable":true,"href":"https:\/\/www.manabi.gob.ec\/index.php\/wp-json\/wp\/v2\/media\/26161"}],"wp:attachment":[{"href":"https:\/\/www.manabi.gob.ec\/index.php\/wp-json\/wp\/v2\/media?parent=26160"}],"wp:term":[{"taxonomy":"category","embeddable":true,"href":"https:\/\/www.manabi.gob.ec\/index.php\/wp-json\/wp\/v2\/categories?post=26160"},{"taxonomy":"post_tag","embeddable":true,"href":"https:\/\/www.manabi.gob.ec\/index.php\/wp-json\/wp\/v2\/tags?post=26160"}],"curies":[{"name":"wp","href":"https:\/\/api.w.org\/{rel}","templated":true}]}}