{"id":26219,"date":"2023-11-16T17:05:19","date_gmt":"2023-11-16T17:05:19","guid":{"rendered":"https:\/\/www.manabi.gob.ec\/?p=26219"},"modified":"2023-11-16T17:05:25","modified_gmt":"2023-11-16T17:05:25","slug":"albarradas-que-mejoraran-la-calidad-de-vida-de-los-agricultores-del-cerrito","status":"publish","type":"post","link":"https:\/\/www.manabi.gob.ec\/index.php\/albarradas-que-mejoraran-la-calidad-de-vida-de-los-agricultores-del-cerrito\/","title":{"rendered":"ALBARRADAS QUE MEJORAR\u00c1N LA CALIDAD DE VIDA DE LOS AGRICULTORES DEL CERRITO."},"content":{"rendered":"\n<p>Ante la falta de agua para riego, habitantes de la comunidad El Cerrito de la parroquia Julcuy del cant\u00f3n Jipijapa, est\u00e1n muy contentos y agradecidos con la Prefectura de Manab\u00ed que lidera Leonardo Orlando, por construcci\u00f3n de albarradas.<\/p>\n\n\n\n<p>Maquinaria de la instituci\u00f3n excavadora brazo corto, actualmente trabaja en la construcci\u00f3n de la segunda albarrada, la primera qued\u00f3 lista y una tercera que ya existe en la comunidad se la dar\u00e1 el respectivo mantenimiento para su funcionamiento y beneficio de los agricultores del Cerrito y otros sitios aleda\u00f1os.<\/p>\n\n\n\n<p>\u00abLa vida aqu\u00ed en el campo es muy dura para nosotros y m\u00e1s a\u00fan en estos sectores secos, en el invierno solo sembramos ma\u00edz, pero ya con las albarradas listas este a\u00f1o sembraremos tambi\u00e9n pimiento\u201d, manifest\u00f3 muy alegre don Jos\u00e9 Luis Marcillo Presidente de la Comunidad El Cerrito quien est\u00e1 muy agradecido con la Prefectura.<\/p>\n\n\n\n<p>La construcci\u00f3n de albarradas en lugares donde no existen r\u00edos, represas y mucho menos sistemas de riego, las albarradas se convierten en una buena alternativa de riego para los agricultores que se dedican al cultivo de ma\u00edz, pimiento y otros productos de ciclo corto.<\/p>\n","protected":false},"excerpt":{"rendered":"<p>Ante la falta de agua para riego, habitantes de la comunidad El Cerrito de la parroquia Julcuy del cant\u00f3n Jipijapa, est\u00e1n muy contentos y agradecidos con la Prefectura de Manab\u00ed que lidera Leonardo Orlando, por construcci\u00f3n de albarradas. Maquinaria de la instituci\u00f3n excavadora brazo corto, actualmente trabaja en la construcci\u00f3n de la segunda albarrada, la [&hellip;]<\/p>\n","protected":false},"author":10,"featured_media":26220,"comment_status":"closed","ping_status":"closed","sticky":false,"template":"","format":"standard","meta":{"_joinchat":[],"footnotes":""},"categories":[150,142,123,92,181,339,340,89,91],"tags":[],"class_list":["post-26219","post","type-post","status-publish","format-standard","has-post-thumbnail","hentry","category-ambiente","category-desarrollo-social","category-jipijapa","category-noticias-manabi","category-obra-publica","category-plan-invernal","category-plan-invernal-plan-invernal","category-riego-drenaje","category-todas"],"yoast_head":"<!-- This site is optimized with the Yoast SEO plugin v27.4 - https:\/\/yoast.com\/product\/yoast-seo-wordpress\/ -->\n<title>ALBARRADAS QUE MEJORAR\u00c1N LA CALIDAD DE VIDA DE LOS AGRICULTORES DEL CERRITO. - Prefectura de Manab\u00ed<\/title>\n<meta name=\"robots\" content=\"index, follow, max-snippet:-1, max-image-preview:large, max-video-preview:-1\" \/>\n<link rel=\"canonical\" href=\"https:\/\/www.manabi.gob.ec\/index.php\/albarradas-que-mejoraran-la-calidad-de-vida-de-los-agricultores-del-cerrito\/\" \/>\n<meta property=\"og:locale\" content=\"es_ES\" \/>\n<meta property=\"og:type\" content=\"article\" \/>\n<meta property=\"og:title\" content=\"ALBARRADAS QUE MEJORAR\u00c1N LA CALIDAD DE VIDA DE LOS AGRICULTORES DEL CERRITO. - Prefectura de Manab\u00ed\" \/>\n<meta property=\"og:description\" content=\"Ante la falta de agua para riego, habitantes de la comunidad El Cerrito de la parroquia Julcuy del cant\u00f3n Jipijapa, est\u00e1n muy contentos y agradecidos con la Prefectura de Manab\u00ed que lidera Leonardo Orlando, por construcci\u00f3n de albarradas. Maquinaria de la instituci\u00f3n excavadora brazo corto, actualmente trabaja en la construcci\u00f3n de la segunda albarrada, la [&hellip;]\" \/>\n<meta property=\"og:url\" content=\"https:\/\/www.manabi.gob.ec\/index.php\/albarradas-que-mejoraran-la-calidad-de-vida-de-los-agricultores-del-cerrito\/\" \/>\n<meta property=\"og:site_name\" content=\"Prefectura de Manab\u00ed\" \/>\n<meta property=\"article:published_time\" content=\"2023-11-16T17:05:19+00:00\" \/>\n<meta property=\"article:modified_time\" content=\"2023-11-16T17:05:25+00:00\" \/>\n<meta property=\"og:image\" content=\"https:\/\/www.manabi.gob.ec\/wp-content\/uploads\/2023\/11\/WhatsApp-Image-2023-11-08-at-09.54.43-1.jpeg\" \/>\n\t<meta property=\"og:image:width\" content=\"1024\" \/>\n\t<meta property=\"og:image:height\" content=\"685\" \/>\n\t<meta property=\"og:image:type\" content=\"image\/jpeg\" \/>\n<meta name=\"author\" content=\"Lui Ochoa\" \/>\n<meta name=\"twitter:card\" content=\"summary_large_image\" \/>\n<meta name=\"twitter:label1\" content=\"Escrito por\" \/>\n\t<meta name=\"twitter:data1\" content=\"Lui Ochoa\" \/>\n\t<meta name=\"twitter:label2\" content=\"Tiempo de lectura\" \/>\n\t<meta name=\"twitter:data2\" content=\"1 minuto\" \/>\n<script type=\"application\/ld+json\" class=\"yoast-schema-graph\">{\"@context\":\"https:\\\/\\\/schema.org\",\"@graph\":[{\"@type\":\"Article\",\"@id\":\"https:\\\/\\\/www.manabi.gob.ec\\\/index.php\\\/albarradas-que-mejoraran-la-calidad-de-vida-de-los-agricultores-del-cerrito\\\/#article\",\"isPartOf\":{\"@id\":\"https:\\\/\\\/www.manabi.gob.ec\\\/index.php\\\/albarradas-que-mejoraran-la-calidad-de-vida-de-los-agricultores-del-cerrito\\\/\"},\"author\":{\"name\":\"Lui Ochoa\",\"@id\":\"https:\\\/\\\/www.manabi.gob.ec\\\/#\\\/schema\\\/person\\\/c4f117989332ad723a6ced5994aa7d7a\"},\"headline\":\"ALBARRADAS QUE MEJORAR\u00c1N LA CALIDAD DE VIDA DE LOS AGRICULTORES DEL CERRITO.\",\"datePublished\":\"2023-11-16T17:05:19+00:00\",\"dateModified\":\"2023-11-16T17:05:25+00:00\",\"mainEntityOfPage\":{\"@id\":\"https:\\\/\\\/www.manabi.gob.ec\\\/index.php\\\/albarradas-que-mejoraran-la-calidad-de-vida-de-los-agricultores-del-cerrito\\\/\"},\"wordCount\":213,\"image\":{\"@id\":\"https:\\\/\\\/www.manabi.gob.ec\\\/index.php\\\/albarradas-que-mejoraran-la-calidad-de-vida-de-los-agricultores-del-cerrito\\\/#primaryimage\"},\"thumbnailUrl\":\"https:\\\/\\\/www.manabi.gob.ec\\\/wp-content\\\/uploads\\\/2023\\\/11\\\/WhatsApp-Image-2023-11-08-at-09.54.43-1.jpeg\",\"articleSection\":[\"Ambiente\",\"Desarrollo Social\",\"Jipijapa\",\"Noticias\",\"Obra P\u00fablica\",\"Plan Invernal\",\"PLAN INVERNAL\",\"Riego y drenaje\",\"Todas\"],\"inLanguage\":\"es\"},{\"@type\":\"WebPage\",\"@id\":\"https:\\\/\\\/www.manabi.gob.ec\\\/index.php\\\/albarradas-que-mejoraran-la-calidad-de-vida-de-los-agricultores-del-cerrito\\\/\",\"url\":\"https:\\\/\\\/www.manabi.gob.ec\\\/index.php\\\/albarradas-que-mejoraran-la-calidad-de-vida-de-los-agricultores-del-cerrito\\\/\",\"name\":\"ALBARRADAS QUE MEJORAR\u00c1N LA CALIDAD DE VIDA DE LOS AGRICULTORES DEL CERRITO. - Prefectura de Manab\u00ed\",\"isPartOf\":{\"@id\":\"https:\\\/\\\/www.manabi.gob.ec\\\/#website\"},\"primaryImageOfPage\":{\"@id\":\"https:\\\/\\\/www.manabi.gob.ec\\\/index.php\\\/albarradas-que-mejoraran-la-calidad-de-vida-de-los-agricultores-del-cerrito\\\/#primaryimage\"},\"image\":{\"@id\":\"https:\\\/\\\/www.manabi.gob.ec\\\/index.php\\\/albarradas-que-mejoraran-la-calidad-de-vida-de-los-agricultores-del-cerrito\\\/#primaryimage\"},\"thumbnailUrl\":\"https:\\\/\\\/www.manabi.gob.ec\\\/wp-content\\\/uploads\\\/2023\\\/11\\\/WhatsApp-Image-2023-11-08-at-09.54.43-1.jpeg\",\"datePublished\":\"2023-11-16T17:05:19+00:00\",\"dateModified\":\"2023-11-16T17:05:25+00:00\",\"author\":{\"@id\":\"https:\\\/\\\/www.manabi.gob.ec\\\/#\\\/schema\\\/person\\\/c4f117989332ad723a6ced5994aa7d7a\"},\"breadcrumb\":{\"@id\":\"https:\\\/\\\/www.manabi.gob.ec\\\/index.php\\\/albarradas-que-mejoraran-la-calidad-de-vida-de-los-agricultores-del-cerrito\\\/#breadcrumb\"},\"inLanguage\":\"es\",\"potentialAction\":[{\"@type\":\"ReadAction\",\"target\":[\"https:\\\/\\\/www.manabi.gob.ec\\\/index.php\\\/albarradas-que-mejoraran-la-calidad-de-vida-de-los-agricultores-del-cerrito\\\/\"]}]},{\"@type\":\"ImageObject\",\"inLanguage\":\"es\",\"@id\":\"https:\\\/\\\/www.manabi.gob.ec\\\/index.php\\\/albarradas-que-mejoraran-la-calidad-de-vida-de-los-agricultores-del-cerrito\\\/#primaryimage\",\"url\":\"https:\\\/\\\/www.manabi.gob.ec\\\/wp-content\\\/uploads\\\/2023\\\/11\\\/WhatsApp-Image-2023-11-08-at-09.54.43-1.jpeg\",\"contentUrl\":\"https:\\\/\\\/www.manabi.gob.ec\\\/wp-content\\\/uploads\\\/2023\\\/11\\\/WhatsApp-Image-2023-11-08-at-09.54.43-1.jpeg\",\"width\":1024,\"height\":685},{\"@type\":\"BreadcrumbList\",\"@id\":\"https:\\\/\\\/www.manabi.gob.ec\\\/index.php\\\/albarradas-que-mejoraran-la-calidad-de-vida-de-los-agricultores-del-cerrito\\\/#breadcrumb\",\"itemListElement\":[{\"@type\":\"ListItem\",\"position\":1,\"name\":\"Portada\",\"item\":\"https:\\\/\\\/www.manabi.gob.ec\\\/\"},{\"@type\":\"ListItem\",\"position\":2,\"name\":\"ALBARRADAS QUE MEJORAR\u00c1N LA CALIDAD DE VIDA DE LOS AGRICULTORES DEL CERRITO.\"}]},{\"@type\":\"WebSite\",\"@id\":\"https:\\\/\\\/www.manabi.gob.ec\\\/#website\",\"url\":\"https:\\\/\\\/www.manabi.gob.ec\\\/\",\"name\":\"Prefectura de Manab\u00ed\",\"description\":\"P\u00e1gina web de la prefectura\",\"potentialAction\":[{\"@type\":\"SearchAction\",\"target\":{\"@type\":\"EntryPoint\",\"urlTemplate\":\"https:\\\/\\\/www.manabi.gob.ec\\\/?s={search_term_string}\"},\"query-input\":{\"@type\":\"PropertyValueSpecification\",\"valueRequired\":true,\"valueName\":\"search_term_string\"}}],\"inLanguage\":\"es\"},{\"@type\":\"Person\",\"@id\":\"https:\\\/\\\/www.manabi.gob.ec\\\/#\\\/schema\\\/person\\\/c4f117989332ad723a6ced5994aa7d7a\",\"name\":\"Lui Ochoa\",\"image\":{\"@type\":\"ImageObject\",\"inLanguage\":\"es\",\"@id\":\"https:\\\/\\\/secure.gravatar.com\\\/avatar\\\/6e8017d0fe69dead8a95864d2eb6e1e1d8bf8e01194ba49cf7b897ff038126ba?s=96&d=mm&r=g\",\"url\":\"https:\\\/\\\/secure.gravatar.com\\\/avatar\\\/6e8017d0fe69dead8a95864d2eb6e1e1d8bf8e01194ba49cf7b897ff038126ba?s=96&d=mm&r=g\",\"contentUrl\":\"https:\\\/\\\/secure.gravatar.com\\\/avatar\\\/6e8017d0fe69dead8a95864d2eb6e1e1d8bf8e01194ba49cf7b897ff038126ba?s=96&d=mm&r=g\",\"caption\":\"Lui Ochoa\"},\"url\":\"https:\\\/\\\/www.manabi.gob.ec\\\/index.php\\\/author\\\/lochoa\\\/\"}]}<\/script>\n<!-- \/ Yoast SEO plugin. -->","yoast_head_json":{"title":"ALBARRADAS QUE MEJORAR\u00c1N LA CALIDAD DE VIDA DE LOS AGRICULTORES DEL CERRITO. - Prefectura de Manab\u00ed","robots":{"index":"index","follow":"follow","max-snippet":"max-snippet:-1","max-image-preview":"max-image-preview:large","max-video-preview":"max-video-preview:-1"},"canonical":"https:\/\/www.manabi.gob.ec\/index.php\/albarradas-que-mejoraran-la-calidad-de-vida-de-los-agricultores-del-cerrito\/","og_locale":"es_ES","og_type":"article","og_title":"ALBARRADAS QUE MEJORAR\u00c1N LA CALIDAD DE VIDA DE LOS AGRICULTORES DEL CERRITO. - Prefectura de Manab\u00ed","og_description":"Ante la falta de agua para riego, habitantes de la comunidad El Cerrito de la parroquia Julcuy del cant\u00f3n Jipijapa, est\u00e1n muy contentos y agradecidos con la Prefectura de Manab\u00ed que lidera Leonardo Orlando, por construcci\u00f3n de albarradas. Maquinaria de la instituci\u00f3n excavadora brazo corto, actualmente trabaja en la construcci\u00f3n de la segunda albarrada, la [&hellip;]","og_url":"https:\/\/www.manabi.gob.ec\/index.php\/albarradas-que-mejoraran-la-calidad-de-vida-de-los-agricultores-del-cerrito\/","og_site_name":"Prefectura de Manab\u00ed","article_published_time":"2023-11-16T17:05:19+00:00","article_modified_time":"2023-11-16T17:05:25+00:00","og_image":[{"width":1024,"height":685,"url":"https:\/\/www.manabi.gob.ec\/wp-content\/uploads\/2023\/11\/WhatsApp-Image-2023-11-08-at-09.54.43-1.jpeg","type":"image\/jpeg"}],"author":"Lui Ochoa","twitter_card":"summary_large_image","twitter_misc":{"Escrito por":"Lui Ochoa","Tiempo de lectura":"1 minuto"},"schema":{"@context":"https:\/\/schema.org","@graph":[{"@type":"Article","@id":"https:\/\/www.manabi.gob.ec\/index.php\/albarradas-que-mejoraran-la-calidad-de-vida-de-los-agricultores-del-cerrito\/#article","isPartOf":{"@id":"https:\/\/www.manabi.gob.ec\/index.php\/albarradas-que-mejoraran-la-calidad-de-vida-de-los-agricultores-del-cerrito\/"},"author":{"name":"Lui Ochoa","@id":"https:\/\/www.manabi.gob.ec\/#\/schema\/person\/c4f117989332ad723a6ced5994aa7d7a"},"headline":"ALBARRADAS QUE MEJORAR\u00c1N LA CALIDAD DE VIDA DE LOS AGRICULTORES DEL CERRITO.","datePublished":"2023-11-16T17:05:19+00:00","dateModified":"2023-11-16T17:05:25+00:00","mainEntityOfPage":{"@id":"https:\/\/www.manabi.gob.ec\/index.php\/albarradas-que-mejoraran-la-calidad-de-vida-de-los-agricultores-del-cerrito\/"},"wordCount":213,"image":{"@id":"https:\/\/www.manabi.gob.ec\/index.php\/albarradas-que-mejoraran-la-calidad-de-vida-de-los-agricultores-del-cerrito\/#primaryimage"},"thumbnailUrl":"https:\/\/www.manabi.gob.ec\/wp-content\/uploads\/2023\/11\/WhatsApp-Image-2023-11-08-at-09.54.43-1.jpeg","articleSection":["Ambiente","Desarrollo Social","Jipijapa","Noticias","Obra P\u00fablica","Plan Invernal","PLAN INVERNAL","Riego y drenaje","Todas"],"inLanguage":"es"},{"@type":"WebPage","@id":"https:\/\/www.manabi.gob.ec\/index.php\/albarradas-que-mejoraran-la-calidad-de-vida-de-los-agricultores-del-cerrito\/","url":"https:\/\/www.manabi.gob.ec\/index.php\/albarradas-que-mejoraran-la-calidad-de-vida-de-los-agricultores-del-cerrito\/","name":"ALBARRADAS QUE MEJORAR\u00c1N LA CALIDAD DE VIDA DE LOS AGRICULTORES DEL CERRITO. - Prefectura de Manab\u00ed","isPartOf":{"@id":"https:\/\/www.manabi.gob.ec\/#website"},"primaryImageOfPage":{"@id":"https:\/\/www.manabi.gob.ec\/index.php\/albarradas-que-mejoraran-la-calidad-de-vida-de-los-agricultores-del-cerrito\/#primaryimage"},"image":{"@id":"https:\/\/www.manabi.gob.ec\/index.php\/albarradas-que-mejoraran-la-calidad-de-vida-de-los-agricultores-del-cerrito\/#primaryimage"},"thumbnailUrl":"https:\/\/www.manabi.gob.ec\/wp-content\/uploads\/2023\/11\/WhatsApp-Image-2023-11-08-at-09.54.43-1.jpeg","datePublished":"2023-11-16T17:05:19+00:00","dateModified":"2023-11-16T17:05:25+00:00","author":{"@id":"https:\/\/www.manabi.gob.ec\/#\/schema\/person\/c4f117989332ad723a6ced5994aa7d7a"},"breadcrumb":{"@id":"https:\/\/www.manabi.gob.ec\/index.php\/albarradas-que-mejoraran-la-calidad-de-vida-de-los-agricultores-del-cerrito\/#breadcrumb"},"inLanguage":"es","potentialAction":[{"@type":"ReadAction","target":["https:\/\/www.manabi.gob.ec\/index.php\/albarradas-que-mejoraran-la-calidad-de-vida-de-los-agricultores-del-cerrito\/"]}]},{"@type":"ImageObject","inLanguage":"es","@id":"https:\/\/www.manabi.gob.ec\/index.php\/albarradas-que-mejoraran-la-calidad-de-vida-de-los-agricultores-del-cerrito\/#primaryimage","url":"https:\/\/www.manabi.gob.ec\/wp-content\/uploads\/2023\/11\/WhatsApp-Image-2023-11-08-at-09.54.43-1.jpeg","contentUrl":"https:\/\/www.manabi.gob.ec\/wp-content\/uploads\/2023\/11\/WhatsApp-Image-2023-11-08-at-09.54.43-1.jpeg","width":1024,"height":685},{"@type":"BreadcrumbList","@id":"https:\/\/www.manabi.gob.ec\/index.php\/albarradas-que-mejoraran-la-calidad-de-vida-de-los-agricultores-del-cerrito\/#breadcrumb","itemListElement":[{"@type":"ListItem","position":1,"name":"Portada","item":"https:\/\/www.manabi.gob.ec\/"},{"@type":"ListItem","position":2,"name":"ALBARRADAS QUE MEJORAR\u00c1N LA CALIDAD DE VIDA DE LOS AGRICULTORES DEL CERRITO."}]},{"@type":"WebSite","@id":"https:\/\/www.manabi.gob.ec\/#website","url":"https:\/\/www.manabi.gob.ec\/","name":"Prefectura de Manab\u00ed","description":"P\u00e1gina web de la prefectura","potentialAction":[{"@type":"SearchAction","target":{"@type":"EntryPoint","urlTemplate":"https:\/\/www.manabi.gob.ec\/?s={search_term_string}"},"query-input":{"@type":"PropertyValueSpecification","valueRequired":true,"valueName":"search_term_string"}}],"inLanguage":"es"},{"@type":"Person","@id":"https:\/\/www.manabi.gob.ec\/#\/schema\/person\/c4f117989332ad723a6ced5994aa7d7a","name":"Lui Ochoa","image":{"@type":"ImageObject","inLanguage":"es","@id":"https:\/\/secure.gravatar.com\/avatar\/6e8017d0fe69dead8a95864d2eb6e1e1d8bf8e01194ba49cf7b897ff038126ba?s=96&d=mm&r=g","url":"https:\/\/secure.gravatar.com\/avatar\/6e8017d0fe69dead8a95864d2eb6e1e1d8bf8e01194ba49cf7b897ff038126ba?s=96&d=mm&r=g","contentUrl":"https:\/\/secure.gravatar.com\/avatar\/6e8017d0fe69dead8a95864d2eb6e1e1d8bf8e01194ba49cf7b897ff038126ba?s=96&d=mm&r=g","caption":"Lui Ochoa"},"url":"https:\/\/www.manabi.gob.ec\/index.php\/author\/lochoa\/"}]}},"jetpack_featured_media_url":"https:\/\/www.manabi.gob.ec\/wp-content\/uploads\/2023\/11\/WhatsApp-Image-2023-11-08-at-09.54.43-1.jpeg","_links":{"self":[{"href":"https:\/\/www.manabi.gob.ec\/index.php\/wp-json\/wp\/v2\/posts\/26219","targetHints":{"allow":["GET"]}}],"collection":[{"href":"https:\/\/www.manabi.gob.ec\/index.php\/wp-json\/wp\/v2\/posts"}],"about":[{"href":"https:\/\/www.manabi.gob.ec\/index.php\/wp-json\/wp\/v2\/types\/post"}],"author":[{"embeddable":true,"href":"https:\/\/www.manabi.gob.ec\/index.php\/wp-json\/wp\/v2\/users\/10"}],"replies":[{"embeddable":true,"href":"https:\/\/www.manabi.gob.ec\/index.php\/wp-json\/wp\/v2\/comments?post=26219"}],"version-history":[{"count":1,"href":"https:\/\/www.manabi.gob.ec\/index.php\/wp-json\/wp\/v2\/posts\/26219\/revisions"}],"predecessor-version":[{"id":26221,"href":"https:\/\/www.manabi.gob.ec\/index.php\/wp-json\/wp\/v2\/posts\/26219\/revisions\/26221"}],"wp:featuredmedia":[{"embeddable":true,"href":"https:\/\/www.manabi.gob.ec\/index.php\/wp-json\/wp\/v2\/media\/26220"}],"wp:attachment":[{"href":"https:\/\/www.manabi.gob.ec\/index.php\/wp-json\/wp\/v2\/media?parent=26219"}],"wp:term":[{"taxonomy":"category","embeddable":true,"href":"https:\/\/www.manabi.gob.ec\/index.php\/wp-json\/wp\/v2\/categories?post=26219"},{"taxonomy":"post_tag","embeddable":true,"href":"https:\/\/www.manabi.gob.ec\/index.php\/wp-json\/wp\/v2\/tags?post=26219"}],"curies":[{"name":"wp","href":"https:\/\/api.w.org\/{rel}","templated":true}]}}