{"id":26298,"date":"2023-11-17T17:05:02","date_gmt":"2023-11-17T17:05:02","guid":{"rendered":"https:\/\/www.manabi.gob.ec\/?p=26298"},"modified":"2023-11-17T17:05:07","modified_gmt":"2023-11-17T17:05:07","slug":"algarabia-y-emocion-en-los-ninos-de-san-lorenzo-por-su-nueva-area-recreativa","status":"publish","type":"post","link":"https:\/\/www.manabi.gob.ec\/index.php\/algarabia-y-emocion-en-los-ninos-de-san-lorenzo-por-su-nueva-area-recreativa\/","title":{"rendered":"Algarab\u00eda y emoci\u00f3n en los ni\u00f1os de San Lorenzo por su nueva \u00e1rea recreativa"},"content":{"rendered":"\n<p>La tarde de este jueves, 16 de noviembre se inaugur\u00f3 el parque infantil #27 en la parroquia San Lorenzo de Manta, gracias al trabajo en conjunto de Kids Around the World, Fundaci\u00f3n Vida en Abundancia y Prefectura de Manab\u00ed.<\/p>\n\n\n\n<p>Los ni\u00f1os y ni\u00f1as siendo los protagonistas de este evento, disfrutaron de la intervenci\u00f3n del payaso Lapicito quien le dio ese toque divertido y colorido a los infantes de esta parroquia.<\/p>\n\n\n\n<p>Silvio Larrea, Subdirector de H\u00e1bitat, Recreaci\u00f3n y Deporte asisti\u00f3 en representaci\u00f3n de la m\u00e1xima autoridad provincial, Leonardo Orlando, \u201cestamos muy felices de que los ni\u00f1os puedan disfrutar de esta nueva obra, hoy ya sumamos #27 parques\u201d, sostuvo.<\/p>\n\n\n\n<p>En el evento estuvieron presentes Jacqueline Altamirano, representante de Kids Around the World, Steve Nine, representante de Fundaci\u00f3n Vida en Abundancia, Brett Wester de South Coast Church, Wendy Ube, presidenta del GAD Parroquial San Lorenzo y Gustavo Reyes, Teniente Pol\u00edtico de la misma parroquia.<\/p>\n\n\n\n<p>La ni\u00f1a Saray de los \u00c1ngeles Gil Vel\u00e1squez, oriunda de esta parroquia, dio las palabras de agradecimiento y tambi\u00e9n con su arte y talento ameniz\u00f3 la tarde con una intervenci\u00f3n art\u00edstica.<\/p>\n\n\n\n<p>Adem\u00e1s, se hizo la entrega de un paquete de alimento nutritivo a todos los ni\u00f1os que estuvieron presentes en el acto.<\/p>\n","protected":false},"excerpt":{"rendered":"<p>La tarde de este jueves, 16 de noviembre se inaugur\u00f3 el parque infantil #27 en la parroquia San Lorenzo de Manta, gracias al trabajo en conjunto de Kids Around the World, Fundaci\u00f3n Vida en Abundancia y Prefectura de Manab\u00ed. Los ni\u00f1os y ni\u00f1as siendo los protagonistas de este evento, disfrutaron de la intervenci\u00f3n del payaso [&hellip;]<\/p>\n","protected":false},"author":10,"featured_media":26299,"comment_status":"closed","ping_status":"closed","sticky":false,"template":"","format":"standard","meta":{"_joinchat":[],"footnotes":""},"categories":[222,142,156,92,181,91,81],"tags":[],"class_list":["post-26298","post","type-post","status-publish","format-standard","has-post-thumbnail","hentry","category-crucita","category-desarrollo-social","category-manta","category-noticias-manabi","category-obra-publica","category-todas","category-turismo"],"yoast_head":"<!-- This site is optimized with the Yoast SEO plugin v27.4 - https:\/\/yoast.com\/product\/yoast-seo-wordpress\/ -->\n<title>Algarab\u00eda y emoci\u00f3n en los ni\u00f1os de San Lorenzo por su nueva \u00e1rea recreativa - Prefectura de Manab\u00ed<\/title>\n<meta name=\"robots\" content=\"index, follow, max-snippet:-1, max-image-preview:large, max-video-preview:-1\" \/>\n<link rel=\"canonical\" href=\"https:\/\/www.manabi.gob.ec\/index.php\/algarabia-y-emocion-en-los-ninos-de-san-lorenzo-por-su-nueva-area-recreativa\/\" \/>\n<meta property=\"og:locale\" content=\"es_ES\" \/>\n<meta property=\"og:type\" content=\"article\" \/>\n<meta property=\"og:title\" content=\"Algarab\u00eda y emoci\u00f3n en los ni\u00f1os de San Lorenzo por su nueva \u00e1rea recreativa - Prefectura de Manab\u00ed\" \/>\n<meta property=\"og:description\" content=\"La tarde de este jueves, 16 de noviembre se inaugur\u00f3 el parque infantil #27 en la parroquia San Lorenzo de Manta, gracias al trabajo en conjunto de Kids Around the World, Fundaci\u00f3n Vida en Abundancia y Prefectura de Manab\u00ed. Los ni\u00f1os y ni\u00f1as siendo los protagonistas de este evento, disfrutaron de la intervenci\u00f3n del payaso [&hellip;]\" \/>\n<meta property=\"og:url\" content=\"https:\/\/www.manabi.gob.ec\/index.php\/algarabia-y-emocion-en-los-ninos-de-san-lorenzo-por-su-nueva-area-recreativa\/\" \/>\n<meta property=\"og:site_name\" content=\"Prefectura de Manab\u00ed\" \/>\n<meta property=\"article:published_time\" content=\"2023-11-17T17:05:02+00:00\" \/>\n<meta property=\"article:modified_time\" content=\"2023-11-17T17:05:07+00:00\" \/>\n<meta property=\"og:image\" content=\"https:\/\/www.manabi.gob.ec\/wp-content\/uploads\/2023\/11\/WhatsApp-Image-2023-11-16-at-17.22.png\" \/>\n\t<meta property=\"og:image:width\" content=\"1093\" \/>\n\t<meta property=\"og:image:height\" content=\"760\" \/>\n\t<meta property=\"og:image:type\" content=\"image\/png\" \/>\n<meta name=\"author\" content=\"Lui Ochoa\" \/>\n<meta name=\"twitter:card\" content=\"summary_large_image\" \/>\n<meta name=\"twitter:label1\" content=\"Escrito por\" \/>\n\t<meta name=\"twitter:data1\" content=\"Lui Ochoa\" \/>\n\t<meta name=\"twitter:label2\" content=\"Tiempo de lectura\" \/>\n\t<meta name=\"twitter:data2\" content=\"1 minuto\" \/>\n<script type=\"application\/ld+json\" class=\"yoast-schema-graph\">{\"@context\":\"https:\\\/\\\/schema.org\",\"@graph\":[{\"@type\":\"Article\",\"@id\":\"https:\\\/\\\/www.manabi.gob.ec\\\/index.php\\\/algarabia-y-emocion-en-los-ninos-de-san-lorenzo-por-su-nueva-area-recreativa\\\/#article\",\"isPartOf\":{\"@id\":\"https:\\\/\\\/www.manabi.gob.ec\\\/index.php\\\/algarabia-y-emocion-en-los-ninos-de-san-lorenzo-por-su-nueva-area-recreativa\\\/\"},\"author\":{\"name\":\"Lui Ochoa\",\"@id\":\"https:\\\/\\\/www.manabi.gob.ec\\\/#\\\/schema\\\/person\\\/c4f117989332ad723a6ced5994aa7d7a\"},\"headline\":\"Algarab\u00eda y emoci\u00f3n en los ni\u00f1os de San Lorenzo por su nueva \u00e1rea recreativa\",\"datePublished\":\"2023-11-17T17:05:02+00:00\",\"dateModified\":\"2023-11-17T17:05:07+00:00\",\"mainEntityOfPage\":{\"@id\":\"https:\\\/\\\/www.manabi.gob.ec\\\/index.php\\\/algarabia-y-emocion-en-los-ninos-de-san-lorenzo-por-su-nueva-area-recreativa\\\/\"},\"wordCount\":235,\"image\":{\"@id\":\"https:\\\/\\\/www.manabi.gob.ec\\\/index.php\\\/algarabia-y-emocion-en-los-ninos-de-san-lorenzo-por-su-nueva-area-recreativa\\\/#primaryimage\"},\"thumbnailUrl\":\"https:\\\/\\\/www.manabi.gob.ec\\\/wp-content\\\/uploads\\\/2023\\\/11\\\/WhatsApp-Image-2023-11-16-at-17.22.png\",\"articleSection\":[\"Crucita\",\"Desarrollo Social\",\"Manta\",\"Noticias\",\"Obra P\u00fablica\",\"Todas\",\"Turismo\"],\"inLanguage\":\"es\"},{\"@type\":\"WebPage\",\"@id\":\"https:\\\/\\\/www.manabi.gob.ec\\\/index.php\\\/algarabia-y-emocion-en-los-ninos-de-san-lorenzo-por-su-nueva-area-recreativa\\\/\",\"url\":\"https:\\\/\\\/www.manabi.gob.ec\\\/index.php\\\/algarabia-y-emocion-en-los-ninos-de-san-lorenzo-por-su-nueva-area-recreativa\\\/\",\"name\":\"Algarab\u00eda y emoci\u00f3n en los ni\u00f1os de San Lorenzo por su nueva \u00e1rea recreativa - Prefectura de Manab\u00ed\",\"isPartOf\":{\"@id\":\"https:\\\/\\\/www.manabi.gob.ec\\\/#website\"},\"primaryImageOfPage\":{\"@id\":\"https:\\\/\\\/www.manabi.gob.ec\\\/index.php\\\/algarabia-y-emocion-en-los-ninos-de-san-lorenzo-por-su-nueva-area-recreativa\\\/#primaryimage\"},\"image\":{\"@id\":\"https:\\\/\\\/www.manabi.gob.ec\\\/index.php\\\/algarabia-y-emocion-en-los-ninos-de-san-lorenzo-por-su-nueva-area-recreativa\\\/#primaryimage\"},\"thumbnailUrl\":\"https:\\\/\\\/www.manabi.gob.ec\\\/wp-content\\\/uploads\\\/2023\\\/11\\\/WhatsApp-Image-2023-11-16-at-17.22.png\",\"datePublished\":\"2023-11-17T17:05:02+00:00\",\"dateModified\":\"2023-11-17T17:05:07+00:00\",\"author\":{\"@id\":\"https:\\\/\\\/www.manabi.gob.ec\\\/#\\\/schema\\\/person\\\/c4f117989332ad723a6ced5994aa7d7a\"},\"breadcrumb\":{\"@id\":\"https:\\\/\\\/www.manabi.gob.ec\\\/index.php\\\/algarabia-y-emocion-en-los-ninos-de-san-lorenzo-por-su-nueva-area-recreativa\\\/#breadcrumb\"},\"inLanguage\":\"es\",\"potentialAction\":[{\"@type\":\"ReadAction\",\"target\":[\"https:\\\/\\\/www.manabi.gob.ec\\\/index.php\\\/algarabia-y-emocion-en-los-ninos-de-san-lorenzo-por-su-nueva-area-recreativa\\\/\"]}]},{\"@type\":\"ImageObject\",\"inLanguage\":\"es\",\"@id\":\"https:\\\/\\\/www.manabi.gob.ec\\\/index.php\\\/algarabia-y-emocion-en-los-ninos-de-san-lorenzo-por-su-nueva-area-recreativa\\\/#primaryimage\",\"url\":\"https:\\\/\\\/www.manabi.gob.ec\\\/wp-content\\\/uploads\\\/2023\\\/11\\\/WhatsApp-Image-2023-11-16-at-17.22.png\",\"contentUrl\":\"https:\\\/\\\/www.manabi.gob.ec\\\/wp-content\\\/uploads\\\/2023\\\/11\\\/WhatsApp-Image-2023-11-16-at-17.22.png\",\"width\":1093,\"height\":760},{\"@type\":\"BreadcrumbList\",\"@id\":\"https:\\\/\\\/www.manabi.gob.ec\\\/index.php\\\/algarabia-y-emocion-en-los-ninos-de-san-lorenzo-por-su-nueva-area-recreativa\\\/#breadcrumb\",\"itemListElement\":[{\"@type\":\"ListItem\",\"position\":1,\"name\":\"Portada\",\"item\":\"https:\\\/\\\/www.manabi.gob.ec\\\/\"},{\"@type\":\"ListItem\",\"position\":2,\"name\":\"Algarab\u00eda y emoci\u00f3n en los ni\u00f1os de San Lorenzo por su nueva \u00e1rea recreativa\"}]},{\"@type\":\"WebSite\",\"@id\":\"https:\\\/\\\/www.manabi.gob.ec\\\/#website\",\"url\":\"https:\\\/\\\/www.manabi.gob.ec\\\/\",\"name\":\"Prefectura de Manab\u00ed\",\"description\":\"P\u00e1gina web de la prefectura\",\"potentialAction\":[{\"@type\":\"SearchAction\",\"target\":{\"@type\":\"EntryPoint\",\"urlTemplate\":\"https:\\\/\\\/www.manabi.gob.ec\\\/?s={search_term_string}\"},\"query-input\":{\"@type\":\"PropertyValueSpecification\",\"valueRequired\":true,\"valueName\":\"search_term_string\"}}],\"inLanguage\":\"es\"},{\"@type\":\"Person\",\"@id\":\"https:\\\/\\\/www.manabi.gob.ec\\\/#\\\/schema\\\/person\\\/c4f117989332ad723a6ced5994aa7d7a\",\"name\":\"Lui Ochoa\",\"image\":{\"@type\":\"ImageObject\",\"inLanguage\":\"es\",\"@id\":\"https:\\\/\\\/secure.gravatar.com\\\/avatar\\\/6e8017d0fe69dead8a95864d2eb6e1e1d8bf8e01194ba49cf7b897ff038126ba?s=96&d=mm&r=g\",\"url\":\"https:\\\/\\\/secure.gravatar.com\\\/avatar\\\/6e8017d0fe69dead8a95864d2eb6e1e1d8bf8e01194ba49cf7b897ff038126ba?s=96&d=mm&r=g\",\"contentUrl\":\"https:\\\/\\\/secure.gravatar.com\\\/avatar\\\/6e8017d0fe69dead8a95864d2eb6e1e1d8bf8e01194ba49cf7b897ff038126ba?s=96&d=mm&r=g\",\"caption\":\"Lui Ochoa\"},\"url\":\"https:\\\/\\\/www.manabi.gob.ec\\\/index.php\\\/author\\\/lochoa\\\/\"}]}<\/script>\n<!-- \/ Yoast SEO plugin. -->","yoast_head_json":{"title":"Algarab\u00eda y emoci\u00f3n en los ni\u00f1os de San Lorenzo por su nueva \u00e1rea recreativa - Prefectura de Manab\u00ed","robots":{"index":"index","follow":"follow","max-snippet":"max-snippet:-1","max-image-preview":"max-image-preview:large","max-video-preview":"max-video-preview:-1"},"canonical":"https:\/\/www.manabi.gob.ec\/index.php\/algarabia-y-emocion-en-los-ninos-de-san-lorenzo-por-su-nueva-area-recreativa\/","og_locale":"es_ES","og_type":"article","og_title":"Algarab\u00eda y emoci\u00f3n en los ni\u00f1os de San Lorenzo por su nueva \u00e1rea recreativa - Prefectura de Manab\u00ed","og_description":"La tarde de este jueves, 16 de noviembre se inaugur\u00f3 el parque infantil #27 en la parroquia San Lorenzo de Manta, gracias al trabajo en conjunto de Kids Around the World, Fundaci\u00f3n Vida en Abundancia y Prefectura de Manab\u00ed. Los ni\u00f1os y ni\u00f1as siendo los protagonistas de este evento, disfrutaron de la intervenci\u00f3n del payaso [&hellip;]","og_url":"https:\/\/www.manabi.gob.ec\/index.php\/algarabia-y-emocion-en-los-ninos-de-san-lorenzo-por-su-nueva-area-recreativa\/","og_site_name":"Prefectura de Manab\u00ed","article_published_time":"2023-11-17T17:05:02+00:00","article_modified_time":"2023-11-17T17:05:07+00:00","og_image":[{"width":1093,"height":760,"url":"https:\/\/www.manabi.gob.ec\/wp-content\/uploads\/2023\/11\/WhatsApp-Image-2023-11-16-at-17.22.png","type":"image\/png"}],"author":"Lui Ochoa","twitter_card":"summary_large_image","twitter_misc":{"Escrito por":"Lui Ochoa","Tiempo de lectura":"1 minuto"},"schema":{"@context":"https:\/\/schema.org","@graph":[{"@type":"Article","@id":"https:\/\/www.manabi.gob.ec\/index.php\/algarabia-y-emocion-en-los-ninos-de-san-lorenzo-por-su-nueva-area-recreativa\/#article","isPartOf":{"@id":"https:\/\/www.manabi.gob.ec\/index.php\/algarabia-y-emocion-en-los-ninos-de-san-lorenzo-por-su-nueva-area-recreativa\/"},"author":{"name":"Lui Ochoa","@id":"https:\/\/www.manabi.gob.ec\/#\/schema\/person\/c4f117989332ad723a6ced5994aa7d7a"},"headline":"Algarab\u00eda y emoci\u00f3n en los ni\u00f1os de San Lorenzo por su nueva \u00e1rea recreativa","datePublished":"2023-11-17T17:05:02+00:00","dateModified":"2023-11-17T17:05:07+00:00","mainEntityOfPage":{"@id":"https:\/\/www.manabi.gob.ec\/index.php\/algarabia-y-emocion-en-los-ninos-de-san-lorenzo-por-su-nueva-area-recreativa\/"},"wordCount":235,"image":{"@id":"https:\/\/www.manabi.gob.ec\/index.php\/algarabia-y-emocion-en-los-ninos-de-san-lorenzo-por-su-nueva-area-recreativa\/#primaryimage"},"thumbnailUrl":"https:\/\/www.manabi.gob.ec\/wp-content\/uploads\/2023\/11\/WhatsApp-Image-2023-11-16-at-17.22.png","articleSection":["Crucita","Desarrollo Social","Manta","Noticias","Obra P\u00fablica","Todas","Turismo"],"inLanguage":"es"},{"@type":"WebPage","@id":"https:\/\/www.manabi.gob.ec\/index.php\/algarabia-y-emocion-en-los-ninos-de-san-lorenzo-por-su-nueva-area-recreativa\/","url":"https:\/\/www.manabi.gob.ec\/index.php\/algarabia-y-emocion-en-los-ninos-de-san-lorenzo-por-su-nueva-area-recreativa\/","name":"Algarab\u00eda y emoci\u00f3n en los ni\u00f1os de San Lorenzo por su nueva \u00e1rea recreativa - Prefectura de Manab\u00ed","isPartOf":{"@id":"https:\/\/www.manabi.gob.ec\/#website"},"primaryImageOfPage":{"@id":"https:\/\/www.manabi.gob.ec\/index.php\/algarabia-y-emocion-en-los-ninos-de-san-lorenzo-por-su-nueva-area-recreativa\/#primaryimage"},"image":{"@id":"https:\/\/www.manabi.gob.ec\/index.php\/algarabia-y-emocion-en-los-ninos-de-san-lorenzo-por-su-nueva-area-recreativa\/#primaryimage"},"thumbnailUrl":"https:\/\/www.manabi.gob.ec\/wp-content\/uploads\/2023\/11\/WhatsApp-Image-2023-11-16-at-17.22.png","datePublished":"2023-11-17T17:05:02+00:00","dateModified":"2023-11-17T17:05:07+00:00","author":{"@id":"https:\/\/www.manabi.gob.ec\/#\/schema\/person\/c4f117989332ad723a6ced5994aa7d7a"},"breadcrumb":{"@id":"https:\/\/www.manabi.gob.ec\/index.php\/algarabia-y-emocion-en-los-ninos-de-san-lorenzo-por-su-nueva-area-recreativa\/#breadcrumb"},"inLanguage":"es","potentialAction":[{"@type":"ReadAction","target":["https:\/\/www.manabi.gob.ec\/index.php\/algarabia-y-emocion-en-los-ninos-de-san-lorenzo-por-su-nueva-area-recreativa\/"]}]},{"@type":"ImageObject","inLanguage":"es","@id":"https:\/\/www.manabi.gob.ec\/index.php\/algarabia-y-emocion-en-los-ninos-de-san-lorenzo-por-su-nueva-area-recreativa\/#primaryimage","url":"https:\/\/www.manabi.gob.ec\/wp-content\/uploads\/2023\/11\/WhatsApp-Image-2023-11-16-at-17.22.png","contentUrl":"https:\/\/www.manabi.gob.ec\/wp-content\/uploads\/2023\/11\/WhatsApp-Image-2023-11-16-at-17.22.png","width":1093,"height":760},{"@type":"BreadcrumbList","@id":"https:\/\/www.manabi.gob.ec\/index.php\/algarabia-y-emocion-en-los-ninos-de-san-lorenzo-por-su-nueva-area-recreativa\/#breadcrumb","itemListElement":[{"@type":"ListItem","position":1,"name":"Portada","item":"https:\/\/www.manabi.gob.ec\/"},{"@type":"ListItem","position":2,"name":"Algarab\u00eda y emoci\u00f3n en los ni\u00f1os de San Lorenzo por su nueva \u00e1rea recreativa"}]},{"@type":"WebSite","@id":"https:\/\/www.manabi.gob.ec\/#website","url":"https:\/\/www.manabi.gob.ec\/","name":"Prefectura de Manab\u00ed","description":"P\u00e1gina web de la prefectura","potentialAction":[{"@type":"SearchAction","target":{"@type":"EntryPoint","urlTemplate":"https:\/\/www.manabi.gob.ec\/?s={search_term_string}"},"query-input":{"@type":"PropertyValueSpecification","valueRequired":true,"valueName":"search_term_string"}}],"inLanguage":"es"},{"@type":"Person","@id":"https:\/\/www.manabi.gob.ec\/#\/schema\/person\/c4f117989332ad723a6ced5994aa7d7a","name":"Lui Ochoa","image":{"@type":"ImageObject","inLanguage":"es","@id":"https:\/\/secure.gravatar.com\/avatar\/6e8017d0fe69dead8a95864d2eb6e1e1d8bf8e01194ba49cf7b897ff038126ba?s=96&d=mm&r=g","url":"https:\/\/secure.gravatar.com\/avatar\/6e8017d0fe69dead8a95864d2eb6e1e1d8bf8e01194ba49cf7b897ff038126ba?s=96&d=mm&r=g","contentUrl":"https:\/\/secure.gravatar.com\/avatar\/6e8017d0fe69dead8a95864d2eb6e1e1d8bf8e01194ba49cf7b897ff038126ba?s=96&d=mm&r=g","caption":"Lui Ochoa"},"url":"https:\/\/www.manabi.gob.ec\/index.php\/author\/lochoa\/"}]}},"jetpack_featured_media_url":"https:\/\/www.manabi.gob.ec\/wp-content\/uploads\/2023\/11\/WhatsApp-Image-2023-11-16-at-17.22.png","_links":{"self":[{"href":"https:\/\/www.manabi.gob.ec\/index.php\/wp-json\/wp\/v2\/posts\/26298","targetHints":{"allow":["GET"]}}],"collection":[{"href":"https:\/\/www.manabi.gob.ec\/index.php\/wp-json\/wp\/v2\/posts"}],"about":[{"href":"https:\/\/www.manabi.gob.ec\/index.php\/wp-json\/wp\/v2\/types\/post"}],"author":[{"embeddable":true,"href":"https:\/\/www.manabi.gob.ec\/index.php\/wp-json\/wp\/v2\/users\/10"}],"replies":[{"embeddable":true,"href":"https:\/\/www.manabi.gob.ec\/index.php\/wp-json\/wp\/v2\/comments?post=26298"}],"version-history":[{"count":1,"href":"https:\/\/www.manabi.gob.ec\/index.php\/wp-json\/wp\/v2\/posts\/26298\/revisions"}],"predecessor-version":[{"id":26300,"href":"https:\/\/www.manabi.gob.ec\/index.php\/wp-json\/wp\/v2\/posts\/26298\/revisions\/26300"}],"wp:featuredmedia":[{"embeddable":true,"href":"https:\/\/www.manabi.gob.ec\/index.php\/wp-json\/wp\/v2\/media\/26299"}],"wp:attachment":[{"href":"https:\/\/www.manabi.gob.ec\/index.php\/wp-json\/wp\/v2\/media?parent=26298"}],"wp:term":[{"taxonomy":"category","embeddable":true,"href":"https:\/\/www.manabi.gob.ec\/index.php\/wp-json\/wp\/v2\/categories?post=26298"},{"taxonomy":"post_tag","embeddable":true,"href":"https:\/\/www.manabi.gob.ec\/index.php\/wp-json\/wp\/v2\/tags?post=26298"}],"curies":[{"name":"wp","href":"https:\/\/api.w.org\/{rel}","templated":true}]}}